









{"id":5660,"date":"2018-03-01T06:51:00","date_gmt":"2018-03-01T04:51:00","guid":{"rendered":"http:\/\/www.peoplesphere.be\/fr\/?p=5660"},"modified":"2018-03-02T11:03:11","modified_gmt":"2018-03-02T09:03:11","slug":"congres-management-assistants-2018-organise-cefora-0405-a-louvain-neuve","status":"publish","type":"post","link":"https:\/\/peoplesphere.be\/fr\/congres-management-assistants-2018-organise-cefora-0405-a-louvain-neuve\/","title":{"rendered":"Congr\u00e8s des Management Assistants 2018 organis\u00e9 par le Cefora le 04\/05 \u00e0 Louvain-la-Neuve"},"content":{"rendered":"<p>2018 deviendra-t-elle l\u2019ann\u00e9e de l\u2019inspiration et de la co-cr\u00e9ation ? En tout cas, ce sera le cas lors du prochain Congr\u00e8s des Management assistants organis\u00e9 par le Cefora (Centre de formation de la CPAE).<!--more--><\/p>\n<p>Un \u00e9v\u00e8nement \u00e0 ne pas manquer pour les Management assistants de votre entreprise.\u00a0Une occasion unique d\u2019\u00e9changer avec d\u2019autres personnes et de d\u00e9couvrir leur fa\u00e7on de travailler. Une excellente source d\u2019inspiration afin d\u2019am\u00e9liorer ses propres m\u00e9thodes !<\/p>\n<p>Apr\u00e8s une Funf\u00e9rence dr\u00f4le et pertinente, les participants plongeront au c\u0153ur de 5 ateliers truff\u00e9s de nouveaut\u00e9s utiles pour leur quotidien.<\/p>\n<p>Infos et inscriptions : <a href=\"http:\/\/events.cevora.net\/fr\/2018\/ma-congres-2018\/\">http:\/\/events.cevora.net\/fr\/2018\/ma-congres-2018\/<\/a><\/p>\n<p><strong><em>Pour qui?<\/em><\/strong>\u00a0Les employ\u00e9s administratifs de la Commission Paritaire 200 et les demandeurs d\u2019emploi qui suivent une formation Jobber dans les m\u00e9tiers administratifs.<\/p>\n","protected":false},"excerpt":{"rendered":"<p>2018 deviendra-t-elle l\u2019ann\u00e9e de l\u2019inspiration et de la co-cr\u00e9ation ? En tout cas, ce sera le cas lors du prochain Congr\u00e8s des Management assistants organis\u00e9 par le Cefora (Centre de formation de la CPAE).<\/p>\n","protected":false},"author":2,"featured_media":0,"comment_status":"closed","ping_status":"open","sticky":false,"template":"","format":"standard","meta":[],"categories":[67,8],"tags":[1832,96,1587,1024,1833,1831],"yoast_head":"<!-- This site is optimized with the Yoast SEO plugin v21.0 - https:\/\/yoast.com\/wordpress\/plugins\/seo\/ -->\n<title>Congr\u00e8s des Management Assistants 2018 organis\u00e9 par le Cefora le 04\/05 \u00e0 Louvain-la-Neuve - Peoplesphere<\/title>\n<meta name=\"robots\" content=\"index, follow, max-snippet:-1, max-image-preview:large, max-video-preview:-1\" \/>\n<link rel=\"canonical\" href=\"https:\/\/peoplesphere.be\/fr\/congres-management-assistants-2018-organise-cefora-0405-a-louvain-neuve\/\" \/>\n<meta property=\"og:locale\" content=\"fr_FR\" \/>\n<meta property=\"og:type\" content=\"article\" \/>\n<meta property=\"og:title\" content=\"Congr\u00e8s des Management Assistants 2018 organis\u00e9 par le Cefora le 04\/05 \u00e0 Louvain-la-Neuve - Peoplesphere\" \/>\n<meta property=\"og:description\" content=\"2018 deviendra-t-elle l\u2019ann\u00e9e de l\u2019inspiration et de la co-cr\u00e9ation ? En tout cas, ce sera le cas lors du prochain Congr\u00e8s des Management assistants organis\u00e9 par le Cefora (Centre de formation de la CPAE).\" \/>\n<meta property=\"og:url\" content=\"https:\/\/peoplesphere.be\/fr\/congres-management-assistants-2018-organise-cefora-0405-a-louvain-neuve\/\" \/>\n<meta property=\"og:site_name\" content=\"Peoplesphere\" \/>\n<meta property=\"article:publisher\" content=\"https:\/\/www.facebook.com\/peoplesphere\" \/>\n<meta property=\"article:published_time\" content=\"2018-03-01T04:51:00+00:00\" \/>\n<meta property=\"article:modified_time\" content=\"2018-03-02T09:03:11+00:00\" \/>\n<meta property=\"og:image\" content=\"http:\/\/www.peoplesphere.be\/fr\/wp-content\/uploads\/2016\/07\/facebook-default-posting-1200x628px.jpg\" \/>\n<meta name=\"author\" content=\"Jean-Paul Erhard\" \/>\n<meta name=\"twitter:card\" content=\"summary_large_image\" \/>\n<meta name=\"twitter:creator\" content=\"@PeoplesphereMag\" \/>\n<meta name=\"twitter:site\" content=\"@PeoplesphereMag\" \/>\n<meta name=\"twitter:label1\" content=\"\u00c9crit par\" \/>\n\t<meta name=\"twitter:data1\" content=\"Jean-Paul Erhard\" \/>\n\t<meta name=\"twitter:label2\" content=\"Dur\u00e9e de lecture estim\u00e9e\" \/>\n\t<meta name=\"twitter:data2\" content=\"1 minute\" \/>\n<script type=\"application\/ld+json\" class=\"yoast-schema-graph\">{\"@context\":\"https:\/\/schema.org\",\"@graph\":[{\"@type\":\"Article\",\"@id\":\"https:\/\/peoplesphere.be\/fr\/congres-management-assistants-2018-organise-cefora-0405-a-louvain-neuve\/#article\",\"isPartOf\":{\"@id\":\"https:\/\/peoplesphere.be\/fr\/congres-management-assistants-2018-organise-cefora-0405-a-louvain-neuve\/\"},\"author\":{\"name\":\"Jean-Paul Erhard\",\"@id\":\"https:\/\/peoplesphere.be\/fr\/#\/schema\/person\/7976225ff17988604334abb7b3536a7e\"},\"headline\":\"Congr\u00e8s des Management Assistants 2018 organis\u00e9 par le Cefora le 04\/05 \u00e0 Louvain-la-Neuve\",\"datePublished\":\"2018-03-01T04:51:00+00:00\",\"dateModified\":\"2018-03-02T09:03:11+00:00\",\"mainEntityOfPage\":{\"@id\":\"https:\/\/peoplesphere.be\/fr\/congres-management-assistants-2018-organise-cefora-0405-a-louvain-neuve\/\"},\"wordCount\":152,\"publisher\":{\"@id\":\"https:\/\/peoplesphere.be\/fr\/#organization\"},\"keywords\":[\"atelier\",\"bien-\u00eatre\",\"cefora\",\"conf\u00e9rence\",\"CP 200\",\"management assistant\"],\"articleSection\":[\"Calendrier\",\"Events\"],\"inLanguage\":\"fr-FR\"},{\"@type\":\"WebPage\",\"@id\":\"https:\/\/peoplesphere.be\/fr\/congres-management-assistants-2018-organise-cefora-0405-a-louvain-neuve\/\",\"url\":\"https:\/\/peoplesphere.be\/fr\/congres-management-assistants-2018-organise-cefora-0405-a-louvain-neuve\/\",\"name\":\"Congr\u00e8s des Management Assistants 2018 organis\u00e9 par le Cefora le 04\/05 \u00e0 Louvain-la-Neuve - Peoplesphere\",\"isPartOf\":{\"@id\":\"https:\/\/peoplesphere.be\/fr\/#website\"},\"datePublished\":\"2018-03-01T04:51:00+00:00\",\"dateModified\":\"2018-03-02T09:03:11+00:00\",\"breadcrumb\":{\"@id\":\"https:\/\/peoplesphere.be\/fr\/congres-management-assistants-2018-organise-cefora-0405-a-louvain-neuve\/#breadcrumb\"},\"inLanguage\":\"fr-FR\",\"potentialAction\":[{\"@type\":\"ReadAction\",\"target\":[\"https:\/\/peoplesphere.be\/fr\/congres-management-assistants-2018-organise-cefora-0405-a-louvain-neuve\/\"]}]},{\"@type\":\"BreadcrumbList\",\"@id\":\"https:\/\/peoplesphere.be\/fr\/congres-management-assistants-2018-organise-cefora-0405-a-louvain-neuve\/#breadcrumb\",\"itemListElement\":[{\"@type\":\"ListItem\",\"position\":1,\"name\":\"Accueil\",\"item\":\"https:\/\/peoplesphere.be\/fr\/\"},{\"@type\":\"ListItem\",\"position\":2,\"name\":\"Congr\u00e8s des Management Assistants 2018 organis\u00e9 par le Cefora le 04\/05 \u00e0 Louvain-la-Neuve\"}]},{\"@type\":\"WebSite\",\"@id\":\"https:\/\/peoplesphere.be\/fr\/#website\",\"url\":\"https:\/\/peoplesphere.be\/fr\/\",\"name\":\"Peoplesphere\",\"description\":\"The People Managers Magazine\",\"publisher\":{\"@id\":\"https:\/\/peoplesphere.be\/fr\/#organization\"},\"potentialAction\":[{\"@type\":\"SearchAction\",\"target\":{\"@type\":\"EntryPoint\",\"urlTemplate\":\"https:\/\/peoplesphere.be\/fr\/?s={search_term_string}\"},\"query-input\":\"required name=search_term_string\"}],\"inLanguage\":\"fr-FR\"},{\"@type\":\"Organization\",\"@id\":\"https:\/\/peoplesphere.be\/fr\/#organization\",\"name\":\"Peoplesphere Company srl\",\"url\":\"https:\/\/peoplesphere.be\/fr\/\",\"logo\":{\"@type\":\"ImageObject\",\"inLanguage\":\"fr-FR\",\"@id\":\"https:\/\/peoplesphere.be\/fr\/#\/schema\/logo\/image\/\",\"url\":\"https:\/\/peoplesphere.be\/fr\/wp-content\/uploads\/2023\/07\/peoplesphere-lgo-new-generik.jpg\",\"contentUrl\":\"https:\/\/peoplesphere.be\/fr\/wp-content\/uploads\/2023\/07\/peoplesphere-lgo-new-generik.jpg\",\"width\":1031,\"height\":1479,\"caption\":\"Peoplesphere Company srl\"},\"image\":{\"@id\":\"https:\/\/peoplesphere.be\/fr\/#\/schema\/logo\/image\/\"},\"sameAs\":[\"https:\/\/www.facebook.com\/peoplesphere\",\"https:\/\/twitter.com\/PeoplesphereMag\",\"https:\/\/www.linkedin.com\/company\/7587361?trk\",\"http:\/\/youtube.com\/peoplesphere\"]},{\"@type\":\"Person\",\"@id\":\"https:\/\/peoplesphere.be\/fr\/#\/schema\/person\/7976225ff17988604334abb7b3536a7e\",\"name\":\"Jean-Paul Erhard\",\"image\":{\"@type\":\"ImageObject\",\"inLanguage\":\"fr-FR\",\"@id\":\"https:\/\/peoplesphere.be\/fr\/#\/schema\/person\/image\/\",\"url\":\"https:\/\/secure.gravatar.com\/avatar\/f941e681460179738071629a51574930?s=96&d=mm&r=g\",\"contentUrl\":\"https:\/\/secure.gravatar.com\/avatar\/f941e681460179738071629a51574930?s=96&d=mm&r=g\",\"caption\":\"Jean-Paul Erhard\"},\"url\":\"https:\/\/peoplesphere.be\/fr\/author\/jpe\/\"}]}<\/script>\n<!-- \/ Yoast SEO plugin. -->","yoast_head_json":{"title":"Congr\u00e8s des Management Assistants 2018 organis\u00e9 par le Cefora le 04\/05 \u00e0 Louvain-la-Neuve - Peoplesphere","robots":{"index":"index","follow":"follow","max-snippet":"max-snippet:-1","max-image-preview":"max-image-preview:large","max-video-preview":"max-video-preview:-1"},"canonical":"https:\/\/peoplesphere.be\/fr\/congres-management-assistants-2018-organise-cefora-0405-a-louvain-neuve\/","og_locale":"fr_FR","og_type":"article","og_title":"Congr\u00e8s des Management Assistants 2018 organis\u00e9 par le Cefora le 04\/05 \u00e0 Louvain-la-Neuve - Peoplesphere","og_description":"2018 deviendra-t-elle l\u2019ann\u00e9e de l\u2019inspiration et de la co-cr\u00e9ation ? En tout cas, ce sera le cas lors du prochain Congr\u00e8s des Management assistants organis\u00e9 par le Cefora (Centre de formation de la CPAE).","og_url":"https:\/\/peoplesphere.be\/fr\/congres-management-assistants-2018-organise-cefora-0405-a-louvain-neuve\/","og_site_name":"Peoplesphere","article_publisher":"https:\/\/www.facebook.com\/peoplesphere","article_published_time":"2018-03-01T04:51:00+00:00","article_modified_time":"2018-03-02T09:03:11+00:00","og_image":[{"url":"http:\/\/www.peoplesphere.be\/fr\/wp-content\/uploads\/2016\/07\/facebook-default-posting-1200x628px.jpg"}],"author":"Jean-Paul Erhard","twitter_card":"summary_large_image","twitter_creator":"@PeoplesphereMag","twitter_site":"@PeoplesphereMag","twitter_misc":{"\u00c9crit par":"Jean-Paul Erhard","Dur\u00e9e de lecture estim\u00e9e":"1 minute"},"schema":{"@context":"https:\/\/schema.org","@graph":[{"@type":"Article","@id":"https:\/\/peoplesphere.be\/fr\/congres-management-assistants-2018-organise-cefora-0405-a-louvain-neuve\/#article","isPartOf":{"@id":"https:\/\/peoplesphere.be\/fr\/congres-management-assistants-2018-organise-cefora-0405-a-louvain-neuve\/"},"author":{"name":"Jean-Paul Erhard","@id":"https:\/\/peoplesphere.be\/fr\/#\/schema\/person\/7976225ff17988604334abb7b3536a7e"},"headline":"Congr\u00e8s des Management Assistants 2018 organis\u00e9 par le Cefora le 04\/05 \u00e0 Louvain-la-Neuve","datePublished":"2018-03-01T04:51:00+00:00","dateModified":"2018-03-02T09:03:11+00:00","mainEntityOfPage":{"@id":"https:\/\/peoplesphere.be\/fr\/congres-management-assistants-2018-organise-cefora-0405-a-louvain-neuve\/"},"wordCount":152,"publisher":{"@id":"https:\/\/peoplesphere.be\/fr\/#organization"},"keywords":["atelier","bien-\u00eatre","cefora","conf\u00e9rence","CP 200","management assistant"],"articleSection":["Calendrier","Events"],"inLanguage":"fr-FR"},{"@type":"WebPage","@id":"https:\/\/peoplesphere.be\/fr\/congres-management-assistants-2018-organise-cefora-0405-a-louvain-neuve\/","url":"https:\/\/peoplesphere.be\/fr\/congres-management-assistants-2018-organise-cefora-0405-a-louvain-neuve\/","name":"Congr\u00e8s des Management Assistants 2018 organis\u00e9 par le Cefora le 04\/05 \u00e0 Louvain-la-Neuve - Peoplesphere","isPartOf":{"@id":"https:\/\/peoplesphere.be\/fr\/#website"},"datePublished":"2018-03-01T04:51:00+00:00","dateModified":"2018-03-02T09:03:11+00:00","breadcrumb":{"@id":"https:\/\/peoplesphere.be\/fr\/congres-management-assistants-2018-organise-cefora-0405-a-louvain-neuve\/#breadcrumb"},"inLanguage":"fr-FR","potentialAction":[{"@type":"ReadAction","target":["https:\/\/peoplesphere.be\/fr\/congres-management-assistants-2018-organise-cefora-0405-a-louvain-neuve\/"]}]},{"@type":"BreadcrumbList","@id":"https:\/\/peoplesphere.be\/fr\/congres-management-assistants-2018-organise-cefora-0405-a-louvain-neuve\/#breadcrumb","itemListElement":[{"@type":"ListItem","position":1,"name":"Accueil","item":"https:\/\/peoplesphere.be\/fr\/"},{"@type":"ListItem","position":2,"name":"Congr\u00e8s des Management Assistants 2018 organis\u00e9 par le Cefora le 04\/05 \u00e0 Louvain-la-Neuve"}]},{"@type":"WebSite","@id":"https:\/\/peoplesphere.be\/fr\/#website","url":"https:\/\/peoplesphere.be\/fr\/","name":"Peoplesphere","description":"The People Managers Magazine","publisher":{"@id":"https:\/\/peoplesphere.be\/fr\/#organization"},"potentialAction":[{"@type":"SearchAction","target":{"@type":"EntryPoint","urlTemplate":"https:\/\/peoplesphere.be\/fr\/?s={search_term_string}"},"query-input":"required name=search_term_string"}],"inLanguage":"fr-FR"},{"@type":"Organization","@id":"https:\/\/peoplesphere.be\/fr\/#organization","name":"Peoplesphere Company srl","url":"https:\/\/peoplesphere.be\/fr\/","logo":{"@type":"ImageObject","inLanguage":"fr-FR","@id":"https:\/\/peoplesphere.be\/fr\/#\/schema\/logo\/image\/","url":"https:\/\/peoplesphere.be\/fr\/wp-content\/uploads\/2023\/07\/peoplesphere-lgo-new-generik.jpg","contentUrl":"https:\/\/peoplesphere.be\/fr\/wp-content\/uploads\/2023\/07\/peoplesphere-lgo-new-generik.jpg","width":1031,"height":1479,"caption":"Peoplesphere Company srl"},"image":{"@id":"https:\/\/peoplesphere.be\/fr\/#\/schema\/logo\/image\/"},"sameAs":["https:\/\/www.facebook.com\/peoplesphere","https:\/\/twitter.com\/PeoplesphereMag","https:\/\/www.linkedin.com\/company\/7587361?trk","http:\/\/youtube.com\/peoplesphere"]},{"@type":"Person","@id":"https:\/\/peoplesphere.be\/fr\/#\/schema\/person\/7976225ff17988604334abb7b3536a7e","name":"Jean-Paul Erhard","image":{"@type":"ImageObject","inLanguage":"fr-FR","@id":"https:\/\/peoplesphere.be\/fr\/#\/schema\/person\/image\/","url":"https:\/\/secure.gravatar.com\/avatar\/f941e681460179738071629a51574930?s=96&d=mm&r=g","contentUrl":"https:\/\/secure.gravatar.com\/avatar\/f941e681460179738071629a51574930?s=96&d=mm&r=g","caption":"Jean-Paul Erhard"},"url":"https:\/\/peoplesphere.be\/fr\/author\/jpe\/"}]}},"_links":{"self":[{"href":"https:\/\/peoplesphere.be\/fr\/wp-json\/wp\/v2\/posts\/5660"}],"collection":[{"href":"https:\/\/peoplesphere.be\/fr\/wp-json\/wp\/v2\/posts"}],"about":[{"href":"https:\/\/peoplesphere.be\/fr\/wp-json\/wp\/v2\/types\/post"}],"author":[{"embeddable":true,"href":"https:\/\/peoplesphere.be\/fr\/wp-json\/wp\/v2\/users\/2"}],"replies":[{"embeddable":true,"href":"https:\/\/peoplesphere.be\/fr\/wp-json\/wp\/v2\/comments?post=5660"}],"version-history":[{"count":2,"href":"https:\/\/peoplesphere.be\/fr\/wp-json\/wp\/v2\/posts\/5660\/revisions"}],"predecessor-version":[{"id":5671,"href":"https:\/\/peoplesphere.be\/fr\/wp-json\/wp\/v2\/posts\/5660\/revisions\/5671"}],"wp:attachment":[{"href":"https:\/\/peoplesphere.be\/fr\/wp-json\/wp\/v2\/media?parent=5660"}],"wp:term":[{"taxonomy":"category","embeddable":true,"href":"https:\/\/peoplesphere.be\/fr\/wp-json\/wp\/v2\/categories?post=5660"},{"taxonomy":"post_tag","embeddable":true,"href":"https:\/\/peoplesphere.be\/fr\/wp-json\/wp\/v2\/tags?post=5660"}],"curies":[{"name":"wp","href":"https:\/\/api.w.org\/{rel}","templated":true}]}}