









{"id":5705,"date":"2018-03-11T11:24:42","date_gmt":"2018-03-11T09:24:42","guid":{"rendered":"http:\/\/www.peoplesphere.be\/fr\/?p=5705"},"modified":"2018-03-11T11:24:42","modified_gmt":"2018-03-11T09:24:42","slug":"37-millions-deuros-soutien-a-creation-demplois-recherche-fondamentale","status":"publish","type":"post","link":"https:\/\/peoplesphere.be\/fr\/37-millions-deuros-soutien-a-creation-demplois-recherche-fondamentale\/","title":{"rendered":"37 millions d&rsquo;euros en soutien \u00e0 la cr\u00e9ation d&#8217;emplois dans la recherche fondamentale."},"content":{"rendered":"<p>Sur proposition de la ministre des Affaires sociales et de la Sant\u00e9 publique Maggie De Block, le Conseil des ministres a approuv\u00e9 un projet d&rsquo;arr\u00eat\u00e9 royal visant \u00e0 r\u00e9partir pour 2018 le montant destin\u00e9 \u00e0 la recherche fondamentale, conform\u00e9ment \u00e0 la loi-programme du 27 d\u00e9cembre 2006.<!--more--><\/p>\n<p>Chaque ann\u00e9e, l\u2019Office national de la s\u00e9curit\u00e9 sociale (ONSS) r\u00e9partit le montant pr\u00e9vu dans la loi-programme, pour les fonds qui sont actifs dans le domaine de la recherche fondamentale. Ces moyens doivent \u00eatre affect\u00e9s \u00e0 la cr\u00e9ation de mandats suppl\u00e9mentaires de doctorants ou post-doctorants dans le domaine de la recherche scientifique.<\/p>\n<p>Pour 2018, la r\u00e9partition est la suivante :<\/p>\n<ul>\n<li>Fonds voor wetenschappelijk onderzoek-Vlaanderen (FWO) : 18.947.039 euros<\/li>\n<li>Fonds national de la recherche scientifique (FNRS) : 18.100.831 euros<\/li>\n<\/ul>\n<p><em>Projet d\u2019arr\u00eat\u00e9 royal portant ex\u00e9cution de l\u2019article 189 de la loi-programme (I) du 27 d\u00e9cembre 2006 pour l\u2019ann\u00e9e 2018<\/em><\/p>\n<p><em>Source : SPF Chancellerie du Premier Ministre<\/em><\/p>\n","protected":false},"excerpt":{"rendered":"<p>Sur proposition de la ministre des Affaires sociales et de la Sant\u00e9 publique Maggie De Block, le Conseil des ministres a approuv\u00e9 un projet d&rsquo;arr\u00eat\u00e9 royal visant \u00e0 r\u00e9partir pour 2018 le montant destin\u00e9 \u00e0 la recherche fondamentale, conform\u00e9ment \u00e0 [&hellip;]<\/p>\n","protected":false},"author":2,"featured_media":0,"comment_status":"closed","ping_status":"open","sticky":false,"template":"","format":"standard","meta":[],"categories":[65,10],"tags":[325,11,1847,282,1846],"yoast_head":"<!-- This site is optimized with the Yoast SEO plugin v21.0 - https:\/\/yoast.com\/wordpress\/plugins\/seo\/ -->\n<title>37 millions d&#039;euros en soutien \u00e0 la cr\u00e9ation d&#039;emplois dans la recherche fondamentale. - Peoplesphere<\/title>\n<meta name=\"robots\" content=\"index, follow, max-snippet:-1, max-image-preview:large, max-video-preview:-1\" \/>\n<link rel=\"canonical\" href=\"https:\/\/peoplesphere.be\/fr\/37-millions-deuros-soutien-a-creation-demplois-recherche-fondamentale\/\" \/>\n<meta property=\"og:locale\" content=\"fr_FR\" \/>\n<meta property=\"og:type\" content=\"article\" \/>\n<meta property=\"og:title\" content=\"37 millions d&#039;euros en soutien \u00e0 la cr\u00e9ation d&#039;emplois dans la recherche fondamentale. - Peoplesphere\" \/>\n<meta property=\"og:description\" content=\"Sur proposition de la ministre des Affaires sociales et de la Sant\u00e9 publique Maggie De Block, le Conseil des ministres a approuv\u00e9 un projet d&rsquo;arr\u00eat\u00e9 royal visant \u00e0 r\u00e9partir pour 2018 le montant destin\u00e9 \u00e0 la recherche fondamentale, conform\u00e9ment \u00e0 [&hellip;]\" \/>\n<meta property=\"og:url\" content=\"https:\/\/peoplesphere.be\/fr\/37-millions-deuros-soutien-a-creation-demplois-recherche-fondamentale\/\" \/>\n<meta property=\"og:site_name\" content=\"Peoplesphere\" \/>\n<meta property=\"article:publisher\" content=\"https:\/\/www.facebook.com\/peoplesphere\" \/>\n<meta property=\"article:published_time\" content=\"2018-03-11T09:24:42+00:00\" \/>\n<meta property=\"og:image\" content=\"http:\/\/www.peoplesphere.be\/fr\/wp-content\/uploads\/2016\/07\/facebook-default-posting-1200x628px.jpg\" \/>\n<meta name=\"author\" content=\"Jean-Paul Erhard\" \/>\n<meta name=\"twitter:card\" content=\"summary_large_image\" \/>\n<meta name=\"twitter:creator\" content=\"@PeoplesphereMag\" \/>\n<meta name=\"twitter:site\" content=\"@PeoplesphereMag\" \/>\n<meta name=\"twitter:label1\" content=\"\u00c9crit par\" \/>\n\t<meta name=\"twitter:data1\" content=\"Jean-Paul Erhard\" \/>\n\t<meta name=\"twitter:label2\" content=\"Dur\u00e9e de lecture estim\u00e9e\" \/>\n\t<meta name=\"twitter:data2\" content=\"1 minute\" \/>\n<script type=\"application\/ld+json\" class=\"yoast-schema-graph\">{\"@context\":\"https:\/\/schema.org\",\"@graph\":[{\"@type\":\"Article\",\"@id\":\"https:\/\/peoplesphere.be\/fr\/37-millions-deuros-soutien-a-creation-demplois-recherche-fondamentale\/#article\",\"isPartOf\":{\"@id\":\"https:\/\/peoplesphere.be\/fr\/37-millions-deuros-soutien-a-creation-demplois-recherche-fondamentale\/\"},\"author\":{\"name\":\"Jean-Paul Erhard\",\"@id\":\"https:\/\/peoplesphere.be\/fr\/#\/schema\/person\/7976225ff17988604334abb7b3536a7e\"},\"headline\":\"37 millions d&rsquo;euros en soutien \u00e0 la cr\u00e9ation d&#8217;emplois dans la recherche fondamentale.\",\"datePublished\":\"2018-03-11T09:24:42+00:00\",\"dateModified\":\"2018-03-11T09:24:42+00:00\",\"mainEntityOfPage\":{\"@id\":\"https:\/\/peoplesphere.be\/fr\/37-millions-deuros-soutien-a-creation-demplois-recherche-fondamentale\/\"},\"wordCount\":163,\"publisher\":{\"@id\":\"https:\/\/peoplesphere.be\/fr\/#organization\"},\"keywords\":[\"cr\u00e9ation d'emplois\",\"emploi\",\"FNRS\",\"onss\",\"recherche fondamentale\"],\"articleSection\":[\"Actualit\u00e9s\",\"Digital\"],\"inLanguage\":\"fr-FR\"},{\"@type\":\"WebPage\",\"@id\":\"https:\/\/peoplesphere.be\/fr\/37-millions-deuros-soutien-a-creation-demplois-recherche-fondamentale\/\",\"url\":\"https:\/\/peoplesphere.be\/fr\/37-millions-deuros-soutien-a-creation-demplois-recherche-fondamentale\/\",\"name\":\"37 millions d'euros en soutien \u00e0 la cr\u00e9ation d'emplois dans la recherche fondamentale. - Peoplesphere\",\"isPartOf\":{\"@id\":\"https:\/\/peoplesphere.be\/fr\/#website\"},\"datePublished\":\"2018-03-11T09:24:42+00:00\",\"dateModified\":\"2018-03-11T09:24:42+00:00\",\"breadcrumb\":{\"@id\":\"https:\/\/peoplesphere.be\/fr\/37-millions-deuros-soutien-a-creation-demplois-recherche-fondamentale\/#breadcrumb\"},\"inLanguage\":\"fr-FR\",\"potentialAction\":[{\"@type\":\"ReadAction\",\"target\":[\"https:\/\/peoplesphere.be\/fr\/37-millions-deuros-soutien-a-creation-demplois-recherche-fondamentale\/\"]}]},{\"@type\":\"BreadcrumbList\",\"@id\":\"https:\/\/peoplesphere.be\/fr\/37-millions-deuros-soutien-a-creation-demplois-recherche-fondamentale\/#breadcrumb\",\"itemListElement\":[{\"@type\":\"ListItem\",\"position\":1,\"name\":\"Accueil\",\"item\":\"https:\/\/peoplesphere.be\/fr\/\"},{\"@type\":\"ListItem\",\"position\":2,\"name\":\"37 millions d&rsquo;euros en soutien \u00e0 la cr\u00e9ation d&#8217;emplois dans la recherche fondamentale.\"}]},{\"@type\":\"WebSite\",\"@id\":\"https:\/\/peoplesphere.be\/fr\/#website\",\"url\":\"https:\/\/peoplesphere.be\/fr\/\",\"name\":\"Peoplesphere\",\"description\":\"The People Managers Magazine\",\"publisher\":{\"@id\":\"https:\/\/peoplesphere.be\/fr\/#organization\"},\"potentialAction\":[{\"@type\":\"SearchAction\",\"target\":{\"@type\":\"EntryPoint\",\"urlTemplate\":\"https:\/\/peoplesphere.be\/fr\/?s={search_term_string}\"},\"query-input\":\"required name=search_term_string\"}],\"inLanguage\":\"fr-FR\"},{\"@type\":\"Organization\",\"@id\":\"https:\/\/peoplesphere.be\/fr\/#organization\",\"name\":\"Peoplesphere Company srl\",\"url\":\"https:\/\/peoplesphere.be\/fr\/\",\"logo\":{\"@type\":\"ImageObject\",\"inLanguage\":\"fr-FR\",\"@id\":\"https:\/\/peoplesphere.be\/fr\/#\/schema\/logo\/image\/\",\"url\":\"https:\/\/peoplesphere.be\/fr\/wp-content\/uploads\/2023\/07\/peoplesphere-lgo-new-generik.jpg\",\"contentUrl\":\"https:\/\/peoplesphere.be\/fr\/wp-content\/uploads\/2023\/07\/peoplesphere-lgo-new-generik.jpg\",\"width\":1031,\"height\":1479,\"caption\":\"Peoplesphere Company srl\"},\"image\":{\"@id\":\"https:\/\/peoplesphere.be\/fr\/#\/schema\/logo\/image\/\"},\"sameAs\":[\"https:\/\/www.facebook.com\/peoplesphere\",\"https:\/\/twitter.com\/PeoplesphereMag\",\"https:\/\/www.linkedin.com\/company\/7587361?trk\",\"http:\/\/youtube.com\/peoplesphere\"]},{\"@type\":\"Person\",\"@id\":\"https:\/\/peoplesphere.be\/fr\/#\/schema\/person\/7976225ff17988604334abb7b3536a7e\",\"name\":\"Jean-Paul Erhard\",\"image\":{\"@type\":\"ImageObject\",\"inLanguage\":\"fr-FR\",\"@id\":\"https:\/\/peoplesphere.be\/fr\/#\/schema\/person\/image\/\",\"url\":\"https:\/\/secure.gravatar.com\/avatar\/f941e681460179738071629a51574930?s=96&d=mm&r=g\",\"contentUrl\":\"https:\/\/secure.gravatar.com\/avatar\/f941e681460179738071629a51574930?s=96&d=mm&r=g\",\"caption\":\"Jean-Paul Erhard\"},\"url\":\"https:\/\/peoplesphere.be\/fr\/author\/jpe\/\"}]}<\/script>\n<!-- \/ Yoast SEO plugin. -->","yoast_head_json":{"title":"37 millions d'euros en soutien \u00e0 la cr\u00e9ation d'emplois dans la recherche fondamentale. - Peoplesphere","robots":{"index":"index","follow":"follow","max-snippet":"max-snippet:-1","max-image-preview":"max-image-preview:large","max-video-preview":"max-video-preview:-1"},"canonical":"https:\/\/peoplesphere.be\/fr\/37-millions-deuros-soutien-a-creation-demplois-recherche-fondamentale\/","og_locale":"fr_FR","og_type":"article","og_title":"37 millions d'euros en soutien \u00e0 la cr\u00e9ation d'emplois dans la recherche fondamentale. - Peoplesphere","og_description":"Sur proposition de la ministre des Affaires sociales et de la Sant\u00e9 publique Maggie De Block, le Conseil des ministres a approuv\u00e9 un projet d&rsquo;arr\u00eat\u00e9 royal visant \u00e0 r\u00e9partir pour 2018 le montant destin\u00e9 \u00e0 la recherche fondamentale, conform\u00e9ment \u00e0 [&hellip;]","og_url":"https:\/\/peoplesphere.be\/fr\/37-millions-deuros-soutien-a-creation-demplois-recherche-fondamentale\/","og_site_name":"Peoplesphere","article_publisher":"https:\/\/www.facebook.com\/peoplesphere","article_published_time":"2018-03-11T09:24:42+00:00","og_image":[{"url":"http:\/\/www.peoplesphere.be\/fr\/wp-content\/uploads\/2016\/07\/facebook-default-posting-1200x628px.jpg"}],"author":"Jean-Paul Erhard","twitter_card":"summary_large_image","twitter_creator":"@PeoplesphereMag","twitter_site":"@PeoplesphereMag","twitter_misc":{"\u00c9crit par":"Jean-Paul Erhard","Dur\u00e9e de lecture estim\u00e9e":"1 minute"},"schema":{"@context":"https:\/\/schema.org","@graph":[{"@type":"Article","@id":"https:\/\/peoplesphere.be\/fr\/37-millions-deuros-soutien-a-creation-demplois-recherche-fondamentale\/#article","isPartOf":{"@id":"https:\/\/peoplesphere.be\/fr\/37-millions-deuros-soutien-a-creation-demplois-recherche-fondamentale\/"},"author":{"name":"Jean-Paul Erhard","@id":"https:\/\/peoplesphere.be\/fr\/#\/schema\/person\/7976225ff17988604334abb7b3536a7e"},"headline":"37 millions d&rsquo;euros en soutien \u00e0 la cr\u00e9ation d&#8217;emplois dans la recherche fondamentale.","datePublished":"2018-03-11T09:24:42+00:00","dateModified":"2018-03-11T09:24:42+00:00","mainEntityOfPage":{"@id":"https:\/\/peoplesphere.be\/fr\/37-millions-deuros-soutien-a-creation-demplois-recherche-fondamentale\/"},"wordCount":163,"publisher":{"@id":"https:\/\/peoplesphere.be\/fr\/#organization"},"keywords":["cr\u00e9ation d'emplois","emploi","FNRS","onss","recherche fondamentale"],"articleSection":["Actualit\u00e9s","Digital"],"inLanguage":"fr-FR"},{"@type":"WebPage","@id":"https:\/\/peoplesphere.be\/fr\/37-millions-deuros-soutien-a-creation-demplois-recherche-fondamentale\/","url":"https:\/\/peoplesphere.be\/fr\/37-millions-deuros-soutien-a-creation-demplois-recherche-fondamentale\/","name":"37 millions d'euros en soutien \u00e0 la cr\u00e9ation d'emplois dans la recherche fondamentale. - Peoplesphere","isPartOf":{"@id":"https:\/\/peoplesphere.be\/fr\/#website"},"datePublished":"2018-03-11T09:24:42+00:00","dateModified":"2018-03-11T09:24:42+00:00","breadcrumb":{"@id":"https:\/\/peoplesphere.be\/fr\/37-millions-deuros-soutien-a-creation-demplois-recherche-fondamentale\/#breadcrumb"},"inLanguage":"fr-FR","potentialAction":[{"@type":"ReadAction","target":["https:\/\/peoplesphere.be\/fr\/37-millions-deuros-soutien-a-creation-demplois-recherche-fondamentale\/"]}]},{"@type":"BreadcrumbList","@id":"https:\/\/peoplesphere.be\/fr\/37-millions-deuros-soutien-a-creation-demplois-recherche-fondamentale\/#breadcrumb","itemListElement":[{"@type":"ListItem","position":1,"name":"Accueil","item":"https:\/\/peoplesphere.be\/fr\/"},{"@type":"ListItem","position":2,"name":"37 millions d&rsquo;euros en soutien \u00e0 la cr\u00e9ation d&#8217;emplois dans la recherche fondamentale."}]},{"@type":"WebSite","@id":"https:\/\/peoplesphere.be\/fr\/#website","url":"https:\/\/peoplesphere.be\/fr\/","name":"Peoplesphere","description":"The People Managers Magazine","publisher":{"@id":"https:\/\/peoplesphere.be\/fr\/#organization"},"potentialAction":[{"@type":"SearchAction","target":{"@type":"EntryPoint","urlTemplate":"https:\/\/peoplesphere.be\/fr\/?s={search_term_string}"},"query-input":"required name=search_term_string"}],"inLanguage":"fr-FR"},{"@type":"Organization","@id":"https:\/\/peoplesphere.be\/fr\/#organization","name":"Peoplesphere Company srl","url":"https:\/\/peoplesphere.be\/fr\/","logo":{"@type":"ImageObject","inLanguage":"fr-FR","@id":"https:\/\/peoplesphere.be\/fr\/#\/schema\/logo\/image\/","url":"https:\/\/peoplesphere.be\/fr\/wp-content\/uploads\/2023\/07\/peoplesphere-lgo-new-generik.jpg","contentUrl":"https:\/\/peoplesphere.be\/fr\/wp-content\/uploads\/2023\/07\/peoplesphere-lgo-new-generik.jpg","width":1031,"height":1479,"caption":"Peoplesphere Company srl"},"image":{"@id":"https:\/\/peoplesphere.be\/fr\/#\/schema\/logo\/image\/"},"sameAs":["https:\/\/www.facebook.com\/peoplesphere","https:\/\/twitter.com\/PeoplesphereMag","https:\/\/www.linkedin.com\/company\/7587361?trk","http:\/\/youtube.com\/peoplesphere"]},{"@type":"Person","@id":"https:\/\/peoplesphere.be\/fr\/#\/schema\/person\/7976225ff17988604334abb7b3536a7e","name":"Jean-Paul Erhard","image":{"@type":"ImageObject","inLanguage":"fr-FR","@id":"https:\/\/peoplesphere.be\/fr\/#\/schema\/person\/image\/","url":"https:\/\/secure.gravatar.com\/avatar\/f941e681460179738071629a51574930?s=96&d=mm&r=g","contentUrl":"https:\/\/secure.gravatar.com\/avatar\/f941e681460179738071629a51574930?s=96&d=mm&r=g","caption":"Jean-Paul Erhard"},"url":"https:\/\/peoplesphere.be\/fr\/author\/jpe\/"}]}},"_links":{"self":[{"href":"https:\/\/peoplesphere.be\/fr\/wp-json\/wp\/v2\/posts\/5705"}],"collection":[{"href":"https:\/\/peoplesphere.be\/fr\/wp-json\/wp\/v2\/posts"}],"about":[{"href":"https:\/\/peoplesphere.be\/fr\/wp-json\/wp\/v2\/types\/post"}],"author":[{"embeddable":true,"href":"https:\/\/peoplesphere.be\/fr\/wp-json\/wp\/v2\/users\/2"}],"replies":[{"embeddable":true,"href":"https:\/\/peoplesphere.be\/fr\/wp-json\/wp\/v2\/comments?post=5705"}],"version-history":[{"count":1,"href":"https:\/\/peoplesphere.be\/fr\/wp-json\/wp\/v2\/posts\/5705\/revisions"}],"predecessor-version":[{"id":5706,"href":"https:\/\/peoplesphere.be\/fr\/wp-json\/wp\/v2\/posts\/5705\/revisions\/5706"}],"wp:attachment":[{"href":"https:\/\/peoplesphere.be\/fr\/wp-json\/wp\/v2\/media?parent=5705"}],"wp:term":[{"taxonomy":"category","embeddable":true,"href":"https:\/\/peoplesphere.be\/fr\/wp-json\/wp\/v2\/categories?post=5705"},{"taxonomy":"post_tag","embeddable":true,"href":"https:\/\/peoplesphere.be\/fr\/wp-json\/wp\/v2\/tags?post=5705"}],"curies":[{"name":"wp","href":"https:\/\/api.w.org\/{rel}","templated":true}]}}