









{"id":5716,"date":"2018-03-12T17:23:48","date_gmt":"2018-03-12T15:23:48","guid":{"rendered":"http:\/\/www.peoplesphere.be\/fr\/?p=5716"},"modified":"2018-03-12T17:32:29","modified_gmt":"2018-03-12T15:32:29","slug":"gouvernement-wallon-veut-politique-de-lemploi-de-formation-plus-concrete-contrer-pauvrete","status":"publish","type":"post","link":"https:\/\/peoplesphere.be\/fr\/gouvernement-wallon-veut-politique-de-lemploi-de-formation-plus-concrete-contrer-pauvrete\/","title":{"rendered":"Le gouvernement wallon veut une politique de l&#8217;emploi et de la formation plus concr\u00e8te pour contrer la pauvret\u00e9."},"content":{"rendered":"<p>Le Gouvernement wallon souhaite faire de l\u2019axe \u2018Emploi &amp; Formation\u2019 une priorit\u00e9 afin de lutter contre la pauvret\u00e9. Le taux de risque de pauvret\u00e9 est tr\u00e8s \u00e9lev\u00e9 chez les inactifs, principalement les ch\u00f4meurs (45,9 % des ch\u00f4meurs vivent en dessous du seuil de pauvret\u00e9 en 2016 alors qu\u2019en moyenne g\u00e9n\u00e9rale, le taux de personnes en-dessous du seuil de pauvret\u00e9 est de 15,5 %).<!--more--><\/p>\n<p>La Wallonie reste singuli\u00e8rement par rapport \u00e0 la moyenne belge en de\u00e7\u00e0 des taux d\u2019activit\u00e9 et d\u2019emploi, et au-del\u00e0 du taux de ch\u00f4mage. De nombreuses \u00e9tudes et t\u00e9moignages ont soulign\u00e9 l\u2019apport \u00e9videmment positif d\u2019un emploi comme pouvant donner des moyens indispensables ou suppl\u00e9mentaires pour quitter la pauvret\u00e9, mais aussi comme facteur de lien social et d\u2019int\u00e9gration des personnes.<\/p>\n<p>Le plan propos\u00e9 fin de la semaine derni\u00e8re s&rsquo;appuie notamment sur une validation accrue des comp\u00e9tences (avec attention sp\u00e9cifique pour les m\u00e9tiers en p\u00e9nurie), une meilleure qualification des adultes (dispositifs d\u2019alphab\u00e9tisation, de pr\u00e9qualification, d\u2019enseignement de promotion sociale\u2026) et une r\u00e9forme des dispositifs &lsquo;articles 60 et 61&rsquo; en vue de les optimiser.\u00a0Une telle politique rencontre par ailleurs les lignes directrices du Conseil europ\u00e9en adopt\u00e9es pour les politiques de l\u2019emploi \u00e0 l\u2019horizon 2020 : accro\u00eetre la participation au march\u00e9 du travail, d\u00e9velopper une main d\u2019\u0153uvre qualifi\u00e9e, am\u00e9liorer les syst\u00e8mes d\u2019\u00e9ducation et de formation et lutter contre l\u2019exclusion sociale.<\/p>\n<p>Les politiques en faveur de l\u2019emploi, de la formation et de la qualification sont d\u00e9j\u00e0 en elles-m\u00eames, tout comme les politiques d\u2019action sociale, porteuses de lutte contre la pauvret\u00e9. Le d\u00e9faut d\u2019un emploi quant \u00e0 lui est \u00e9galement susceptible pour de nombreuses personnes d\u2019un risque de pr\u00e9carit\u00e9 mat\u00e9rielle et d\u2019exclusion sociale.<br \/>\nLa contribution de ces politiques en faveur du public en situation de pauvret\u00e9 devrait donc se focaliser sur des instruments devant permettre par leur nature d\u2019agir pr\u00e9f\u00e9rentiellement en faveur des personnes les plus \u00e9loign\u00e9es de l\u2019emploi. Un focus sera donc mis sur 4 dispositifs\u00a0:<\/p>\n<p><em><strong>Validation des comp\u00e9tences<\/strong><\/em><\/p>\n<p>De nombreux secteurs, tels que la construction ou l\u2019HORECA, peinent \u00e0 recruter du personnel qualifi\u00e9.<\/p>\n<p>Par ailleurs, des personnes qualifi\u00e9es sont disponibles pour ces secteurs, mais certaines n\u2019ont pu faire l\u2019objet d\u2019une reconnaissance formelle de leurs comp\u00e9tences pour les m\u00e9tiers concern\u00e9s. En effet, pour diverses raisons, tous n\u2019ont pu b\u00e9n\u00e9ficier d\u2019un enseignement reconnu qui aurait pu leur permettre un acc\u00e8s plus ais\u00e9 aux fonctions \u00e9voqu\u00e9es. Ce qui est, par exemple, le cas de personnes issues de l\u2019immigration ou de personnes ayant \u00e9t\u00e9 incarc\u00e9r\u00e9es. Des actions sp\u00e9cifiques sont envisag\u00e9es en faveur de tels publics.<\/p>\n<p>Le dispositif de validation des comp\u00e9tences doit permettre de concilier l\u2019offre et la demande d\u2019emploi pour ces m\u00e9tiers et qualifications. Des actions nouvelles seront mises en place pour permettre au plus grand nombre l\u2019acc\u00e8s \u00e0 ces dispositifs. Le dispositif sera notamment renforc\u00e9, en faveur de cette validation de comp\u00e9tences, par l\u2019activation des modules de pr\u00e9paration \u00e0 la validation et des modules de rem\u00e9diation pour ces publics sp\u00e9cifiques.<\/p>\n<p>Les agr\u00e9ments nouveaux et renouvel\u00e9s de centres de validation de comp\u00e9tences approuv\u00e9s par le Gouvernement wallon du 11 janvier 2018 vont \u00e9galement en ce sens.<\/p>\n<p>La validation de comp\u00e9tences pour des fonctions reconnues en p\u00e9nurie devrait par ailleurs permettre de pouvoir p\u00e9renniser ces emplois et d\u2019assurer l\u2019avenir des personnes qui les occupent.<\/p>\n<p><em><strong>Qualification des adultes<\/strong><\/em><\/p>\n<p>Dans une m\u00eame perspective, notamment dans le cadre du Plan individuel d\u2019int\u00e9gration sociale, les dispositifs de qualification des adultes en Wallonie seront promus, tels les dispositifs d\u2019alphab\u00e9tisation, de pr\u00e9qualification, d\u2019enseignement de promotion sociale, en informant aussi sur les dispositifs sp\u00e9cifiquement communautaires en la mati\u00e8re (CESS, CEB). Le parcours d\u2019aide aux personnes \u00e9loign\u00e9es de l\u2019Emploi sera renforc\u00e9, impliquant notamment le FOREM et les CPAS.<\/p>\n<p><em><strong>R\u00e9forme des articles 60 et 61<\/strong><\/em><\/p>\n<p>Une r\u00e9forme des articles 60 et 61 de la loi organique du 8 juillet 1976 des Centres publics d\u2019aide sociale (CPAS) est pr\u00e9vue.<br \/>\nDans le cadre du droit \u00e0 l&rsquo;int\u00e9gration sociale, une des missions des CPAS est de proposer un emploi \u00e0 certains allocataires sociaux afin de leur procurer une exp\u00e9rience professionnelle ou de leur permettre de r\u00e9cup\u00e9rer leur droit \u00e0 une allocation sociale. Les CPAS disposent de 2 outils\u00a0: le contrat article 60 (l\u2019employeur est le CPAS) et le contrat article 61 (l\u2019employeur public ou priv\u00e9 passe directement le contrat avec la personne) qui permettent d&rsquo;engager un b\u00e9n\u00e9ficiaire du Revenu d\u2019int\u00e9gration sociale (RIS), avec un contrat de travail \u00e0 dur\u00e9e d\u00e9termin\u00e9e, pendant la p\u00e9riode n\u00e9cessaire pour que cette personne puisse recouvrir ses droits aux allocations de ch\u00f4mage. La R\u00e9gion wallonne, ayant depuis la 6\u00e8me r\u00e9forme de l\u2019Etat, pouvoir r\u00e9glementaire sur ces mesures, veillera \u00e0 la meilleure optimalisation de ces outils en faveur des personnes en situation de pauvret\u00e9 ou proches de l\u2019\u00eatre\u00a0; les diff\u00e9rents acteurs seront consult\u00e9s pour optimiser ces dispositifs.<\/p>\n<p><em><strong>R\u00e9vision des seuils d\u2019acc\u00e8s aux formations du FOREM<\/strong><\/em><\/p>\n<p>La r\u00e9vision des seuils d\u2019acc\u00e8s aux formations du Forem pour que ceux-ci ne soient plus un frein \u00e0 l\u2019entr\u00e9e en formation, mais deviennent un outil de diagnostic permettant de mieux adapter la formation \u00e0 la personne (notamment \u00e0 l\u2019attention des b\u00e9n\u00e9ficiaires du RIS, des personnes tr\u00e8s \u00e9loign\u00e9e du march\u00e9 du travail, autres demandeurs d\u2019emploi, etc).<\/p>\n<p><em>Source : Cabinet du Ministre Pr\u00e9sident W. Borsus<\/em><\/p>\n","protected":false},"excerpt":{"rendered":"<p>Le Gouvernement wallon souhaite faire de l\u2019axe \u2018Emploi &amp; Formation\u2019 une priorit\u00e9 afin de lutter contre la pauvret\u00e9. Le taux de risque de pauvret\u00e9 est tr\u00e8s \u00e9lev\u00e9 chez les inactifs, principalement les ch\u00f4meurs (45,9 % des ch\u00f4meurs vivent en dessous [&hellip;]<\/p>\n","protected":false},"author":2,"featured_media":0,"comment_status":"closed","ping_status":"open","sticky":false,"template":"","format":"standard","meta":[],"categories":[65,10],"tags":[1489,1086,11,331,48,903,893,1270],"yoast_head":"<!-- This site is optimized with the Yoast SEO plugin v21.0 - https:\/\/yoast.com\/wordpress\/plugins\/seo\/ -->\n<title>Le gouvernement wallon veut une politique de l&#039;emploi et de la formation plus concr\u00e8te pour contrer la pauvret\u00e9. - Peoplesphere<\/title>\n<meta name=\"robots\" content=\"index, follow, max-snippet:-1, max-image-preview:large, max-video-preview:-1\" \/>\n<link rel=\"canonical\" href=\"https:\/\/peoplesphere.be\/fr\/gouvernement-wallon-veut-politique-de-lemploi-de-formation-plus-concrete-contrer-pauvrete\/\" \/>\n<meta property=\"og:locale\" content=\"fr_FR\" \/>\n<meta property=\"og:type\" content=\"article\" \/>\n<meta property=\"og:title\" content=\"Le gouvernement wallon veut une politique de l&#039;emploi et de la formation plus concr\u00e8te pour contrer la pauvret\u00e9. - Peoplesphere\" \/>\n<meta property=\"og:description\" content=\"Le Gouvernement wallon souhaite faire de l\u2019axe \u2018Emploi &amp; Formation\u2019 une priorit\u00e9 afin de lutter contre la pauvret\u00e9. Le taux de risque de pauvret\u00e9 est tr\u00e8s \u00e9lev\u00e9 chez les inactifs, principalement les ch\u00f4meurs (45,9 % des ch\u00f4meurs vivent en dessous [&hellip;]\" \/>\n<meta property=\"og:url\" content=\"https:\/\/peoplesphere.be\/fr\/gouvernement-wallon-veut-politique-de-lemploi-de-formation-plus-concrete-contrer-pauvrete\/\" \/>\n<meta property=\"og:site_name\" content=\"Peoplesphere\" \/>\n<meta property=\"article:publisher\" content=\"https:\/\/www.facebook.com\/peoplesphere\" \/>\n<meta property=\"article:published_time\" content=\"2018-03-12T15:23:48+00:00\" \/>\n<meta property=\"article:modified_time\" content=\"2018-03-12T15:32:29+00:00\" \/>\n<meta property=\"og:image\" content=\"http:\/\/www.peoplesphere.be\/fr\/wp-content\/uploads\/2016\/07\/facebook-default-posting-1200x628px.jpg\" \/>\n<meta name=\"author\" content=\"Jean-Paul Erhard\" \/>\n<meta name=\"twitter:card\" content=\"summary_large_image\" \/>\n<meta name=\"twitter:creator\" content=\"@PeoplesphereMag\" \/>\n<meta name=\"twitter:site\" content=\"@PeoplesphereMag\" \/>\n<meta name=\"twitter:label1\" content=\"\u00c9crit par\" \/>\n\t<meta name=\"twitter:data1\" content=\"Jean-Paul Erhard\" \/>\n\t<meta name=\"twitter:label2\" content=\"Dur\u00e9e de lecture estim\u00e9e\" \/>\n\t<meta name=\"twitter:data2\" content=\"5 minutes\" \/>\n<script type=\"application\/ld+json\" class=\"yoast-schema-graph\">{\"@context\":\"https:\/\/schema.org\",\"@graph\":[{\"@type\":\"Article\",\"@id\":\"https:\/\/peoplesphere.be\/fr\/gouvernement-wallon-veut-politique-de-lemploi-de-formation-plus-concrete-contrer-pauvrete\/#article\",\"isPartOf\":{\"@id\":\"https:\/\/peoplesphere.be\/fr\/gouvernement-wallon-veut-politique-de-lemploi-de-formation-plus-concrete-contrer-pauvrete\/\"},\"author\":{\"name\":\"Jean-Paul Erhard\",\"@id\":\"https:\/\/peoplesphere.be\/fr\/#\/schema\/person\/7976225ff17988604334abb7b3536a7e\"},\"headline\":\"Le gouvernement wallon veut une politique de l&#8217;emploi et de la formation plus concr\u00e8te pour contrer la pauvret\u00e9.\",\"datePublished\":\"2018-03-12T15:23:48+00:00\",\"dateModified\":\"2018-03-12T15:32:29+00:00\",\"mainEntityOfPage\":{\"@id\":\"https:\/\/peoplesphere.be\/fr\/gouvernement-wallon-veut-politique-de-lemploi-de-formation-plus-concrete-contrer-pauvrete\/\"},\"wordCount\":975,\"publisher\":{\"@id\":\"https:\/\/peoplesphere.be\/fr\/#organization\"},\"keywords\":[\"allocations de ch\u00f4mage\",\"CPAS\",\"emploi\",\"forem\",\"Formation\",\"gouvernement wallon\",\"pauvret\u00e9\",\"validation des comp\u00e9tences\"],\"articleSection\":[\"Actualit\u00e9s\",\"Digital\"],\"inLanguage\":\"fr-FR\"},{\"@type\":\"WebPage\",\"@id\":\"https:\/\/peoplesphere.be\/fr\/gouvernement-wallon-veut-politique-de-lemploi-de-formation-plus-concrete-contrer-pauvrete\/\",\"url\":\"https:\/\/peoplesphere.be\/fr\/gouvernement-wallon-veut-politique-de-lemploi-de-formation-plus-concrete-contrer-pauvrete\/\",\"name\":\"Le gouvernement wallon veut une politique de l'emploi et de la formation plus concr\u00e8te pour contrer la pauvret\u00e9. - Peoplesphere\",\"isPartOf\":{\"@id\":\"https:\/\/peoplesphere.be\/fr\/#website\"},\"datePublished\":\"2018-03-12T15:23:48+00:00\",\"dateModified\":\"2018-03-12T15:32:29+00:00\",\"breadcrumb\":{\"@id\":\"https:\/\/peoplesphere.be\/fr\/gouvernement-wallon-veut-politique-de-lemploi-de-formation-plus-concrete-contrer-pauvrete\/#breadcrumb\"},\"inLanguage\":\"fr-FR\",\"potentialAction\":[{\"@type\":\"ReadAction\",\"target\":[\"https:\/\/peoplesphere.be\/fr\/gouvernement-wallon-veut-politique-de-lemploi-de-formation-plus-concrete-contrer-pauvrete\/\"]}]},{\"@type\":\"BreadcrumbList\",\"@id\":\"https:\/\/peoplesphere.be\/fr\/gouvernement-wallon-veut-politique-de-lemploi-de-formation-plus-concrete-contrer-pauvrete\/#breadcrumb\",\"itemListElement\":[{\"@type\":\"ListItem\",\"position\":1,\"name\":\"Accueil\",\"item\":\"https:\/\/peoplesphere.be\/fr\/\"},{\"@type\":\"ListItem\",\"position\":2,\"name\":\"Le gouvernement wallon veut une politique de l&#8217;emploi et de la formation plus concr\u00e8te pour contrer la pauvret\u00e9.\"}]},{\"@type\":\"WebSite\",\"@id\":\"https:\/\/peoplesphere.be\/fr\/#website\",\"url\":\"https:\/\/peoplesphere.be\/fr\/\",\"name\":\"Peoplesphere\",\"description\":\"The People Managers Magazine\",\"publisher\":{\"@id\":\"https:\/\/peoplesphere.be\/fr\/#organization\"},\"potentialAction\":[{\"@type\":\"SearchAction\",\"target\":{\"@type\":\"EntryPoint\",\"urlTemplate\":\"https:\/\/peoplesphere.be\/fr\/?s={search_term_string}\"},\"query-input\":\"required name=search_term_string\"}],\"inLanguage\":\"fr-FR\"},{\"@type\":\"Organization\",\"@id\":\"https:\/\/peoplesphere.be\/fr\/#organization\",\"name\":\"Peoplesphere Company srl\",\"url\":\"https:\/\/peoplesphere.be\/fr\/\",\"logo\":{\"@type\":\"ImageObject\",\"inLanguage\":\"fr-FR\",\"@id\":\"https:\/\/peoplesphere.be\/fr\/#\/schema\/logo\/image\/\",\"url\":\"https:\/\/peoplesphere.be\/fr\/wp-content\/uploads\/2023\/07\/peoplesphere-lgo-new-generik.jpg\",\"contentUrl\":\"https:\/\/peoplesphere.be\/fr\/wp-content\/uploads\/2023\/07\/peoplesphere-lgo-new-generik.jpg\",\"width\":1031,\"height\":1479,\"caption\":\"Peoplesphere Company srl\"},\"image\":{\"@id\":\"https:\/\/peoplesphere.be\/fr\/#\/schema\/logo\/image\/\"},\"sameAs\":[\"https:\/\/www.facebook.com\/peoplesphere\",\"https:\/\/twitter.com\/PeoplesphereMag\",\"https:\/\/www.linkedin.com\/company\/7587361?trk\",\"http:\/\/youtube.com\/peoplesphere\"]},{\"@type\":\"Person\",\"@id\":\"https:\/\/peoplesphere.be\/fr\/#\/schema\/person\/7976225ff17988604334abb7b3536a7e\",\"name\":\"Jean-Paul Erhard\",\"image\":{\"@type\":\"ImageObject\",\"inLanguage\":\"fr-FR\",\"@id\":\"https:\/\/peoplesphere.be\/fr\/#\/schema\/person\/image\/\",\"url\":\"https:\/\/secure.gravatar.com\/avatar\/f941e681460179738071629a51574930?s=96&d=mm&r=g\",\"contentUrl\":\"https:\/\/secure.gravatar.com\/avatar\/f941e681460179738071629a51574930?s=96&d=mm&r=g\",\"caption\":\"Jean-Paul Erhard\"},\"url\":\"https:\/\/peoplesphere.be\/fr\/author\/jpe\/\"}]}<\/script>\n<!-- \/ Yoast SEO plugin. -->","yoast_head_json":{"title":"Le gouvernement wallon veut une politique de l'emploi et de la formation plus concr\u00e8te pour contrer la pauvret\u00e9. - Peoplesphere","robots":{"index":"index","follow":"follow","max-snippet":"max-snippet:-1","max-image-preview":"max-image-preview:large","max-video-preview":"max-video-preview:-1"},"canonical":"https:\/\/peoplesphere.be\/fr\/gouvernement-wallon-veut-politique-de-lemploi-de-formation-plus-concrete-contrer-pauvrete\/","og_locale":"fr_FR","og_type":"article","og_title":"Le gouvernement wallon veut une politique de l'emploi et de la formation plus concr\u00e8te pour contrer la pauvret\u00e9. - Peoplesphere","og_description":"Le Gouvernement wallon souhaite faire de l\u2019axe \u2018Emploi &amp; Formation\u2019 une priorit\u00e9 afin de lutter contre la pauvret\u00e9. Le taux de risque de pauvret\u00e9 est tr\u00e8s \u00e9lev\u00e9 chez les inactifs, principalement les ch\u00f4meurs (45,9 % des ch\u00f4meurs vivent en dessous [&hellip;]","og_url":"https:\/\/peoplesphere.be\/fr\/gouvernement-wallon-veut-politique-de-lemploi-de-formation-plus-concrete-contrer-pauvrete\/","og_site_name":"Peoplesphere","article_publisher":"https:\/\/www.facebook.com\/peoplesphere","article_published_time":"2018-03-12T15:23:48+00:00","article_modified_time":"2018-03-12T15:32:29+00:00","og_image":[{"url":"http:\/\/www.peoplesphere.be\/fr\/wp-content\/uploads\/2016\/07\/facebook-default-posting-1200x628px.jpg"}],"author":"Jean-Paul Erhard","twitter_card":"summary_large_image","twitter_creator":"@PeoplesphereMag","twitter_site":"@PeoplesphereMag","twitter_misc":{"\u00c9crit par":"Jean-Paul Erhard","Dur\u00e9e de lecture estim\u00e9e":"5 minutes"},"schema":{"@context":"https:\/\/schema.org","@graph":[{"@type":"Article","@id":"https:\/\/peoplesphere.be\/fr\/gouvernement-wallon-veut-politique-de-lemploi-de-formation-plus-concrete-contrer-pauvrete\/#article","isPartOf":{"@id":"https:\/\/peoplesphere.be\/fr\/gouvernement-wallon-veut-politique-de-lemploi-de-formation-plus-concrete-contrer-pauvrete\/"},"author":{"name":"Jean-Paul Erhard","@id":"https:\/\/peoplesphere.be\/fr\/#\/schema\/person\/7976225ff17988604334abb7b3536a7e"},"headline":"Le gouvernement wallon veut une politique de l&#8217;emploi et de la formation plus concr\u00e8te pour contrer la pauvret\u00e9.","datePublished":"2018-03-12T15:23:48+00:00","dateModified":"2018-03-12T15:32:29+00:00","mainEntityOfPage":{"@id":"https:\/\/peoplesphere.be\/fr\/gouvernement-wallon-veut-politique-de-lemploi-de-formation-plus-concrete-contrer-pauvrete\/"},"wordCount":975,"publisher":{"@id":"https:\/\/peoplesphere.be\/fr\/#organization"},"keywords":["allocations de ch\u00f4mage","CPAS","emploi","forem","Formation","gouvernement wallon","pauvret\u00e9","validation des comp\u00e9tences"],"articleSection":["Actualit\u00e9s","Digital"],"inLanguage":"fr-FR"},{"@type":"WebPage","@id":"https:\/\/peoplesphere.be\/fr\/gouvernement-wallon-veut-politique-de-lemploi-de-formation-plus-concrete-contrer-pauvrete\/","url":"https:\/\/peoplesphere.be\/fr\/gouvernement-wallon-veut-politique-de-lemploi-de-formation-plus-concrete-contrer-pauvrete\/","name":"Le gouvernement wallon veut une politique de l'emploi et de la formation plus concr\u00e8te pour contrer la pauvret\u00e9. - Peoplesphere","isPartOf":{"@id":"https:\/\/peoplesphere.be\/fr\/#website"},"datePublished":"2018-03-12T15:23:48+00:00","dateModified":"2018-03-12T15:32:29+00:00","breadcrumb":{"@id":"https:\/\/peoplesphere.be\/fr\/gouvernement-wallon-veut-politique-de-lemploi-de-formation-plus-concrete-contrer-pauvrete\/#breadcrumb"},"inLanguage":"fr-FR","potentialAction":[{"@type":"ReadAction","target":["https:\/\/peoplesphere.be\/fr\/gouvernement-wallon-veut-politique-de-lemploi-de-formation-plus-concrete-contrer-pauvrete\/"]}]},{"@type":"BreadcrumbList","@id":"https:\/\/peoplesphere.be\/fr\/gouvernement-wallon-veut-politique-de-lemploi-de-formation-plus-concrete-contrer-pauvrete\/#breadcrumb","itemListElement":[{"@type":"ListItem","position":1,"name":"Accueil","item":"https:\/\/peoplesphere.be\/fr\/"},{"@type":"ListItem","position":2,"name":"Le gouvernement wallon veut une politique de l&#8217;emploi et de la formation plus concr\u00e8te pour contrer la pauvret\u00e9."}]},{"@type":"WebSite","@id":"https:\/\/peoplesphere.be\/fr\/#website","url":"https:\/\/peoplesphere.be\/fr\/","name":"Peoplesphere","description":"The People Managers Magazine","publisher":{"@id":"https:\/\/peoplesphere.be\/fr\/#organization"},"potentialAction":[{"@type":"SearchAction","target":{"@type":"EntryPoint","urlTemplate":"https:\/\/peoplesphere.be\/fr\/?s={search_term_string}"},"query-input":"required name=search_term_string"}],"inLanguage":"fr-FR"},{"@type":"Organization","@id":"https:\/\/peoplesphere.be\/fr\/#organization","name":"Peoplesphere Company srl","url":"https:\/\/peoplesphere.be\/fr\/","logo":{"@type":"ImageObject","inLanguage":"fr-FR","@id":"https:\/\/peoplesphere.be\/fr\/#\/schema\/logo\/image\/","url":"https:\/\/peoplesphere.be\/fr\/wp-content\/uploads\/2023\/07\/peoplesphere-lgo-new-generik.jpg","contentUrl":"https:\/\/peoplesphere.be\/fr\/wp-content\/uploads\/2023\/07\/peoplesphere-lgo-new-generik.jpg","width":1031,"height":1479,"caption":"Peoplesphere Company srl"},"image":{"@id":"https:\/\/peoplesphere.be\/fr\/#\/schema\/logo\/image\/"},"sameAs":["https:\/\/www.facebook.com\/peoplesphere","https:\/\/twitter.com\/PeoplesphereMag","https:\/\/www.linkedin.com\/company\/7587361?trk","http:\/\/youtube.com\/peoplesphere"]},{"@type":"Person","@id":"https:\/\/peoplesphere.be\/fr\/#\/schema\/person\/7976225ff17988604334abb7b3536a7e","name":"Jean-Paul Erhard","image":{"@type":"ImageObject","inLanguage":"fr-FR","@id":"https:\/\/peoplesphere.be\/fr\/#\/schema\/person\/image\/","url":"https:\/\/secure.gravatar.com\/avatar\/f941e681460179738071629a51574930?s=96&d=mm&r=g","contentUrl":"https:\/\/secure.gravatar.com\/avatar\/f941e681460179738071629a51574930?s=96&d=mm&r=g","caption":"Jean-Paul Erhard"},"url":"https:\/\/peoplesphere.be\/fr\/author\/jpe\/"}]}},"_links":{"self":[{"href":"https:\/\/peoplesphere.be\/fr\/wp-json\/wp\/v2\/posts\/5716"}],"collection":[{"href":"https:\/\/peoplesphere.be\/fr\/wp-json\/wp\/v2\/posts"}],"about":[{"href":"https:\/\/peoplesphere.be\/fr\/wp-json\/wp\/v2\/types\/post"}],"author":[{"embeddable":true,"href":"https:\/\/peoplesphere.be\/fr\/wp-json\/wp\/v2\/users\/2"}],"replies":[{"embeddable":true,"href":"https:\/\/peoplesphere.be\/fr\/wp-json\/wp\/v2\/comments?post=5716"}],"version-history":[{"count":2,"href":"https:\/\/peoplesphere.be\/fr\/wp-json\/wp\/v2\/posts\/5716\/revisions"}],"predecessor-version":[{"id":5718,"href":"https:\/\/peoplesphere.be\/fr\/wp-json\/wp\/v2\/posts\/5716\/revisions\/5718"}],"wp:attachment":[{"href":"https:\/\/peoplesphere.be\/fr\/wp-json\/wp\/v2\/media?parent=5716"}],"wp:term":[{"taxonomy":"category","embeddable":true,"href":"https:\/\/peoplesphere.be\/fr\/wp-json\/wp\/v2\/categories?post=5716"},{"taxonomy":"post_tag","embeddable":true,"href":"https:\/\/peoplesphere.be\/fr\/wp-json\/wp\/v2\/tags?post=5716"}],"curies":[{"name":"wp","href":"https:\/\/api.w.org\/{rel}","templated":true}]}}