









{"id":5809,"date":"2018-03-30T12:23:11","date_gmt":"2018-03-30T10:23:11","guid":{"rendered":"http:\/\/www.peoplesphere.be\/fr\/?p=5809"},"modified":"2018-03-30T12:23:11","modified_gmt":"2018-03-30T10:23:11","slug":"travailleurs-interimaires-restent-tres-vulnerables-face-aux-risques-securite-sante","status":"publish","type":"post","link":"https:\/\/peoplesphere.be\/fr\/travailleurs-interimaires-restent-tres-vulnerables-face-aux-risques-securite-sante\/","title":{"rendered":"Les travailleurs int\u00e9rimaires restent tr\u00e8s vuln\u00e9rables face aux risques pour leur s\u00e9curit\u00e9 et leur sant\u00e9."},"content":{"rendered":"<p>La Direction g\u00e9n\u00e9rale du Contr\u00f4le du bien-\u00eatre au travail (SPF Emploi) organise une campagne relative \u00e0 la s\u00e9curit\u00e9 et la sant\u00e9 des travailleurs int\u00e9rimaires. Cette campagne s\u2019inscrit dans le cadre d\u2019une campagne europ\u00e9enne organis\u00e9e par le Comit\u00e9 europ\u00e9en des hauts responsables de l\u2019Inspection du travail. Elle comporte aussi un volet relatif aux travailleurs int\u00e9rimaires transfrontaliers.<!--more--><\/p>\n<p>Cette campagne, qui vise l\u2019am\u00e9lioration des conditions de s\u00e9curit\u00e9 et de sant\u00e9 des travailleurs int\u00e9rimaires, est organis\u00e9e durant l\u2019ann\u00e9e 2018.\u00a0Les principaux objectifs poursuivis par cette campagne nationale sont d&rsquo;une part de promouvoir et am\u00e9liorer la sant\u00e9 et la s\u00e9curit\u00e9 des travailleurs int\u00e9rimaires ; et d&rsquo;autre part d&rsquo;informer les employeurs (agences int\u00e9rimaires et entreprises utilisatrices), les travailleurs int\u00e9rimaires et les partenaires sociaux afin de les sensibiliser \u00e0 la s\u00e9curit\u00e9 et la sant\u00e9 des travailleurs int\u00e9rimaires.<\/p>\n<p>Le recours au travail int\u00e9rimaire a consid\u00e9rablement augment\u00e9 ces derni\u00e8res ann\u00e9es. Or, les travailleurs int\u00e9rimaires appartiennent \u00e0 un groupe de travailleurs vuln\u00e9rables. En effet, diff\u00e9rentes \u00e9tudes d\u00e9montrent que les travailleurs temporaires seraient plus souvent victimes d\u2019accident du travail que les travailleurs de l\u2019entreprise m\u00eame. La cause pourrait en \u00eatre qu\u2019ils sont moins inform\u00e9s des risques pour leur s\u00e9curit\u00e9 et leur sant\u00e9.<\/p>\n<p>Lors de la campagne men\u00e9e en 2009 par le Contr\u00f4le du bien-\u00eatre au travail dans le secteur de l\u2019emploi temporaire, plusieurs lacunes avaient d\u00e9j\u00e0 \u00e9t\u00e9 souvent identifi\u00e9es : <em>\u00ab\u00a0Dans la moiti\u00e9 des cas, les fiches de poste de travail manquaient, \u00e9taient mal remplies ou incompl\u00e8tes\u00a0\u00bb,<\/em> explique Luc Van Hamme, coordinateur de la campagne pour le Contr\u00f4le du bien-\u00eatre au travail. \u00ab\u00a0<em>Dans 60% des cas, les formulaires d&rsquo;\u00e9valuation de la sant\u00e9 manquaient. Chez les utilisateurs, l\u2019analyse des risques \u00e9taient souvent non effectu\u00e9e, la formation appropri\u00e9e non fournie, ou les \u00e9quipements de protection individuelle \u00e9taient manquants,\u2026 \u00ab\u00a0<\/em><\/p>\n<p><strong><em>Garantir la sant\u00e9 et la s\u00e9curit\u00e9 des int\u00e9rimaires !<\/em><\/strong><\/p>\n<p>Le Contr\u00f4le du bien-\u00eatre au travail mettra cette campagne europ\u00e9enne en \u0153uvre via une campagne d\u2019inspection nationale portant sur le respect de la r\u00e9glementation relative au bien-\u00eatre dans les agences de travail int\u00e9rimaires et les entreprises qui font appel \u00e0 des travailleurs int\u00e9rimaires.<\/p>\n<p>L\u2019ensemble des huit directions r\u00e9gionales de l\u2019inspection du travail belge (Contr\u00f4le du bien-\u00eatre au travail) seront mobilis\u00e9es. Ainsi, au moins 32 agences int\u00e9rimaires et 160 entreprises utilisatrices seront contr\u00f4l\u00e9es.<\/p>\n<p>Kris Peeters, Ministre de l\u2019Emploi: <em>\u00ab\u00a0La s\u00e9curit\u00e9 et le bien-\u00eatre au travail doivent \u00eatre appliqu\u00e9s de la m\u00eame mani\u00e8re pour les employ\u00e9s int\u00e9rimaires que pour les autres employ\u00e9s. En participant \u00e0 une campagne europ\u00e9enne, nous pouvons \u00e9changer nos exp\u00e9riences et apprendre les uns des autres. Cela permet \u00e9galement de r\u00e9soudre les probl\u00e8mes transfrontaliers. La Belgique coop\u00e8re toujours pleinement dans ce type de campagnes.\u00a0\u00bb<\/em><\/p>\n<p><strong><em>Collaboration internationale<\/em><\/strong><\/p>\n<p>Enfin, il est important de souligner que la campagne europ\u00e9enne comporte un volet transfrontalier qui ciblera les agences de travail int\u00e9rimaire \u00e9trang\u00e8res qui d\u00e9tachent des travailleurs int\u00e9rimaires en Belgique. Ce volet sera r\u00e9alis\u00e9 par des \u00e9quipes communes d\u2019inspecteurs des deux pays. Ces \u00e9quipes contr\u00f4leront tant l\u2019agence int\u00e9rimaire que les utilisateurs. D\u00e8s lors, la Belgique a entam\u00e9 des d\u00e9marches afin de constituer des \u00e9quipes avec les coll\u00e8gues fran\u00e7ais, polonais, portugais, roumains et espagnols.<\/p>\n<p>L\u2019analyse des donn\u00e9es collect\u00e9es au cours de cette nouvelle campagne nationale permettra \u00e9galement \u00e0 l\u2019inspection de r\u00e9aliser une \u00e9tude comparative entre les r\u00e9sultats obtenus cette ann\u00e9e et les r\u00e9sultats obtenus en 2009.<\/p>\n<p>Lien utile \u00a0&#8211;\u00a0Site Internet de la campagne europ\u00e9enne :<br \/>\n<a href=\"https:\/\/www.european-temporary-work-campaign.eu\/\">https:\/\/www.european-temporary-work-campaign.eu\/<\/a><\/p>\n","protected":false},"excerpt":{"rendered":"<p>La Direction g\u00e9n\u00e9rale du Contr\u00f4le du bien-\u00eatre au travail (SPF Emploi) organise une campagne relative \u00e0 la s\u00e9curit\u00e9 et la sant\u00e9 des travailleurs int\u00e9rimaires. Cette campagne s\u2019inscrit dans le cadre d\u2019une campagne europ\u00e9enne organis\u00e9e par le Comit\u00e9 europ\u00e9en des hauts [&hellip;]<\/p>\n","protected":false},"author":2,"featured_media":0,"comment_status":"closed","ping_status":"open","sticky":false,"template":"","format":"standard","meta":[],"categories":[65,10],"tags":[1890,12,17,23,884],"yoast_head":"<!-- This site is optimized with the Yoast SEO plugin v21.0 - https:\/\/yoast.com\/wordpress\/plugins\/seo\/ -->\n<title>Les travailleurs int\u00e9rimaires restent tr\u00e8s vuln\u00e9rables face aux risques pour leur s\u00e9curit\u00e9 et leur sant\u00e9. - Peoplesphere<\/title>\n<meta name=\"robots\" content=\"index, follow, max-snippet:-1, max-image-preview:large, max-video-preview:-1\" \/>\n<link rel=\"canonical\" href=\"https:\/\/peoplesphere.be\/fr\/travailleurs-interimaires-restent-tres-vulnerables-face-aux-risques-securite-sante\/\" \/>\n<meta property=\"og:locale\" content=\"fr_FR\" \/>\n<meta property=\"og:type\" content=\"article\" \/>\n<meta property=\"og:title\" content=\"Les travailleurs int\u00e9rimaires restent tr\u00e8s vuln\u00e9rables face aux risques pour leur s\u00e9curit\u00e9 et leur sant\u00e9. - Peoplesphere\" \/>\n<meta property=\"og:description\" content=\"La Direction g\u00e9n\u00e9rale du Contr\u00f4le du bien-\u00eatre au travail (SPF Emploi) organise une campagne relative \u00e0 la s\u00e9curit\u00e9 et la sant\u00e9 des travailleurs int\u00e9rimaires. Cette campagne s\u2019inscrit dans le cadre d\u2019une campagne europ\u00e9enne organis\u00e9e par le Comit\u00e9 europ\u00e9en des hauts [&hellip;]\" \/>\n<meta property=\"og:url\" content=\"https:\/\/peoplesphere.be\/fr\/travailleurs-interimaires-restent-tres-vulnerables-face-aux-risques-securite-sante\/\" \/>\n<meta property=\"og:site_name\" content=\"Peoplesphere\" \/>\n<meta property=\"article:publisher\" content=\"https:\/\/www.facebook.com\/peoplesphere\" \/>\n<meta property=\"article:published_time\" content=\"2018-03-30T10:23:11+00:00\" \/>\n<meta property=\"og:image\" content=\"http:\/\/www.peoplesphere.be\/fr\/wp-content\/uploads\/2016\/07\/facebook-default-posting-1200x628px.jpg\" \/>\n<meta name=\"author\" content=\"Jean-Paul Erhard\" \/>\n<meta name=\"twitter:card\" content=\"summary_large_image\" \/>\n<meta name=\"twitter:creator\" content=\"@PeoplesphereMag\" \/>\n<meta name=\"twitter:site\" content=\"@PeoplesphereMag\" \/>\n<meta name=\"twitter:label1\" content=\"\u00c9crit par\" \/>\n\t<meta name=\"twitter:data1\" content=\"Jean-Paul Erhard\" \/>\n\t<meta name=\"twitter:label2\" content=\"Dur\u00e9e de lecture estim\u00e9e\" \/>\n\t<meta name=\"twitter:data2\" content=\"3 minutes\" \/>\n<script type=\"application\/ld+json\" class=\"yoast-schema-graph\">{\"@context\":\"https:\/\/schema.org\",\"@graph\":[{\"@type\":\"Article\",\"@id\":\"https:\/\/peoplesphere.be\/fr\/travailleurs-interimaires-restent-tres-vulnerables-face-aux-risques-securite-sante\/#article\",\"isPartOf\":{\"@id\":\"https:\/\/peoplesphere.be\/fr\/travailleurs-interimaires-restent-tres-vulnerables-face-aux-risques-securite-sante\/\"},\"author\":{\"name\":\"Jean-Paul Erhard\",\"@id\":\"https:\/\/peoplesphere.be\/fr\/#\/schema\/person\/7976225ff17988604334abb7b3536a7e\"},\"headline\":\"Les travailleurs int\u00e9rimaires restent tr\u00e8s vuln\u00e9rables face aux risques pour leur s\u00e9curit\u00e9 et leur sant\u00e9.\",\"datePublished\":\"2018-03-30T10:23:11+00:00\",\"dateModified\":\"2018-03-30T10:23:11+00:00\",\"mainEntityOfPage\":{\"@id\":\"https:\/\/peoplesphere.be\/fr\/travailleurs-interimaires-restent-tres-vulnerables-face-aux-risques-securite-sante\/\"},\"wordCount\":662,\"publisher\":{\"@id\":\"https:\/\/peoplesphere.be\/fr\/#organization\"},\"keywords\":[\"inspection du travail\",\"int\u00e9rim\",\"Sant\u00e9\",\"S\u00e9curit\u00e9\",\"spf emploi\"],\"articleSection\":[\"Actualit\u00e9s\",\"Digital\"],\"inLanguage\":\"fr-FR\"},{\"@type\":\"WebPage\",\"@id\":\"https:\/\/peoplesphere.be\/fr\/travailleurs-interimaires-restent-tres-vulnerables-face-aux-risques-securite-sante\/\",\"url\":\"https:\/\/peoplesphere.be\/fr\/travailleurs-interimaires-restent-tres-vulnerables-face-aux-risques-securite-sante\/\",\"name\":\"Les travailleurs int\u00e9rimaires restent tr\u00e8s vuln\u00e9rables face aux risques pour leur s\u00e9curit\u00e9 et leur sant\u00e9. - Peoplesphere\",\"isPartOf\":{\"@id\":\"https:\/\/peoplesphere.be\/fr\/#website\"},\"datePublished\":\"2018-03-30T10:23:11+00:00\",\"dateModified\":\"2018-03-30T10:23:11+00:00\",\"breadcrumb\":{\"@id\":\"https:\/\/peoplesphere.be\/fr\/travailleurs-interimaires-restent-tres-vulnerables-face-aux-risques-securite-sante\/#breadcrumb\"},\"inLanguage\":\"fr-FR\",\"potentialAction\":[{\"@type\":\"ReadAction\",\"target\":[\"https:\/\/peoplesphere.be\/fr\/travailleurs-interimaires-restent-tres-vulnerables-face-aux-risques-securite-sante\/\"]}]},{\"@type\":\"BreadcrumbList\",\"@id\":\"https:\/\/peoplesphere.be\/fr\/travailleurs-interimaires-restent-tres-vulnerables-face-aux-risques-securite-sante\/#breadcrumb\",\"itemListElement\":[{\"@type\":\"ListItem\",\"position\":1,\"name\":\"Accueil\",\"item\":\"https:\/\/peoplesphere.be\/fr\/\"},{\"@type\":\"ListItem\",\"position\":2,\"name\":\"Les travailleurs int\u00e9rimaires restent tr\u00e8s vuln\u00e9rables face aux risques pour leur s\u00e9curit\u00e9 et leur sant\u00e9.\"}]},{\"@type\":\"WebSite\",\"@id\":\"https:\/\/peoplesphere.be\/fr\/#website\",\"url\":\"https:\/\/peoplesphere.be\/fr\/\",\"name\":\"Peoplesphere\",\"description\":\"The People Managers Magazine\",\"publisher\":{\"@id\":\"https:\/\/peoplesphere.be\/fr\/#organization\"},\"potentialAction\":[{\"@type\":\"SearchAction\",\"target\":{\"@type\":\"EntryPoint\",\"urlTemplate\":\"https:\/\/peoplesphere.be\/fr\/?s={search_term_string}\"},\"query-input\":\"required name=search_term_string\"}],\"inLanguage\":\"fr-FR\"},{\"@type\":\"Organization\",\"@id\":\"https:\/\/peoplesphere.be\/fr\/#organization\",\"name\":\"Peoplesphere Company srl\",\"url\":\"https:\/\/peoplesphere.be\/fr\/\",\"logo\":{\"@type\":\"ImageObject\",\"inLanguage\":\"fr-FR\",\"@id\":\"https:\/\/peoplesphere.be\/fr\/#\/schema\/logo\/image\/\",\"url\":\"https:\/\/peoplesphere.be\/fr\/wp-content\/uploads\/2023\/07\/peoplesphere-lgo-new-generik.jpg\",\"contentUrl\":\"https:\/\/peoplesphere.be\/fr\/wp-content\/uploads\/2023\/07\/peoplesphere-lgo-new-generik.jpg\",\"width\":1031,\"height\":1479,\"caption\":\"Peoplesphere Company srl\"},\"image\":{\"@id\":\"https:\/\/peoplesphere.be\/fr\/#\/schema\/logo\/image\/\"},\"sameAs\":[\"https:\/\/www.facebook.com\/peoplesphere\",\"https:\/\/twitter.com\/PeoplesphereMag\",\"https:\/\/www.linkedin.com\/company\/7587361?trk\",\"http:\/\/youtube.com\/peoplesphere\"]},{\"@type\":\"Person\",\"@id\":\"https:\/\/peoplesphere.be\/fr\/#\/schema\/person\/7976225ff17988604334abb7b3536a7e\",\"name\":\"Jean-Paul Erhard\",\"image\":{\"@type\":\"ImageObject\",\"inLanguage\":\"fr-FR\",\"@id\":\"https:\/\/peoplesphere.be\/fr\/#\/schema\/person\/image\/\",\"url\":\"https:\/\/secure.gravatar.com\/avatar\/f941e681460179738071629a51574930?s=96&d=mm&r=g\",\"contentUrl\":\"https:\/\/secure.gravatar.com\/avatar\/f941e681460179738071629a51574930?s=96&d=mm&r=g\",\"caption\":\"Jean-Paul Erhard\"},\"url\":\"https:\/\/peoplesphere.be\/fr\/author\/jpe\/\"}]}<\/script>\n<!-- \/ Yoast SEO plugin. -->","yoast_head_json":{"title":"Les travailleurs int\u00e9rimaires restent tr\u00e8s vuln\u00e9rables face aux risques pour leur s\u00e9curit\u00e9 et leur sant\u00e9. - Peoplesphere","robots":{"index":"index","follow":"follow","max-snippet":"max-snippet:-1","max-image-preview":"max-image-preview:large","max-video-preview":"max-video-preview:-1"},"canonical":"https:\/\/peoplesphere.be\/fr\/travailleurs-interimaires-restent-tres-vulnerables-face-aux-risques-securite-sante\/","og_locale":"fr_FR","og_type":"article","og_title":"Les travailleurs int\u00e9rimaires restent tr\u00e8s vuln\u00e9rables face aux risques pour leur s\u00e9curit\u00e9 et leur sant\u00e9. - Peoplesphere","og_description":"La Direction g\u00e9n\u00e9rale du Contr\u00f4le du bien-\u00eatre au travail (SPF Emploi) organise une campagne relative \u00e0 la s\u00e9curit\u00e9 et la sant\u00e9 des travailleurs int\u00e9rimaires. Cette campagne s\u2019inscrit dans le cadre d\u2019une campagne europ\u00e9enne organis\u00e9e par le Comit\u00e9 europ\u00e9en des hauts [&hellip;]","og_url":"https:\/\/peoplesphere.be\/fr\/travailleurs-interimaires-restent-tres-vulnerables-face-aux-risques-securite-sante\/","og_site_name":"Peoplesphere","article_publisher":"https:\/\/www.facebook.com\/peoplesphere","article_published_time":"2018-03-30T10:23:11+00:00","og_image":[{"url":"http:\/\/www.peoplesphere.be\/fr\/wp-content\/uploads\/2016\/07\/facebook-default-posting-1200x628px.jpg"}],"author":"Jean-Paul Erhard","twitter_card":"summary_large_image","twitter_creator":"@PeoplesphereMag","twitter_site":"@PeoplesphereMag","twitter_misc":{"\u00c9crit par":"Jean-Paul Erhard","Dur\u00e9e de lecture estim\u00e9e":"3 minutes"},"schema":{"@context":"https:\/\/schema.org","@graph":[{"@type":"Article","@id":"https:\/\/peoplesphere.be\/fr\/travailleurs-interimaires-restent-tres-vulnerables-face-aux-risques-securite-sante\/#article","isPartOf":{"@id":"https:\/\/peoplesphere.be\/fr\/travailleurs-interimaires-restent-tres-vulnerables-face-aux-risques-securite-sante\/"},"author":{"name":"Jean-Paul Erhard","@id":"https:\/\/peoplesphere.be\/fr\/#\/schema\/person\/7976225ff17988604334abb7b3536a7e"},"headline":"Les travailleurs int\u00e9rimaires restent tr\u00e8s vuln\u00e9rables face aux risques pour leur s\u00e9curit\u00e9 et leur sant\u00e9.","datePublished":"2018-03-30T10:23:11+00:00","dateModified":"2018-03-30T10:23:11+00:00","mainEntityOfPage":{"@id":"https:\/\/peoplesphere.be\/fr\/travailleurs-interimaires-restent-tres-vulnerables-face-aux-risques-securite-sante\/"},"wordCount":662,"publisher":{"@id":"https:\/\/peoplesphere.be\/fr\/#organization"},"keywords":["inspection du travail","int\u00e9rim","Sant\u00e9","S\u00e9curit\u00e9","spf emploi"],"articleSection":["Actualit\u00e9s","Digital"],"inLanguage":"fr-FR"},{"@type":"WebPage","@id":"https:\/\/peoplesphere.be\/fr\/travailleurs-interimaires-restent-tres-vulnerables-face-aux-risques-securite-sante\/","url":"https:\/\/peoplesphere.be\/fr\/travailleurs-interimaires-restent-tres-vulnerables-face-aux-risques-securite-sante\/","name":"Les travailleurs int\u00e9rimaires restent tr\u00e8s vuln\u00e9rables face aux risques pour leur s\u00e9curit\u00e9 et leur sant\u00e9. - Peoplesphere","isPartOf":{"@id":"https:\/\/peoplesphere.be\/fr\/#website"},"datePublished":"2018-03-30T10:23:11+00:00","dateModified":"2018-03-30T10:23:11+00:00","breadcrumb":{"@id":"https:\/\/peoplesphere.be\/fr\/travailleurs-interimaires-restent-tres-vulnerables-face-aux-risques-securite-sante\/#breadcrumb"},"inLanguage":"fr-FR","potentialAction":[{"@type":"ReadAction","target":["https:\/\/peoplesphere.be\/fr\/travailleurs-interimaires-restent-tres-vulnerables-face-aux-risques-securite-sante\/"]}]},{"@type":"BreadcrumbList","@id":"https:\/\/peoplesphere.be\/fr\/travailleurs-interimaires-restent-tres-vulnerables-face-aux-risques-securite-sante\/#breadcrumb","itemListElement":[{"@type":"ListItem","position":1,"name":"Accueil","item":"https:\/\/peoplesphere.be\/fr\/"},{"@type":"ListItem","position":2,"name":"Les travailleurs int\u00e9rimaires restent tr\u00e8s vuln\u00e9rables face aux risques pour leur s\u00e9curit\u00e9 et leur sant\u00e9."}]},{"@type":"WebSite","@id":"https:\/\/peoplesphere.be\/fr\/#website","url":"https:\/\/peoplesphere.be\/fr\/","name":"Peoplesphere","description":"The People Managers Magazine","publisher":{"@id":"https:\/\/peoplesphere.be\/fr\/#organization"},"potentialAction":[{"@type":"SearchAction","target":{"@type":"EntryPoint","urlTemplate":"https:\/\/peoplesphere.be\/fr\/?s={search_term_string}"},"query-input":"required name=search_term_string"}],"inLanguage":"fr-FR"},{"@type":"Organization","@id":"https:\/\/peoplesphere.be\/fr\/#organization","name":"Peoplesphere Company srl","url":"https:\/\/peoplesphere.be\/fr\/","logo":{"@type":"ImageObject","inLanguage":"fr-FR","@id":"https:\/\/peoplesphere.be\/fr\/#\/schema\/logo\/image\/","url":"https:\/\/peoplesphere.be\/fr\/wp-content\/uploads\/2023\/07\/peoplesphere-lgo-new-generik.jpg","contentUrl":"https:\/\/peoplesphere.be\/fr\/wp-content\/uploads\/2023\/07\/peoplesphere-lgo-new-generik.jpg","width":1031,"height":1479,"caption":"Peoplesphere Company srl"},"image":{"@id":"https:\/\/peoplesphere.be\/fr\/#\/schema\/logo\/image\/"},"sameAs":["https:\/\/www.facebook.com\/peoplesphere","https:\/\/twitter.com\/PeoplesphereMag","https:\/\/www.linkedin.com\/company\/7587361?trk","http:\/\/youtube.com\/peoplesphere"]},{"@type":"Person","@id":"https:\/\/peoplesphere.be\/fr\/#\/schema\/person\/7976225ff17988604334abb7b3536a7e","name":"Jean-Paul Erhard","image":{"@type":"ImageObject","inLanguage":"fr-FR","@id":"https:\/\/peoplesphere.be\/fr\/#\/schema\/person\/image\/","url":"https:\/\/secure.gravatar.com\/avatar\/f941e681460179738071629a51574930?s=96&d=mm&r=g","contentUrl":"https:\/\/secure.gravatar.com\/avatar\/f941e681460179738071629a51574930?s=96&d=mm&r=g","caption":"Jean-Paul Erhard"},"url":"https:\/\/peoplesphere.be\/fr\/author\/jpe\/"}]}},"_links":{"self":[{"href":"https:\/\/peoplesphere.be\/fr\/wp-json\/wp\/v2\/posts\/5809"}],"collection":[{"href":"https:\/\/peoplesphere.be\/fr\/wp-json\/wp\/v2\/posts"}],"about":[{"href":"https:\/\/peoplesphere.be\/fr\/wp-json\/wp\/v2\/types\/post"}],"author":[{"embeddable":true,"href":"https:\/\/peoplesphere.be\/fr\/wp-json\/wp\/v2\/users\/2"}],"replies":[{"embeddable":true,"href":"https:\/\/peoplesphere.be\/fr\/wp-json\/wp\/v2\/comments?post=5809"}],"version-history":[{"count":1,"href":"https:\/\/peoplesphere.be\/fr\/wp-json\/wp\/v2\/posts\/5809\/revisions"}],"predecessor-version":[{"id":5810,"href":"https:\/\/peoplesphere.be\/fr\/wp-json\/wp\/v2\/posts\/5809\/revisions\/5810"}],"wp:attachment":[{"href":"https:\/\/peoplesphere.be\/fr\/wp-json\/wp\/v2\/media?parent=5809"}],"wp:term":[{"taxonomy":"category","embeddable":true,"href":"https:\/\/peoplesphere.be\/fr\/wp-json\/wp\/v2\/categories?post=5809"},{"taxonomy":"post_tag","embeddable":true,"href":"https:\/\/peoplesphere.be\/fr\/wp-json\/wp\/v2\/tags?post=5809"}],"curies":[{"name":"wp","href":"https:\/\/api.w.org\/{rel}","templated":true}]}}