









{"id":5814,"date":"2018-03-31T13:34:19","date_gmt":"2018-03-31T11:34:19","guid":{"rendered":"http:\/\/www.peoplesphere.be\/fr\/?p=5814"},"modified":"2018-03-31T13:34:19","modified_gmt":"2018-03-31T11:34:19","slug":"reorganisation-secteur-soins-de-sante-hopitaux-devront-sinscrire-reseau-regional","status":"publish","type":"post","link":"https:\/\/peoplesphere.be\/fr\/reorganisation-secteur-soins-de-sante-hopitaux-devront-sinscrire-reseau-regional\/","title":{"rendered":"R\u00e9organisation du secteur des soins de sant\u00e9: les h\u00f4pitaux devront s&rsquo;inscrire dans un r\u00e9seau r\u00e9gional."},"content":{"rendered":"<p>La r\u00e9organisation du secteur se poursuit. La formation de r\u00e9seaux entre h\u00f4pitaux va conna\u00eetre un nouveau mouvement d&rsquo;acc\u00e9l\u00e9ration suite \u00e0 l&rsquo;approbation de l&rsquo;avant-projet de loi propos\u00e9 par la ministre des Affaires sociales et de la Sant\u00e9 publique Maggie De Block.\u00a0L&rsquo;avant-projet a pour but de cr\u00e9er un cadre l\u00e9gal dans lequel les h\u00f4pitaux devront collaborer au sein de r\u00e9seaux cliniques locor\u00e9gionaux.<!--more--><\/p>\n<p>Ces r\u00e9seaux seront charg\u00e9s des missions suivantes :<\/p>\n<p>&#8211; d\u00e9terminer la strat\u00e9gie \u00e0 suivre pour savoir quelles missions de soins sp\u00e9cialis\u00e9es exploiter \u00e0 quel endroit au sein du r\u00e9seau hospitalier clinique locor\u00e9gional;<br \/>\n&#8211; coordonner l\u2019offre en soins g\u00e9n\u00e9raux et en missions de soins sp\u00e9cialis\u00e9es entre h\u00f4pitaux d\u2019un m\u00eame r\u00e9seau clinique locor\u00e9gional;<br \/>\n&#8211; s\u00e9lectionner les points de r\u00e9f\u00e9rence pour les missions de soins suprar\u00e9gionales en dehors du r\u00e9seau hospitalier clinique locor\u00e9gional et conclure des accords concernant les modalit\u00e9s d\u2019adressage et de renvoi et les conventions de collaboration avec ces points de r\u00e9f\u00e9rence.<\/p>\n<p>Les principales autres dispositions de l&rsquo;avant-projet sont les suivantes :<\/p>\n<p>&#8211; chaque h\u00f4pital g\u00e9n\u00e9ral et universitaire doit faire partie d\u2019un r\u00e9seau clinique locor\u00e9gional;<br \/>\n&#8211; le r\u00e9seau doit disposer d\u2019une personnalit\u00e9 juridique;<br \/>\n&#8211; les r\u00e9seaux doivent se situer dans une zone g\u00e9ographiquement continue;<br \/>\n&#8211; 25 r\u00e9seaux maximum seront cr\u00e9\u00e9s pour tout le pays.<\/p>\n<p>L&rsquo;avant-projet aborde \u00e9galement la gouvernance de ces r\u00e9seaux. Ceux-ci doivent \u00eatre cr\u00e9\u00e9s au plus tard le 1er janvier 2020.<\/p>\n<p>L&rsquo;avant-projet est transmis pour avis au Conseil d&rsquo;Etat.<\/p>\n<p><em>Avant-projet de loi modifiant la loi coordonn\u00e9e du 10 juillet 2008 sur les h\u00f4pitaux et autres \u00e9tablissements de soins, en ce qui concerne les r\u00e9seautage clinique entre h\u00f4pitaux<\/em><\/p>\n<p><strong><em>Source : SPF Sant\u00e9 Publique<\/em><\/strong><\/p>\n","protected":false},"excerpt":{"rendered":"<p>La r\u00e9organisation du secteur se poursuit. La formation de r\u00e9seaux entre h\u00f4pitaux va conna\u00eetre un nouveau mouvement d&rsquo;acc\u00e9l\u00e9ration suite \u00e0 l&rsquo;approbation de l&rsquo;avant-projet de loi propos\u00e9 par la ministre des Affaires sociales et de la Sant\u00e9 publique Maggie De Block.\u00a0L&rsquo;avant-projet [&hellip;]<\/p>\n","protected":false},"author":2,"featured_media":0,"comment_status":"closed","ping_status":"open","sticky":false,"template":"","format":"standard","meta":[],"categories":[65,10],"tags":[924,1892,1135,240],"yoast_head":"<!-- This site is optimized with the Yoast SEO plugin v21.0 - https:\/\/yoast.com\/wordpress\/plugins\/seo\/ -->\n<title>R\u00e9organisation du secteur des soins de sant\u00e9: les h\u00f4pitaux devront s&#039;inscrire dans un r\u00e9seau r\u00e9gional. - Peoplesphere<\/title>\n<meta name=\"robots\" content=\"index, follow, max-snippet:-1, max-image-preview:large, max-video-preview:-1\" \/>\n<link rel=\"canonical\" href=\"https:\/\/peoplesphere.be\/fr\/reorganisation-secteur-soins-de-sante-hopitaux-devront-sinscrire-reseau-regional\/\" \/>\n<meta property=\"og:locale\" content=\"fr_FR\" \/>\n<meta property=\"og:type\" content=\"article\" \/>\n<meta property=\"og:title\" content=\"R\u00e9organisation du secteur des soins de sant\u00e9: les h\u00f4pitaux devront s&#039;inscrire dans un r\u00e9seau r\u00e9gional. - Peoplesphere\" \/>\n<meta property=\"og:description\" content=\"La r\u00e9organisation du secteur se poursuit. La formation de r\u00e9seaux entre h\u00f4pitaux va conna\u00eetre un nouveau mouvement d&rsquo;acc\u00e9l\u00e9ration suite \u00e0 l&rsquo;approbation de l&rsquo;avant-projet de loi propos\u00e9 par la ministre des Affaires sociales et de la Sant\u00e9 publique Maggie De Block.\u00a0L&rsquo;avant-projet [&hellip;]\" \/>\n<meta property=\"og:url\" content=\"https:\/\/peoplesphere.be\/fr\/reorganisation-secteur-soins-de-sante-hopitaux-devront-sinscrire-reseau-regional\/\" \/>\n<meta property=\"og:site_name\" content=\"Peoplesphere\" \/>\n<meta property=\"article:publisher\" content=\"https:\/\/www.facebook.com\/peoplesphere\" \/>\n<meta property=\"article:published_time\" content=\"2018-03-31T11:34:19+00:00\" \/>\n<meta property=\"og:image\" content=\"http:\/\/www.peoplesphere.be\/fr\/wp-content\/uploads\/2016\/07\/facebook-default-posting-1200x628px.jpg\" \/>\n<meta name=\"author\" content=\"Jean-Paul Erhard\" \/>\n<meta name=\"twitter:card\" content=\"summary_large_image\" \/>\n<meta name=\"twitter:creator\" content=\"@PeoplesphereMag\" \/>\n<meta name=\"twitter:site\" content=\"@PeoplesphereMag\" \/>\n<meta name=\"twitter:label1\" content=\"\u00c9crit par\" \/>\n\t<meta name=\"twitter:data1\" content=\"Jean-Paul Erhard\" \/>\n\t<meta name=\"twitter:label2\" content=\"Dur\u00e9e de lecture estim\u00e9e\" \/>\n\t<meta name=\"twitter:data2\" content=\"2 minutes\" \/>\n<script type=\"application\/ld+json\" class=\"yoast-schema-graph\">{\"@context\":\"https:\/\/schema.org\",\"@graph\":[{\"@type\":\"Article\",\"@id\":\"https:\/\/peoplesphere.be\/fr\/reorganisation-secteur-soins-de-sante-hopitaux-devront-sinscrire-reseau-regional\/#article\",\"isPartOf\":{\"@id\":\"https:\/\/peoplesphere.be\/fr\/reorganisation-secteur-soins-de-sante-hopitaux-devront-sinscrire-reseau-regional\/\"},\"author\":{\"name\":\"Jean-Paul Erhard\",\"@id\":\"https:\/\/peoplesphere.be\/fr\/#\/schema\/person\/7976225ff17988604334abb7b3536a7e\"},\"headline\":\"R\u00e9organisation du secteur des soins de sant\u00e9: les h\u00f4pitaux devront s&rsquo;inscrire dans un r\u00e9seau r\u00e9gional.\",\"datePublished\":\"2018-03-31T11:34:19+00:00\",\"dateModified\":\"2018-03-31T11:34:19+00:00\",\"mainEntityOfPage\":{\"@id\":\"https:\/\/peoplesphere.be\/fr\/reorganisation-secteur-soins-de-sante-hopitaux-devront-sinscrire-reseau-regional\/\"},\"wordCount\":330,\"publisher\":{\"@id\":\"https:\/\/peoplesphere.be\/fr\/#organization\"},\"keywords\":[\"maggie de block\",\"r\u00e9organisation\",\"r\u00e9seaux\",\"soins de sant\u00e9\"],\"articleSection\":[\"Actualit\u00e9s\",\"Digital\"],\"inLanguage\":\"fr-FR\"},{\"@type\":\"WebPage\",\"@id\":\"https:\/\/peoplesphere.be\/fr\/reorganisation-secteur-soins-de-sante-hopitaux-devront-sinscrire-reseau-regional\/\",\"url\":\"https:\/\/peoplesphere.be\/fr\/reorganisation-secteur-soins-de-sante-hopitaux-devront-sinscrire-reseau-regional\/\",\"name\":\"R\u00e9organisation du secteur des soins de sant\u00e9: les h\u00f4pitaux devront s'inscrire dans un r\u00e9seau r\u00e9gional. - Peoplesphere\",\"isPartOf\":{\"@id\":\"https:\/\/peoplesphere.be\/fr\/#website\"},\"datePublished\":\"2018-03-31T11:34:19+00:00\",\"dateModified\":\"2018-03-31T11:34:19+00:00\",\"breadcrumb\":{\"@id\":\"https:\/\/peoplesphere.be\/fr\/reorganisation-secteur-soins-de-sante-hopitaux-devront-sinscrire-reseau-regional\/#breadcrumb\"},\"inLanguage\":\"fr-FR\",\"potentialAction\":[{\"@type\":\"ReadAction\",\"target\":[\"https:\/\/peoplesphere.be\/fr\/reorganisation-secteur-soins-de-sante-hopitaux-devront-sinscrire-reseau-regional\/\"]}]},{\"@type\":\"BreadcrumbList\",\"@id\":\"https:\/\/peoplesphere.be\/fr\/reorganisation-secteur-soins-de-sante-hopitaux-devront-sinscrire-reseau-regional\/#breadcrumb\",\"itemListElement\":[{\"@type\":\"ListItem\",\"position\":1,\"name\":\"Accueil\",\"item\":\"https:\/\/peoplesphere.be\/fr\/\"},{\"@type\":\"ListItem\",\"position\":2,\"name\":\"R\u00e9organisation du secteur des soins de sant\u00e9: les h\u00f4pitaux devront s&rsquo;inscrire dans un r\u00e9seau r\u00e9gional.\"}]},{\"@type\":\"WebSite\",\"@id\":\"https:\/\/peoplesphere.be\/fr\/#website\",\"url\":\"https:\/\/peoplesphere.be\/fr\/\",\"name\":\"Peoplesphere\",\"description\":\"The People Managers Magazine\",\"publisher\":{\"@id\":\"https:\/\/peoplesphere.be\/fr\/#organization\"},\"potentialAction\":[{\"@type\":\"SearchAction\",\"target\":{\"@type\":\"EntryPoint\",\"urlTemplate\":\"https:\/\/peoplesphere.be\/fr\/?s={search_term_string}\"},\"query-input\":\"required name=search_term_string\"}],\"inLanguage\":\"fr-FR\"},{\"@type\":\"Organization\",\"@id\":\"https:\/\/peoplesphere.be\/fr\/#organization\",\"name\":\"Peoplesphere Company srl\",\"url\":\"https:\/\/peoplesphere.be\/fr\/\",\"logo\":{\"@type\":\"ImageObject\",\"inLanguage\":\"fr-FR\",\"@id\":\"https:\/\/peoplesphere.be\/fr\/#\/schema\/logo\/image\/\",\"url\":\"https:\/\/peoplesphere.be\/fr\/wp-content\/uploads\/2023\/07\/peoplesphere-lgo-new-generik.jpg\",\"contentUrl\":\"https:\/\/peoplesphere.be\/fr\/wp-content\/uploads\/2023\/07\/peoplesphere-lgo-new-generik.jpg\",\"width\":1031,\"height\":1479,\"caption\":\"Peoplesphere Company srl\"},\"image\":{\"@id\":\"https:\/\/peoplesphere.be\/fr\/#\/schema\/logo\/image\/\"},\"sameAs\":[\"https:\/\/www.facebook.com\/peoplesphere\",\"https:\/\/twitter.com\/PeoplesphereMag\",\"https:\/\/www.linkedin.com\/company\/7587361?trk\",\"http:\/\/youtube.com\/peoplesphere\"]},{\"@type\":\"Person\",\"@id\":\"https:\/\/peoplesphere.be\/fr\/#\/schema\/person\/7976225ff17988604334abb7b3536a7e\",\"name\":\"Jean-Paul Erhard\",\"image\":{\"@type\":\"ImageObject\",\"inLanguage\":\"fr-FR\",\"@id\":\"https:\/\/peoplesphere.be\/fr\/#\/schema\/person\/image\/\",\"url\":\"https:\/\/secure.gravatar.com\/avatar\/f941e681460179738071629a51574930?s=96&d=mm&r=g\",\"contentUrl\":\"https:\/\/secure.gravatar.com\/avatar\/f941e681460179738071629a51574930?s=96&d=mm&r=g\",\"caption\":\"Jean-Paul Erhard\"},\"url\":\"https:\/\/peoplesphere.be\/fr\/author\/jpe\/\"}]}<\/script>\n<!-- \/ Yoast SEO plugin. -->","yoast_head_json":{"title":"R\u00e9organisation du secteur des soins de sant\u00e9: les h\u00f4pitaux devront s'inscrire dans un r\u00e9seau r\u00e9gional. - Peoplesphere","robots":{"index":"index","follow":"follow","max-snippet":"max-snippet:-1","max-image-preview":"max-image-preview:large","max-video-preview":"max-video-preview:-1"},"canonical":"https:\/\/peoplesphere.be\/fr\/reorganisation-secteur-soins-de-sante-hopitaux-devront-sinscrire-reseau-regional\/","og_locale":"fr_FR","og_type":"article","og_title":"R\u00e9organisation du secteur des soins de sant\u00e9: les h\u00f4pitaux devront s'inscrire dans un r\u00e9seau r\u00e9gional. - Peoplesphere","og_description":"La r\u00e9organisation du secteur se poursuit. La formation de r\u00e9seaux entre h\u00f4pitaux va conna\u00eetre un nouveau mouvement d&rsquo;acc\u00e9l\u00e9ration suite \u00e0 l&rsquo;approbation de l&rsquo;avant-projet de loi propos\u00e9 par la ministre des Affaires sociales et de la Sant\u00e9 publique Maggie De Block.\u00a0L&rsquo;avant-projet [&hellip;]","og_url":"https:\/\/peoplesphere.be\/fr\/reorganisation-secteur-soins-de-sante-hopitaux-devront-sinscrire-reseau-regional\/","og_site_name":"Peoplesphere","article_publisher":"https:\/\/www.facebook.com\/peoplesphere","article_published_time":"2018-03-31T11:34:19+00:00","og_image":[{"url":"http:\/\/www.peoplesphere.be\/fr\/wp-content\/uploads\/2016\/07\/facebook-default-posting-1200x628px.jpg"}],"author":"Jean-Paul Erhard","twitter_card":"summary_large_image","twitter_creator":"@PeoplesphereMag","twitter_site":"@PeoplesphereMag","twitter_misc":{"\u00c9crit par":"Jean-Paul Erhard","Dur\u00e9e de lecture estim\u00e9e":"2 minutes"},"schema":{"@context":"https:\/\/schema.org","@graph":[{"@type":"Article","@id":"https:\/\/peoplesphere.be\/fr\/reorganisation-secteur-soins-de-sante-hopitaux-devront-sinscrire-reseau-regional\/#article","isPartOf":{"@id":"https:\/\/peoplesphere.be\/fr\/reorganisation-secteur-soins-de-sante-hopitaux-devront-sinscrire-reseau-regional\/"},"author":{"name":"Jean-Paul Erhard","@id":"https:\/\/peoplesphere.be\/fr\/#\/schema\/person\/7976225ff17988604334abb7b3536a7e"},"headline":"R\u00e9organisation du secteur des soins de sant\u00e9: les h\u00f4pitaux devront s&rsquo;inscrire dans un r\u00e9seau r\u00e9gional.","datePublished":"2018-03-31T11:34:19+00:00","dateModified":"2018-03-31T11:34:19+00:00","mainEntityOfPage":{"@id":"https:\/\/peoplesphere.be\/fr\/reorganisation-secteur-soins-de-sante-hopitaux-devront-sinscrire-reseau-regional\/"},"wordCount":330,"publisher":{"@id":"https:\/\/peoplesphere.be\/fr\/#organization"},"keywords":["maggie de block","r\u00e9organisation","r\u00e9seaux","soins de sant\u00e9"],"articleSection":["Actualit\u00e9s","Digital"],"inLanguage":"fr-FR"},{"@type":"WebPage","@id":"https:\/\/peoplesphere.be\/fr\/reorganisation-secteur-soins-de-sante-hopitaux-devront-sinscrire-reseau-regional\/","url":"https:\/\/peoplesphere.be\/fr\/reorganisation-secteur-soins-de-sante-hopitaux-devront-sinscrire-reseau-regional\/","name":"R\u00e9organisation du secteur des soins de sant\u00e9: les h\u00f4pitaux devront s'inscrire dans un r\u00e9seau r\u00e9gional. - Peoplesphere","isPartOf":{"@id":"https:\/\/peoplesphere.be\/fr\/#website"},"datePublished":"2018-03-31T11:34:19+00:00","dateModified":"2018-03-31T11:34:19+00:00","breadcrumb":{"@id":"https:\/\/peoplesphere.be\/fr\/reorganisation-secteur-soins-de-sante-hopitaux-devront-sinscrire-reseau-regional\/#breadcrumb"},"inLanguage":"fr-FR","potentialAction":[{"@type":"ReadAction","target":["https:\/\/peoplesphere.be\/fr\/reorganisation-secteur-soins-de-sante-hopitaux-devront-sinscrire-reseau-regional\/"]}]},{"@type":"BreadcrumbList","@id":"https:\/\/peoplesphere.be\/fr\/reorganisation-secteur-soins-de-sante-hopitaux-devront-sinscrire-reseau-regional\/#breadcrumb","itemListElement":[{"@type":"ListItem","position":1,"name":"Accueil","item":"https:\/\/peoplesphere.be\/fr\/"},{"@type":"ListItem","position":2,"name":"R\u00e9organisation du secteur des soins de sant\u00e9: les h\u00f4pitaux devront s&rsquo;inscrire dans un r\u00e9seau r\u00e9gional."}]},{"@type":"WebSite","@id":"https:\/\/peoplesphere.be\/fr\/#website","url":"https:\/\/peoplesphere.be\/fr\/","name":"Peoplesphere","description":"The People Managers Magazine","publisher":{"@id":"https:\/\/peoplesphere.be\/fr\/#organization"},"potentialAction":[{"@type":"SearchAction","target":{"@type":"EntryPoint","urlTemplate":"https:\/\/peoplesphere.be\/fr\/?s={search_term_string}"},"query-input":"required name=search_term_string"}],"inLanguage":"fr-FR"},{"@type":"Organization","@id":"https:\/\/peoplesphere.be\/fr\/#organization","name":"Peoplesphere Company srl","url":"https:\/\/peoplesphere.be\/fr\/","logo":{"@type":"ImageObject","inLanguage":"fr-FR","@id":"https:\/\/peoplesphere.be\/fr\/#\/schema\/logo\/image\/","url":"https:\/\/peoplesphere.be\/fr\/wp-content\/uploads\/2023\/07\/peoplesphere-lgo-new-generik.jpg","contentUrl":"https:\/\/peoplesphere.be\/fr\/wp-content\/uploads\/2023\/07\/peoplesphere-lgo-new-generik.jpg","width":1031,"height":1479,"caption":"Peoplesphere Company srl"},"image":{"@id":"https:\/\/peoplesphere.be\/fr\/#\/schema\/logo\/image\/"},"sameAs":["https:\/\/www.facebook.com\/peoplesphere","https:\/\/twitter.com\/PeoplesphereMag","https:\/\/www.linkedin.com\/company\/7587361?trk","http:\/\/youtube.com\/peoplesphere"]},{"@type":"Person","@id":"https:\/\/peoplesphere.be\/fr\/#\/schema\/person\/7976225ff17988604334abb7b3536a7e","name":"Jean-Paul Erhard","image":{"@type":"ImageObject","inLanguage":"fr-FR","@id":"https:\/\/peoplesphere.be\/fr\/#\/schema\/person\/image\/","url":"https:\/\/secure.gravatar.com\/avatar\/f941e681460179738071629a51574930?s=96&d=mm&r=g","contentUrl":"https:\/\/secure.gravatar.com\/avatar\/f941e681460179738071629a51574930?s=96&d=mm&r=g","caption":"Jean-Paul Erhard"},"url":"https:\/\/peoplesphere.be\/fr\/author\/jpe\/"}]}},"_links":{"self":[{"href":"https:\/\/peoplesphere.be\/fr\/wp-json\/wp\/v2\/posts\/5814"}],"collection":[{"href":"https:\/\/peoplesphere.be\/fr\/wp-json\/wp\/v2\/posts"}],"about":[{"href":"https:\/\/peoplesphere.be\/fr\/wp-json\/wp\/v2\/types\/post"}],"author":[{"embeddable":true,"href":"https:\/\/peoplesphere.be\/fr\/wp-json\/wp\/v2\/users\/2"}],"replies":[{"embeddable":true,"href":"https:\/\/peoplesphere.be\/fr\/wp-json\/wp\/v2\/comments?post=5814"}],"version-history":[{"count":1,"href":"https:\/\/peoplesphere.be\/fr\/wp-json\/wp\/v2\/posts\/5814\/revisions"}],"predecessor-version":[{"id":5815,"href":"https:\/\/peoplesphere.be\/fr\/wp-json\/wp\/v2\/posts\/5814\/revisions\/5815"}],"wp:attachment":[{"href":"https:\/\/peoplesphere.be\/fr\/wp-json\/wp\/v2\/media?parent=5814"}],"wp:term":[{"taxonomy":"category","embeddable":true,"href":"https:\/\/peoplesphere.be\/fr\/wp-json\/wp\/v2\/categories?post=5814"},{"taxonomy":"post_tag","embeddable":true,"href":"https:\/\/peoplesphere.be\/fr\/wp-json\/wp\/v2\/tags?post=5814"}],"curies":[{"name":"wp","href":"https:\/\/api.w.org\/{rel}","templated":true}]}}