









{"id":5835,"date":"2018-04-04T17:51:37","date_gmt":"2018-04-04T15:51:37","guid":{"rendered":"http:\/\/www.peoplesphere.be\/fr\/?p=5835"},"modified":"2018-04-04T17:51:37","modified_gmt":"2018-04-04T15:51:37","slug":"chomage-wallon-diminution-constante-seuil-10-bientot-vue","status":"publish","type":"post","link":"https:\/\/peoplesphere.be\/fr\/chomage-wallon-diminution-constante-seuil-10-bientot-vue\/","title":{"rendered":"Le ch\u00f4mage wallon en diminution constante : le seuil des 10% bient\u00f4t en vue?"},"content":{"rendered":"<p>Fin mars 2018, la Wallonie compte 202.789 demandeurs d\u2019emploi inoccup\u00e9s, soit 5.879 demandeurs d\u2019emploi de moins qu\u2019en f\u00e9vrier 2018. Ceux-ci repr\u00e9sentent 12,9% de la population wallonne. Le taux de demande d\u2019emploi \u00e9tait de 14,0% \u00e0 fin mars 2017 et de 14,6% \u00e0 fin mars 2016.<!--more--><\/p>\n<p>Fin mars 2018, la Wallonie compte 139.911 demandeurs d\u2019emploi (D.E.) demandeurs d\u2019allocations (dont 1.663 en Communaut\u00e9 germanophone) et 28.814 jeunes en stage d\u2019insertion professionnelle (dont 167 en Communaut\u00e9 germanophone). Pour une vue compl\u00e8te du volume de demandeurs d\u2019emploi inoccup\u00e9s (D.E.I.), il convient d\u2019ajouter \u00e0 ces personnes 20.068 demandeurs d\u2019emploi inscrits obligatoirement et 13.996 demandeurs d\u2019emploi inscrits librement dans la demande d\u2019emploi, pour un total de 202.789 D.E.I. Ceux-ci repr\u00e9sentent 12,9% de la population active wallonne. Ce taux de demande d\u2019emploi \u00e9tait de 14,0% \u00e0 fin mars 2017 contre 14,6% \u00e0 fin mars 2016.<\/p>\n<p>Parmi ces 202.789 D.E.I. :<\/p>\n<ul>\n<li>53% sont des hommes ;<\/li>\n<li>19% sont \u00e2g\u00e9s de moins de 25 ans, 26 % ont 50 ans et plus ;<\/li>\n<li>46% sont au plus dipl\u00f4m\u00e9s de l\u2019enseignement secondaire du 2\u00e8me degr\u00e9 ;<\/li>\n<li>25% sont inoccup\u00e9s depuis moins de six mois et 40 % depuis deux ans et plus.<\/li>\n<\/ul>\n<p>Entre f\u00e9vrier et mars 2018, le nombre total de D.E.I. en Wallonie a diminu\u00e9 de 2,8%. Une baisse de cette ampleur est habituellement observ\u00e9e \u00e0 cette p\u00e9riode.<\/p>\n<p><strong><em>18.076 demandeurs d\u2019emploi de moins qu\u2019en mars 2017 (\u00e9cart annuel)<\/em><\/strong><\/p>\n<p>Fin mars 2018, le nombre de D.E.I. en Wallonie enregistre une diminution de 8,2% \u00e0 un an d\u2019\u00e9cart. Cela correspond \u00e0 une diminution de 18.076 personnes.<\/p>\n<p>Les tendances sont contrast\u00e9es selon la situation administrative des personnes inscrites dans la demande d\u2019emploi.<\/p>\n<p>Demandeurs d\u2019emploi demandeurs d\u2019allocations : &#8211; 8,2%, soit &#8211; 12.549 personnes en un an ;<br \/>\nJeunes en stage d\u2019insertion : + 8,1%, soit + 2.158 personnes ;<br \/>\nDemandeurs d\u2019emploi inscrits obligatoirement : &#8211; 25,5%, soit &#8211; 6.872 personnes ;<br \/>\nDemandeurs d\u2019emploi inscrits librement : &#8211; 5,5%, soit &#8211; 813 personnes.<\/p>\n<p>Toutes les classes d\u2019\u00e2ge au sein des D.E.I. sont orient\u00e9es \u00e0 la baisse sur base annuelle.<\/p>\n<p>Le nombre de D.E.I. entre 40 et moins de 50 ans enregistre le recul le plus notable, soit &#8211; 9,9% ;<br \/>\nLes D.E.I. \u00e2g\u00e9s de moins de 25 ans diminuent de 9,1% ;<br \/>\nLes D.E.I. entre 30 et 40 ans diminuent de 9,6% ;<br \/>\nLes personnes \u00e2g\u00e9es de 50 ans et plus connaissent la moindre diminution (- 5,6%), consid\u00e9rant la baisse g\u00e9n\u00e9rale de 8,2%.<\/p>\n<p>La demande d\u2019emploi diminue \u00e0 un an d\u2019\u00e9cart quelle que soit la classe de dur\u00e9e d\u2019inoccupation des personnes avec toutefois des diminutions contrast\u00e9es :<\/p>\n<p>&#8211; 15,9% pour les demandeurs d\u2019emploi arriv\u00e9s il y a moins de six mois ;<br \/>\n&#8211; 9,7% pour les demandeurs d\u2019emploi inoccup\u00e9s depuis six mois \u00e0 moins d\u2019un an ;<br \/>\n&#8211; 2,2% pour les personnes inoccup\u00e9es depuis un an \u00e0 moins de deux ans.<\/p>\n<p><em>Source : Forem<\/em><\/p>\n","protected":false},"excerpt":{"rendered":"<p>Fin mars 2018, la Wallonie compte 202.789 demandeurs d\u2019emploi inoccup\u00e9s, soit 5.879 demandeurs d\u2019emploi de moins qu\u2019en f\u00e9vrier 2018. Ceux-ci repr\u00e9sentent 12,9% de la population wallonne. Le taux de demande d\u2019emploi \u00e9tait de 14,0% \u00e0 fin mars 2017 et de [&hellip;]<\/p>\n","protected":false},"author":2,"featured_media":0,"comment_status":"closed","ping_status":"open","sticky":false,"template":"","format":"standard","meta":[],"categories":[65,10],"tags":[92,653,11,331,105,72],"yoast_head":"<!-- This site is optimized with the Yoast SEO plugin v21.0 - https:\/\/yoast.com\/wordpress\/plugins\/seo\/ -->\n<title>Le ch\u00f4mage wallon en diminution constante : le seuil des 10% bient\u00f4t en vue? - Peoplesphere<\/title>\n<meta name=\"robots\" content=\"index, follow, max-snippet:-1, max-image-preview:large, max-video-preview:-1\" \/>\n<link rel=\"canonical\" href=\"https:\/\/peoplesphere.be\/fr\/chomage-wallon-diminution-constante-seuil-10-bientot-vue\/\" \/>\n<meta property=\"og:locale\" content=\"fr_FR\" \/>\n<meta property=\"og:type\" content=\"article\" \/>\n<meta property=\"og:title\" content=\"Le ch\u00f4mage wallon en diminution constante : le seuil des 10% bient\u00f4t en vue? - Peoplesphere\" \/>\n<meta property=\"og:description\" content=\"Fin mars 2018, la Wallonie compte 202.789 demandeurs d\u2019emploi inoccup\u00e9s, soit 5.879 demandeurs d\u2019emploi de moins qu\u2019en f\u00e9vrier 2018. Ceux-ci repr\u00e9sentent 12,9% de la population wallonne. Le taux de demande d\u2019emploi \u00e9tait de 14,0% \u00e0 fin mars 2017 et de [&hellip;]\" \/>\n<meta property=\"og:url\" content=\"https:\/\/peoplesphere.be\/fr\/chomage-wallon-diminution-constante-seuil-10-bientot-vue\/\" \/>\n<meta property=\"og:site_name\" content=\"Peoplesphere\" \/>\n<meta property=\"article:publisher\" content=\"https:\/\/www.facebook.com\/peoplesphere\" \/>\n<meta property=\"article:published_time\" content=\"2018-04-04T15:51:37+00:00\" \/>\n<meta property=\"og:image\" content=\"http:\/\/www.peoplesphere.be\/fr\/wp-content\/uploads\/2016\/07\/facebook-default-posting-1200x628px.jpg\" \/>\n<meta name=\"author\" content=\"Jean-Paul Erhard\" \/>\n<meta name=\"twitter:card\" content=\"summary_large_image\" \/>\n<meta name=\"twitter:creator\" content=\"@PeoplesphereMag\" \/>\n<meta name=\"twitter:site\" content=\"@PeoplesphereMag\" \/>\n<meta name=\"twitter:label1\" content=\"\u00c9crit par\" \/>\n\t<meta name=\"twitter:data1\" content=\"Jean-Paul Erhard\" \/>\n\t<meta name=\"twitter:label2\" content=\"Dur\u00e9e de lecture estim\u00e9e\" \/>\n\t<meta name=\"twitter:data2\" content=\"2 minutes\" \/>\n<script type=\"application\/ld+json\" class=\"yoast-schema-graph\">{\"@context\":\"https:\/\/schema.org\",\"@graph\":[{\"@type\":\"Article\",\"@id\":\"https:\/\/peoplesphere.be\/fr\/chomage-wallon-diminution-constante-seuil-10-bientot-vue\/#article\",\"isPartOf\":{\"@id\":\"https:\/\/peoplesphere.be\/fr\/chomage-wallon-diminution-constante-seuil-10-bientot-vue\/\"},\"author\":{\"name\":\"Jean-Paul Erhard\",\"@id\":\"https:\/\/peoplesphere.be\/fr\/#\/schema\/person\/7976225ff17988604334abb7b3536a7e\"},\"headline\":\"Le ch\u00f4mage wallon en diminution constante : le seuil des 10% bient\u00f4t en vue?\",\"datePublished\":\"2018-04-04T15:51:37+00:00\",\"dateModified\":\"2018-04-04T15:51:37+00:00\",\"mainEntityOfPage\":{\"@id\":\"https:\/\/peoplesphere.be\/fr\/chomage-wallon-diminution-constante-seuil-10-bientot-vue\/\"},\"wordCount\":465,\"publisher\":{\"@id\":\"https:\/\/peoplesphere.be\/fr\/#organization\"},\"keywords\":[\"ch\u00f4mage\",\"demandeurs d'emploi\",\"emploi\",\"forem\",\"offres d'emploi\",\"recrutement\"],\"articleSection\":[\"Actualit\u00e9s\",\"Digital\"],\"inLanguage\":\"fr-FR\"},{\"@type\":\"WebPage\",\"@id\":\"https:\/\/peoplesphere.be\/fr\/chomage-wallon-diminution-constante-seuil-10-bientot-vue\/\",\"url\":\"https:\/\/peoplesphere.be\/fr\/chomage-wallon-diminution-constante-seuil-10-bientot-vue\/\",\"name\":\"Le ch\u00f4mage wallon en diminution constante : le seuil des 10% bient\u00f4t en vue? - Peoplesphere\",\"isPartOf\":{\"@id\":\"https:\/\/peoplesphere.be\/fr\/#website\"},\"datePublished\":\"2018-04-04T15:51:37+00:00\",\"dateModified\":\"2018-04-04T15:51:37+00:00\",\"breadcrumb\":{\"@id\":\"https:\/\/peoplesphere.be\/fr\/chomage-wallon-diminution-constante-seuil-10-bientot-vue\/#breadcrumb\"},\"inLanguage\":\"fr-FR\",\"potentialAction\":[{\"@type\":\"ReadAction\",\"target\":[\"https:\/\/peoplesphere.be\/fr\/chomage-wallon-diminution-constante-seuil-10-bientot-vue\/\"]}]},{\"@type\":\"BreadcrumbList\",\"@id\":\"https:\/\/peoplesphere.be\/fr\/chomage-wallon-diminution-constante-seuil-10-bientot-vue\/#breadcrumb\",\"itemListElement\":[{\"@type\":\"ListItem\",\"position\":1,\"name\":\"Accueil\",\"item\":\"https:\/\/peoplesphere.be\/fr\/\"},{\"@type\":\"ListItem\",\"position\":2,\"name\":\"Le ch\u00f4mage wallon en diminution constante : le seuil des 10% bient\u00f4t en vue?\"}]},{\"@type\":\"WebSite\",\"@id\":\"https:\/\/peoplesphere.be\/fr\/#website\",\"url\":\"https:\/\/peoplesphere.be\/fr\/\",\"name\":\"Peoplesphere\",\"description\":\"The People Managers Magazine\",\"publisher\":{\"@id\":\"https:\/\/peoplesphere.be\/fr\/#organization\"},\"potentialAction\":[{\"@type\":\"SearchAction\",\"target\":{\"@type\":\"EntryPoint\",\"urlTemplate\":\"https:\/\/peoplesphere.be\/fr\/?s={search_term_string}\"},\"query-input\":\"required name=search_term_string\"}],\"inLanguage\":\"fr-FR\"},{\"@type\":\"Organization\",\"@id\":\"https:\/\/peoplesphere.be\/fr\/#organization\",\"name\":\"Peoplesphere Company srl\",\"url\":\"https:\/\/peoplesphere.be\/fr\/\",\"logo\":{\"@type\":\"ImageObject\",\"inLanguage\":\"fr-FR\",\"@id\":\"https:\/\/peoplesphere.be\/fr\/#\/schema\/logo\/image\/\",\"url\":\"https:\/\/peoplesphere.be\/fr\/wp-content\/uploads\/2023\/07\/peoplesphere-lgo-new-generik.jpg\",\"contentUrl\":\"https:\/\/peoplesphere.be\/fr\/wp-content\/uploads\/2023\/07\/peoplesphere-lgo-new-generik.jpg\",\"width\":1031,\"height\":1479,\"caption\":\"Peoplesphere Company srl\"},\"image\":{\"@id\":\"https:\/\/peoplesphere.be\/fr\/#\/schema\/logo\/image\/\"},\"sameAs\":[\"https:\/\/www.facebook.com\/peoplesphere\",\"https:\/\/twitter.com\/PeoplesphereMag\",\"https:\/\/www.linkedin.com\/company\/7587361?trk\",\"http:\/\/youtube.com\/peoplesphere\"]},{\"@type\":\"Person\",\"@id\":\"https:\/\/peoplesphere.be\/fr\/#\/schema\/person\/7976225ff17988604334abb7b3536a7e\",\"name\":\"Jean-Paul Erhard\",\"image\":{\"@type\":\"ImageObject\",\"inLanguage\":\"fr-FR\",\"@id\":\"https:\/\/peoplesphere.be\/fr\/#\/schema\/person\/image\/\",\"url\":\"https:\/\/secure.gravatar.com\/avatar\/f941e681460179738071629a51574930?s=96&d=mm&r=g\",\"contentUrl\":\"https:\/\/secure.gravatar.com\/avatar\/f941e681460179738071629a51574930?s=96&d=mm&r=g\",\"caption\":\"Jean-Paul Erhard\"},\"url\":\"https:\/\/peoplesphere.be\/fr\/author\/jpe\/\"}]}<\/script>\n<!-- \/ Yoast SEO plugin. -->","yoast_head_json":{"title":"Le ch\u00f4mage wallon en diminution constante : le seuil des 10% bient\u00f4t en vue? - Peoplesphere","robots":{"index":"index","follow":"follow","max-snippet":"max-snippet:-1","max-image-preview":"max-image-preview:large","max-video-preview":"max-video-preview:-1"},"canonical":"https:\/\/peoplesphere.be\/fr\/chomage-wallon-diminution-constante-seuil-10-bientot-vue\/","og_locale":"fr_FR","og_type":"article","og_title":"Le ch\u00f4mage wallon en diminution constante : le seuil des 10% bient\u00f4t en vue? - Peoplesphere","og_description":"Fin mars 2018, la Wallonie compte 202.789 demandeurs d\u2019emploi inoccup\u00e9s, soit 5.879 demandeurs d\u2019emploi de moins qu\u2019en f\u00e9vrier 2018. Ceux-ci repr\u00e9sentent 12,9% de la population wallonne. Le taux de demande d\u2019emploi \u00e9tait de 14,0% \u00e0 fin mars 2017 et de [&hellip;]","og_url":"https:\/\/peoplesphere.be\/fr\/chomage-wallon-diminution-constante-seuil-10-bientot-vue\/","og_site_name":"Peoplesphere","article_publisher":"https:\/\/www.facebook.com\/peoplesphere","article_published_time":"2018-04-04T15:51:37+00:00","og_image":[{"url":"http:\/\/www.peoplesphere.be\/fr\/wp-content\/uploads\/2016\/07\/facebook-default-posting-1200x628px.jpg"}],"author":"Jean-Paul Erhard","twitter_card":"summary_large_image","twitter_creator":"@PeoplesphereMag","twitter_site":"@PeoplesphereMag","twitter_misc":{"\u00c9crit par":"Jean-Paul Erhard","Dur\u00e9e de lecture estim\u00e9e":"2 minutes"},"schema":{"@context":"https:\/\/schema.org","@graph":[{"@type":"Article","@id":"https:\/\/peoplesphere.be\/fr\/chomage-wallon-diminution-constante-seuil-10-bientot-vue\/#article","isPartOf":{"@id":"https:\/\/peoplesphere.be\/fr\/chomage-wallon-diminution-constante-seuil-10-bientot-vue\/"},"author":{"name":"Jean-Paul Erhard","@id":"https:\/\/peoplesphere.be\/fr\/#\/schema\/person\/7976225ff17988604334abb7b3536a7e"},"headline":"Le ch\u00f4mage wallon en diminution constante : le seuil des 10% bient\u00f4t en vue?","datePublished":"2018-04-04T15:51:37+00:00","dateModified":"2018-04-04T15:51:37+00:00","mainEntityOfPage":{"@id":"https:\/\/peoplesphere.be\/fr\/chomage-wallon-diminution-constante-seuil-10-bientot-vue\/"},"wordCount":465,"publisher":{"@id":"https:\/\/peoplesphere.be\/fr\/#organization"},"keywords":["ch\u00f4mage","demandeurs d'emploi","emploi","forem","offres d'emploi","recrutement"],"articleSection":["Actualit\u00e9s","Digital"],"inLanguage":"fr-FR"},{"@type":"WebPage","@id":"https:\/\/peoplesphere.be\/fr\/chomage-wallon-diminution-constante-seuil-10-bientot-vue\/","url":"https:\/\/peoplesphere.be\/fr\/chomage-wallon-diminution-constante-seuil-10-bientot-vue\/","name":"Le ch\u00f4mage wallon en diminution constante : le seuil des 10% bient\u00f4t en vue? - Peoplesphere","isPartOf":{"@id":"https:\/\/peoplesphere.be\/fr\/#website"},"datePublished":"2018-04-04T15:51:37+00:00","dateModified":"2018-04-04T15:51:37+00:00","breadcrumb":{"@id":"https:\/\/peoplesphere.be\/fr\/chomage-wallon-diminution-constante-seuil-10-bientot-vue\/#breadcrumb"},"inLanguage":"fr-FR","potentialAction":[{"@type":"ReadAction","target":["https:\/\/peoplesphere.be\/fr\/chomage-wallon-diminution-constante-seuil-10-bientot-vue\/"]}]},{"@type":"BreadcrumbList","@id":"https:\/\/peoplesphere.be\/fr\/chomage-wallon-diminution-constante-seuil-10-bientot-vue\/#breadcrumb","itemListElement":[{"@type":"ListItem","position":1,"name":"Accueil","item":"https:\/\/peoplesphere.be\/fr\/"},{"@type":"ListItem","position":2,"name":"Le ch\u00f4mage wallon en diminution constante : le seuil des 10% bient\u00f4t en vue?"}]},{"@type":"WebSite","@id":"https:\/\/peoplesphere.be\/fr\/#website","url":"https:\/\/peoplesphere.be\/fr\/","name":"Peoplesphere","description":"The People Managers Magazine","publisher":{"@id":"https:\/\/peoplesphere.be\/fr\/#organization"},"potentialAction":[{"@type":"SearchAction","target":{"@type":"EntryPoint","urlTemplate":"https:\/\/peoplesphere.be\/fr\/?s={search_term_string}"},"query-input":"required name=search_term_string"}],"inLanguage":"fr-FR"},{"@type":"Organization","@id":"https:\/\/peoplesphere.be\/fr\/#organization","name":"Peoplesphere Company srl","url":"https:\/\/peoplesphere.be\/fr\/","logo":{"@type":"ImageObject","inLanguage":"fr-FR","@id":"https:\/\/peoplesphere.be\/fr\/#\/schema\/logo\/image\/","url":"https:\/\/peoplesphere.be\/fr\/wp-content\/uploads\/2023\/07\/peoplesphere-lgo-new-generik.jpg","contentUrl":"https:\/\/peoplesphere.be\/fr\/wp-content\/uploads\/2023\/07\/peoplesphere-lgo-new-generik.jpg","width":1031,"height":1479,"caption":"Peoplesphere Company srl"},"image":{"@id":"https:\/\/peoplesphere.be\/fr\/#\/schema\/logo\/image\/"},"sameAs":["https:\/\/www.facebook.com\/peoplesphere","https:\/\/twitter.com\/PeoplesphereMag","https:\/\/www.linkedin.com\/company\/7587361?trk","http:\/\/youtube.com\/peoplesphere"]},{"@type":"Person","@id":"https:\/\/peoplesphere.be\/fr\/#\/schema\/person\/7976225ff17988604334abb7b3536a7e","name":"Jean-Paul Erhard","image":{"@type":"ImageObject","inLanguage":"fr-FR","@id":"https:\/\/peoplesphere.be\/fr\/#\/schema\/person\/image\/","url":"https:\/\/secure.gravatar.com\/avatar\/f941e681460179738071629a51574930?s=96&d=mm&r=g","contentUrl":"https:\/\/secure.gravatar.com\/avatar\/f941e681460179738071629a51574930?s=96&d=mm&r=g","caption":"Jean-Paul Erhard"},"url":"https:\/\/peoplesphere.be\/fr\/author\/jpe\/"}]}},"_links":{"self":[{"href":"https:\/\/peoplesphere.be\/fr\/wp-json\/wp\/v2\/posts\/5835"}],"collection":[{"href":"https:\/\/peoplesphere.be\/fr\/wp-json\/wp\/v2\/posts"}],"about":[{"href":"https:\/\/peoplesphere.be\/fr\/wp-json\/wp\/v2\/types\/post"}],"author":[{"embeddable":true,"href":"https:\/\/peoplesphere.be\/fr\/wp-json\/wp\/v2\/users\/2"}],"replies":[{"embeddable":true,"href":"https:\/\/peoplesphere.be\/fr\/wp-json\/wp\/v2\/comments?post=5835"}],"version-history":[{"count":1,"href":"https:\/\/peoplesphere.be\/fr\/wp-json\/wp\/v2\/posts\/5835\/revisions"}],"predecessor-version":[{"id":5836,"href":"https:\/\/peoplesphere.be\/fr\/wp-json\/wp\/v2\/posts\/5835\/revisions\/5836"}],"wp:attachment":[{"href":"https:\/\/peoplesphere.be\/fr\/wp-json\/wp\/v2\/media?parent=5835"}],"wp:term":[{"taxonomy":"category","embeddable":true,"href":"https:\/\/peoplesphere.be\/fr\/wp-json\/wp\/v2\/categories?post=5835"},{"taxonomy":"post_tag","embeddable":true,"href":"https:\/\/peoplesphere.be\/fr\/wp-json\/wp\/v2\/tags?post=5835"}],"curies":[{"name":"wp","href":"https:\/\/api.w.org\/{rel}","templated":true}]}}