









{"id":5893,"date":"2018-04-19T08:56:59","date_gmt":"2018-04-19T06:56:59","guid":{"rendered":"http:\/\/www.peoplesphere.be\/fr\/?p=5893"},"modified":"2018-04-19T08:56:59","modified_gmt":"2018-04-19T06:56:59","slug":"bien-etre-travail-solution-concilier-soutien-a-pratique-sportive-exigences-matiere-de-flexibilite","status":"publish","type":"post","link":"https:\/\/peoplesphere.be\/fr\/bien-etre-travail-solution-concilier-soutien-a-pratique-sportive-exigences-matiere-de-flexibilite\/","title":{"rendered":"Bien-\u00eatre au Travail : quelle solution pour concilier le soutien \u00e0 la pratique sportive et les exigences en mati\u00e8re de flexibilit\u00e9?"},"content":{"rendered":"<p>Comment prendre une part active dans la gestion du bien-\u00eatre de nos travailleurs? La question est sans doute plus sensible que jamais tant le ressenti de la charge psycho-sociale dans l\u2019entreprise est important. Les efforts entrepris en mati\u00e8re de sant\u00e9, de pr\u00e9vention et de bien-\u00eatre sont significatifs mais se heurtent souvent aux exigences de flexibilit\u00e9 de nos organisations. Tout le monde s\u2019accorde sur la n\u00e9cessit\u00e9 de soutenir la pratique sportive aupr\u00e8s des collaborateurs. La plateforme Gymlib, cr\u00e9\u00e9e en France et d\u00e9sormais disponible sur l\u2019ensemble de la Belgique. Consid\u00e9r\u00e9e par les soci\u00e9t\u00e9s utilisatrices comme le Netflix du sport en entreprise, elle permet d\u2019offrir \u00e0 chacun un acc\u00e8s illimit\u00e9 aux infrastructures de son choix tout en garantissant une gestion efficace des frais pour l\u2019entreprise.<!--more--><\/p>\n<p><iframe loading=\"lazy\" width=\"660\" height=\"371\" src=\"https:\/\/www.youtube.com\/embed\/YcV7_r9M6io?rel=0&amp;showinfo=0\" frameborder=\"0\" allow=\"autoplay; encrypted-media\" allowfullscreen><\/iframe><\/p>\n<p>Juan Schmitz, Country Manager Gymlib pour la Belgique, et Manuel Martin-Rabadan, Directeur du D\u00e9veloppement International, expliquent les principes de fonctionnement de l\u2019abonnement Gymlib qui repr\u00e9sente en fait une forme moderne de ch\u00e8que-repas du sport et du bien-\u00eatre: \u00abLes entreprises ont maintenant la possibilit\u00e9 d\u2019offrir \u00e0 leurs travailleurs un acc\u00e8s imm\u00e9diat et illimit\u00e9 aux salles de sport qui se situent \u00e0 proximit\u00e9 du domicile ou du lieu de travail, voire m\u00eame lors de leurs d\u00e9placements \u00e0 l\u2019\u00e9tranger. Fini le remboursement fastidieux des frais personnels ! La carte sport Gymlib se pr\u00e9sente comme une solution sur mesure et simplissime afin d\u2019encourager nos collaborateurs \u00e0 faire du sport.\u00a0\u00bb<\/p>\n<p>Le format d\u2019abonnement mensuel, sans obligation \u00e0 long terme, se plie en effet aux exigences de flexibilit\u00e9 port\u00e9es \u00e0 la fois par l\u2019entreprise et par chacun d\u2019entre nous. Nous sommes toutes et tous pour la pratique d\u2019une activit\u00e9 physique ou d\u00e9di\u00e9e au bien-\u00eatre\u2026 \u00e0 condition d\u2019y avoir acc\u00e8s quand et o\u00f9 nous le souhaitons!<br \/>\n\u00ab Effectivement. En donnant acc\u00e8s \u00e0 la salle de son choix, la carte Gymlib l\u00e8ve les derniers obstacles que nous rencontrons face \u00e0 la pratique d\u2019une activit\u00e9 physique ou de bien-\u00eatre, quelle qu\u2019elle soit. Cela va de la piscine au tennis, en passant par le yoga, les pilates, l\u2019escalade, le fitness ou encore le golf ! Par ailleurs, la formule r\u00e9pond aux attentes des d\u00e9partements RH et financiers qui disposent d\u2019une gestion consolid\u00e9e des d\u00e9penses individuelles. Gymlib fournit des tableaux de bord et des relev\u00e9s en temps r\u00e9el qui permettent de garder une ma\u00eetrise totale du budget &lsquo;sport&rsquo; de l\u2019entreprise.\u00a0\u00bb<\/p>\n<p>Une centaine de soci\u00e9t\u00e9s ont d\u2019ores et d\u00e9j\u00e0 opt\u00e9 pour l\u2019abonnement propos\u00e9 par Gymlib. Les secteurs de la consultance (Deloitte, EY, Accenture), de la technologie (Siemens), du divertissement (Disney) et de la nouvelle \u00e9conomie (Deliveroo) n\u2019ont pas tard\u00e9 \u00e0 \u00e9toffer le panel des avantages mis \u00e0 disposition de leurs effectifs. Les retours enthousiastes des utilisateurs soutiennent le lancement de la formule dans nos contr\u00e9es.<\/p>\n<p>A cet \u00e9gard, Juan Schmitz est notamment en charge du d\u00e9veloppement du r\u00e9seau de salles sportives (plus de 2000 installations accessibles en Belgique et en France et tr\u00e8s bient\u00f4t dans d\u2019autres pays europ\u00e9ens) auxquelles les b\u00e9n\u00e9ficiaires ont acc\u00e8s.<br \/>\nIl souligne encore qu&rsquo;id\u00e9alement, l\u2019utilisation de la formule d\u2019abonnement propos\u00e9e par Gymlib s\u2019inscrit dans une strat\u00e9gie globale visant \u00e0 soutenir la pratique sportive aupr\u00e8s des \u00e9quipes. \u00ab Le bien-\u00eatre est tellement important aujourd\u2019hui. C\u2019est une dimension qui est devenue essentielle pour attirer et retenir les talents, d\u00e9velopper une marque employeur qui permet de se distinguer sur le march\u00e9 de l\u2019emploi et bien s\u00fbr pour entretenir la sant\u00e9 et la motivation des collaborateurs. Chaque entreprise sera amen\u00e9e \u00e0 d\u00e9velopper un programme sportif adapt\u00e9 \u00e0 sa r\u00e9alit\u00e9.\u00a0\u00bb<\/p>\n<p>C\u2019est la raison pour laquelle bon nombre d\u2019organisations entament leur r\u00e9flexion en la mati\u00e8re d\u00e9marre par le biais d\u2019une session d\u2019initiation: \u00ab Nous pouvons soutenir l\u2019utilisation de la carte sport par du coaching personnalis\u00e9, du team building, des bilans sant\u00e9 ou encore des interventions de sp\u00e9cialistes tels que des nutritionnistes, des ost\u00e9opathes, des ergonomes\u2026 Ce qui importe, c\u2019est de s\u2019adapter aux besoins que peuvent exprimer les travailleurs et trouver ensemble le rythme qui leur convient.\u00a0\u00bb<\/p>\n<p>Plus d\u2019infos ? Vous souhaitez b\u00e9n\u00e9ficier d\u2019une approche personnalis\u00e9e pour soutenir la pratique sportive aupr\u00e8s de vos coll\u00e8gues?<\/p>\n\n<div class=\"wpcf7 no-js\" id=\"wpcf7-f5894-o1\" lang=\"fr-FR\" dir=\"ltr\">\n<div class=\"screen-reader-response\"><p role=\"status\" aria-live=\"polite\" aria-atomic=\"true\"><\/p> <ul><\/ul><\/div>\n<form action=\"\/fr\/wp-json\/wp\/v2\/posts\/5893#wpcf7-f5894-o1\" method=\"post\" class=\"wpcf7-form init\" aria-label=\"Formulaire de contact\" novalidate=\"novalidate\" data-status=\"init\">\n<div style=\"display: none;\">\n<input type=\"hidden\" name=\"_wpcf7\" value=\"5894\" \/>\n<input type=\"hidden\" name=\"_wpcf7_version\" value=\"5.7.7\" \/>\n<input type=\"hidden\" name=\"_wpcf7_locale\" value=\"fr_FR\" \/>\n<input type=\"hidden\" name=\"_wpcf7_unit_tag\" value=\"wpcf7-f5894-o1\" \/>\n<input type=\"hidden\" name=\"_wpcf7_container_post\" value=\"0\" \/>\n<input type=\"hidden\" name=\"_wpcf7_posted_data_hash\" value=\"\" \/>\n<\/div>\n<p><label> Votre nom et pr\u00e9nom (obligatoire)<br \/>\n<span class=\"wpcf7-form-control-wrap\" data-name=\"your-name\"><input size=\"40\" class=\"wpcf7-form-control wpcf7-text wpcf7-validates-as-required\" aria-required=\"true\" aria-invalid=\"false\" value=\"\" type=\"text\" name=\"your-name\" \/><\/span> <\/label>\n<\/p>\n<p><label> Votre fonction<br \/>\n<span class=\"wpcf7-form-control-wrap\" data-name=\"your-function\"><input size=\"40\" class=\"wpcf7-form-control wpcf7-text\" aria-invalid=\"false\" value=\"\" type=\"text\" name=\"your-function\" \/><\/span> <\/label>\n<\/p>\n<p><label> Votre soci\u00e9t\u00e9<br \/>\n<span class=\"wpcf7-form-control-wrap\" data-name=\"your-company\"><input size=\"40\" class=\"wpcf7-form-control wpcf7-text\" aria-invalid=\"false\" value=\"\" type=\"text\" name=\"your-company\" \/><\/span> <\/label>\n<\/p>\n<p><label> Votre e-mail (obligatoire)<br \/>\n<span class=\"wpcf7-form-control-wrap\" data-name=\"your-email\"><input size=\"40\" class=\"wpcf7-form-control wpcf7-text wpcf7-email wpcf7-validates-as-required wpcf7-validates-as-email\" aria-required=\"true\" aria-invalid=\"false\" value=\"\" type=\"email\" name=\"your-email\" \/><\/span> <\/label>\n<\/p>\n<p><label> Votre gsm\/t\u00e9l\u00e9phone (obligatoire)<br \/>\n<span class=\"wpcf7-form-control-wrap\" data-name=\"your-tel\"><input size=\"40\" class=\"wpcf7-form-control wpcf7-text wpcf7-validates-as-required\" aria-required=\"true\" aria-invalid=\"false\" value=\"\" type=\"text\" name=\"your-tel\" \/><\/span> <\/label>\n<\/p>\n<p><label> Votre r\u00e9ponse (obligatoire)<br \/>\n<span class=\"wpcf7-form-control-wrap\" data-name=\"your-message\"><input size=\"40\" class=\"wpcf7-form-control wpcf7-text wpcf7-validates-as-required\" aria-required=\"true\" aria-invalid=\"false\" value=\"\" type=\"text\" name=\"your-message\" \/><\/span> <\/label>\n<\/p>\n<p><span class=\"wpcf7-form-control-wrap\" data-name=\"test-gratuit\"><span class=\"wpcf7-form-control wpcf7-checkbox\"><span class=\"wpcf7-list-item first last\"><input type=\"checkbox\" name=\"test-gratuit[]\" value=\"Je souhaite b\u00e9n\u00e9ficier d\u2019un test gratuit d\u2019un mois \u00e0 titre personnel (valeur : 200 euros)\" \/><span class=\"wpcf7-list-item-label\">Je souhaite b\u00e9n\u00e9ficier d\u2019un test gratuit d\u2019un mois \u00e0 titre personnel (valeur : 200 euros)<\/span><\/span><\/span><\/span>\n<\/p>\n<p><input class=\"wpcf7-form-control has-spinner wpcf7-submit\" type=\"submit\" value=\"Envoyer\" \/>\n<\/p><p style=\"display: none !important;\"><label>&#916;<textarea name=\"_wpcf7_ak_hp_textarea\" cols=\"45\" rows=\"8\" maxlength=\"100\"><\/textarea><\/label><input type=\"hidden\" id=\"ak_js_1\" name=\"_wpcf7_ak_js\" value=\"30\"\/><script>document.getElementById( \"ak_js_1\" ).setAttribute( \"value\", ( new Date() ).getTime() );<\/script><\/p><div class=\"wpcf7-response-output\" aria-hidden=\"true\"><\/div>\n<\/form>\n<\/div>\n\n<p>Partagez avec vos coll\u00e8gues les avantages de la plateforme Gymlib.<\/p>\n","protected":false},"excerpt":{"rendered":"<p>Comment prendre une part active dans la gestion du bien-\u00eatre de nos travailleurs? La question est sans doute plus sensible que jamais tant le ressenti de la charge psycho-sociale dans l\u2019entreprise est important. Les efforts entrepris en mati\u00e8re de sant\u00e9, [&hellip;]<\/p>\n","protected":false},"author":1,"featured_media":5895,"comment_status":"closed","ping_status":"open","sticky":false,"template":"","format":"standard","meta":[],"categories":[65,10],"tags":[],"yoast_head":"<!-- This site is optimized with the Yoast SEO plugin v21.0 - https:\/\/yoast.com\/wordpress\/plugins\/seo\/ -->\n<title>Bien-\u00eatre au Travail : quelle solution pour concilier le soutien \u00e0 la pratique sportive et les exigences en mati\u00e8re de flexibilit\u00e9? - Peoplesphere<\/title>\n<meta name=\"robots\" content=\"index, follow, max-snippet:-1, max-image-preview:large, max-video-preview:-1\" \/>\n<link rel=\"canonical\" href=\"https:\/\/peoplesphere.be\/fr\/bien-etre-travail-solution-concilier-soutien-a-pratique-sportive-exigences-matiere-de-flexibilite\/\" \/>\n<meta property=\"og:locale\" content=\"fr_FR\" \/>\n<meta property=\"og:type\" content=\"article\" \/>\n<meta property=\"og:title\" content=\"Bien-\u00eatre au Travail : quelle solution pour concilier le soutien \u00e0 la pratique sportive et les exigences en mati\u00e8re de flexibilit\u00e9? - Peoplesphere\" \/>\n<meta property=\"og:description\" content=\"Comment prendre une part active dans la gestion du bien-\u00eatre de nos travailleurs? La question est sans doute plus sensible que jamais tant le ressenti de la charge psycho-sociale dans l\u2019entreprise est important. Les efforts entrepris en mati\u00e8re de sant\u00e9, [&hellip;]\" \/>\n<meta property=\"og:url\" content=\"https:\/\/peoplesphere.be\/fr\/bien-etre-travail-solution-concilier-soutien-a-pratique-sportive-exigences-matiere-de-flexibilite\/\" \/>\n<meta property=\"og:site_name\" content=\"Peoplesphere\" \/>\n<meta property=\"article:publisher\" content=\"https:\/\/www.facebook.com\/peoplesphere\" \/>\n<meta property=\"article:published_time\" content=\"2018-04-19T06:56:59+00:00\" \/>\n<meta property=\"og:image\" content=\"https:\/\/peoplesphere.be\/fr\/wp-content\/uploads\/2018\/04\/gymlib.jpg\" \/>\n\t<meta property=\"og:image:width\" content=\"958\" \/>\n\t<meta property=\"og:image:height\" content=\"538\" \/>\n\t<meta property=\"og:image:type\" content=\"image\/jpeg\" \/>\n<meta name=\"author\" content=\"admin\" \/>\n<meta name=\"twitter:card\" content=\"summary_large_image\" \/>\n<meta name=\"twitter:creator\" content=\"@PeoplesphereMag\" \/>\n<meta name=\"twitter:site\" content=\"@PeoplesphereMag\" \/>\n<meta name=\"twitter:label1\" content=\"\u00c9crit par\" \/>\n\t<meta name=\"twitter:data1\" content=\"admin\" \/>\n\t<meta name=\"twitter:label2\" content=\"Dur\u00e9e de lecture estim\u00e9e\" \/>\n\t<meta name=\"twitter:data2\" content=\"4 minutes\" \/>\n<script type=\"application\/ld+json\" class=\"yoast-schema-graph\">{\"@context\":\"https:\/\/schema.org\",\"@graph\":[{\"@type\":\"Article\",\"@id\":\"https:\/\/peoplesphere.be\/fr\/bien-etre-travail-solution-concilier-soutien-a-pratique-sportive-exigences-matiere-de-flexibilite\/#article\",\"isPartOf\":{\"@id\":\"https:\/\/peoplesphere.be\/fr\/bien-etre-travail-solution-concilier-soutien-a-pratique-sportive-exigences-matiere-de-flexibilite\/\"},\"author\":{\"name\":\"admin\",\"@id\":\"https:\/\/peoplesphere.be\/fr\/#\/schema\/person\/31e983479d7c6c2adc52372e64a85ae6\"},\"headline\":\"Bien-\u00eatre au Travail : quelle solution pour concilier le soutien \u00e0 la pratique sportive et les exigences en mati\u00e8re de flexibilit\u00e9?\",\"datePublished\":\"2018-04-19T06:56:59+00:00\",\"dateModified\":\"2018-04-19T06:56:59+00:00\",\"mainEntityOfPage\":{\"@id\":\"https:\/\/peoplesphere.be\/fr\/bien-etre-travail-solution-concilier-soutien-a-pratique-sportive-exigences-matiere-de-flexibilite\/\"},\"wordCount\":782,\"publisher\":{\"@id\":\"https:\/\/peoplesphere.be\/fr\/#organization\"},\"articleSection\":[\"Actualit\u00e9s\",\"Digital\"],\"inLanguage\":\"fr-FR\"},{\"@type\":\"WebPage\",\"@id\":\"https:\/\/peoplesphere.be\/fr\/bien-etre-travail-solution-concilier-soutien-a-pratique-sportive-exigences-matiere-de-flexibilite\/\",\"url\":\"https:\/\/peoplesphere.be\/fr\/bien-etre-travail-solution-concilier-soutien-a-pratique-sportive-exigences-matiere-de-flexibilite\/\",\"name\":\"Bien-\u00eatre au Travail : quelle solution pour concilier le soutien \u00e0 la pratique sportive et les exigences en mati\u00e8re de flexibilit\u00e9? - Peoplesphere\",\"isPartOf\":{\"@id\":\"https:\/\/peoplesphere.be\/fr\/#website\"},\"datePublished\":\"2018-04-19T06:56:59+00:00\",\"dateModified\":\"2018-04-19T06:56:59+00:00\",\"breadcrumb\":{\"@id\":\"https:\/\/peoplesphere.be\/fr\/bien-etre-travail-solution-concilier-soutien-a-pratique-sportive-exigences-matiere-de-flexibilite\/#breadcrumb\"},\"inLanguage\":\"fr-FR\",\"potentialAction\":[{\"@type\":\"ReadAction\",\"target\":[\"https:\/\/peoplesphere.be\/fr\/bien-etre-travail-solution-concilier-soutien-a-pratique-sportive-exigences-matiere-de-flexibilite\/\"]}]},{\"@type\":\"BreadcrumbList\",\"@id\":\"https:\/\/peoplesphere.be\/fr\/bien-etre-travail-solution-concilier-soutien-a-pratique-sportive-exigences-matiere-de-flexibilite\/#breadcrumb\",\"itemListElement\":[{\"@type\":\"ListItem\",\"position\":1,\"name\":\"Accueil\",\"item\":\"https:\/\/peoplesphere.be\/fr\/\"},{\"@type\":\"ListItem\",\"position\":2,\"name\":\"Bien-\u00eatre au Travail : quelle solution pour concilier le soutien \u00e0 la pratique sportive et les exigences en mati\u00e8re de flexibilit\u00e9?\"}]},{\"@type\":\"WebSite\",\"@id\":\"https:\/\/peoplesphere.be\/fr\/#website\",\"url\":\"https:\/\/peoplesphere.be\/fr\/\",\"name\":\"Peoplesphere\",\"description\":\"The People Managers Magazine\",\"publisher\":{\"@id\":\"https:\/\/peoplesphere.be\/fr\/#organization\"},\"potentialAction\":[{\"@type\":\"SearchAction\",\"target\":{\"@type\":\"EntryPoint\",\"urlTemplate\":\"https:\/\/peoplesphere.be\/fr\/?s={search_term_string}\"},\"query-input\":\"required name=search_term_string\"}],\"inLanguage\":\"fr-FR\"},{\"@type\":\"Organization\",\"@id\":\"https:\/\/peoplesphere.be\/fr\/#organization\",\"name\":\"Peoplesphere Company srl\",\"url\":\"https:\/\/peoplesphere.be\/fr\/\",\"logo\":{\"@type\":\"ImageObject\",\"inLanguage\":\"fr-FR\",\"@id\":\"https:\/\/peoplesphere.be\/fr\/#\/schema\/logo\/image\/\",\"url\":\"https:\/\/peoplesphere.be\/fr\/wp-content\/uploads\/2023\/07\/peoplesphere-lgo-new-generik.jpg\",\"contentUrl\":\"https:\/\/peoplesphere.be\/fr\/wp-content\/uploads\/2023\/07\/peoplesphere-lgo-new-generik.jpg\",\"width\":1031,\"height\":1479,\"caption\":\"Peoplesphere Company srl\"},\"image\":{\"@id\":\"https:\/\/peoplesphere.be\/fr\/#\/schema\/logo\/image\/\"},\"sameAs\":[\"https:\/\/www.facebook.com\/peoplesphere\",\"https:\/\/twitter.com\/PeoplesphereMag\",\"https:\/\/www.linkedin.com\/company\/7587361?trk\",\"http:\/\/youtube.com\/peoplesphere\"]},{\"@type\":\"Person\",\"@id\":\"https:\/\/peoplesphere.be\/fr\/#\/schema\/person\/31e983479d7c6c2adc52372e64a85ae6\",\"name\":\"admin\",\"image\":{\"@type\":\"ImageObject\",\"inLanguage\":\"fr-FR\",\"@id\":\"https:\/\/peoplesphere.be\/fr\/#\/schema\/person\/image\/\",\"url\":\"https:\/\/secure.gravatar.com\/avatar\/d20f4a44ec8508c3a90cb5021a329512?s=96&d=mm&r=g\",\"contentUrl\":\"https:\/\/secure.gravatar.com\/avatar\/d20f4a44ec8508c3a90cb5021a329512?s=96&d=mm&r=g\",\"caption\":\"admin\"},\"url\":\"https:\/\/peoplesphere.be\/fr\/author\/admin\/\"}]}<\/script>\n<!-- \/ Yoast SEO plugin. -->","yoast_head_json":{"title":"Bien-\u00eatre au Travail : quelle solution pour concilier le soutien \u00e0 la pratique sportive et les exigences en mati\u00e8re de flexibilit\u00e9? - Peoplesphere","robots":{"index":"index","follow":"follow","max-snippet":"max-snippet:-1","max-image-preview":"max-image-preview:large","max-video-preview":"max-video-preview:-1"},"canonical":"https:\/\/peoplesphere.be\/fr\/bien-etre-travail-solution-concilier-soutien-a-pratique-sportive-exigences-matiere-de-flexibilite\/","og_locale":"fr_FR","og_type":"article","og_title":"Bien-\u00eatre au Travail : quelle solution pour concilier le soutien \u00e0 la pratique sportive et les exigences en mati\u00e8re de flexibilit\u00e9? - Peoplesphere","og_description":"Comment prendre une part active dans la gestion du bien-\u00eatre de nos travailleurs? La question est sans doute plus sensible que jamais tant le ressenti de la charge psycho-sociale dans l\u2019entreprise est important. Les efforts entrepris en mati\u00e8re de sant\u00e9, [&hellip;]","og_url":"https:\/\/peoplesphere.be\/fr\/bien-etre-travail-solution-concilier-soutien-a-pratique-sportive-exigences-matiere-de-flexibilite\/","og_site_name":"Peoplesphere","article_publisher":"https:\/\/www.facebook.com\/peoplesphere","article_published_time":"2018-04-19T06:56:59+00:00","og_image":[{"width":958,"height":538,"url":"https:\/\/peoplesphere.be\/fr\/wp-content\/uploads\/2018\/04\/gymlib.jpg","type":"image\/jpeg"}],"author":"admin","twitter_card":"summary_large_image","twitter_creator":"@PeoplesphereMag","twitter_site":"@PeoplesphereMag","twitter_misc":{"\u00c9crit par":"admin","Dur\u00e9e de lecture estim\u00e9e":"4 minutes"},"schema":{"@context":"https:\/\/schema.org","@graph":[{"@type":"Article","@id":"https:\/\/peoplesphere.be\/fr\/bien-etre-travail-solution-concilier-soutien-a-pratique-sportive-exigences-matiere-de-flexibilite\/#article","isPartOf":{"@id":"https:\/\/peoplesphere.be\/fr\/bien-etre-travail-solution-concilier-soutien-a-pratique-sportive-exigences-matiere-de-flexibilite\/"},"author":{"name":"admin","@id":"https:\/\/peoplesphere.be\/fr\/#\/schema\/person\/31e983479d7c6c2adc52372e64a85ae6"},"headline":"Bien-\u00eatre au Travail : quelle solution pour concilier le soutien \u00e0 la pratique sportive et les exigences en mati\u00e8re de flexibilit\u00e9?","datePublished":"2018-04-19T06:56:59+00:00","dateModified":"2018-04-19T06:56:59+00:00","mainEntityOfPage":{"@id":"https:\/\/peoplesphere.be\/fr\/bien-etre-travail-solution-concilier-soutien-a-pratique-sportive-exigences-matiere-de-flexibilite\/"},"wordCount":782,"publisher":{"@id":"https:\/\/peoplesphere.be\/fr\/#organization"},"articleSection":["Actualit\u00e9s","Digital"],"inLanguage":"fr-FR"},{"@type":"WebPage","@id":"https:\/\/peoplesphere.be\/fr\/bien-etre-travail-solution-concilier-soutien-a-pratique-sportive-exigences-matiere-de-flexibilite\/","url":"https:\/\/peoplesphere.be\/fr\/bien-etre-travail-solution-concilier-soutien-a-pratique-sportive-exigences-matiere-de-flexibilite\/","name":"Bien-\u00eatre au Travail : quelle solution pour concilier le soutien \u00e0 la pratique sportive et les exigences en mati\u00e8re de flexibilit\u00e9? - Peoplesphere","isPartOf":{"@id":"https:\/\/peoplesphere.be\/fr\/#website"},"datePublished":"2018-04-19T06:56:59+00:00","dateModified":"2018-04-19T06:56:59+00:00","breadcrumb":{"@id":"https:\/\/peoplesphere.be\/fr\/bien-etre-travail-solution-concilier-soutien-a-pratique-sportive-exigences-matiere-de-flexibilite\/#breadcrumb"},"inLanguage":"fr-FR","potentialAction":[{"@type":"ReadAction","target":["https:\/\/peoplesphere.be\/fr\/bien-etre-travail-solution-concilier-soutien-a-pratique-sportive-exigences-matiere-de-flexibilite\/"]}]},{"@type":"BreadcrumbList","@id":"https:\/\/peoplesphere.be\/fr\/bien-etre-travail-solution-concilier-soutien-a-pratique-sportive-exigences-matiere-de-flexibilite\/#breadcrumb","itemListElement":[{"@type":"ListItem","position":1,"name":"Accueil","item":"https:\/\/peoplesphere.be\/fr\/"},{"@type":"ListItem","position":2,"name":"Bien-\u00eatre au Travail : quelle solution pour concilier le soutien \u00e0 la pratique sportive et les exigences en mati\u00e8re de flexibilit\u00e9?"}]},{"@type":"WebSite","@id":"https:\/\/peoplesphere.be\/fr\/#website","url":"https:\/\/peoplesphere.be\/fr\/","name":"Peoplesphere","description":"The People Managers Magazine","publisher":{"@id":"https:\/\/peoplesphere.be\/fr\/#organization"},"potentialAction":[{"@type":"SearchAction","target":{"@type":"EntryPoint","urlTemplate":"https:\/\/peoplesphere.be\/fr\/?s={search_term_string}"},"query-input":"required name=search_term_string"}],"inLanguage":"fr-FR"},{"@type":"Organization","@id":"https:\/\/peoplesphere.be\/fr\/#organization","name":"Peoplesphere Company srl","url":"https:\/\/peoplesphere.be\/fr\/","logo":{"@type":"ImageObject","inLanguage":"fr-FR","@id":"https:\/\/peoplesphere.be\/fr\/#\/schema\/logo\/image\/","url":"https:\/\/peoplesphere.be\/fr\/wp-content\/uploads\/2023\/07\/peoplesphere-lgo-new-generik.jpg","contentUrl":"https:\/\/peoplesphere.be\/fr\/wp-content\/uploads\/2023\/07\/peoplesphere-lgo-new-generik.jpg","width":1031,"height":1479,"caption":"Peoplesphere Company srl"},"image":{"@id":"https:\/\/peoplesphere.be\/fr\/#\/schema\/logo\/image\/"},"sameAs":["https:\/\/www.facebook.com\/peoplesphere","https:\/\/twitter.com\/PeoplesphereMag","https:\/\/www.linkedin.com\/company\/7587361?trk","http:\/\/youtube.com\/peoplesphere"]},{"@type":"Person","@id":"https:\/\/peoplesphere.be\/fr\/#\/schema\/person\/31e983479d7c6c2adc52372e64a85ae6","name":"admin","image":{"@type":"ImageObject","inLanguage":"fr-FR","@id":"https:\/\/peoplesphere.be\/fr\/#\/schema\/person\/image\/","url":"https:\/\/secure.gravatar.com\/avatar\/d20f4a44ec8508c3a90cb5021a329512?s=96&d=mm&r=g","contentUrl":"https:\/\/secure.gravatar.com\/avatar\/d20f4a44ec8508c3a90cb5021a329512?s=96&d=mm&r=g","caption":"admin"},"url":"https:\/\/peoplesphere.be\/fr\/author\/admin\/"}]}},"_links":{"self":[{"href":"https:\/\/peoplesphere.be\/fr\/wp-json\/wp\/v2\/posts\/5893"}],"collection":[{"href":"https:\/\/peoplesphere.be\/fr\/wp-json\/wp\/v2\/posts"}],"about":[{"href":"https:\/\/peoplesphere.be\/fr\/wp-json\/wp\/v2\/types\/post"}],"author":[{"embeddable":true,"href":"https:\/\/peoplesphere.be\/fr\/wp-json\/wp\/v2\/users\/1"}],"replies":[{"embeddable":true,"href":"https:\/\/peoplesphere.be\/fr\/wp-json\/wp\/v2\/comments?post=5893"}],"version-history":[{"count":1,"href":"https:\/\/peoplesphere.be\/fr\/wp-json\/wp\/v2\/posts\/5893\/revisions"}],"predecessor-version":[{"id":5896,"href":"https:\/\/peoplesphere.be\/fr\/wp-json\/wp\/v2\/posts\/5893\/revisions\/5896"}],"wp:featuredmedia":[{"embeddable":true,"href":"https:\/\/peoplesphere.be\/fr\/wp-json\/wp\/v2\/media\/5895"}],"wp:attachment":[{"href":"https:\/\/peoplesphere.be\/fr\/wp-json\/wp\/v2\/media?parent=5893"}],"wp:term":[{"taxonomy":"category","embeddable":true,"href":"https:\/\/peoplesphere.be\/fr\/wp-json\/wp\/v2\/categories?post=5893"},{"taxonomy":"post_tag","embeddable":true,"href":"https:\/\/peoplesphere.be\/fr\/wp-json\/wp\/v2\/tags?post=5893"}],"curies":[{"name":"wp","href":"https:\/\/api.w.org\/{rel}","templated":true}]}}