









{"id":5950,"date":"2018-04-27T17:18:52","date_gmt":"2018-04-27T15:18:52","guid":{"rendered":"http:\/\/www.peoplesphere.be\/fr\/?p=5950"},"modified":"2018-04-27T17:18:52","modified_gmt":"2018-04-27T15:18:52","slug":"plus-de-28-000-emplois-crees-grace-a-lexoneration-de-cotisations-sociales-premiers-engagements","status":"publish","type":"post","link":"https:\/\/peoplesphere.be\/fr\/plus-de-28-000-emplois-crees-grace-a-lexoneration-de-cotisations-sociales-premiers-engagements\/","title":{"rendered":"Plus de 28.000 emplois cr\u00e9\u00e9s gr\u00e2ce \u00e0 l&rsquo;exon\u00e9ration de cotisations sociales pour les premiers engagements."},"content":{"rendered":"<p>Entre le 3<sup>i\u00e8me<\/sup> trimestre 2016 et le 3<sup>i\u00e8me<\/sup> trimestre 2017, le nombre d\u2019employeurs b\u00e9n\u00e9ficiant de la mesure \u00ab\u00a0z\u00e9ro coti\u00a0\u00bb a presque doubl\u00e9 (+\/- 95%)\u00a0! Pas moins de 13.773 employeurs suppl\u00e9mentaires en b\u00e9n\u00e9ficient d\u00e9sormais.<!--more--><\/p>\n<p>Denis Ducarme, Ministre des Ind\u00e9pendants et des PME : \u00ab\u00a0<em>L&rsquo;augmentation constante du nombre d&#8217;employeurs qui font appel \u00e0 la mesure &lsquo;1<sup>er<\/sup> engagement&rsquo; est d\u2019abord une bonne nouvelle pour l&#8217;emploi dans notre pays\u00a0! Cette mesure permet aux employeurs, dans le cadre de leurs activit\u00e9s, d\u2019embaucher leur premier salari\u00e9, ce qui contribue aussi \u00e0 l\u2019accroissement de leur PME. Elle d\u00e9montre que les mesures du Gouvernement Michel en faveur de l\u2019emploi continuent \u00e0 porter leurs fruits\u00a0!\u00a0\u00bb<\/em><\/p>\n<p>Une progression significative du recours \u00e0 la mesure \u00ab\u00a0z\u00e9ro coti\u00a0\u00bb a \u00e9t\u00e9 enregistr\u00e9e dans l\u2019ensemble du pays\u00a0:<\/p>\n<p>&#8211; une augmentation de 98% pour la R\u00e9gion Flamande,<\/p>\n<p>&#8211; une augmentation de 93% pour la R\u00e9gion de Bruxelles-Capitale,<\/p>\n<p>&#8211; une augmentation de 91% pour la R\u00e9gion Wallonne.<\/p>\n<p>L\u2019objectif de cette mesure est d\u2019aider un maximum d\u2019ind\u00e9pendants \u00e0 franchir le \u00ab\u00a0premier pas\u00a0\u00bb de l\u2019engagement. Cette mesure a eu un effet profitable pour\u00a0:<\/p>\n<ul>\n<li>le secteur du commerce\u00a0: + 95,9 %,<\/li>\n<li>le secteur de la construction\u00a0: + 86,4%,<\/li>\n<li>le secteur de l\u2019horeca\u00a0: + 88,5 %.<\/li>\n<\/ul>\n<p>Les professions lib\u00e9rales, qui repr\u00e9sentent 12% des employeurs ayant profit\u00e9 de cette mesure, ont connu l\u2019augmentation la plus importante, soit + 97,5%\u00a0!<\/p>\n<p>La ministre De Block est satisfaite : <em>\u00ab<\/em><em>Ce sont des jobs suppl\u00e9mentaires. Les ind\u00e9pendants qui ont franchi le pas peuvent maintenant compter sur un(e) employ\u00e9(e), ce qui leur donne un peu plus de temps pour eux.\u00a0 Ils renforcent en m\u00eame temps la comp\u00e9titivit\u00e9 de leur entreprise. Mais surtout, quelques dizaines de milliers de nouveaux emplois ont \u00e9t\u00e9 cr\u00e9\u00e9s. Cela signifie que les gens auront plus de pouvoir d&rsquo;achat et que notre \u00e9conomie sera plus forte. C&rsquo;est aussi une bonne nouvelle pour la s\u00e9curit\u00e9 sociale, car plus il y a de gens qui ont un emploi, plus il y a de cotisations \u00e0 la s\u00e9curit\u00e9 sociale\u00bb<\/em><\/p>\n<p><em>Pour rappel\u00a0: entr\u00e9e en vigueur depuis le 1<sup>er<\/sup> janvier 2016, cette mesure \u00ab\u00a0z\u00e9ro coti\u00a0\u00bb a \u00e9t\u00e9 prise \u00e0 l\u2019initiative du Ministre des Ind\u00e9pendants et des PME, Denis Ducarme, et de la Ministre des Affaires sociales et de la Sant\u00e9 publique, Maggie De Block.\u00a0Depuis le 1<sup>er<\/sup> janvier 2016 et jusqu\u2019en d\u00e9cembre 2020, chaque employeur qui engage un premier travailleur b\u00e9n\u00e9ficiera d\u2019une exon\u00e9ration des cotisations sociales patronales principales sur ce premier travailleur.<\/em><\/p>\n<p><em>Source : Cabinet du Ministre D. Ducarme<\/em><\/p>\n","protected":false},"excerpt":{"rendered":"<p>Entre le 3i\u00e8me trimestre 2016 et le 3i\u00e8me trimestre 2017, le nombre d\u2019employeurs b\u00e9n\u00e9ficiant de la mesure \u00ab\u00a0z\u00e9ro coti\u00a0\u00bb a presque doubl\u00e9 (+\/- 95%)\u00a0! Pas moins de 13.773 employeurs suppl\u00e9mentaires en b\u00e9n\u00e9ficient d\u00e9sormais.<\/p>\n","protected":false},"author":2,"featured_media":0,"comment_status":"closed","ping_status":"open","sticky":false,"template":"","format":"standard","meta":[],"categories":[65,10],"tags":[782,1758,11,413,72],"yoast_head":"<!-- This site is optimized with the Yoast SEO plugin v21.0 - https:\/\/yoast.com\/wordpress\/plugins\/seo\/ -->\n<title>Plus de 28.000 emplois cr\u00e9\u00e9s gr\u00e2ce \u00e0 l&#039;exon\u00e9ration de cotisations sociales pour les premiers engagements. - Peoplesphere<\/title>\n<meta name=\"robots\" content=\"index, follow, max-snippet:-1, max-image-preview:large, max-video-preview:-1\" \/>\n<link rel=\"canonical\" href=\"https:\/\/peoplesphere.be\/fr\/plus-de-28-000-emplois-crees-grace-a-lexoneration-de-cotisations-sociales-premiers-engagements\/\" \/>\n<meta property=\"og:locale\" content=\"fr_FR\" \/>\n<meta property=\"og:type\" content=\"article\" \/>\n<meta property=\"og:title\" content=\"Plus de 28.000 emplois cr\u00e9\u00e9s gr\u00e2ce \u00e0 l&#039;exon\u00e9ration de cotisations sociales pour les premiers engagements. - Peoplesphere\" \/>\n<meta property=\"og:description\" content=\"Entre le 3i\u00e8me trimestre 2016 et le 3i\u00e8me trimestre 2017, le nombre d\u2019employeurs b\u00e9n\u00e9ficiant de la mesure \u00ab\u00a0z\u00e9ro coti\u00a0\u00bb a presque doubl\u00e9 (+\/- 95%)\u00a0! Pas moins de 13.773 employeurs suppl\u00e9mentaires en b\u00e9n\u00e9ficient d\u00e9sormais.\" \/>\n<meta property=\"og:url\" content=\"https:\/\/peoplesphere.be\/fr\/plus-de-28-000-emplois-crees-grace-a-lexoneration-de-cotisations-sociales-premiers-engagements\/\" \/>\n<meta property=\"og:site_name\" content=\"Peoplesphere\" \/>\n<meta property=\"article:publisher\" content=\"https:\/\/www.facebook.com\/peoplesphere\" \/>\n<meta property=\"article:published_time\" content=\"2018-04-27T15:18:52+00:00\" \/>\n<meta property=\"og:image\" content=\"http:\/\/www.peoplesphere.be\/fr\/wp-content\/uploads\/2016\/07\/facebook-default-posting-1200x628px.jpg\" \/>\n<meta name=\"author\" content=\"Jean-Paul Erhard\" \/>\n<meta name=\"twitter:card\" content=\"summary_large_image\" \/>\n<meta name=\"twitter:creator\" content=\"@PeoplesphereMag\" \/>\n<meta name=\"twitter:site\" content=\"@PeoplesphereMag\" \/>\n<meta name=\"twitter:label1\" content=\"\u00c9crit par\" \/>\n\t<meta name=\"twitter:data1\" content=\"Jean-Paul Erhard\" \/>\n\t<meta name=\"twitter:label2\" content=\"Dur\u00e9e de lecture estim\u00e9e\" \/>\n\t<meta name=\"twitter:data2\" content=\"2 minutes\" \/>\n<script type=\"application\/ld+json\" class=\"yoast-schema-graph\">{\"@context\":\"https:\/\/schema.org\",\"@graph\":[{\"@type\":\"Article\",\"@id\":\"https:\/\/peoplesphere.be\/fr\/plus-de-28-000-emplois-crees-grace-a-lexoneration-de-cotisations-sociales-premiers-engagements\/#article\",\"isPartOf\":{\"@id\":\"https:\/\/peoplesphere.be\/fr\/plus-de-28-000-emplois-crees-grace-a-lexoneration-de-cotisations-sociales-premiers-engagements\/\"},\"author\":{\"name\":\"Jean-Paul Erhard\",\"@id\":\"https:\/\/peoplesphere.be\/fr\/#\/schema\/person\/7976225ff17988604334abb7b3536a7e\"},\"headline\":\"Plus de 28.000 emplois cr\u00e9\u00e9s gr\u00e2ce \u00e0 l&rsquo;exon\u00e9ration de cotisations sociales pour les premiers engagements.\",\"datePublished\":\"2018-04-27T15:18:52+00:00\",\"dateModified\":\"2018-04-27T15:18:52+00:00\",\"mainEntityOfPage\":{\"@id\":\"https:\/\/peoplesphere.be\/fr\/plus-de-28-000-emplois-crees-grace-a-lexoneration-de-cotisations-sociales-premiers-engagements\/\"},\"wordCount\":438,\"publisher\":{\"@id\":\"https:\/\/peoplesphere.be\/fr\/#organization\"},\"keywords\":[\"cotisations sociales\",\"Denis Ducarme\",\"emploi\",\"exon\u00e9ration\",\"recrutement\"],\"articleSection\":[\"Actualit\u00e9s\",\"Digital\"],\"inLanguage\":\"fr-FR\"},{\"@type\":\"WebPage\",\"@id\":\"https:\/\/peoplesphere.be\/fr\/plus-de-28-000-emplois-crees-grace-a-lexoneration-de-cotisations-sociales-premiers-engagements\/\",\"url\":\"https:\/\/peoplesphere.be\/fr\/plus-de-28-000-emplois-crees-grace-a-lexoneration-de-cotisations-sociales-premiers-engagements\/\",\"name\":\"Plus de 28.000 emplois cr\u00e9\u00e9s gr\u00e2ce \u00e0 l'exon\u00e9ration de cotisations sociales pour les premiers engagements. - Peoplesphere\",\"isPartOf\":{\"@id\":\"https:\/\/peoplesphere.be\/fr\/#website\"},\"datePublished\":\"2018-04-27T15:18:52+00:00\",\"dateModified\":\"2018-04-27T15:18:52+00:00\",\"breadcrumb\":{\"@id\":\"https:\/\/peoplesphere.be\/fr\/plus-de-28-000-emplois-crees-grace-a-lexoneration-de-cotisations-sociales-premiers-engagements\/#breadcrumb\"},\"inLanguage\":\"fr-FR\",\"potentialAction\":[{\"@type\":\"ReadAction\",\"target\":[\"https:\/\/peoplesphere.be\/fr\/plus-de-28-000-emplois-crees-grace-a-lexoneration-de-cotisations-sociales-premiers-engagements\/\"]}]},{\"@type\":\"BreadcrumbList\",\"@id\":\"https:\/\/peoplesphere.be\/fr\/plus-de-28-000-emplois-crees-grace-a-lexoneration-de-cotisations-sociales-premiers-engagements\/#breadcrumb\",\"itemListElement\":[{\"@type\":\"ListItem\",\"position\":1,\"name\":\"Accueil\",\"item\":\"https:\/\/peoplesphere.be\/fr\/\"},{\"@type\":\"ListItem\",\"position\":2,\"name\":\"Plus de 28.000 emplois cr\u00e9\u00e9s gr\u00e2ce \u00e0 l&rsquo;exon\u00e9ration de cotisations sociales pour les premiers engagements.\"}]},{\"@type\":\"WebSite\",\"@id\":\"https:\/\/peoplesphere.be\/fr\/#website\",\"url\":\"https:\/\/peoplesphere.be\/fr\/\",\"name\":\"Peoplesphere\",\"description\":\"The People Managers Magazine\",\"publisher\":{\"@id\":\"https:\/\/peoplesphere.be\/fr\/#organization\"},\"potentialAction\":[{\"@type\":\"SearchAction\",\"target\":{\"@type\":\"EntryPoint\",\"urlTemplate\":\"https:\/\/peoplesphere.be\/fr\/?s={search_term_string}\"},\"query-input\":\"required name=search_term_string\"}],\"inLanguage\":\"fr-FR\"},{\"@type\":\"Organization\",\"@id\":\"https:\/\/peoplesphere.be\/fr\/#organization\",\"name\":\"Peoplesphere Company srl\",\"url\":\"https:\/\/peoplesphere.be\/fr\/\",\"logo\":{\"@type\":\"ImageObject\",\"inLanguage\":\"fr-FR\",\"@id\":\"https:\/\/peoplesphere.be\/fr\/#\/schema\/logo\/image\/\",\"url\":\"https:\/\/peoplesphere.be\/fr\/wp-content\/uploads\/2023\/07\/peoplesphere-lgo-new-generik.jpg\",\"contentUrl\":\"https:\/\/peoplesphere.be\/fr\/wp-content\/uploads\/2023\/07\/peoplesphere-lgo-new-generik.jpg\",\"width\":1031,\"height\":1479,\"caption\":\"Peoplesphere Company srl\"},\"image\":{\"@id\":\"https:\/\/peoplesphere.be\/fr\/#\/schema\/logo\/image\/\"},\"sameAs\":[\"https:\/\/www.facebook.com\/peoplesphere\",\"https:\/\/twitter.com\/PeoplesphereMag\",\"https:\/\/www.linkedin.com\/company\/7587361?trk\",\"http:\/\/youtube.com\/peoplesphere\"]},{\"@type\":\"Person\",\"@id\":\"https:\/\/peoplesphere.be\/fr\/#\/schema\/person\/7976225ff17988604334abb7b3536a7e\",\"name\":\"Jean-Paul Erhard\",\"image\":{\"@type\":\"ImageObject\",\"inLanguage\":\"fr-FR\",\"@id\":\"https:\/\/peoplesphere.be\/fr\/#\/schema\/person\/image\/\",\"url\":\"https:\/\/secure.gravatar.com\/avatar\/f941e681460179738071629a51574930?s=96&d=mm&r=g\",\"contentUrl\":\"https:\/\/secure.gravatar.com\/avatar\/f941e681460179738071629a51574930?s=96&d=mm&r=g\",\"caption\":\"Jean-Paul Erhard\"},\"url\":\"https:\/\/peoplesphere.be\/fr\/author\/jpe\/\"}]}<\/script>\n<!-- \/ Yoast SEO plugin. -->","yoast_head_json":{"title":"Plus de 28.000 emplois cr\u00e9\u00e9s gr\u00e2ce \u00e0 l'exon\u00e9ration de cotisations sociales pour les premiers engagements. - Peoplesphere","robots":{"index":"index","follow":"follow","max-snippet":"max-snippet:-1","max-image-preview":"max-image-preview:large","max-video-preview":"max-video-preview:-1"},"canonical":"https:\/\/peoplesphere.be\/fr\/plus-de-28-000-emplois-crees-grace-a-lexoneration-de-cotisations-sociales-premiers-engagements\/","og_locale":"fr_FR","og_type":"article","og_title":"Plus de 28.000 emplois cr\u00e9\u00e9s gr\u00e2ce \u00e0 l'exon\u00e9ration de cotisations sociales pour les premiers engagements. - Peoplesphere","og_description":"Entre le 3i\u00e8me trimestre 2016 et le 3i\u00e8me trimestre 2017, le nombre d\u2019employeurs b\u00e9n\u00e9ficiant de la mesure \u00ab\u00a0z\u00e9ro coti\u00a0\u00bb a presque doubl\u00e9 (+\/- 95%)\u00a0! Pas moins de 13.773 employeurs suppl\u00e9mentaires en b\u00e9n\u00e9ficient d\u00e9sormais.","og_url":"https:\/\/peoplesphere.be\/fr\/plus-de-28-000-emplois-crees-grace-a-lexoneration-de-cotisations-sociales-premiers-engagements\/","og_site_name":"Peoplesphere","article_publisher":"https:\/\/www.facebook.com\/peoplesphere","article_published_time":"2018-04-27T15:18:52+00:00","og_image":[{"url":"http:\/\/www.peoplesphere.be\/fr\/wp-content\/uploads\/2016\/07\/facebook-default-posting-1200x628px.jpg"}],"author":"Jean-Paul Erhard","twitter_card":"summary_large_image","twitter_creator":"@PeoplesphereMag","twitter_site":"@PeoplesphereMag","twitter_misc":{"\u00c9crit par":"Jean-Paul Erhard","Dur\u00e9e de lecture estim\u00e9e":"2 minutes"},"schema":{"@context":"https:\/\/schema.org","@graph":[{"@type":"Article","@id":"https:\/\/peoplesphere.be\/fr\/plus-de-28-000-emplois-crees-grace-a-lexoneration-de-cotisations-sociales-premiers-engagements\/#article","isPartOf":{"@id":"https:\/\/peoplesphere.be\/fr\/plus-de-28-000-emplois-crees-grace-a-lexoneration-de-cotisations-sociales-premiers-engagements\/"},"author":{"name":"Jean-Paul Erhard","@id":"https:\/\/peoplesphere.be\/fr\/#\/schema\/person\/7976225ff17988604334abb7b3536a7e"},"headline":"Plus de 28.000 emplois cr\u00e9\u00e9s gr\u00e2ce \u00e0 l&rsquo;exon\u00e9ration de cotisations sociales pour les premiers engagements.","datePublished":"2018-04-27T15:18:52+00:00","dateModified":"2018-04-27T15:18:52+00:00","mainEntityOfPage":{"@id":"https:\/\/peoplesphere.be\/fr\/plus-de-28-000-emplois-crees-grace-a-lexoneration-de-cotisations-sociales-premiers-engagements\/"},"wordCount":438,"publisher":{"@id":"https:\/\/peoplesphere.be\/fr\/#organization"},"keywords":["cotisations sociales","Denis Ducarme","emploi","exon\u00e9ration","recrutement"],"articleSection":["Actualit\u00e9s","Digital"],"inLanguage":"fr-FR"},{"@type":"WebPage","@id":"https:\/\/peoplesphere.be\/fr\/plus-de-28-000-emplois-crees-grace-a-lexoneration-de-cotisations-sociales-premiers-engagements\/","url":"https:\/\/peoplesphere.be\/fr\/plus-de-28-000-emplois-crees-grace-a-lexoneration-de-cotisations-sociales-premiers-engagements\/","name":"Plus de 28.000 emplois cr\u00e9\u00e9s gr\u00e2ce \u00e0 l'exon\u00e9ration de cotisations sociales pour les premiers engagements. - Peoplesphere","isPartOf":{"@id":"https:\/\/peoplesphere.be\/fr\/#website"},"datePublished":"2018-04-27T15:18:52+00:00","dateModified":"2018-04-27T15:18:52+00:00","breadcrumb":{"@id":"https:\/\/peoplesphere.be\/fr\/plus-de-28-000-emplois-crees-grace-a-lexoneration-de-cotisations-sociales-premiers-engagements\/#breadcrumb"},"inLanguage":"fr-FR","potentialAction":[{"@type":"ReadAction","target":["https:\/\/peoplesphere.be\/fr\/plus-de-28-000-emplois-crees-grace-a-lexoneration-de-cotisations-sociales-premiers-engagements\/"]}]},{"@type":"BreadcrumbList","@id":"https:\/\/peoplesphere.be\/fr\/plus-de-28-000-emplois-crees-grace-a-lexoneration-de-cotisations-sociales-premiers-engagements\/#breadcrumb","itemListElement":[{"@type":"ListItem","position":1,"name":"Accueil","item":"https:\/\/peoplesphere.be\/fr\/"},{"@type":"ListItem","position":2,"name":"Plus de 28.000 emplois cr\u00e9\u00e9s gr\u00e2ce \u00e0 l&rsquo;exon\u00e9ration de cotisations sociales pour les premiers engagements."}]},{"@type":"WebSite","@id":"https:\/\/peoplesphere.be\/fr\/#website","url":"https:\/\/peoplesphere.be\/fr\/","name":"Peoplesphere","description":"The People Managers Magazine","publisher":{"@id":"https:\/\/peoplesphere.be\/fr\/#organization"},"potentialAction":[{"@type":"SearchAction","target":{"@type":"EntryPoint","urlTemplate":"https:\/\/peoplesphere.be\/fr\/?s={search_term_string}"},"query-input":"required name=search_term_string"}],"inLanguage":"fr-FR"},{"@type":"Organization","@id":"https:\/\/peoplesphere.be\/fr\/#organization","name":"Peoplesphere Company srl","url":"https:\/\/peoplesphere.be\/fr\/","logo":{"@type":"ImageObject","inLanguage":"fr-FR","@id":"https:\/\/peoplesphere.be\/fr\/#\/schema\/logo\/image\/","url":"https:\/\/peoplesphere.be\/fr\/wp-content\/uploads\/2023\/07\/peoplesphere-lgo-new-generik.jpg","contentUrl":"https:\/\/peoplesphere.be\/fr\/wp-content\/uploads\/2023\/07\/peoplesphere-lgo-new-generik.jpg","width":1031,"height":1479,"caption":"Peoplesphere Company srl"},"image":{"@id":"https:\/\/peoplesphere.be\/fr\/#\/schema\/logo\/image\/"},"sameAs":["https:\/\/www.facebook.com\/peoplesphere","https:\/\/twitter.com\/PeoplesphereMag","https:\/\/www.linkedin.com\/company\/7587361?trk","http:\/\/youtube.com\/peoplesphere"]},{"@type":"Person","@id":"https:\/\/peoplesphere.be\/fr\/#\/schema\/person\/7976225ff17988604334abb7b3536a7e","name":"Jean-Paul Erhard","image":{"@type":"ImageObject","inLanguage":"fr-FR","@id":"https:\/\/peoplesphere.be\/fr\/#\/schema\/person\/image\/","url":"https:\/\/secure.gravatar.com\/avatar\/f941e681460179738071629a51574930?s=96&d=mm&r=g","contentUrl":"https:\/\/secure.gravatar.com\/avatar\/f941e681460179738071629a51574930?s=96&d=mm&r=g","caption":"Jean-Paul Erhard"},"url":"https:\/\/peoplesphere.be\/fr\/author\/jpe\/"}]}},"_links":{"self":[{"href":"https:\/\/peoplesphere.be\/fr\/wp-json\/wp\/v2\/posts\/5950"}],"collection":[{"href":"https:\/\/peoplesphere.be\/fr\/wp-json\/wp\/v2\/posts"}],"about":[{"href":"https:\/\/peoplesphere.be\/fr\/wp-json\/wp\/v2\/types\/post"}],"author":[{"embeddable":true,"href":"https:\/\/peoplesphere.be\/fr\/wp-json\/wp\/v2\/users\/2"}],"replies":[{"embeddable":true,"href":"https:\/\/peoplesphere.be\/fr\/wp-json\/wp\/v2\/comments?post=5950"}],"version-history":[{"count":1,"href":"https:\/\/peoplesphere.be\/fr\/wp-json\/wp\/v2\/posts\/5950\/revisions"}],"predecessor-version":[{"id":5951,"href":"https:\/\/peoplesphere.be\/fr\/wp-json\/wp\/v2\/posts\/5950\/revisions\/5951"}],"wp:attachment":[{"href":"https:\/\/peoplesphere.be\/fr\/wp-json\/wp\/v2\/media?parent=5950"}],"wp:term":[{"taxonomy":"category","embeddable":true,"href":"https:\/\/peoplesphere.be\/fr\/wp-json\/wp\/v2\/categories?post=5950"},{"taxonomy":"post_tag","embeddable":true,"href":"https:\/\/peoplesphere.be\/fr\/wp-json\/wp\/v2\/tags?post=5950"}],"curies":[{"name":"wp","href":"https:\/\/api.w.org\/{rel}","templated":true}]}}