









{"id":5955,"date":"2018-04-30T08:17:16","date_gmt":"2018-04-30T06:17:16","guid":{"rendered":"http:\/\/www.peoplesphere.be\/fr\/?p=5955"},"modified":"2018-04-30T09:19:20","modified_gmt":"2018-04-30T07:19:20","slug":"workshop-inspirant-29-mai-a-bruxelles-optimiser-vitalite-lengagement-travail","status":"publish","type":"post","link":"https:\/\/peoplesphere.be\/fr\/workshop-inspirant-29-mai-a-bruxelles-optimiser-vitalite-lengagement-travail\/","title":{"rendered":"Workshop inspirant le 29 mai \u00e0 Bruxelles : Comment optimiser la vitalit\u00e9 et l\u2019engagement au travail?"},"content":{"rendered":"<p>Renforcer la vitalit\u00e9 et l\u2019engagement de vos collaborateurs? Comment vaincre la peur? Comment entrer dans une r\u00e9elle dynamique de bien-\u00eatre et remobiliser nos coll\u00e8gues aujourd\u2019hui ? Rejoignez-nous pour un workshop inspirant le 29 mai d\u00e8s 12h30 \u00e0 Bruxelles (Atomium), organis\u00e9 par Attentia.<!--more--><\/p>\n<p>La vitalit\u00e9 est un \u00e9l\u00e9ment crucial pour une politique de ressources humaines durable. Des collaborateurs pleins de vitalit\u00e9, d&rsquo;engagement et de sant\u00e9 travaillent plus efficacement, sont plus productifs et surtout plus heureux. Dans le monde VUCA (Volatile (versatile), Uncertain (incertain), Complex (complexe), Ambigous (ambigu)) qu&rsquo;est aujourd&rsquo;hui le n\u00f4tre, le d\u00e9fi consiste \u00e0 orienter et d\u00e9velopper intentionnellement le potentiel de vos collaborateurs.<br \/>\nLa vitalit\u00e9 est le moteur d&rsquo;une organisation fructueuse.\u00a0Mais comment renforcer cette vitalit\u00e9? Comment impl\u00e9menter une politique de vitalit\u00e9 en ligne avec vos objectifs et votre culture d\u2019entreprise ? Quelles sont les priorit\u00e9s ? Comment convaincre le management ?<\/p>\n<p>D\u00e9couvrez-le durant l&rsquo;\u00e9v\u00e9nement inspirant propos\u00e9 par Attentia qui se tiendra \u00e0 l\u2019Atomium le mardi 29 mai 2018.<\/p>\n<p><em><strong>Programme :<\/strong><\/em><\/p>\n<p>12h30 &#8211; Accueil et Walking lunch<\/p>\n<p>14h00 &#8211; <strong><em>\u00ab\u00a0From fear to flow : Engagement en team dynamics\u00a0\u00bb<\/em><\/strong> par C\u00e9dric Dumont, base jumper, aventurier et coach mental. C\u00e9dric utilise les techniques de sports extr\u00eames et la psychologie de la performance pour apprendre \u00e0 se concentrer et oser prendre des risques calcul\u00e9s. Avec sa perspicacit\u00e9 et son exp\u00e9rience, C\u00e9dric enseigne comment les managers peuvent mieux motiver leurs \u00e9quipes, travailler ensemble plus \u00e9troitement et \u00eatre ouverts au changement.<\/p>\n<p>15h00 &#8211; <strong><em>\u00ab\u00a0Comment le belge se sent-il au travail ?\u00a0\u00bb<\/em><\/strong> D\u00e9celez les signaux et passez \u00e0 l\u2019action !<\/p>\n<p>16h00 &#8211; <strong><em>\u00ab\u00a0Comment convaincre votre management afin d&rsquo;impl\u00e9menter une politique de bien-\u00eatre avec succ\u00e8s?\u00a0\u00bb<\/em><\/strong>. Etude de cas.<\/p>\n<p>16h30 &#8211; Drink &amp; Networking<\/p>\n<p>17h30 &#8211; Fin<\/p>\n<p><em><strong>Pour qui?<\/strong><\/em><br \/>\nResponsables des Ressources Humaines<br \/>\nConseillers en pr\u00e9vention<br \/>\nLearning &amp; Development Managers<br \/>\nCEO et dirigeants d&rsquo;entreprises de plus de 100 collaborateurs<\/p>\n<p>La participation au workshop est gratuite. Inscription obligatoire via :<br \/>\n<a href=\"https:\/\/www.eventbrite.com\/e\/inscription-comment-optimiser-la-vitalite-et-lengagement-au-travail-45370344923\">https:\/\/www.eventbrite.com\/e\/inscription-comment-optimiser-la-vitalite-et-lengagement-au-travail-45370344923<\/a><\/p>\n<p>Plus d&rsquo;infos ? Voir ici:\u00a0<a href=\"https:\/\/vitalite-entreprise.eventbrite.com\">https:\/\/vitalite-entreprise.eventbrite.com<\/a><\/p>\n","protected":false},"excerpt":{"rendered":"<p>Renforcer la vitalit\u00e9 et l\u2019engagement de vos collaborateurs? Comment vaincre la peur? Comment entrer dans une r\u00e9elle dynamique de bien-\u00eatre et remobiliser nos coll\u00e8gues aujourd\u2019hui ? Rejoignez-nous pour un workshop inspirant le 29 mai d\u00e8s 12h30 \u00e0 Bruxelles (Atomium), organis\u00e9 [&hellip;]<\/p>\n","protected":false},"author":2,"featured_media":0,"comment_status":"closed","ping_status":"open","sticky":false,"template":"","format":"standard","meta":[],"categories":[67,8],"tags":[1643,96,1971,208,17,1969,1970],"yoast_head":"<!-- This site is optimized with the Yoast SEO plugin v21.0 - https:\/\/yoast.com\/wordpress\/plugins\/seo\/ -->\n<title>Workshop inspirant le 29 mai \u00e0 Bruxelles : Comment optimiser la vitalit\u00e9 et l\u2019engagement au travail? - Peoplesphere<\/title>\n<meta name=\"robots\" content=\"index, follow, max-snippet:-1, max-image-preview:large, max-video-preview:-1\" \/>\n<link rel=\"canonical\" href=\"https:\/\/peoplesphere.be\/fr\/workshop-inspirant-29-mai-a-bruxelles-optimiser-vitalite-lengagement-travail\/\" \/>\n<meta property=\"og:locale\" content=\"fr_FR\" \/>\n<meta property=\"og:type\" content=\"article\" \/>\n<meta property=\"og:title\" content=\"Workshop inspirant le 29 mai \u00e0 Bruxelles : Comment optimiser la vitalit\u00e9 et l\u2019engagement au travail? - Peoplesphere\" \/>\n<meta property=\"og:description\" content=\"Renforcer la vitalit\u00e9 et l\u2019engagement de vos collaborateurs? Comment vaincre la peur? Comment entrer dans une r\u00e9elle dynamique de bien-\u00eatre et remobiliser nos coll\u00e8gues aujourd\u2019hui ? Rejoignez-nous pour un workshop inspirant le 29 mai d\u00e8s 12h30 \u00e0 Bruxelles (Atomium), organis\u00e9 [&hellip;]\" \/>\n<meta property=\"og:url\" content=\"https:\/\/peoplesphere.be\/fr\/workshop-inspirant-29-mai-a-bruxelles-optimiser-vitalite-lengagement-travail\/\" \/>\n<meta property=\"og:site_name\" content=\"Peoplesphere\" \/>\n<meta property=\"article:publisher\" content=\"https:\/\/www.facebook.com\/peoplesphere\" \/>\n<meta property=\"article:published_time\" content=\"2018-04-30T06:17:16+00:00\" \/>\n<meta property=\"article:modified_time\" content=\"2018-04-30T07:19:20+00:00\" \/>\n<meta property=\"og:image\" content=\"http:\/\/www.peoplesphere.be\/fr\/wp-content\/uploads\/2016\/07\/facebook-default-posting-1200x628px.jpg\" \/>\n<meta name=\"author\" content=\"Jean-Paul Erhard\" \/>\n<meta name=\"twitter:card\" content=\"summary_large_image\" \/>\n<meta name=\"twitter:creator\" content=\"@PeoplesphereMag\" \/>\n<meta name=\"twitter:site\" content=\"@PeoplesphereMag\" \/>\n<meta name=\"twitter:label1\" content=\"\u00c9crit par\" \/>\n\t<meta name=\"twitter:data1\" content=\"Jean-Paul Erhard\" \/>\n\t<meta name=\"twitter:label2\" content=\"Dur\u00e9e de lecture estim\u00e9e\" \/>\n\t<meta name=\"twitter:data2\" content=\"2 minutes\" \/>\n<script type=\"application\/ld+json\" class=\"yoast-schema-graph\">{\"@context\":\"https:\/\/schema.org\",\"@graph\":[{\"@type\":\"Article\",\"@id\":\"https:\/\/peoplesphere.be\/fr\/workshop-inspirant-29-mai-a-bruxelles-optimiser-vitalite-lengagement-travail\/#article\",\"isPartOf\":{\"@id\":\"https:\/\/peoplesphere.be\/fr\/workshop-inspirant-29-mai-a-bruxelles-optimiser-vitalite-lengagement-travail\/\"},\"author\":{\"name\":\"Jean-Paul Erhard\",\"@id\":\"https:\/\/peoplesphere.be\/fr\/#\/schema\/person\/7976225ff17988604334abb7b3536a7e\"},\"headline\":\"Workshop inspirant le 29 mai \u00e0 Bruxelles : Comment optimiser la vitalit\u00e9 et l\u2019engagement au travail?\",\"datePublished\":\"2018-04-30T06:17:16+00:00\",\"dateModified\":\"2018-04-30T07:19:20+00:00\",\"mainEntityOfPage\":{\"@id\":\"https:\/\/peoplesphere.be\/fr\/workshop-inspirant-29-mai-a-bruxelles-optimiser-vitalite-lengagement-travail\/\"},\"wordCount\":350,\"publisher\":{\"@id\":\"https:\/\/peoplesphere.be\/fr\/#organization\"},\"keywords\":[\"attentia\",\"bien-\u00eatre\",\"C\u00e9dric Dumont\",\"engagement\",\"Sant\u00e9\",\"vitalit\u00e9\",\"VUCA\"],\"articleSection\":[\"Calendrier\",\"Events\"],\"inLanguage\":\"fr-FR\"},{\"@type\":\"WebPage\",\"@id\":\"https:\/\/peoplesphere.be\/fr\/workshop-inspirant-29-mai-a-bruxelles-optimiser-vitalite-lengagement-travail\/\",\"url\":\"https:\/\/peoplesphere.be\/fr\/workshop-inspirant-29-mai-a-bruxelles-optimiser-vitalite-lengagement-travail\/\",\"name\":\"Workshop inspirant le 29 mai \u00e0 Bruxelles : Comment optimiser la vitalit\u00e9 et l\u2019engagement au travail? - Peoplesphere\",\"isPartOf\":{\"@id\":\"https:\/\/peoplesphere.be\/fr\/#website\"},\"datePublished\":\"2018-04-30T06:17:16+00:00\",\"dateModified\":\"2018-04-30T07:19:20+00:00\",\"breadcrumb\":{\"@id\":\"https:\/\/peoplesphere.be\/fr\/workshop-inspirant-29-mai-a-bruxelles-optimiser-vitalite-lengagement-travail\/#breadcrumb\"},\"inLanguage\":\"fr-FR\",\"potentialAction\":[{\"@type\":\"ReadAction\",\"target\":[\"https:\/\/peoplesphere.be\/fr\/workshop-inspirant-29-mai-a-bruxelles-optimiser-vitalite-lengagement-travail\/\"]}]},{\"@type\":\"BreadcrumbList\",\"@id\":\"https:\/\/peoplesphere.be\/fr\/workshop-inspirant-29-mai-a-bruxelles-optimiser-vitalite-lengagement-travail\/#breadcrumb\",\"itemListElement\":[{\"@type\":\"ListItem\",\"position\":1,\"name\":\"Accueil\",\"item\":\"https:\/\/peoplesphere.be\/fr\/\"},{\"@type\":\"ListItem\",\"position\":2,\"name\":\"Workshop inspirant le 29 mai \u00e0 Bruxelles : Comment optimiser la vitalit\u00e9 et l\u2019engagement au travail?\"}]},{\"@type\":\"WebSite\",\"@id\":\"https:\/\/peoplesphere.be\/fr\/#website\",\"url\":\"https:\/\/peoplesphere.be\/fr\/\",\"name\":\"Peoplesphere\",\"description\":\"The People Managers Magazine\",\"publisher\":{\"@id\":\"https:\/\/peoplesphere.be\/fr\/#organization\"},\"potentialAction\":[{\"@type\":\"SearchAction\",\"target\":{\"@type\":\"EntryPoint\",\"urlTemplate\":\"https:\/\/peoplesphere.be\/fr\/?s={search_term_string}\"},\"query-input\":\"required name=search_term_string\"}],\"inLanguage\":\"fr-FR\"},{\"@type\":\"Organization\",\"@id\":\"https:\/\/peoplesphere.be\/fr\/#organization\",\"name\":\"Peoplesphere Company srl\",\"url\":\"https:\/\/peoplesphere.be\/fr\/\",\"logo\":{\"@type\":\"ImageObject\",\"inLanguage\":\"fr-FR\",\"@id\":\"https:\/\/peoplesphere.be\/fr\/#\/schema\/logo\/image\/\",\"url\":\"https:\/\/peoplesphere.be\/fr\/wp-content\/uploads\/2023\/07\/peoplesphere-lgo-new-generik.jpg\",\"contentUrl\":\"https:\/\/peoplesphere.be\/fr\/wp-content\/uploads\/2023\/07\/peoplesphere-lgo-new-generik.jpg\",\"width\":1031,\"height\":1479,\"caption\":\"Peoplesphere Company srl\"},\"image\":{\"@id\":\"https:\/\/peoplesphere.be\/fr\/#\/schema\/logo\/image\/\"},\"sameAs\":[\"https:\/\/www.facebook.com\/peoplesphere\",\"https:\/\/twitter.com\/PeoplesphereMag\",\"https:\/\/www.linkedin.com\/company\/7587361?trk\",\"http:\/\/youtube.com\/peoplesphere\"]},{\"@type\":\"Person\",\"@id\":\"https:\/\/peoplesphere.be\/fr\/#\/schema\/person\/7976225ff17988604334abb7b3536a7e\",\"name\":\"Jean-Paul Erhard\",\"image\":{\"@type\":\"ImageObject\",\"inLanguage\":\"fr-FR\",\"@id\":\"https:\/\/peoplesphere.be\/fr\/#\/schema\/person\/image\/\",\"url\":\"https:\/\/secure.gravatar.com\/avatar\/f941e681460179738071629a51574930?s=96&d=mm&r=g\",\"contentUrl\":\"https:\/\/secure.gravatar.com\/avatar\/f941e681460179738071629a51574930?s=96&d=mm&r=g\",\"caption\":\"Jean-Paul Erhard\"},\"url\":\"https:\/\/peoplesphere.be\/fr\/author\/jpe\/\"}]}<\/script>\n<!-- \/ Yoast SEO plugin. -->","yoast_head_json":{"title":"Workshop inspirant le 29 mai \u00e0 Bruxelles : Comment optimiser la vitalit\u00e9 et l\u2019engagement au travail? - Peoplesphere","robots":{"index":"index","follow":"follow","max-snippet":"max-snippet:-1","max-image-preview":"max-image-preview:large","max-video-preview":"max-video-preview:-1"},"canonical":"https:\/\/peoplesphere.be\/fr\/workshop-inspirant-29-mai-a-bruxelles-optimiser-vitalite-lengagement-travail\/","og_locale":"fr_FR","og_type":"article","og_title":"Workshop inspirant le 29 mai \u00e0 Bruxelles : Comment optimiser la vitalit\u00e9 et l\u2019engagement au travail? - Peoplesphere","og_description":"Renforcer la vitalit\u00e9 et l\u2019engagement de vos collaborateurs? Comment vaincre la peur? Comment entrer dans une r\u00e9elle dynamique de bien-\u00eatre et remobiliser nos coll\u00e8gues aujourd\u2019hui ? Rejoignez-nous pour un workshop inspirant le 29 mai d\u00e8s 12h30 \u00e0 Bruxelles (Atomium), organis\u00e9 [&hellip;]","og_url":"https:\/\/peoplesphere.be\/fr\/workshop-inspirant-29-mai-a-bruxelles-optimiser-vitalite-lengagement-travail\/","og_site_name":"Peoplesphere","article_publisher":"https:\/\/www.facebook.com\/peoplesphere","article_published_time":"2018-04-30T06:17:16+00:00","article_modified_time":"2018-04-30T07:19:20+00:00","og_image":[{"url":"http:\/\/www.peoplesphere.be\/fr\/wp-content\/uploads\/2016\/07\/facebook-default-posting-1200x628px.jpg"}],"author":"Jean-Paul Erhard","twitter_card":"summary_large_image","twitter_creator":"@PeoplesphereMag","twitter_site":"@PeoplesphereMag","twitter_misc":{"\u00c9crit par":"Jean-Paul Erhard","Dur\u00e9e de lecture estim\u00e9e":"2 minutes"},"schema":{"@context":"https:\/\/schema.org","@graph":[{"@type":"Article","@id":"https:\/\/peoplesphere.be\/fr\/workshop-inspirant-29-mai-a-bruxelles-optimiser-vitalite-lengagement-travail\/#article","isPartOf":{"@id":"https:\/\/peoplesphere.be\/fr\/workshop-inspirant-29-mai-a-bruxelles-optimiser-vitalite-lengagement-travail\/"},"author":{"name":"Jean-Paul Erhard","@id":"https:\/\/peoplesphere.be\/fr\/#\/schema\/person\/7976225ff17988604334abb7b3536a7e"},"headline":"Workshop inspirant le 29 mai \u00e0 Bruxelles : Comment optimiser la vitalit\u00e9 et l\u2019engagement au travail?","datePublished":"2018-04-30T06:17:16+00:00","dateModified":"2018-04-30T07:19:20+00:00","mainEntityOfPage":{"@id":"https:\/\/peoplesphere.be\/fr\/workshop-inspirant-29-mai-a-bruxelles-optimiser-vitalite-lengagement-travail\/"},"wordCount":350,"publisher":{"@id":"https:\/\/peoplesphere.be\/fr\/#organization"},"keywords":["attentia","bien-\u00eatre","C\u00e9dric Dumont","engagement","Sant\u00e9","vitalit\u00e9","VUCA"],"articleSection":["Calendrier","Events"],"inLanguage":"fr-FR"},{"@type":"WebPage","@id":"https:\/\/peoplesphere.be\/fr\/workshop-inspirant-29-mai-a-bruxelles-optimiser-vitalite-lengagement-travail\/","url":"https:\/\/peoplesphere.be\/fr\/workshop-inspirant-29-mai-a-bruxelles-optimiser-vitalite-lengagement-travail\/","name":"Workshop inspirant le 29 mai \u00e0 Bruxelles : Comment optimiser la vitalit\u00e9 et l\u2019engagement au travail? - Peoplesphere","isPartOf":{"@id":"https:\/\/peoplesphere.be\/fr\/#website"},"datePublished":"2018-04-30T06:17:16+00:00","dateModified":"2018-04-30T07:19:20+00:00","breadcrumb":{"@id":"https:\/\/peoplesphere.be\/fr\/workshop-inspirant-29-mai-a-bruxelles-optimiser-vitalite-lengagement-travail\/#breadcrumb"},"inLanguage":"fr-FR","potentialAction":[{"@type":"ReadAction","target":["https:\/\/peoplesphere.be\/fr\/workshop-inspirant-29-mai-a-bruxelles-optimiser-vitalite-lengagement-travail\/"]}]},{"@type":"BreadcrumbList","@id":"https:\/\/peoplesphere.be\/fr\/workshop-inspirant-29-mai-a-bruxelles-optimiser-vitalite-lengagement-travail\/#breadcrumb","itemListElement":[{"@type":"ListItem","position":1,"name":"Accueil","item":"https:\/\/peoplesphere.be\/fr\/"},{"@type":"ListItem","position":2,"name":"Workshop inspirant le 29 mai \u00e0 Bruxelles : Comment optimiser la vitalit\u00e9 et l\u2019engagement au travail?"}]},{"@type":"WebSite","@id":"https:\/\/peoplesphere.be\/fr\/#website","url":"https:\/\/peoplesphere.be\/fr\/","name":"Peoplesphere","description":"The People Managers Magazine","publisher":{"@id":"https:\/\/peoplesphere.be\/fr\/#organization"},"potentialAction":[{"@type":"SearchAction","target":{"@type":"EntryPoint","urlTemplate":"https:\/\/peoplesphere.be\/fr\/?s={search_term_string}"},"query-input":"required name=search_term_string"}],"inLanguage":"fr-FR"},{"@type":"Organization","@id":"https:\/\/peoplesphere.be\/fr\/#organization","name":"Peoplesphere Company srl","url":"https:\/\/peoplesphere.be\/fr\/","logo":{"@type":"ImageObject","inLanguage":"fr-FR","@id":"https:\/\/peoplesphere.be\/fr\/#\/schema\/logo\/image\/","url":"https:\/\/peoplesphere.be\/fr\/wp-content\/uploads\/2023\/07\/peoplesphere-lgo-new-generik.jpg","contentUrl":"https:\/\/peoplesphere.be\/fr\/wp-content\/uploads\/2023\/07\/peoplesphere-lgo-new-generik.jpg","width":1031,"height":1479,"caption":"Peoplesphere Company srl"},"image":{"@id":"https:\/\/peoplesphere.be\/fr\/#\/schema\/logo\/image\/"},"sameAs":["https:\/\/www.facebook.com\/peoplesphere","https:\/\/twitter.com\/PeoplesphereMag","https:\/\/www.linkedin.com\/company\/7587361?trk","http:\/\/youtube.com\/peoplesphere"]},{"@type":"Person","@id":"https:\/\/peoplesphere.be\/fr\/#\/schema\/person\/7976225ff17988604334abb7b3536a7e","name":"Jean-Paul Erhard","image":{"@type":"ImageObject","inLanguage":"fr-FR","@id":"https:\/\/peoplesphere.be\/fr\/#\/schema\/person\/image\/","url":"https:\/\/secure.gravatar.com\/avatar\/f941e681460179738071629a51574930?s=96&d=mm&r=g","contentUrl":"https:\/\/secure.gravatar.com\/avatar\/f941e681460179738071629a51574930?s=96&d=mm&r=g","caption":"Jean-Paul Erhard"},"url":"https:\/\/peoplesphere.be\/fr\/author\/jpe\/"}]}},"_links":{"self":[{"href":"https:\/\/peoplesphere.be\/fr\/wp-json\/wp\/v2\/posts\/5955"}],"collection":[{"href":"https:\/\/peoplesphere.be\/fr\/wp-json\/wp\/v2\/posts"}],"about":[{"href":"https:\/\/peoplesphere.be\/fr\/wp-json\/wp\/v2\/types\/post"}],"author":[{"embeddable":true,"href":"https:\/\/peoplesphere.be\/fr\/wp-json\/wp\/v2\/users\/2"}],"replies":[{"embeddable":true,"href":"https:\/\/peoplesphere.be\/fr\/wp-json\/wp\/v2\/comments?post=5955"}],"version-history":[{"count":2,"href":"https:\/\/peoplesphere.be\/fr\/wp-json\/wp\/v2\/posts\/5955\/revisions"}],"predecessor-version":[{"id":5959,"href":"https:\/\/peoplesphere.be\/fr\/wp-json\/wp\/v2\/posts\/5955\/revisions\/5959"}],"wp:attachment":[{"href":"https:\/\/peoplesphere.be\/fr\/wp-json\/wp\/v2\/media?parent=5955"}],"wp:term":[{"taxonomy":"category","embeddable":true,"href":"https:\/\/peoplesphere.be\/fr\/wp-json\/wp\/v2\/categories?post=5955"},{"taxonomy":"post_tag","embeddable":true,"href":"https:\/\/peoplesphere.be\/fr\/wp-json\/wp\/v2\/tags?post=5955"}],"curies":[{"name":"wp","href":"https:\/\/api.w.org\/{rel}","templated":true}]}}