









{"id":5964,"date":"2018-05-02T18:33:47","date_gmt":"2018-05-02T16:33:47","guid":{"rendered":"http:\/\/www.peoplesphere.be\/fr\/?p=5964"},"modified":"2018-05-02T18:33:47","modified_gmt":"2018-05-02T16:33:47","slug":"wallonie-enregistre-nouvelle-baisse-significative-nombre-de-demandeurs-demploi","status":"publish","type":"post","link":"https:\/\/peoplesphere.be\/fr\/wallonie-enregistre-nouvelle-baisse-significative-nombre-de-demandeurs-demploi\/","title":{"rendered":"La Wallonie enregistre une nouvelle baisse significative du nombre de demandeurs d&#8217;emploi."},"content":{"rendered":"<p>Fin avril 2018, la Wallonie est pass\u00e9e sous le seuil symbolique des 200.000 demandeurs d\u2019emplois inoccup\u00e9s, avec 198.279 D.E.I. (dont 1.628 en Communaut\u00e9 germanophone), ce qui n\u2019\u00e9tait plus arriv\u00e9 depuis le d\u00e9but des ann\u00e9es 90. Notons cependant que le curseur devrait repasser au-dessus des 200.000 cet \u00e9t\u00e9, notamment lors de l\u2019inscription des jeunes apr\u00e8s leurs \u00e9tudes ou la r\u00e9inscription.<!--more--><\/p>\n<p>Les D.E.I. repr\u00e9sentent actuellement 12,6 % de la population wallonne. Le taux de demande d\u2019emploi \u00e9tait de 13,7 % \u00e0 fin avril 2017 et de 14,4 % \u00e0 fin avril 2016. La demande d\u2019emploi diminue donc toujours en Wallonie sur base annuelle.<\/p>\n<p>Fin avril 2018, la Wallonie compte 137.386 demandeurs d\u2019emploi (D.E.) demandeurs d\u2019allocations (dont 1.628 en Communaut\u00e9 germanophone) et 27.806 jeunes en stage d\u2019insertion professionnelle (dont 167 en Communaut\u00e9 germanophone). Pour une vue compl\u00e8te du volume de demandeurs d\u2019emploi inoccup\u00e9s (D.E.I.), il convient d\u2019ajouter \u00e0 ces personnes 19.663 demandeurs d\u2019emploi inscrits obligatoirement et 13.424 demandeurs d\u2019emploi inscrits librement dans la demande d\u2019emploi, pour un total de 198.279 D.E.I. Ceux-ci repr\u00e9sentent 12,6 % de la population active wallonne. Ce taux de demande d\u2019emploi \u00e9tait de 13,7 % \u00e0 fin avril 2017 contre 14,4 % \u00e0 fin avril 2016.<\/p>\n<p>Parmi ces 198.279 D.E.I. :<\/p>\n<p>53 % sont des hommes ;<br \/>\n19 % sont \u00e2g\u00e9s de moins de 25 ans, 27 % ont 50 ans et plus ;<br \/>\n46 % sont au plus dipl\u00f4m\u00e9s de l\u2019enseignement secondaire du 2\u00e8me degr\u00e9 ;<br \/>\n23 % sont inoccup\u00e9s depuis moins de six mois et 40 % depuis deux ans et plus.<\/p>\n<p>Entre mars et avril 2018, le nombre total de D.E.I. en Wallonie a diminu\u00e9 de 2,2 %. Une baisse de cette ampleur est habituellement observ\u00e9e \u00e0 cette p\u00e9riode.<\/p>\n<p><strong><em>17.799 demandeurs d\u2019emploi de moins qu\u2019en avril 2017 (\u00e9cart annuel)<\/em><\/strong><\/p>\n<p>Fin avril 2018, le nombre de D.E.I. en Wallonie enregistre une diminution de 8,2 % \u00e0 un an d\u2019\u00e9cart. Cela correspond \u00e0 une diminution de 17.799 personnes.<\/p>\n<p>Les tendances selon la situation administrative des personnes inscrites dans la demande d\u2019emploi sont les suivantes :<\/p>\n<ul>\n<li>Demandeurs d\u2019emploi demandeurs d\u2019allocations : &#8211; 8,7 %, soit \u2013 13.085 personnes en un an ;<\/li>\n<li>Jeunes en stage d\u2019insertion : + 9,1 %, soit + 2.326 personnes ;<\/li>\n<li>Demandeurs d\u2019emploi inscrits obligatoirement : &#8211; 23,9 %, soit &#8211; 6.187 personnes ;<\/li>\n<li>Demandeurs d\u2019emploi inscrits librement : &#8211; 6,0 %, soit &#8211; 853 personnes.<\/li>\n<\/ul>\n<p>Toutes les classes d\u2019\u00e2ge au sein des D.E.I. sont orient\u00e9es \u00e0 la baisse sur base annuelle. Notons aux extr\u00eames :<\/p>\n<ul>\n<li>Le nombre de D.E.I. entre 40 et moins de 50 ans enregistre le recul le plus notable, soit &#8211; 10,2 % ;<\/li>\n<li>Les personnes \u00e2g\u00e9es de 50 ans et plus connaissent la moindre diminution (- 6,0 %), consid\u00e9rant la baisse g\u00e9n\u00e9rale de 8,2 %.<br \/>\nEcart annuel selon les dur\u00e9es d\u2019inoccupation<\/li>\n<\/ul>\n<p>La demande d\u2019emploi diminue \u00e0 un an d\u2019\u00e9cart quelle que soit la classe de dur\u00e9e d\u2019inoccupation des personnes avec toutefois des diminutions contrast\u00e9es :<\/p>\n<p>&#8211; 16,7 % pour les demandeurs d\u2019emploi arriv\u00e9s il y a moins de six mois ;<br \/>\n&#8211; 1,8 % pour les personnes inoccup\u00e9es depuis un an \u00e0 moins de deux ans.<\/p>\n<p><em>Source : Le Forem<\/em><\/p>\n","protected":false},"excerpt":{"rendered":"<p>Fin avril 2018, la Wallonie est pass\u00e9e sous le seuil symbolique des 200.000 demandeurs d\u2019emplois inoccup\u00e9s, avec 198.279 D.E.I. (dont 1.628 en Communaut\u00e9 germanophone), ce qui n\u2019\u00e9tait plus arriv\u00e9 depuis le d\u00e9but des ann\u00e9es 90. Notons cependant que le curseur [&hellip;]<\/p>\n","protected":false},"author":2,"featured_media":0,"comment_status":"closed","ping_status":"open","sticky":false,"template":"","format":"standard","meta":[],"categories":[65,10],"tags":[92,653,11,1975],"yoast_head":"<!-- This site is optimized with the Yoast SEO plugin v21.0 - https:\/\/yoast.com\/wordpress\/plugins\/seo\/ -->\n<title>La Wallonie enregistre une nouvelle baisse significative du nombre de demandeurs d&#039;emploi. - Peoplesphere<\/title>\n<meta name=\"robots\" content=\"index, follow, max-snippet:-1, max-image-preview:large, max-video-preview:-1\" \/>\n<link rel=\"canonical\" href=\"https:\/\/peoplesphere.be\/fr\/wallonie-enregistre-nouvelle-baisse-significative-nombre-de-demandeurs-demploi\/\" \/>\n<meta property=\"og:locale\" content=\"fr_FR\" \/>\n<meta property=\"og:type\" content=\"article\" \/>\n<meta property=\"og:title\" content=\"La Wallonie enregistre une nouvelle baisse significative du nombre de demandeurs d&#039;emploi. - Peoplesphere\" \/>\n<meta property=\"og:description\" content=\"Fin avril 2018, la Wallonie est pass\u00e9e sous le seuil symbolique des 200.000 demandeurs d\u2019emplois inoccup\u00e9s, avec 198.279 D.E.I. (dont 1.628 en Communaut\u00e9 germanophone), ce qui n\u2019\u00e9tait plus arriv\u00e9 depuis le d\u00e9but des ann\u00e9es 90. Notons cependant que le curseur [&hellip;]\" \/>\n<meta property=\"og:url\" content=\"https:\/\/peoplesphere.be\/fr\/wallonie-enregistre-nouvelle-baisse-significative-nombre-de-demandeurs-demploi\/\" \/>\n<meta property=\"og:site_name\" content=\"Peoplesphere\" \/>\n<meta property=\"article:publisher\" content=\"https:\/\/www.facebook.com\/peoplesphere\" \/>\n<meta property=\"article:published_time\" content=\"2018-05-02T16:33:47+00:00\" \/>\n<meta property=\"og:image\" content=\"http:\/\/www.peoplesphere.be\/fr\/wp-content\/uploads\/2016\/07\/facebook-default-posting-1200x628px.jpg\" \/>\n<meta name=\"author\" content=\"Jean-Paul Erhard\" \/>\n<meta name=\"twitter:card\" content=\"summary_large_image\" \/>\n<meta name=\"twitter:creator\" content=\"@PeoplesphereMag\" \/>\n<meta name=\"twitter:site\" content=\"@PeoplesphereMag\" \/>\n<meta name=\"twitter:label1\" content=\"\u00c9crit par\" \/>\n\t<meta name=\"twitter:data1\" content=\"Jean-Paul Erhard\" \/>\n\t<meta name=\"twitter:label2\" content=\"Dur\u00e9e de lecture estim\u00e9e\" \/>\n\t<meta name=\"twitter:data2\" content=\"2 minutes\" \/>\n<script type=\"application\/ld+json\" class=\"yoast-schema-graph\">{\"@context\":\"https:\/\/schema.org\",\"@graph\":[{\"@type\":\"Article\",\"@id\":\"https:\/\/peoplesphere.be\/fr\/wallonie-enregistre-nouvelle-baisse-significative-nombre-de-demandeurs-demploi\/#article\",\"isPartOf\":{\"@id\":\"https:\/\/peoplesphere.be\/fr\/wallonie-enregistre-nouvelle-baisse-significative-nombre-de-demandeurs-demploi\/\"},\"author\":{\"name\":\"Jean-Paul Erhard\",\"@id\":\"https:\/\/peoplesphere.be\/fr\/#\/schema\/person\/7976225ff17988604334abb7b3536a7e\"},\"headline\":\"La Wallonie enregistre une nouvelle baisse significative du nombre de demandeurs d&#8217;emploi.\",\"datePublished\":\"2018-05-02T16:33:47+00:00\",\"dateModified\":\"2018-05-02T16:33:47+00:00\",\"mainEntityOfPage\":{\"@id\":\"https:\/\/peoplesphere.be\/fr\/wallonie-enregistre-nouvelle-baisse-significative-nombre-de-demandeurs-demploi\/\"},\"wordCount\":498,\"publisher\":{\"@id\":\"https:\/\/peoplesphere.be\/fr\/#organization\"},\"keywords\":[\"ch\u00f4mage\",\"demandeurs d'emploi\",\"emploi\",\"le forem\"],\"articleSection\":[\"Actualit\u00e9s\",\"Digital\"],\"inLanguage\":\"fr-FR\"},{\"@type\":\"WebPage\",\"@id\":\"https:\/\/peoplesphere.be\/fr\/wallonie-enregistre-nouvelle-baisse-significative-nombre-de-demandeurs-demploi\/\",\"url\":\"https:\/\/peoplesphere.be\/fr\/wallonie-enregistre-nouvelle-baisse-significative-nombre-de-demandeurs-demploi\/\",\"name\":\"La Wallonie enregistre une nouvelle baisse significative du nombre de demandeurs d'emploi. - Peoplesphere\",\"isPartOf\":{\"@id\":\"https:\/\/peoplesphere.be\/fr\/#website\"},\"datePublished\":\"2018-05-02T16:33:47+00:00\",\"dateModified\":\"2018-05-02T16:33:47+00:00\",\"breadcrumb\":{\"@id\":\"https:\/\/peoplesphere.be\/fr\/wallonie-enregistre-nouvelle-baisse-significative-nombre-de-demandeurs-demploi\/#breadcrumb\"},\"inLanguage\":\"fr-FR\",\"potentialAction\":[{\"@type\":\"ReadAction\",\"target\":[\"https:\/\/peoplesphere.be\/fr\/wallonie-enregistre-nouvelle-baisse-significative-nombre-de-demandeurs-demploi\/\"]}]},{\"@type\":\"BreadcrumbList\",\"@id\":\"https:\/\/peoplesphere.be\/fr\/wallonie-enregistre-nouvelle-baisse-significative-nombre-de-demandeurs-demploi\/#breadcrumb\",\"itemListElement\":[{\"@type\":\"ListItem\",\"position\":1,\"name\":\"Accueil\",\"item\":\"https:\/\/peoplesphere.be\/fr\/\"},{\"@type\":\"ListItem\",\"position\":2,\"name\":\"La Wallonie enregistre une nouvelle baisse significative du nombre de demandeurs d&#8217;emploi.\"}]},{\"@type\":\"WebSite\",\"@id\":\"https:\/\/peoplesphere.be\/fr\/#website\",\"url\":\"https:\/\/peoplesphere.be\/fr\/\",\"name\":\"Peoplesphere\",\"description\":\"The People Managers Magazine\",\"publisher\":{\"@id\":\"https:\/\/peoplesphere.be\/fr\/#organization\"},\"potentialAction\":[{\"@type\":\"SearchAction\",\"target\":{\"@type\":\"EntryPoint\",\"urlTemplate\":\"https:\/\/peoplesphere.be\/fr\/?s={search_term_string}\"},\"query-input\":\"required name=search_term_string\"}],\"inLanguage\":\"fr-FR\"},{\"@type\":\"Organization\",\"@id\":\"https:\/\/peoplesphere.be\/fr\/#organization\",\"name\":\"Peoplesphere Company srl\",\"url\":\"https:\/\/peoplesphere.be\/fr\/\",\"logo\":{\"@type\":\"ImageObject\",\"inLanguage\":\"fr-FR\",\"@id\":\"https:\/\/peoplesphere.be\/fr\/#\/schema\/logo\/image\/\",\"url\":\"https:\/\/peoplesphere.be\/fr\/wp-content\/uploads\/2023\/07\/peoplesphere-lgo-new-generik.jpg\",\"contentUrl\":\"https:\/\/peoplesphere.be\/fr\/wp-content\/uploads\/2023\/07\/peoplesphere-lgo-new-generik.jpg\",\"width\":1031,\"height\":1479,\"caption\":\"Peoplesphere Company srl\"},\"image\":{\"@id\":\"https:\/\/peoplesphere.be\/fr\/#\/schema\/logo\/image\/\"},\"sameAs\":[\"https:\/\/www.facebook.com\/peoplesphere\",\"https:\/\/twitter.com\/PeoplesphereMag\",\"https:\/\/www.linkedin.com\/company\/7587361?trk\",\"http:\/\/youtube.com\/peoplesphere\"]},{\"@type\":\"Person\",\"@id\":\"https:\/\/peoplesphere.be\/fr\/#\/schema\/person\/7976225ff17988604334abb7b3536a7e\",\"name\":\"Jean-Paul Erhard\",\"image\":{\"@type\":\"ImageObject\",\"inLanguage\":\"fr-FR\",\"@id\":\"https:\/\/peoplesphere.be\/fr\/#\/schema\/person\/image\/\",\"url\":\"https:\/\/secure.gravatar.com\/avatar\/f941e681460179738071629a51574930?s=96&d=mm&r=g\",\"contentUrl\":\"https:\/\/secure.gravatar.com\/avatar\/f941e681460179738071629a51574930?s=96&d=mm&r=g\",\"caption\":\"Jean-Paul Erhard\"},\"url\":\"https:\/\/peoplesphere.be\/fr\/author\/jpe\/\"}]}<\/script>\n<!-- \/ Yoast SEO plugin. -->","yoast_head_json":{"title":"La Wallonie enregistre une nouvelle baisse significative du nombre de demandeurs d'emploi. - Peoplesphere","robots":{"index":"index","follow":"follow","max-snippet":"max-snippet:-1","max-image-preview":"max-image-preview:large","max-video-preview":"max-video-preview:-1"},"canonical":"https:\/\/peoplesphere.be\/fr\/wallonie-enregistre-nouvelle-baisse-significative-nombre-de-demandeurs-demploi\/","og_locale":"fr_FR","og_type":"article","og_title":"La Wallonie enregistre une nouvelle baisse significative du nombre de demandeurs d'emploi. - Peoplesphere","og_description":"Fin avril 2018, la Wallonie est pass\u00e9e sous le seuil symbolique des 200.000 demandeurs d\u2019emplois inoccup\u00e9s, avec 198.279 D.E.I. (dont 1.628 en Communaut\u00e9 germanophone), ce qui n\u2019\u00e9tait plus arriv\u00e9 depuis le d\u00e9but des ann\u00e9es 90. Notons cependant que le curseur [&hellip;]","og_url":"https:\/\/peoplesphere.be\/fr\/wallonie-enregistre-nouvelle-baisse-significative-nombre-de-demandeurs-demploi\/","og_site_name":"Peoplesphere","article_publisher":"https:\/\/www.facebook.com\/peoplesphere","article_published_time":"2018-05-02T16:33:47+00:00","og_image":[{"url":"http:\/\/www.peoplesphere.be\/fr\/wp-content\/uploads\/2016\/07\/facebook-default-posting-1200x628px.jpg"}],"author":"Jean-Paul Erhard","twitter_card":"summary_large_image","twitter_creator":"@PeoplesphereMag","twitter_site":"@PeoplesphereMag","twitter_misc":{"\u00c9crit par":"Jean-Paul Erhard","Dur\u00e9e de lecture estim\u00e9e":"2 minutes"},"schema":{"@context":"https:\/\/schema.org","@graph":[{"@type":"Article","@id":"https:\/\/peoplesphere.be\/fr\/wallonie-enregistre-nouvelle-baisse-significative-nombre-de-demandeurs-demploi\/#article","isPartOf":{"@id":"https:\/\/peoplesphere.be\/fr\/wallonie-enregistre-nouvelle-baisse-significative-nombre-de-demandeurs-demploi\/"},"author":{"name":"Jean-Paul Erhard","@id":"https:\/\/peoplesphere.be\/fr\/#\/schema\/person\/7976225ff17988604334abb7b3536a7e"},"headline":"La Wallonie enregistre une nouvelle baisse significative du nombre de demandeurs d&#8217;emploi.","datePublished":"2018-05-02T16:33:47+00:00","dateModified":"2018-05-02T16:33:47+00:00","mainEntityOfPage":{"@id":"https:\/\/peoplesphere.be\/fr\/wallonie-enregistre-nouvelle-baisse-significative-nombre-de-demandeurs-demploi\/"},"wordCount":498,"publisher":{"@id":"https:\/\/peoplesphere.be\/fr\/#organization"},"keywords":["ch\u00f4mage","demandeurs d'emploi","emploi","le forem"],"articleSection":["Actualit\u00e9s","Digital"],"inLanguage":"fr-FR"},{"@type":"WebPage","@id":"https:\/\/peoplesphere.be\/fr\/wallonie-enregistre-nouvelle-baisse-significative-nombre-de-demandeurs-demploi\/","url":"https:\/\/peoplesphere.be\/fr\/wallonie-enregistre-nouvelle-baisse-significative-nombre-de-demandeurs-demploi\/","name":"La Wallonie enregistre une nouvelle baisse significative du nombre de demandeurs d'emploi. - Peoplesphere","isPartOf":{"@id":"https:\/\/peoplesphere.be\/fr\/#website"},"datePublished":"2018-05-02T16:33:47+00:00","dateModified":"2018-05-02T16:33:47+00:00","breadcrumb":{"@id":"https:\/\/peoplesphere.be\/fr\/wallonie-enregistre-nouvelle-baisse-significative-nombre-de-demandeurs-demploi\/#breadcrumb"},"inLanguage":"fr-FR","potentialAction":[{"@type":"ReadAction","target":["https:\/\/peoplesphere.be\/fr\/wallonie-enregistre-nouvelle-baisse-significative-nombre-de-demandeurs-demploi\/"]}]},{"@type":"BreadcrumbList","@id":"https:\/\/peoplesphere.be\/fr\/wallonie-enregistre-nouvelle-baisse-significative-nombre-de-demandeurs-demploi\/#breadcrumb","itemListElement":[{"@type":"ListItem","position":1,"name":"Accueil","item":"https:\/\/peoplesphere.be\/fr\/"},{"@type":"ListItem","position":2,"name":"La Wallonie enregistre une nouvelle baisse significative du nombre de demandeurs d&#8217;emploi."}]},{"@type":"WebSite","@id":"https:\/\/peoplesphere.be\/fr\/#website","url":"https:\/\/peoplesphere.be\/fr\/","name":"Peoplesphere","description":"The People Managers Magazine","publisher":{"@id":"https:\/\/peoplesphere.be\/fr\/#organization"},"potentialAction":[{"@type":"SearchAction","target":{"@type":"EntryPoint","urlTemplate":"https:\/\/peoplesphere.be\/fr\/?s={search_term_string}"},"query-input":"required name=search_term_string"}],"inLanguage":"fr-FR"},{"@type":"Organization","@id":"https:\/\/peoplesphere.be\/fr\/#organization","name":"Peoplesphere Company srl","url":"https:\/\/peoplesphere.be\/fr\/","logo":{"@type":"ImageObject","inLanguage":"fr-FR","@id":"https:\/\/peoplesphere.be\/fr\/#\/schema\/logo\/image\/","url":"https:\/\/peoplesphere.be\/fr\/wp-content\/uploads\/2023\/07\/peoplesphere-lgo-new-generik.jpg","contentUrl":"https:\/\/peoplesphere.be\/fr\/wp-content\/uploads\/2023\/07\/peoplesphere-lgo-new-generik.jpg","width":1031,"height":1479,"caption":"Peoplesphere Company srl"},"image":{"@id":"https:\/\/peoplesphere.be\/fr\/#\/schema\/logo\/image\/"},"sameAs":["https:\/\/www.facebook.com\/peoplesphere","https:\/\/twitter.com\/PeoplesphereMag","https:\/\/www.linkedin.com\/company\/7587361?trk","http:\/\/youtube.com\/peoplesphere"]},{"@type":"Person","@id":"https:\/\/peoplesphere.be\/fr\/#\/schema\/person\/7976225ff17988604334abb7b3536a7e","name":"Jean-Paul Erhard","image":{"@type":"ImageObject","inLanguage":"fr-FR","@id":"https:\/\/peoplesphere.be\/fr\/#\/schema\/person\/image\/","url":"https:\/\/secure.gravatar.com\/avatar\/f941e681460179738071629a51574930?s=96&d=mm&r=g","contentUrl":"https:\/\/secure.gravatar.com\/avatar\/f941e681460179738071629a51574930?s=96&d=mm&r=g","caption":"Jean-Paul Erhard"},"url":"https:\/\/peoplesphere.be\/fr\/author\/jpe\/"}]}},"_links":{"self":[{"href":"https:\/\/peoplesphere.be\/fr\/wp-json\/wp\/v2\/posts\/5964"}],"collection":[{"href":"https:\/\/peoplesphere.be\/fr\/wp-json\/wp\/v2\/posts"}],"about":[{"href":"https:\/\/peoplesphere.be\/fr\/wp-json\/wp\/v2\/types\/post"}],"author":[{"embeddable":true,"href":"https:\/\/peoplesphere.be\/fr\/wp-json\/wp\/v2\/users\/2"}],"replies":[{"embeddable":true,"href":"https:\/\/peoplesphere.be\/fr\/wp-json\/wp\/v2\/comments?post=5964"}],"version-history":[{"count":1,"href":"https:\/\/peoplesphere.be\/fr\/wp-json\/wp\/v2\/posts\/5964\/revisions"}],"predecessor-version":[{"id":5965,"href":"https:\/\/peoplesphere.be\/fr\/wp-json\/wp\/v2\/posts\/5964\/revisions\/5965"}],"wp:attachment":[{"href":"https:\/\/peoplesphere.be\/fr\/wp-json\/wp\/v2\/media?parent=5964"}],"wp:term":[{"taxonomy":"category","embeddable":true,"href":"https:\/\/peoplesphere.be\/fr\/wp-json\/wp\/v2\/categories?post=5964"},{"taxonomy":"post_tag","embeddable":true,"href":"https:\/\/peoplesphere.be\/fr\/wp-json\/wp\/v2\/tags?post=5964"}],"curies":[{"name":"wp","href":"https:\/\/api.w.org\/{rel}","templated":true}]}}