









{"id":5982,"date":"2018-06-06T11:33:13","date_gmt":"2018-06-06T09:33:13","guid":{"rendered":"http:\/\/www.peoplesphere.be\/fr\/?p=5982"},"modified":"2018-06-06T11:31:22","modified_gmt":"2018-06-06T09:31:22","slug":"enjeux-humains-nouveaux-modes-de-travail-nouvelle-formation-universitaire-a-liege-a-partir-de-septembre-2018","status":"publish","type":"post","link":"https:\/\/peoplesphere.be\/fr\/enjeux-humains-nouveaux-modes-de-travail-nouvelle-formation-universitaire-a-liege-a-partir-de-septembre-2018\/","title":{"rendered":"\u00ab\u00a0Les enjeux humains des nouveaux modes de travail\u00a0\u00bb, une nouvelle formation universitaire \u00e0 Li\u00e8ge \u00e0 partir de septembre 2018."},"content":{"rendered":"<p>De plus en plus d\u2019entreprises et de services publics optent pour des formes alternatives d\u2019organisation du travail (NWoW\u202f: entreprises lib\u00e9r\u00e9es, t\u00e9l\u00e9travail, num\u00e9risation accrue, virtualisation des relations et des actions\u2026). Le certificat universtaire \u00e9labor\u00e9 par l\u2019Universit\u00e9 de Li\u00e8ge vise \u00e0 mieux pr\u00e9parer les professionnels RH et l\u2019ensemble des managers face \u00e0 des changements souvent lourds de cons\u00e9quence pour leurs collaborateurs.<!--more--><\/p>\n<p>Une premi\u00e8re question qui nous revient de ces entreprises porte sur les finalit\u00e9s de ces changements et la fa\u00e7on de les choisir en en ayant analys\u00e9 les impacts potentiels (dont humains).<\/p>\n<p>Un second type de question porte sur les moyens n\u00e9cessaires pour mener ces changements et les points d\u2019attention, entre autres relationnels (communication, leadership,\u2026).<\/p>\n<p>Enfin, la responsabilit\u00e9 des prises de d\u00e9cisions dans ces contextes de changement est telle que les situations peuvent \u00eatre consid\u00e9r\u00e9es comme stressantes. Il est donc important de trouver les moyens de se ressourcer mentalement.<\/p>\n<p>Cette formation, sur les nouveaux modes d\u2019organisation du travail, vise \u00e0 apporter une r\u00e9flexion et \u00e0 outiller les participants pour r\u00e9pondre \u00e0 ces questions et proposer une mise en action critique dans leur propre entreprise. Elle s\u2019adresse \u00e0 tout manager, quel que soit son positionnement dans l\u2019organisation, id\u00e9alement ayant quelques ann\u00e9es d\u2019exp\u00e9rience.<\/p>\n<p><em><strong>Les points forts du programme\u00a0:<\/strong><\/em><\/p>\n<p>Formation alliant r\u00e9sultats de recherche, outils pratiques pour soutenir ses actions et r\u00e9flexion sur le d\u00e9veloppement de ses leviers personnels<\/p>\n<ul>\n<li>Les approches plus th\u00e9oriques permettent d&rsquo;analyser son organisation (selon les points de vue \u00e9conomique, social\/humain et technologique) et d&rsquo;identifier les facteurs de bien-\u00eatre versus mal-\u00eatre g\u00e9n\u00e9r\u00e9s par le monde du travail et les diff\u00e9rents modes manag\u00e9riaux propos\u00e9s dans le NWOW.<\/li>\n<li>Les approches plus pratiques entra\u00eenent \u00e0 l\u2019utilisation d\u2019outils pour d\u00e9velopper des strat\u00e9gies visant \u00e0 am\u00e9liorer le bien-\u00eatre dans son environnement direct de travail (organisation et \u00e9quipes).<\/li>\n<li>Enfin, les leviers personnels travaill\u00e9s dans des s\u00e9minaires de d\u00e9veloppement personnel permettent l&rsquo;analyse, la remise en question et le d\u00e9veloppement de nouvelles strat\u00e9gies personnelles maximisant son propre bien-\u00eatre, base de l\u2019action vers autrui.<\/li>\n<\/ul>\n<p>Pour tout renseignement concernant l\u2019organisation de ce programme, contactez Tina Capitano, Project Manager au +32(0)4\/232.73.30 ou <a href=\"mailto:c.capitano@uliege.be\">c.capitano@uliege.be<\/a><\/p>\n<p>Plus d\u2019informations et inscription :\u00a0<a href=\"http:\/\/www.hecexecutiveschool.be\/parcours\/nwow-nouveaux-modes-de-travail\/\">http:\/\/www.hecexecutiveschool.be\/parcours\/nwow-nouveaux-modes-de-travail\/<\/a><\/p>\n<p>&nbsp;<\/p>\n","protected":false},"excerpt":{"rendered":"<p>De plus en plus d\u2019entreprises et de services publics optent pour des formes alternatives d\u2019organisation du travail (NWoW\u202f: entreprises lib\u00e9r\u00e9es, t\u00e9l\u00e9travail, num\u00e9risation accrue, virtualisation des relations et des actions\u2026). Le certificat universtaire \u00e9labor\u00e9 par l\u2019Universit\u00e9 de Li\u00e8ge vise \u00e0 mieux [&hellip;]<\/p>\n","protected":false},"author":2,"featured_media":5983,"comment_status":"closed","ping_status":"open","sticky":false,"template":"","format":"standard","meta":[],"categories":[65,10],"tags":[422,165,48,810,611,155,1986],"yoast_head":"<!-- This site is optimized with the Yoast SEO plugin v21.0 - https:\/\/yoast.com\/wordpress\/plugins\/seo\/ -->\n<title>&quot;Les enjeux humains des nouveaux modes de travail&quot;, une nouvelle formation universitaire \u00e0 Li\u00e8ge \u00e0 partir de septembre 2018. - Peoplesphere<\/title>\n<meta name=\"robots\" content=\"index, follow, max-snippet:-1, max-image-preview:large, max-video-preview:-1\" \/>\n<link rel=\"canonical\" href=\"https:\/\/peoplesphere.be\/fr\/enjeux-humains-nouveaux-modes-de-travail-nouvelle-formation-universitaire-a-liege-a-partir-de-septembre-2018\/\" \/>\n<meta property=\"og:locale\" content=\"fr_FR\" \/>\n<meta property=\"og:type\" content=\"article\" \/>\n<meta property=\"og:title\" content=\"&quot;Les enjeux humains des nouveaux modes de travail&quot;, une nouvelle formation universitaire \u00e0 Li\u00e8ge \u00e0 partir de septembre 2018. - Peoplesphere\" \/>\n<meta property=\"og:description\" content=\"De plus en plus d\u2019entreprises et de services publics optent pour des formes alternatives d\u2019organisation du travail (NWoW\u202f: entreprises lib\u00e9r\u00e9es, t\u00e9l\u00e9travail, num\u00e9risation accrue, virtualisation des relations et des actions\u2026). Le certificat universtaire \u00e9labor\u00e9 par l\u2019Universit\u00e9 de Li\u00e8ge vise \u00e0 mieux [&hellip;]\" \/>\n<meta property=\"og:url\" content=\"https:\/\/peoplesphere.be\/fr\/enjeux-humains-nouveaux-modes-de-travail-nouvelle-formation-universitaire-a-liege-a-partir-de-septembre-2018\/\" \/>\n<meta property=\"og:site_name\" content=\"Peoplesphere\" \/>\n<meta property=\"article:publisher\" content=\"https:\/\/www.facebook.com\/peoplesphere\" \/>\n<meta property=\"article:published_time\" content=\"2018-06-06T09:33:13+00:00\" \/>\n<meta property=\"article:modified_time\" content=\"2018-06-06T09:31:22+00:00\" \/>\n<meta property=\"og:image\" content=\"https:\/\/peoplesphere.be\/fr\/wp-content\/uploads\/2018\/05\/Capture-d\u2019\u00e9cran-2018-05-04-\u00e0-14.39.30.png\" \/>\n\t<meta property=\"og:image:width\" content=\"1041\" \/>\n\t<meta property=\"og:image:height\" content=\"733\" \/>\n\t<meta property=\"og:image:type\" content=\"image\/png\" \/>\n<meta name=\"author\" content=\"Jean-Paul Erhard\" \/>\n<meta name=\"twitter:card\" content=\"summary_large_image\" \/>\n<meta name=\"twitter:creator\" content=\"@PeoplesphereMag\" \/>\n<meta name=\"twitter:site\" content=\"@PeoplesphereMag\" \/>\n<meta name=\"twitter:label1\" content=\"\u00c9crit par\" \/>\n\t<meta name=\"twitter:data1\" content=\"Jean-Paul Erhard\" \/>\n\t<meta name=\"twitter:label2\" content=\"Dur\u00e9e de lecture estim\u00e9e\" \/>\n\t<meta name=\"twitter:data2\" content=\"2 minutes\" \/>\n<script type=\"application\/ld+json\" class=\"yoast-schema-graph\">{\"@context\":\"https:\/\/schema.org\",\"@graph\":[{\"@type\":\"Article\",\"@id\":\"https:\/\/peoplesphere.be\/fr\/enjeux-humains-nouveaux-modes-de-travail-nouvelle-formation-universitaire-a-liege-a-partir-de-septembre-2018\/#article\",\"isPartOf\":{\"@id\":\"https:\/\/peoplesphere.be\/fr\/enjeux-humains-nouveaux-modes-de-travail-nouvelle-formation-universitaire-a-liege-a-partir-de-septembre-2018\/\"},\"author\":{\"name\":\"Jean-Paul Erhard\",\"@id\":\"https:\/\/peoplesphere.be\/fr\/#\/schema\/person\/7976225ff17988604334abb7b3536a7e\"},\"headline\":\"\u00ab\u00a0Les enjeux humains des nouveaux modes de travail\u00a0\u00bb, une nouvelle formation universitaire \u00e0 Li\u00e8ge \u00e0 partir de septembre 2018.\",\"datePublished\":\"2018-06-06T09:33:13+00:00\",\"dateModified\":\"2018-06-06T09:31:22+00:00\",\"mainEntityOfPage\":{\"@id\":\"https:\/\/peoplesphere.be\/fr\/enjeux-humains-nouveaux-modes-de-travail-nouvelle-formation-universitaire-a-liege-a-partir-de-septembre-2018\/\"},\"wordCount\":420,\"publisher\":{\"@id\":\"https:\/\/peoplesphere.be\/fr\/#organization\"},\"keywords\":[\"certificat universitaire\",\"environnement de travail\",\"Formation\",\"gestion du changement\",\"hec-ulg\",\"nwow\",\"transformation manag\u00e9riales\"],\"articleSection\":[\"Actualit\u00e9s\",\"Digital\"],\"inLanguage\":\"fr-FR\"},{\"@type\":\"WebPage\",\"@id\":\"https:\/\/peoplesphere.be\/fr\/enjeux-humains-nouveaux-modes-de-travail-nouvelle-formation-universitaire-a-liege-a-partir-de-septembre-2018\/\",\"url\":\"https:\/\/peoplesphere.be\/fr\/enjeux-humains-nouveaux-modes-de-travail-nouvelle-formation-universitaire-a-liege-a-partir-de-septembre-2018\/\",\"name\":\"\\\"Les enjeux humains des nouveaux modes de travail\\\", une nouvelle formation universitaire \u00e0 Li\u00e8ge \u00e0 partir de septembre 2018. - Peoplesphere\",\"isPartOf\":{\"@id\":\"https:\/\/peoplesphere.be\/fr\/#website\"},\"datePublished\":\"2018-06-06T09:33:13+00:00\",\"dateModified\":\"2018-06-06T09:31:22+00:00\",\"breadcrumb\":{\"@id\":\"https:\/\/peoplesphere.be\/fr\/enjeux-humains-nouveaux-modes-de-travail-nouvelle-formation-universitaire-a-liege-a-partir-de-septembre-2018\/#breadcrumb\"},\"inLanguage\":\"fr-FR\",\"potentialAction\":[{\"@type\":\"ReadAction\",\"target\":[\"https:\/\/peoplesphere.be\/fr\/enjeux-humains-nouveaux-modes-de-travail-nouvelle-formation-universitaire-a-liege-a-partir-de-septembre-2018\/\"]}]},{\"@type\":\"BreadcrumbList\",\"@id\":\"https:\/\/peoplesphere.be\/fr\/enjeux-humains-nouveaux-modes-de-travail-nouvelle-formation-universitaire-a-liege-a-partir-de-septembre-2018\/#breadcrumb\",\"itemListElement\":[{\"@type\":\"ListItem\",\"position\":1,\"name\":\"Accueil\",\"item\":\"https:\/\/peoplesphere.be\/fr\/\"},{\"@type\":\"ListItem\",\"position\":2,\"name\":\"\u00ab\u00a0Les enjeux humains des nouveaux modes de travail\u00a0\u00bb, une nouvelle formation universitaire \u00e0 Li\u00e8ge \u00e0 partir de septembre 2018.\"}]},{\"@type\":\"WebSite\",\"@id\":\"https:\/\/peoplesphere.be\/fr\/#website\",\"url\":\"https:\/\/peoplesphere.be\/fr\/\",\"name\":\"Peoplesphere\",\"description\":\"The People Managers Magazine\",\"publisher\":{\"@id\":\"https:\/\/peoplesphere.be\/fr\/#organization\"},\"potentialAction\":[{\"@type\":\"SearchAction\",\"target\":{\"@type\":\"EntryPoint\",\"urlTemplate\":\"https:\/\/peoplesphere.be\/fr\/?s={search_term_string}\"},\"query-input\":\"required name=search_term_string\"}],\"inLanguage\":\"fr-FR\"},{\"@type\":\"Organization\",\"@id\":\"https:\/\/peoplesphere.be\/fr\/#organization\",\"name\":\"Peoplesphere Company srl\",\"url\":\"https:\/\/peoplesphere.be\/fr\/\",\"logo\":{\"@type\":\"ImageObject\",\"inLanguage\":\"fr-FR\",\"@id\":\"https:\/\/peoplesphere.be\/fr\/#\/schema\/logo\/image\/\",\"url\":\"https:\/\/peoplesphere.be\/fr\/wp-content\/uploads\/2023\/07\/peoplesphere-lgo-new-generik.jpg\",\"contentUrl\":\"https:\/\/peoplesphere.be\/fr\/wp-content\/uploads\/2023\/07\/peoplesphere-lgo-new-generik.jpg\",\"width\":1031,\"height\":1479,\"caption\":\"Peoplesphere Company srl\"},\"image\":{\"@id\":\"https:\/\/peoplesphere.be\/fr\/#\/schema\/logo\/image\/\"},\"sameAs\":[\"https:\/\/www.facebook.com\/peoplesphere\",\"https:\/\/twitter.com\/PeoplesphereMag\",\"https:\/\/www.linkedin.com\/company\/7587361?trk\",\"http:\/\/youtube.com\/peoplesphere\"]},{\"@type\":\"Person\",\"@id\":\"https:\/\/peoplesphere.be\/fr\/#\/schema\/person\/7976225ff17988604334abb7b3536a7e\",\"name\":\"Jean-Paul Erhard\",\"image\":{\"@type\":\"ImageObject\",\"inLanguage\":\"fr-FR\",\"@id\":\"https:\/\/peoplesphere.be\/fr\/#\/schema\/person\/image\/\",\"url\":\"https:\/\/secure.gravatar.com\/avatar\/f941e681460179738071629a51574930?s=96&d=mm&r=g\",\"contentUrl\":\"https:\/\/secure.gravatar.com\/avatar\/f941e681460179738071629a51574930?s=96&d=mm&r=g\",\"caption\":\"Jean-Paul Erhard\"},\"url\":\"https:\/\/peoplesphere.be\/fr\/author\/jpe\/\"}]}<\/script>\n<!-- \/ Yoast SEO plugin. -->","yoast_head_json":{"title":"\"Les enjeux humains des nouveaux modes de travail\", une nouvelle formation universitaire \u00e0 Li\u00e8ge \u00e0 partir de septembre 2018. - Peoplesphere","robots":{"index":"index","follow":"follow","max-snippet":"max-snippet:-1","max-image-preview":"max-image-preview:large","max-video-preview":"max-video-preview:-1"},"canonical":"https:\/\/peoplesphere.be\/fr\/enjeux-humains-nouveaux-modes-de-travail-nouvelle-formation-universitaire-a-liege-a-partir-de-septembre-2018\/","og_locale":"fr_FR","og_type":"article","og_title":"\"Les enjeux humains des nouveaux modes de travail\", une nouvelle formation universitaire \u00e0 Li\u00e8ge \u00e0 partir de septembre 2018. - Peoplesphere","og_description":"De plus en plus d\u2019entreprises et de services publics optent pour des formes alternatives d\u2019organisation du travail (NWoW\u202f: entreprises lib\u00e9r\u00e9es, t\u00e9l\u00e9travail, num\u00e9risation accrue, virtualisation des relations et des actions\u2026). Le certificat universtaire \u00e9labor\u00e9 par l\u2019Universit\u00e9 de Li\u00e8ge vise \u00e0 mieux [&hellip;]","og_url":"https:\/\/peoplesphere.be\/fr\/enjeux-humains-nouveaux-modes-de-travail-nouvelle-formation-universitaire-a-liege-a-partir-de-septembre-2018\/","og_site_name":"Peoplesphere","article_publisher":"https:\/\/www.facebook.com\/peoplesphere","article_published_time":"2018-06-06T09:33:13+00:00","article_modified_time":"2018-06-06T09:31:22+00:00","og_image":[{"width":1041,"height":733,"url":"https:\/\/peoplesphere.be\/fr\/wp-content\/uploads\/2018\/05\/Capture-d\u2019\u00e9cran-2018-05-04-\u00e0-14.39.30.png","type":"image\/png"}],"author":"Jean-Paul Erhard","twitter_card":"summary_large_image","twitter_creator":"@PeoplesphereMag","twitter_site":"@PeoplesphereMag","twitter_misc":{"\u00c9crit par":"Jean-Paul Erhard","Dur\u00e9e de lecture estim\u00e9e":"2 minutes"},"schema":{"@context":"https:\/\/schema.org","@graph":[{"@type":"Article","@id":"https:\/\/peoplesphere.be\/fr\/enjeux-humains-nouveaux-modes-de-travail-nouvelle-formation-universitaire-a-liege-a-partir-de-septembre-2018\/#article","isPartOf":{"@id":"https:\/\/peoplesphere.be\/fr\/enjeux-humains-nouveaux-modes-de-travail-nouvelle-formation-universitaire-a-liege-a-partir-de-septembre-2018\/"},"author":{"name":"Jean-Paul Erhard","@id":"https:\/\/peoplesphere.be\/fr\/#\/schema\/person\/7976225ff17988604334abb7b3536a7e"},"headline":"\u00ab\u00a0Les enjeux humains des nouveaux modes de travail\u00a0\u00bb, une nouvelle formation universitaire \u00e0 Li\u00e8ge \u00e0 partir de septembre 2018.","datePublished":"2018-06-06T09:33:13+00:00","dateModified":"2018-06-06T09:31:22+00:00","mainEntityOfPage":{"@id":"https:\/\/peoplesphere.be\/fr\/enjeux-humains-nouveaux-modes-de-travail-nouvelle-formation-universitaire-a-liege-a-partir-de-septembre-2018\/"},"wordCount":420,"publisher":{"@id":"https:\/\/peoplesphere.be\/fr\/#organization"},"keywords":["certificat universitaire","environnement de travail","Formation","gestion du changement","hec-ulg","nwow","transformation manag\u00e9riales"],"articleSection":["Actualit\u00e9s","Digital"],"inLanguage":"fr-FR"},{"@type":"WebPage","@id":"https:\/\/peoplesphere.be\/fr\/enjeux-humains-nouveaux-modes-de-travail-nouvelle-formation-universitaire-a-liege-a-partir-de-septembre-2018\/","url":"https:\/\/peoplesphere.be\/fr\/enjeux-humains-nouveaux-modes-de-travail-nouvelle-formation-universitaire-a-liege-a-partir-de-septembre-2018\/","name":"\"Les enjeux humains des nouveaux modes de travail\", une nouvelle formation universitaire \u00e0 Li\u00e8ge \u00e0 partir de septembre 2018. - Peoplesphere","isPartOf":{"@id":"https:\/\/peoplesphere.be\/fr\/#website"},"datePublished":"2018-06-06T09:33:13+00:00","dateModified":"2018-06-06T09:31:22+00:00","breadcrumb":{"@id":"https:\/\/peoplesphere.be\/fr\/enjeux-humains-nouveaux-modes-de-travail-nouvelle-formation-universitaire-a-liege-a-partir-de-septembre-2018\/#breadcrumb"},"inLanguage":"fr-FR","potentialAction":[{"@type":"ReadAction","target":["https:\/\/peoplesphere.be\/fr\/enjeux-humains-nouveaux-modes-de-travail-nouvelle-formation-universitaire-a-liege-a-partir-de-septembre-2018\/"]}]},{"@type":"BreadcrumbList","@id":"https:\/\/peoplesphere.be\/fr\/enjeux-humains-nouveaux-modes-de-travail-nouvelle-formation-universitaire-a-liege-a-partir-de-septembre-2018\/#breadcrumb","itemListElement":[{"@type":"ListItem","position":1,"name":"Accueil","item":"https:\/\/peoplesphere.be\/fr\/"},{"@type":"ListItem","position":2,"name":"\u00ab\u00a0Les enjeux humains des nouveaux modes de travail\u00a0\u00bb, une nouvelle formation universitaire \u00e0 Li\u00e8ge \u00e0 partir de septembre 2018."}]},{"@type":"WebSite","@id":"https:\/\/peoplesphere.be\/fr\/#website","url":"https:\/\/peoplesphere.be\/fr\/","name":"Peoplesphere","description":"The People Managers Magazine","publisher":{"@id":"https:\/\/peoplesphere.be\/fr\/#organization"},"potentialAction":[{"@type":"SearchAction","target":{"@type":"EntryPoint","urlTemplate":"https:\/\/peoplesphere.be\/fr\/?s={search_term_string}"},"query-input":"required name=search_term_string"}],"inLanguage":"fr-FR"},{"@type":"Organization","@id":"https:\/\/peoplesphere.be\/fr\/#organization","name":"Peoplesphere Company srl","url":"https:\/\/peoplesphere.be\/fr\/","logo":{"@type":"ImageObject","inLanguage":"fr-FR","@id":"https:\/\/peoplesphere.be\/fr\/#\/schema\/logo\/image\/","url":"https:\/\/peoplesphere.be\/fr\/wp-content\/uploads\/2023\/07\/peoplesphere-lgo-new-generik.jpg","contentUrl":"https:\/\/peoplesphere.be\/fr\/wp-content\/uploads\/2023\/07\/peoplesphere-lgo-new-generik.jpg","width":1031,"height":1479,"caption":"Peoplesphere Company srl"},"image":{"@id":"https:\/\/peoplesphere.be\/fr\/#\/schema\/logo\/image\/"},"sameAs":["https:\/\/www.facebook.com\/peoplesphere","https:\/\/twitter.com\/PeoplesphereMag","https:\/\/www.linkedin.com\/company\/7587361?trk","http:\/\/youtube.com\/peoplesphere"]},{"@type":"Person","@id":"https:\/\/peoplesphere.be\/fr\/#\/schema\/person\/7976225ff17988604334abb7b3536a7e","name":"Jean-Paul Erhard","image":{"@type":"ImageObject","inLanguage":"fr-FR","@id":"https:\/\/peoplesphere.be\/fr\/#\/schema\/person\/image\/","url":"https:\/\/secure.gravatar.com\/avatar\/f941e681460179738071629a51574930?s=96&d=mm&r=g","contentUrl":"https:\/\/secure.gravatar.com\/avatar\/f941e681460179738071629a51574930?s=96&d=mm&r=g","caption":"Jean-Paul Erhard"},"url":"https:\/\/peoplesphere.be\/fr\/author\/jpe\/"}]}},"_links":{"self":[{"href":"https:\/\/peoplesphere.be\/fr\/wp-json\/wp\/v2\/posts\/5982"}],"collection":[{"href":"https:\/\/peoplesphere.be\/fr\/wp-json\/wp\/v2\/posts"}],"about":[{"href":"https:\/\/peoplesphere.be\/fr\/wp-json\/wp\/v2\/types\/post"}],"author":[{"embeddable":true,"href":"https:\/\/peoplesphere.be\/fr\/wp-json\/wp\/v2\/users\/2"}],"replies":[{"embeddable":true,"href":"https:\/\/peoplesphere.be\/fr\/wp-json\/wp\/v2\/comments?post=5982"}],"version-history":[{"count":1,"href":"https:\/\/peoplesphere.be\/fr\/wp-json\/wp\/v2\/posts\/5982\/revisions"}],"predecessor-version":[{"id":5984,"href":"https:\/\/peoplesphere.be\/fr\/wp-json\/wp\/v2\/posts\/5982\/revisions\/5984"}],"wp:featuredmedia":[{"embeddable":true,"href":"https:\/\/peoplesphere.be\/fr\/wp-json\/wp\/v2\/media\/5983"}],"wp:attachment":[{"href":"https:\/\/peoplesphere.be\/fr\/wp-json\/wp\/v2\/media?parent=5982"}],"wp:term":[{"taxonomy":"category","embeddable":true,"href":"https:\/\/peoplesphere.be\/fr\/wp-json\/wp\/v2\/categories?post=5982"},{"taxonomy":"post_tag","embeddable":true,"href":"https:\/\/peoplesphere.be\/fr\/wp-json\/wp\/v2\/tags?post=5982"}],"curies":[{"name":"wp","href":"https:\/\/api.w.org\/{rel}","templated":true}]}}