









{"id":6000,"date":"2018-05-09T08:28:28","date_gmt":"2018-05-09T06:28:28","guid":{"rendered":"http:\/\/www.peoplesphere.be\/fr\/?p=6000"},"modified":"2018-05-09T08:28:28","modified_gmt":"2018-05-09T06:28:28","slug":"allocations-sociales-salaires-fonction-publique-seront-augmentes-de-2-septembre-2018","status":"publish","type":"post","link":"https:\/\/peoplesphere.be\/fr\/allocations-sociales-salaires-fonction-publique-seront-augmentes-de-2-septembre-2018\/","title":{"rendered":"Les allocations sociales et les salaires dans la fonction publique seront augment\u00e9s de 2% en septembre 2018."},"content":{"rendered":"<p>Sur la base de ses pr\u00e9visions mensuelles, le Bureau F\u00e9d\u00e9ral du Plan indique quele taux d&rsquo;inflation annuel devrait s&rsquo;\u00e9lever \u00e0 1,8% en 2018 et 1,5% en 2019, contre 2,13% en 2017 et 1,97% en 2016. L&rsquo;augmentation de \u00ab\u00a0l&rsquo;indice sant\u00e9\u00a0\u00bb, qui sert entre autres au calcul de l&rsquo;indexation des salaires, des allocations sociales et des loyers, serait de 1,6% en 2018 et 1,5% en 2019, contre 1,85% en 2017 et 2,09% en 2016.<!--more--><\/p>\n<p>Les pr\u00e9visions d&rsquo;inflation de mai 2018 \u00e0 d\u00e9cembre 2019 \u00e9tablies par le Bureau f\u00e9d\u00e9ral du Plan se basent sur des observations du SPF Economie jusqu&rsquo;au mois d&rsquo;avril 2018. Ces pr\u00e9visions prennent en compte les cotations \u00e0 terme du 26 avril 2018. Le prix du p\u00e9trole serait de 71 dollars le baril en 2018 et 68 dollars le baril en 2019. Et le taux de change de l&rsquo;euro devrait s&rsquo;\u00e9tablir autour de 1,23 dollar pour un euro en 2018 et 1,26 dollar pour un euro en 2019.<\/p>\n<p>L&rsquo;indice pivot pour les allocations sociales et les salaires dans le secteur public a \u00e9t\u00e9 d\u00e9pass\u00e9 en mai 2017. Selon nos pr\u00e9visions mensuelles de \u00ab\u00a0l&rsquo;indice sant\u00e9\u00a0\u00bb, le prochain d\u00e9passement de l&rsquo;indice pivot (qui s&rsquo;\u00e9l\u00e8ve actuellement \u00e0 105,10) par l&rsquo;indice sant\u00e9 liss\u00e9 (tel que d\u00e9fini dans la loi du 23\/04\/2015 concernant la promotion de l\u2019emploi, Moniteur belge du 27\/04\/2015) devrait se produire en ao\u00fbt 2018. Par cons\u00e9quent, les allocations sociales et les salaires dans la fonction publique seraient adapt\u00e9s au co\u00fbt de la vie, en d&rsquo;autres termes augment\u00e9s de 2%, respectivement en septembre 2018 et en octobre 2018. En 2019, l&rsquo;indice pivot (107,20) ne serait pas d\u00e9pass\u00e9.<\/p>\n<p>Les pr\u00e9visions d\u2019inflation sont actualis\u00e9es le premier mardi de chaque mois (sauf en ao\u00fbt) sur la base des informations les plus r\u00e9centes. Prochaine mise \u00e0 jour : 5 juin 2018.<\/p>\n<p>source : Bureau F\u00e9d\u00e9ral du Plan<\/p>\n","protected":false},"excerpt":{"rendered":"<p>Sur la base de ses pr\u00e9visions mensuelles, le Bureau F\u00e9d\u00e9ral du Plan indique quele taux d&rsquo;inflation annuel devrait s&rsquo;\u00e9lever \u00e0 1,8% en 2018 et 1,5% en 2019, contre 2,13% en 2017 et 1,97% en 2016. L&rsquo;augmentation de \u00ab\u00a0l&rsquo;indice sant\u00e9\u00a0\u00bb, qui [&hellip;]<\/p>\n","protected":false},"author":2,"featured_media":0,"comment_status":"closed","ping_status":"open","sticky":false,"template":"","format":"standard","meta":[],"categories":[65,10],"tags":[1157,392,559,1786,1156,108],"yoast_head":"<!-- This site is optimized with the Yoast SEO plugin v21.0 - https:\/\/yoast.com\/wordpress\/plugins\/seo\/ -->\n<title>Les allocations sociales et les salaires dans la fonction publique seront augment\u00e9s de 2% en septembre 2018. - Peoplesphere<\/title>\n<meta name=\"robots\" content=\"index, follow, max-snippet:-1, max-image-preview:large, max-video-preview:-1\" \/>\n<link rel=\"canonical\" href=\"https:\/\/peoplesphere.be\/fr\/allocations-sociales-salaires-fonction-publique-seront-augmentes-de-2-septembre-2018\/\" \/>\n<meta property=\"og:locale\" content=\"fr_FR\" \/>\n<meta property=\"og:type\" content=\"article\" \/>\n<meta property=\"og:title\" content=\"Les allocations sociales et les salaires dans la fonction publique seront augment\u00e9s de 2% en septembre 2018. - Peoplesphere\" \/>\n<meta property=\"og:description\" content=\"Sur la base de ses pr\u00e9visions mensuelles, le Bureau F\u00e9d\u00e9ral du Plan indique quele taux d&rsquo;inflation annuel devrait s&rsquo;\u00e9lever \u00e0 1,8% en 2018 et 1,5% en 2019, contre 2,13% en 2017 et 1,97% en 2016. L&rsquo;augmentation de \u00ab\u00a0l&rsquo;indice sant\u00e9\u00a0\u00bb, qui [&hellip;]\" \/>\n<meta property=\"og:url\" content=\"https:\/\/peoplesphere.be\/fr\/allocations-sociales-salaires-fonction-publique-seront-augmentes-de-2-septembre-2018\/\" \/>\n<meta property=\"og:site_name\" content=\"Peoplesphere\" \/>\n<meta property=\"article:publisher\" content=\"https:\/\/www.facebook.com\/peoplesphere\" \/>\n<meta property=\"article:published_time\" content=\"2018-05-09T06:28:28+00:00\" \/>\n<meta property=\"og:image\" content=\"http:\/\/www.peoplesphere.be\/fr\/wp-content\/uploads\/2016\/07\/facebook-default-posting-1200x628px.jpg\" \/>\n<meta name=\"author\" content=\"Jean-Paul Erhard\" \/>\n<meta name=\"twitter:card\" content=\"summary_large_image\" \/>\n<meta name=\"twitter:creator\" content=\"@PeoplesphereMag\" \/>\n<meta name=\"twitter:site\" content=\"@PeoplesphereMag\" \/>\n<meta name=\"twitter:label1\" content=\"\u00c9crit par\" \/>\n\t<meta name=\"twitter:data1\" content=\"Jean-Paul Erhard\" \/>\n\t<meta name=\"twitter:label2\" content=\"Dur\u00e9e de lecture estim\u00e9e\" \/>\n\t<meta name=\"twitter:data2\" content=\"1 minute\" \/>\n<script type=\"application\/ld+json\" class=\"yoast-schema-graph\">{\"@context\":\"https:\/\/schema.org\",\"@graph\":[{\"@type\":\"Article\",\"@id\":\"https:\/\/peoplesphere.be\/fr\/allocations-sociales-salaires-fonction-publique-seront-augmentes-de-2-septembre-2018\/#article\",\"isPartOf\":{\"@id\":\"https:\/\/peoplesphere.be\/fr\/allocations-sociales-salaires-fonction-publique-seront-augmentes-de-2-septembre-2018\/\"},\"author\":{\"name\":\"Jean-Paul Erhard\",\"@id\":\"https:\/\/peoplesphere.be\/fr\/#\/schema\/person\/7976225ff17988604334abb7b3536a7e\"},\"headline\":\"Les allocations sociales et les salaires dans la fonction publique seront augment\u00e9s de 2% en septembre 2018.\",\"datePublished\":\"2018-05-09T06:28:28+00:00\",\"dateModified\":\"2018-05-09T06:28:28+00:00\",\"mainEntityOfPage\":{\"@id\":\"https:\/\/peoplesphere.be\/fr\/allocations-sociales-salaires-fonction-publique-seront-augmentes-de-2-septembre-2018\/\"},\"wordCount\":299,\"publisher\":{\"@id\":\"https:\/\/peoplesphere.be\/fr\/#organization\"},\"keywords\":[\"allocations sociales\",\"fonction publique\",\"index\",\"indice pivot\",\"indice sant\u00e9\",\"salaires\"],\"articleSection\":[\"Actualit\u00e9s\",\"Digital\"],\"inLanguage\":\"fr-FR\"},{\"@type\":\"WebPage\",\"@id\":\"https:\/\/peoplesphere.be\/fr\/allocations-sociales-salaires-fonction-publique-seront-augmentes-de-2-septembre-2018\/\",\"url\":\"https:\/\/peoplesphere.be\/fr\/allocations-sociales-salaires-fonction-publique-seront-augmentes-de-2-septembre-2018\/\",\"name\":\"Les allocations sociales et les salaires dans la fonction publique seront augment\u00e9s de 2% en septembre 2018. - Peoplesphere\",\"isPartOf\":{\"@id\":\"https:\/\/peoplesphere.be\/fr\/#website\"},\"datePublished\":\"2018-05-09T06:28:28+00:00\",\"dateModified\":\"2018-05-09T06:28:28+00:00\",\"breadcrumb\":{\"@id\":\"https:\/\/peoplesphere.be\/fr\/allocations-sociales-salaires-fonction-publique-seront-augmentes-de-2-septembre-2018\/#breadcrumb\"},\"inLanguage\":\"fr-FR\",\"potentialAction\":[{\"@type\":\"ReadAction\",\"target\":[\"https:\/\/peoplesphere.be\/fr\/allocations-sociales-salaires-fonction-publique-seront-augmentes-de-2-septembre-2018\/\"]}]},{\"@type\":\"BreadcrumbList\",\"@id\":\"https:\/\/peoplesphere.be\/fr\/allocations-sociales-salaires-fonction-publique-seront-augmentes-de-2-septembre-2018\/#breadcrumb\",\"itemListElement\":[{\"@type\":\"ListItem\",\"position\":1,\"name\":\"Accueil\",\"item\":\"https:\/\/peoplesphere.be\/fr\/\"},{\"@type\":\"ListItem\",\"position\":2,\"name\":\"Les allocations sociales et les salaires dans la fonction publique seront augment\u00e9s de 2% en septembre 2018.\"}]},{\"@type\":\"WebSite\",\"@id\":\"https:\/\/peoplesphere.be\/fr\/#website\",\"url\":\"https:\/\/peoplesphere.be\/fr\/\",\"name\":\"Peoplesphere\",\"description\":\"The People Managers Magazine\",\"publisher\":{\"@id\":\"https:\/\/peoplesphere.be\/fr\/#organization\"},\"potentialAction\":[{\"@type\":\"SearchAction\",\"target\":{\"@type\":\"EntryPoint\",\"urlTemplate\":\"https:\/\/peoplesphere.be\/fr\/?s={search_term_string}\"},\"query-input\":\"required name=search_term_string\"}],\"inLanguage\":\"fr-FR\"},{\"@type\":\"Organization\",\"@id\":\"https:\/\/peoplesphere.be\/fr\/#organization\",\"name\":\"Peoplesphere Company srl\",\"url\":\"https:\/\/peoplesphere.be\/fr\/\",\"logo\":{\"@type\":\"ImageObject\",\"inLanguage\":\"fr-FR\",\"@id\":\"https:\/\/peoplesphere.be\/fr\/#\/schema\/logo\/image\/\",\"url\":\"https:\/\/peoplesphere.be\/fr\/wp-content\/uploads\/2023\/07\/peoplesphere-lgo-new-generik.jpg\",\"contentUrl\":\"https:\/\/peoplesphere.be\/fr\/wp-content\/uploads\/2023\/07\/peoplesphere-lgo-new-generik.jpg\",\"width\":1031,\"height\":1479,\"caption\":\"Peoplesphere Company srl\"},\"image\":{\"@id\":\"https:\/\/peoplesphere.be\/fr\/#\/schema\/logo\/image\/\"},\"sameAs\":[\"https:\/\/www.facebook.com\/peoplesphere\",\"https:\/\/twitter.com\/PeoplesphereMag\",\"https:\/\/www.linkedin.com\/company\/7587361?trk\",\"http:\/\/youtube.com\/peoplesphere\"]},{\"@type\":\"Person\",\"@id\":\"https:\/\/peoplesphere.be\/fr\/#\/schema\/person\/7976225ff17988604334abb7b3536a7e\",\"name\":\"Jean-Paul Erhard\",\"image\":{\"@type\":\"ImageObject\",\"inLanguage\":\"fr-FR\",\"@id\":\"https:\/\/peoplesphere.be\/fr\/#\/schema\/person\/image\/\",\"url\":\"https:\/\/secure.gravatar.com\/avatar\/f941e681460179738071629a51574930?s=96&d=mm&r=g\",\"contentUrl\":\"https:\/\/secure.gravatar.com\/avatar\/f941e681460179738071629a51574930?s=96&d=mm&r=g\",\"caption\":\"Jean-Paul Erhard\"},\"url\":\"https:\/\/peoplesphere.be\/fr\/author\/jpe\/\"}]}<\/script>\n<!-- \/ Yoast SEO plugin. -->","yoast_head_json":{"title":"Les allocations sociales et les salaires dans la fonction publique seront augment\u00e9s de 2% en septembre 2018. - Peoplesphere","robots":{"index":"index","follow":"follow","max-snippet":"max-snippet:-1","max-image-preview":"max-image-preview:large","max-video-preview":"max-video-preview:-1"},"canonical":"https:\/\/peoplesphere.be\/fr\/allocations-sociales-salaires-fonction-publique-seront-augmentes-de-2-septembre-2018\/","og_locale":"fr_FR","og_type":"article","og_title":"Les allocations sociales et les salaires dans la fonction publique seront augment\u00e9s de 2% en septembre 2018. - Peoplesphere","og_description":"Sur la base de ses pr\u00e9visions mensuelles, le Bureau F\u00e9d\u00e9ral du Plan indique quele taux d&rsquo;inflation annuel devrait s&rsquo;\u00e9lever \u00e0 1,8% en 2018 et 1,5% en 2019, contre 2,13% en 2017 et 1,97% en 2016. L&rsquo;augmentation de \u00ab\u00a0l&rsquo;indice sant\u00e9\u00a0\u00bb, qui [&hellip;]","og_url":"https:\/\/peoplesphere.be\/fr\/allocations-sociales-salaires-fonction-publique-seront-augmentes-de-2-septembre-2018\/","og_site_name":"Peoplesphere","article_publisher":"https:\/\/www.facebook.com\/peoplesphere","article_published_time":"2018-05-09T06:28:28+00:00","og_image":[{"url":"http:\/\/www.peoplesphere.be\/fr\/wp-content\/uploads\/2016\/07\/facebook-default-posting-1200x628px.jpg"}],"author":"Jean-Paul Erhard","twitter_card":"summary_large_image","twitter_creator":"@PeoplesphereMag","twitter_site":"@PeoplesphereMag","twitter_misc":{"\u00c9crit par":"Jean-Paul Erhard","Dur\u00e9e de lecture estim\u00e9e":"1 minute"},"schema":{"@context":"https:\/\/schema.org","@graph":[{"@type":"Article","@id":"https:\/\/peoplesphere.be\/fr\/allocations-sociales-salaires-fonction-publique-seront-augmentes-de-2-septembre-2018\/#article","isPartOf":{"@id":"https:\/\/peoplesphere.be\/fr\/allocations-sociales-salaires-fonction-publique-seront-augmentes-de-2-septembre-2018\/"},"author":{"name":"Jean-Paul Erhard","@id":"https:\/\/peoplesphere.be\/fr\/#\/schema\/person\/7976225ff17988604334abb7b3536a7e"},"headline":"Les allocations sociales et les salaires dans la fonction publique seront augment\u00e9s de 2% en septembre 2018.","datePublished":"2018-05-09T06:28:28+00:00","dateModified":"2018-05-09T06:28:28+00:00","mainEntityOfPage":{"@id":"https:\/\/peoplesphere.be\/fr\/allocations-sociales-salaires-fonction-publique-seront-augmentes-de-2-septembre-2018\/"},"wordCount":299,"publisher":{"@id":"https:\/\/peoplesphere.be\/fr\/#organization"},"keywords":["allocations sociales","fonction publique","index","indice pivot","indice sant\u00e9","salaires"],"articleSection":["Actualit\u00e9s","Digital"],"inLanguage":"fr-FR"},{"@type":"WebPage","@id":"https:\/\/peoplesphere.be\/fr\/allocations-sociales-salaires-fonction-publique-seront-augmentes-de-2-septembre-2018\/","url":"https:\/\/peoplesphere.be\/fr\/allocations-sociales-salaires-fonction-publique-seront-augmentes-de-2-septembre-2018\/","name":"Les allocations sociales et les salaires dans la fonction publique seront augment\u00e9s de 2% en septembre 2018. - Peoplesphere","isPartOf":{"@id":"https:\/\/peoplesphere.be\/fr\/#website"},"datePublished":"2018-05-09T06:28:28+00:00","dateModified":"2018-05-09T06:28:28+00:00","breadcrumb":{"@id":"https:\/\/peoplesphere.be\/fr\/allocations-sociales-salaires-fonction-publique-seront-augmentes-de-2-septembre-2018\/#breadcrumb"},"inLanguage":"fr-FR","potentialAction":[{"@type":"ReadAction","target":["https:\/\/peoplesphere.be\/fr\/allocations-sociales-salaires-fonction-publique-seront-augmentes-de-2-septembre-2018\/"]}]},{"@type":"BreadcrumbList","@id":"https:\/\/peoplesphere.be\/fr\/allocations-sociales-salaires-fonction-publique-seront-augmentes-de-2-septembre-2018\/#breadcrumb","itemListElement":[{"@type":"ListItem","position":1,"name":"Accueil","item":"https:\/\/peoplesphere.be\/fr\/"},{"@type":"ListItem","position":2,"name":"Les allocations sociales et les salaires dans la fonction publique seront augment\u00e9s de 2% en septembre 2018."}]},{"@type":"WebSite","@id":"https:\/\/peoplesphere.be\/fr\/#website","url":"https:\/\/peoplesphere.be\/fr\/","name":"Peoplesphere","description":"The People Managers Magazine","publisher":{"@id":"https:\/\/peoplesphere.be\/fr\/#organization"},"potentialAction":[{"@type":"SearchAction","target":{"@type":"EntryPoint","urlTemplate":"https:\/\/peoplesphere.be\/fr\/?s={search_term_string}"},"query-input":"required name=search_term_string"}],"inLanguage":"fr-FR"},{"@type":"Organization","@id":"https:\/\/peoplesphere.be\/fr\/#organization","name":"Peoplesphere Company srl","url":"https:\/\/peoplesphere.be\/fr\/","logo":{"@type":"ImageObject","inLanguage":"fr-FR","@id":"https:\/\/peoplesphere.be\/fr\/#\/schema\/logo\/image\/","url":"https:\/\/peoplesphere.be\/fr\/wp-content\/uploads\/2023\/07\/peoplesphere-lgo-new-generik.jpg","contentUrl":"https:\/\/peoplesphere.be\/fr\/wp-content\/uploads\/2023\/07\/peoplesphere-lgo-new-generik.jpg","width":1031,"height":1479,"caption":"Peoplesphere Company srl"},"image":{"@id":"https:\/\/peoplesphere.be\/fr\/#\/schema\/logo\/image\/"},"sameAs":["https:\/\/www.facebook.com\/peoplesphere","https:\/\/twitter.com\/PeoplesphereMag","https:\/\/www.linkedin.com\/company\/7587361?trk","http:\/\/youtube.com\/peoplesphere"]},{"@type":"Person","@id":"https:\/\/peoplesphere.be\/fr\/#\/schema\/person\/7976225ff17988604334abb7b3536a7e","name":"Jean-Paul Erhard","image":{"@type":"ImageObject","inLanguage":"fr-FR","@id":"https:\/\/peoplesphere.be\/fr\/#\/schema\/person\/image\/","url":"https:\/\/secure.gravatar.com\/avatar\/f941e681460179738071629a51574930?s=96&d=mm&r=g","contentUrl":"https:\/\/secure.gravatar.com\/avatar\/f941e681460179738071629a51574930?s=96&d=mm&r=g","caption":"Jean-Paul Erhard"},"url":"https:\/\/peoplesphere.be\/fr\/author\/jpe\/"}]}},"_links":{"self":[{"href":"https:\/\/peoplesphere.be\/fr\/wp-json\/wp\/v2\/posts\/6000"}],"collection":[{"href":"https:\/\/peoplesphere.be\/fr\/wp-json\/wp\/v2\/posts"}],"about":[{"href":"https:\/\/peoplesphere.be\/fr\/wp-json\/wp\/v2\/types\/post"}],"author":[{"embeddable":true,"href":"https:\/\/peoplesphere.be\/fr\/wp-json\/wp\/v2\/users\/2"}],"replies":[{"embeddable":true,"href":"https:\/\/peoplesphere.be\/fr\/wp-json\/wp\/v2\/comments?post=6000"}],"version-history":[{"count":1,"href":"https:\/\/peoplesphere.be\/fr\/wp-json\/wp\/v2\/posts\/6000\/revisions"}],"predecessor-version":[{"id":6001,"href":"https:\/\/peoplesphere.be\/fr\/wp-json\/wp\/v2\/posts\/6000\/revisions\/6001"}],"wp:attachment":[{"href":"https:\/\/peoplesphere.be\/fr\/wp-json\/wp\/v2\/media?parent=6000"}],"wp:term":[{"taxonomy":"category","embeddable":true,"href":"https:\/\/peoplesphere.be\/fr\/wp-json\/wp\/v2\/categories?post=6000"},{"taxonomy":"post_tag","embeddable":true,"href":"https:\/\/peoplesphere.be\/fr\/wp-json\/wp\/v2\/tags?post=6000"}],"curies":[{"name":"wp","href":"https:\/\/api.w.org\/{rel}","templated":true}]}}