









{"id":6026,"date":"2018-05-14T22:01:58","date_gmt":"2018-05-14T20:01:58","guid":{"rendered":"http:\/\/www.peoplesphere.be\/fr\/?p=6026"},"modified":"2018-05-14T11:25:24","modified_gmt":"2018-05-14T09:25:24","slug":"de-nouveaux-emplois-perspective-leconomie-verte-creer-24-millions-de-nouveaux-jobs-dici-2030","status":"publish","type":"post","link":"https:\/\/peoplesphere.be\/fr\/de-nouveaux-emplois-perspective-leconomie-verte-creer-24-millions-de-nouveaux-jobs-dici-2030\/","title":{"rendered":"De nouveaux emplois en perspective? L&rsquo;\u00e9conomie verte devrait cr\u00e9er 24 millions de nouveaux jobs d&rsquo;ici 2030."},"content":{"rendered":"<p>Vingt-quatre millions d\u2019emplois seront cr\u00e9\u00e9s \u00e0 l\u2019\u00e9chelle mondiale d\u2019ici \u00e0 2030 si l\u2019on met en place des politiques permettant de promouvoir une \u00e9conomie plus respectueuse de l\u2019environnement, selon le rapport \u00ab\u00a0Emploi et questions sociales dans le monde 2018 : Une \u00e9conomie verte et cr\u00e9atrice d\u2019emploi\u00a0\u00bb publi\u00e9 par l\u2019OIT (Organisation Internationale du Travail).<!--more--><\/p>\n<p>Selon l&rsquo;OIT, l\u2019action visant \u00e0 limiter le r\u00e9chauffement climatique \u00e0 deux degr\u00e9s Celsius va se traduire par suffisamment de cr\u00e9ations d\u2019emploi pour compenser largement les 6 millions de suppressions d\u2019emploi faites ailleurs.\u00a0De nouveaux emplois seront cr\u00e9\u00e9s gr\u00e2ce \u00e0 l\u2019adoption de pratiques durables dans le secteur de l\u2019\u00e9nergie, y compris la modification du mix \u00e9nerg\u00e9tique, la promotion de l\u2019usage des v\u00e9hicules \u00e9lectriques et l\u2019am\u00e9lioration de l\u2019efficacit\u00e9 \u00e9nerg\u00e9tique des b\u00e2timents.<\/p>\n<p><em>\u00ab\u00a0Les conclusions du rapport soulignent que les emplois d\u00e9pendent pour beaucoup de la qualit\u00e9 de l\u2019environnement et des services qu\u2019il fournit. L\u2019\u00e9conomie verte peut permettre \u00e0 des millions de personnes suppl\u00e9mentaires de surmonter la pauvret\u00e9 et offrir de meilleures conditions de vie \u00e0 cette g\u00e9n\u00e9ration et aux suivantes. C\u2019est un message positif, porteur d\u2019espoir dans un monde aux choix complexes\u00a0\u00bb<\/em>, affirme la Directrice g\u00e9n\u00e9rale adjointe de l\u2019OIT, Deborah Greenfield.<\/p>\n<p>Au niveau r\u00e9gional, il y aura des cr\u00e9ations nettes d\u2019emploi dans les Am\u00e9riques, en Asie et Pacifique et en Europe, s\u2019\u00e9levant respectivement \u00e0 3, 14 et 2 millions d\u2019emplois, gr\u00e2ce aux mesures prises en mati\u00e8re de production et de consommation d\u2019\u00e9nergie.<\/p>\n<p>En revanche, il pourrait y avoir des pertes nettes d\u2019emploi au Moyen-Orient (-0,48 pour cent) et en Afrique (\u20130,04 pour cent) si les tendances actuelles se prolongent, en raison de la d\u00e9pendance de ces r\u00e9gions \u00e0 l\u2019\u00e9gard, respectivement, des \u00e9nergies fossiles et des mines.<\/p>\n<p>Le rapport demande aux pays de prendre des mesures d\u2019urgence pour former les travailleurs aux comp\u00e9tences exig\u00e9es par la mutation \u00e9cologique de l\u2019\u00e9conomie et pour leur fournir la protection sociale qui facilitera leur transition vers de nouveaux emplois, contribuera \u00e0 la pr\u00e9vention de la pauvret\u00e9 et r\u00e9duira la vuln\u00e9rabilit\u00e9 des m\u00e9nages et des communaut\u00e9s.<\/p>\n<p><em>\u00ab\u00a0Les changements de politiques dans ces r\u00e9gions pourraient contrebalancer les pertes d\u2019emploi anticip\u00e9es ou leurs effets n\u00e9gatifs. Les pays \u00e0 faible revenu et certains pays \u00e0 revenu interm\u00e9diaire ont encore besoin d\u2019aide pour d\u00e9velopper la collecte des donn\u00e9es et pour adopter et financer des strat\u00e9gies en faveur d\u2019une juste transition vers une \u00e9conomie durable sur le plan environnemental et une soci\u00e9t\u00e9 qui inclue chacun et chacune, dans toutes les couches de la soci\u00e9t\u00e9\u00a0\u00bb,<\/em> souligne Catherine Saget, auteure principale du rapport.<\/p>\n<p><strong><em>Cr\u00e9ation d&#8217;emploi dans la production d&rsquo;\u00e9nergies renouvelables.<\/em><\/strong><\/p>\n<p>La plupart des secteurs de l\u2019\u00e9conomie vont b\u00e9n\u00e9ficier d\u2019une cr\u00e9ation nette d\u2019emplois: sur les 163 secteurs \u00e9conomiques analys\u00e9s, seuls 14 vont subir des suppressions d\u2019emplois sup\u00e9rieures \u00e0 10 000 postes \u00e0 l\u2019\u00e9chelle mondiale.<br \/>\nSeuls deux secteurs, l\u2019extraction p\u00e9troli\u00e8re et le raffinage, affichent des pertes de 1 million d\u2019emplois ou plus.<br \/>\n2,5 millions d\u2019emplois seront cr\u00e9\u00e9s dans l\u2019\u00e9lectricit\u00e9 g\u00e9n\u00e9r\u00e9e \u00e0 partir d\u2019\u00e9nergies renouvelables, contrebalan\u00e7ant quelque 400 000 emplois perdus dans la production d\u2019\u00e9lectricit\u00e9 bas\u00e9e sur les combustibles fossiles.<br \/>\n6 millions d\u2019emplois peuvent \u00eatre cr\u00e9\u00e9s en s\u2019orientant vers une \u00ab\u00e9conomie circulaire\u00bb qui int\u00e8gre des activit\u00e9s comme le recyclage, la r\u00e9paration, la location et la r\u00e9utilisation \u2013 rempla\u00e7ant le mod\u00e8le \u00e9conomique traditionnel bas\u00e9 sur \u00abextraire, fabriquer, utiliser et jeter\u00bb.<\/p>\n<p><strong><em>Pas de gains sans politiques ad\u00e9quates.<\/em><\/strong><\/p>\n<p>Si les mesures prises pour lutter contre le changement climatique peuvent parfois aboutir \u00e0 des suppressions d\u2019emploi \u00e0 court terme, leur impact n\u00e9gatif peut \u00eatre r\u00e9duit gr\u00e2ce \u00e0 des politiques appropri\u00e9es.<\/p>\n<p>Le rapport pr\u00f4ne des synergies entre les politiques environnementales et les politiques de protection sociale qui soutiendraient \u00e0 la fois les revenus des travailleurs et la transition vers une \u00e9conomie verte. Un mix politique comprenant des transferts financiers, une assurance sociale renforc\u00e9e et une limitation de l\u2019usage des combustibles fossiles aboutirait \u00e0 une acc\u00e9l\u00e9ration de la croissance \u00e9conomique, un renforcement des cr\u00e9ations d\u2019emplois, une distribution plus \u00e9quitable des revenus, ainsi qu\u2019\u00e0 une r\u00e9duction des \u00e9missions de gaz \u00e0 effet de serre.<\/p>\n<p>Les pays doivent prendre des mesures d\u2019urgence afin d\u2019anticiper les besoins de comp\u00e9tences li\u00e9s \u00e0 la transition vers des \u00e9conomies vertes et de proposer de nouveaux programmes de formation. Le passage \u00e0 des syst\u00e8mes agricoles plus durables cr\u00e9erait des emplois dans des fermes bio de taille moyenne ou grande, et permettrait aux petits exploitants de diversifier leurs sources de revenu, surtout si les fermiers disposent des comp\u00e9tences ad\u00e9quates.<\/p>\n<p>Le rapport montre aussi que les l\u00e9gislations, les r\u00e9glementations et les politiques environnementales qui int\u00e8grent les questions li\u00e9es au travail offrent un puissant moyen de faire avancer l\u2019Agenda de l\u2019OIT pour le travail d\u00e9cent et ses objectifs environnementaux.<\/p>\n<p><em>\u00ab\u00a0Le dialogue social, qui permet aux employeurs et aux travailleurs de participer \u00e0 la prise de d\u00e9cision politique au c\u00f4t\u00e9 des gouvernements, a un r\u00f4le essentiel \u00e0 jouer pour concilier les objectifs \u00e9conomiques et sociaux avec les pr\u00e9occupations environnementales. Il existe des cas o\u00f9 ce type de dialogue aide non seulement \u00e0 r\u00e9duire l\u2019impact environnemental des politiques mais \u00e9vite aussi les r\u00e9percussions n\u00e9gatives sur l\u2019emploi ou les conditions de travail\u00a0\u00bb<\/em>, conclut Mme Saget.<\/p>\n<p><em>Source : OIT<\/em><\/p>\n","protected":false},"excerpt":{"rendered":"<p>Vingt-quatre millions d\u2019emplois seront cr\u00e9\u00e9s \u00e0 l\u2019\u00e9chelle mondiale d\u2019ici \u00e0 2030 si l\u2019on met en place des politiques permettant de promouvoir une \u00e9conomie plus respectueuse de l\u2019environnement, selon le rapport \u00ab\u00a0Emploi et questions sociales dans le monde 2018 : Une [&hellip;]<\/p>\n","protected":false},"author":2,"featured_media":0,"comment_status":"closed","ping_status":"open","sticky":false,"template":"","format":"standard","meta":[],"categories":[65,10],"tags":[],"yoast_head":"<!-- This site is optimized with the Yoast SEO plugin v21.0 - https:\/\/yoast.com\/wordpress\/plugins\/seo\/ -->\n<title>De nouveaux emplois en perspective? L&#039;\u00e9conomie verte devrait cr\u00e9er 24 millions de nouveaux jobs d&#039;ici 2030. - Peoplesphere<\/title>\n<meta name=\"robots\" content=\"index, follow, max-snippet:-1, max-image-preview:large, max-video-preview:-1\" \/>\n<link rel=\"canonical\" href=\"https:\/\/peoplesphere.be\/fr\/de-nouveaux-emplois-perspective-leconomie-verte-creer-24-millions-de-nouveaux-jobs-dici-2030\/\" \/>\n<meta property=\"og:locale\" content=\"fr_FR\" \/>\n<meta property=\"og:type\" content=\"article\" \/>\n<meta property=\"og:title\" content=\"De nouveaux emplois en perspective? L&#039;\u00e9conomie verte devrait cr\u00e9er 24 millions de nouveaux jobs d&#039;ici 2030. - Peoplesphere\" \/>\n<meta property=\"og:description\" content=\"Vingt-quatre millions d\u2019emplois seront cr\u00e9\u00e9s \u00e0 l\u2019\u00e9chelle mondiale d\u2019ici \u00e0 2030 si l\u2019on met en place des politiques permettant de promouvoir une \u00e9conomie plus respectueuse de l\u2019environnement, selon le rapport \u00ab\u00a0Emploi et questions sociales dans le monde 2018 : Une [&hellip;]\" \/>\n<meta property=\"og:url\" content=\"https:\/\/peoplesphere.be\/fr\/de-nouveaux-emplois-perspective-leconomie-verte-creer-24-millions-de-nouveaux-jobs-dici-2030\/\" \/>\n<meta property=\"og:site_name\" content=\"Peoplesphere\" \/>\n<meta property=\"article:publisher\" content=\"https:\/\/www.facebook.com\/peoplesphere\" \/>\n<meta property=\"article:published_time\" content=\"2018-05-14T20:01:58+00:00\" \/>\n<meta property=\"article:modified_time\" content=\"2018-05-14T09:25:24+00:00\" \/>\n<meta property=\"og:image\" content=\"http:\/\/www.peoplesphere.be\/fr\/wp-content\/uploads\/2016\/07\/facebook-default-posting-1200x628px.jpg\" \/>\n<meta name=\"author\" content=\"Jean-Paul Erhard\" \/>\n<meta name=\"twitter:card\" content=\"summary_large_image\" \/>\n<meta name=\"twitter:creator\" content=\"@PeoplesphereMag\" \/>\n<meta name=\"twitter:site\" content=\"@PeoplesphereMag\" \/>\n<meta name=\"twitter:label1\" content=\"\u00c9crit par\" \/>\n\t<meta name=\"twitter:data1\" content=\"Jean-Paul Erhard\" \/>\n\t<meta name=\"twitter:label2\" content=\"Dur\u00e9e de lecture estim\u00e9e\" \/>\n\t<meta name=\"twitter:data2\" content=\"5 minutes\" \/>\n<script type=\"application\/ld+json\" class=\"yoast-schema-graph\">{\"@context\":\"https:\/\/schema.org\",\"@graph\":[{\"@type\":\"Article\",\"@id\":\"https:\/\/peoplesphere.be\/fr\/de-nouveaux-emplois-perspective-leconomie-verte-creer-24-millions-de-nouveaux-jobs-dici-2030\/#article\",\"isPartOf\":{\"@id\":\"https:\/\/peoplesphere.be\/fr\/de-nouveaux-emplois-perspective-leconomie-verte-creer-24-millions-de-nouveaux-jobs-dici-2030\/\"},\"author\":{\"name\":\"Jean-Paul Erhard\",\"@id\":\"https:\/\/peoplesphere.be\/fr\/#\/schema\/person\/7976225ff17988604334abb7b3536a7e\"},\"headline\":\"De nouveaux emplois en perspective? L&rsquo;\u00e9conomie verte devrait cr\u00e9er 24 millions de nouveaux jobs d&rsquo;ici 2030.\",\"datePublished\":\"2018-05-14T20:01:58+00:00\",\"dateModified\":\"2018-05-14T09:25:24+00:00\",\"mainEntityOfPage\":{\"@id\":\"https:\/\/peoplesphere.be\/fr\/de-nouveaux-emplois-perspective-leconomie-verte-creer-24-millions-de-nouveaux-jobs-dici-2030\/\"},\"wordCount\":949,\"publisher\":{\"@id\":\"https:\/\/peoplesphere.be\/fr\/#organization\"},\"articleSection\":[\"Actualit\u00e9s\",\"Digital\"],\"inLanguage\":\"fr-FR\"},{\"@type\":\"WebPage\",\"@id\":\"https:\/\/peoplesphere.be\/fr\/de-nouveaux-emplois-perspective-leconomie-verte-creer-24-millions-de-nouveaux-jobs-dici-2030\/\",\"url\":\"https:\/\/peoplesphere.be\/fr\/de-nouveaux-emplois-perspective-leconomie-verte-creer-24-millions-de-nouveaux-jobs-dici-2030\/\",\"name\":\"De nouveaux emplois en perspective? L'\u00e9conomie verte devrait cr\u00e9er 24 millions de nouveaux jobs d'ici 2030. - Peoplesphere\",\"isPartOf\":{\"@id\":\"https:\/\/peoplesphere.be\/fr\/#website\"},\"datePublished\":\"2018-05-14T20:01:58+00:00\",\"dateModified\":\"2018-05-14T09:25:24+00:00\",\"breadcrumb\":{\"@id\":\"https:\/\/peoplesphere.be\/fr\/de-nouveaux-emplois-perspective-leconomie-verte-creer-24-millions-de-nouveaux-jobs-dici-2030\/#breadcrumb\"},\"inLanguage\":\"fr-FR\",\"potentialAction\":[{\"@type\":\"ReadAction\",\"target\":[\"https:\/\/peoplesphere.be\/fr\/de-nouveaux-emplois-perspective-leconomie-verte-creer-24-millions-de-nouveaux-jobs-dici-2030\/\"]}]},{\"@type\":\"BreadcrumbList\",\"@id\":\"https:\/\/peoplesphere.be\/fr\/de-nouveaux-emplois-perspective-leconomie-verte-creer-24-millions-de-nouveaux-jobs-dici-2030\/#breadcrumb\",\"itemListElement\":[{\"@type\":\"ListItem\",\"position\":1,\"name\":\"Accueil\",\"item\":\"https:\/\/peoplesphere.be\/fr\/\"},{\"@type\":\"ListItem\",\"position\":2,\"name\":\"De nouveaux emplois en perspective? L&rsquo;\u00e9conomie verte devrait cr\u00e9er 24 millions de nouveaux jobs d&rsquo;ici 2030.\"}]},{\"@type\":\"WebSite\",\"@id\":\"https:\/\/peoplesphere.be\/fr\/#website\",\"url\":\"https:\/\/peoplesphere.be\/fr\/\",\"name\":\"Peoplesphere\",\"description\":\"The People Managers Magazine\",\"publisher\":{\"@id\":\"https:\/\/peoplesphere.be\/fr\/#organization\"},\"potentialAction\":[{\"@type\":\"SearchAction\",\"target\":{\"@type\":\"EntryPoint\",\"urlTemplate\":\"https:\/\/peoplesphere.be\/fr\/?s={search_term_string}\"},\"query-input\":\"required name=search_term_string\"}],\"inLanguage\":\"fr-FR\"},{\"@type\":\"Organization\",\"@id\":\"https:\/\/peoplesphere.be\/fr\/#organization\",\"name\":\"Peoplesphere Company srl\",\"url\":\"https:\/\/peoplesphere.be\/fr\/\",\"logo\":{\"@type\":\"ImageObject\",\"inLanguage\":\"fr-FR\",\"@id\":\"https:\/\/peoplesphere.be\/fr\/#\/schema\/logo\/image\/\",\"url\":\"https:\/\/peoplesphere.be\/fr\/wp-content\/uploads\/2023\/07\/peoplesphere-lgo-new-generik.jpg\",\"contentUrl\":\"https:\/\/peoplesphere.be\/fr\/wp-content\/uploads\/2023\/07\/peoplesphere-lgo-new-generik.jpg\",\"width\":1031,\"height\":1479,\"caption\":\"Peoplesphere Company srl\"},\"image\":{\"@id\":\"https:\/\/peoplesphere.be\/fr\/#\/schema\/logo\/image\/\"},\"sameAs\":[\"https:\/\/www.facebook.com\/peoplesphere\",\"https:\/\/twitter.com\/PeoplesphereMag\",\"https:\/\/www.linkedin.com\/company\/7587361?trk\",\"http:\/\/youtube.com\/peoplesphere\"]},{\"@type\":\"Person\",\"@id\":\"https:\/\/peoplesphere.be\/fr\/#\/schema\/person\/7976225ff17988604334abb7b3536a7e\",\"name\":\"Jean-Paul Erhard\",\"image\":{\"@type\":\"ImageObject\",\"inLanguage\":\"fr-FR\",\"@id\":\"https:\/\/peoplesphere.be\/fr\/#\/schema\/person\/image\/\",\"url\":\"https:\/\/secure.gravatar.com\/avatar\/f941e681460179738071629a51574930?s=96&d=mm&r=g\",\"contentUrl\":\"https:\/\/secure.gravatar.com\/avatar\/f941e681460179738071629a51574930?s=96&d=mm&r=g\",\"caption\":\"Jean-Paul Erhard\"},\"url\":\"https:\/\/peoplesphere.be\/fr\/author\/jpe\/\"}]}<\/script>\n<!-- \/ Yoast SEO plugin. -->","yoast_head_json":{"title":"De nouveaux emplois en perspective? L'\u00e9conomie verte devrait cr\u00e9er 24 millions de nouveaux jobs d'ici 2030. - Peoplesphere","robots":{"index":"index","follow":"follow","max-snippet":"max-snippet:-1","max-image-preview":"max-image-preview:large","max-video-preview":"max-video-preview:-1"},"canonical":"https:\/\/peoplesphere.be\/fr\/de-nouveaux-emplois-perspective-leconomie-verte-creer-24-millions-de-nouveaux-jobs-dici-2030\/","og_locale":"fr_FR","og_type":"article","og_title":"De nouveaux emplois en perspective? L'\u00e9conomie verte devrait cr\u00e9er 24 millions de nouveaux jobs d'ici 2030. - Peoplesphere","og_description":"Vingt-quatre millions d\u2019emplois seront cr\u00e9\u00e9s \u00e0 l\u2019\u00e9chelle mondiale d\u2019ici \u00e0 2030 si l\u2019on met en place des politiques permettant de promouvoir une \u00e9conomie plus respectueuse de l\u2019environnement, selon le rapport \u00ab\u00a0Emploi et questions sociales dans le monde 2018 : Une [&hellip;]","og_url":"https:\/\/peoplesphere.be\/fr\/de-nouveaux-emplois-perspective-leconomie-verte-creer-24-millions-de-nouveaux-jobs-dici-2030\/","og_site_name":"Peoplesphere","article_publisher":"https:\/\/www.facebook.com\/peoplesphere","article_published_time":"2018-05-14T20:01:58+00:00","article_modified_time":"2018-05-14T09:25:24+00:00","og_image":[{"url":"http:\/\/www.peoplesphere.be\/fr\/wp-content\/uploads\/2016\/07\/facebook-default-posting-1200x628px.jpg"}],"author":"Jean-Paul Erhard","twitter_card":"summary_large_image","twitter_creator":"@PeoplesphereMag","twitter_site":"@PeoplesphereMag","twitter_misc":{"\u00c9crit par":"Jean-Paul Erhard","Dur\u00e9e de lecture estim\u00e9e":"5 minutes"},"schema":{"@context":"https:\/\/schema.org","@graph":[{"@type":"Article","@id":"https:\/\/peoplesphere.be\/fr\/de-nouveaux-emplois-perspective-leconomie-verte-creer-24-millions-de-nouveaux-jobs-dici-2030\/#article","isPartOf":{"@id":"https:\/\/peoplesphere.be\/fr\/de-nouveaux-emplois-perspective-leconomie-verte-creer-24-millions-de-nouveaux-jobs-dici-2030\/"},"author":{"name":"Jean-Paul Erhard","@id":"https:\/\/peoplesphere.be\/fr\/#\/schema\/person\/7976225ff17988604334abb7b3536a7e"},"headline":"De nouveaux emplois en perspective? L&rsquo;\u00e9conomie verte devrait cr\u00e9er 24 millions de nouveaux jobs d&rsquo;ici 2030.","datePublished":"2018-05-14T20:01:58+00:00","dateModified":"2018-05-14T09:25:24+00:00","mainEntityOfPage":{"@id":"https:\/\/peoplesphere.be\/fr\/de-nouveaux-emplois-perspective-leconomie-verte-creer-24-millions-de-nouveaux-jobs-dici-2030\/"},"wordCount":949,"publisher":{"@id":"https:\/\/peoplesphere.be\/fr\/#organization"},"articleSection":["Actualit\u00e9s","Digital"],"inLanguage":"fr-FR"},{"@type":"WebPage","@id":"https:\/\/peoplesphere.be\/fr\/de-nouveaux-emplois-perspective-leconomie-verte-creer-24-millions-de-nouveaux-jobs-dici-2030\/","url":"https:\/\/peoplesphere.be\/fr\/de-nouveaux-emplois-perspective-leconomie-verte-creer-24-millions-de-nouveaux-jobs-dici-2030\/","name":"De nouveaux emplois en perspective? L'\u00e9conomie verte devrait cr\u00e9er 24 millions de nouveaux jobs d'ici 2030. - Peoplesphere","isPartOf":{"@id":"https:\/\/peoplesphere.be\/fr\/#website"},"datePublished":"2018-05-14T20:01:58+00:00","dateModified":"2018-05-14T09:25:24+00:00","breadcrumb":{"@id":"https:\/\/peoplesphere.be\/fr\/de-nouveaux-emplois-perspective-leconomie-verte-creer-24-millions-de-nouveaux-jobs-dici-2030\/#breadcrumb"},"inLanguage":"fr-FR","potentialAction":[{"@type":"ReadAction","target":["https:\/\/peoplesphere.be\/fr\/de-nouveaux-emplois-perspective-leconomie-verte-creer-24-millions-de-nouveaux-jobs-dici-2030\/"]}]},{"@type":"BreadcrumbList","@id":"https:\/\/peoplesphere.be\/fr\/de-nouveaux-emplois-perspective-leconomie-verte-creer-24-millions-de-nouveaux-jobs-dici-2030\/#breadcrumb","itemListElement":[{"@type":"ListItem","position":1,"name":"Accueil","item":"https:\/\/peoplesphere.be\/fr\/"},{"@type":"ListItem","position":2,"name":"De nouveaux emplois en perspective? L&rsquo;\u00e9conomie verte devrait cr\u00e9er 24 millions de nouveaux jobs d&rsquo;ici 2030."}]},{"@type":"WebSite","@id":"https:\/\/peoplesphere.be\/fr\/#website","url":"https:\/\/peoplesphere.be\/fr\/","name":"Peoplesphere","description":"The People Managers Magazine","publisher":{"@id":"https:\/\/peoplesphere.be\/fr\/#organization"},"potentialAction":[{"@type":"SearchAction","target":{"@type":"EntryPoint","urlTemplate":"https:\/\/peoplesphere.be\/fr\/?s={search_term_string}"},"query-input":"required name=search_term_string"}],"inLanguage":"fr-FR"},{"@type":"Organization","@id":"https:\/\/peoplesphere.be\/fr\/#organization","name":"Peoplesphere Company srl","url":"https:\/\/peoplesphere.be\/fr\/","logo":{"@type":"ImageObject","inLanguage":"fr-FR","@id":"https:\/\/peoplesphere.be\/fr\/#\/schema\/logo\/image\/","url":"https:\/\/peoplesphere.be\/fr\/wp-content\/uploads\/2023\/07\/peoplesphere-lgo-new-generik.jpg","contentUrl":"https:\/\/peoplesphere.be\/fr\/wp-content\/uploads\/2023\/07\/peoplesphere-lgo-new-generik.jpg","width":1031,"height":1479,"caption":"Peoplesphere Company srl"},"image":{"@id":"https:\/\/peoplesphere.be\/fr\/#\/schema\/logo\/image\/"},"sameAs":["https:\/\/www.facebook.com\/peoplesphere","https:\/\/twitter.com\/PeoplesphereMag","https:\/\/www.linkedin.com\/company\/7587361?trk","http:\/\/youtube.com\/peoplesphere"]},{"@type":"Person","@id":"https:\/\/peoplesphere.be\/fr\/#\/schema\/person\/7976225ff17988604334abb7b3536a7e","name":"Jean-Paul Erhard","image":{"@type":"ImageObject","inLanguage":"fr-FR","@id":"https:\/\/peoplesphere.be\/fr\/#\/schema\/person\/image\/","url":"https:\/\/secure.gravatar.com\/avatar\/f941e681460179738071629a51574930?s=96&d=mm&r=g","contentUrl":"https:\/\/secure.gravatar.com\/avatar\/f941e681460179738071629a51574930?s=96&d=mm&r=g","caption":"Jean-Paul Erhard"},"url":"https:\/\/peoplesphere.be\/fr\/author\/jpe\/"}]}},"_links":{"self":[{"href":"https:\/\/peoplesphere.be\/fr\/wp-json\/wp\/v2\/posts\/6026"}],"collection":[{"href":"https:\/\/peoplesphere.be\/fr\/wp-json\/wp\/v2\/posts"}],"about":[{"href":"https:\/\/peoplesphere.be\/fr\/wp-json\/wp\/v2\/types\/post"}],"author":[{"embeddable":true,"href":"https:\/\/peoplesphere.be\/fr\/wp-json\/wp\/v2\/users\/2"}],"replies":[{"embeddable":true,"href":"https:\/\/peoplesphere.be\/fr\/wp-json\/wp\/v2\/comments?post=6026"}],"version-history":[{"count":1,"href":"https:\/\/peoplesphere.be\/fr\/wp-json\/wp\/v2\/posts\/6026\/revisions"}],"predecessor-version":[{"id":6028,"href":"https:\/\/peoplesphere.be\/fr\/wp-json\/wp\/v2\/posts\/6026\/revisions\/6028"}],"wp:attachment":[{"href":"https:\/\/peoplesphere.be\/fr\/wp-json\/wp\/v2\/media?parent=6026"}],"wp:term":[{"taxonomy":"category","embeddable":true,"href":"https:\/\/peoplesphere.be\/fr\/wp-json\/wp\/v2\/categories?post=6026"},{"taxonomy":"post_tag","embeddable":true,"href":"https:\/\/peoplesphere.be\/fr\/wp-json\/wp\/v2\/tags?post=6026"}],"curies":[{"name":"wp","href":"https:\/\/api.w.org\/{rel}","templated":true}]}}