









{"id":6035,"date":"2018-05-15T06:17:03","date_gmt":"2018-05-15T04:17:03","guid":{"rendered":"http:\/\/www.peoplesphere.be\/fr\/?p=6035"},"modified":"2018-05-15T06:17:03","modified_gmt":"2018-05-15T04:17:03","slug":"dpo-wanted-fonction-de-responsable-de-protection-donnees-dores-deja-grande-penurie","status":"publish","type":"post","link":"https:\/\/peoplesphere.be\/fr\/dpo-wanted-fonction-de-responsable-de-protection-donnees-dores-deja-grande-penurie\/","title":{"rendered":"&lsquo;DPO&rsquo; wanted&#8230; La fonction de responsable de la protection des donn\u00e9es est d&rsquo;ores et d\u00e9j\u00e0 en grande p\u00e9nurie."},"content":{"rendered":"<p>L\u2019\u00e9ch\u00e9ance du 25 mai se rapproche \u00e0 grand pas et les entreprises mettent tout en \u0153uvre pour t\u00e2cher de se conformer au nouveau R\u00e8glement G\u00e9n\u00e9ral sur la Protection des Donn\u00e9es (RGPD) mis en place par l\u2019Union europ\u00e9enne. Parmi les nouvelles dispositions impos\u00e9es, l\u2019obligation de nommer un responsable de la protection des donn\u00e9es.\u00a0Un \u2018job tendance\u2019 \u00e0 l\u2019\u00e8re de la digitalisation de notre \u00e9conomie&#8230; mais d\u00e9j\u00e0 en p\u00e9nurie.<!--more--><\/p>\n<p>Au carrefour des fonctions IT, juridique, qualit\u00e9 et ressources humaines, le DPO (Data Protection Officer) veillera \u00e0 impl\u00e9menter une v\u00e9ritable culture de la gestion des donn\u00e9es au sein de son organisation. Le DPO doit fournir une r\u00e9ponse \u00e0 l\u2019exigence de transparence grandissante en provenance de toutes les parties prenantes (autorit\u00e9s, clients, collaborateurs, fournisseurs, organisations etc.).<\/p>\n<p><em><strong>Quelles entreprises doivent engager un Data Protection Officer?<\/strong><\/em><\/p>\n<p>A priori, toutes les organisations sont concern\u00e9es par cette nouvelle fonction. Cependant, la d\u00e9cision de cr\u00e9er un poste de travail proprement dit d\u00e9pendra de la taille de l\u2019entreprise, de la complexit\u00e9 ou du caract\u00e8re sensible des donn\u00e9es, du nombre de donn\u00e9es trait\u00e9es ou de l\u2019activit\u00e9 de l\u2019entreprise. Autre crit\u00e8re \u00e0 prendre en compte, l\u2019\u00e9valuation et la gestion du risque. La r\u00e9cente crise \u2018Cambridge Analytica\u2019, qui a mis Facebook dans la tourmente, a montr\u00e9 \u00e0 quel point le sujet est devenu sensible et pouvait mettre rapidement la r\u00e9putation de l\u2019entreprise en danger.<\/p>\n<p><strong><em>Quelles sont les missions du DPO ?<\/em><\/strong><\/p>\n<p>Si l\u2019article 37 du R\u00e8glement RGPD impose l\u2019identification formelle d\u2019une personne en charge des questions li\u00e9es \u00e0 la protection des donn\u00e9es, le texte ne fournit pas un descriptif de fonction exhaustif, mais en d\u00e9finit les contours. En r\u00e9sum\u00e9, le DPO est le bras droit de la direction pour toutes ces mati\u00e8res mais \u00e9galement le point de contact officiel entre l\u2019entreprise et les autorit\u00e9s comp\u00e9tentes \u2013 et \u00e0 partir du 25 mai il s\u2019agira de l\u2019Autorit\u00e9 de la protection des donn\u00e9es. Geert Vaerenberg, directeur d\u2019Experis Belgium (ManpowerGroup) explique: <em>\u00ab\u00a0Les responsabilit\u00e9s du DPO sont assez larges. Le Responsable de la protection des donn\u00e9es devra impl\u00e9menter une culture garantissant une parfaite conformit\u00e9 dans le domaine de la protection des donn\u00e9es. Cela inclut des conseils strat\u00e9giques au niveau de la direction, et au niveau de l\u2019ensemble du personnel la mise en place d\u2019audit, de processus et des actions de formation et de sensibilisation. Mais le r\u00f4le ne se limite pas \u00e0 l\u2019interne, le DPO sera \u00e9galement l\u2019interlocuteur aupr\u00e8s de toutes les parties prenantes de l\u2019entreprise afin de pouvoir r\u00e9pondre \u00e0 toute demande li\u00e9e \u00e0 la transparence, le transfert de donn\u00e9es, et le droit \u00e0 l\u2019oubli. Parmi les obligations impos\u00e9es, on peut citer l\u2019obligation de communiquer tout incident li\u00e9 \u00e0 la protection des donn\u00e9es en effectuant une d\u00e9claration aupr\u00e8s des autorit\u00e9s et en informant les personnes concern\u00e9es si leurs donn\u00e9es risquent de devenir publiques.\u00a0\u00bb<\/em><\/p>\n<p><em><strong>Quel est le profil id\u00e9al ?<\/strong><\/em><\/p>\n<p>Ce r\u00f4le pourra \u00eatre rempli par un collaborateur \u00e0 temps partiel ou \u00e0 temps plein \u2013 sp\u00e9cialement form\u00e9 \u2013 ou par un consultant externe. Tout le processus du RGPD en g\u00e9n\u00e9ral, et le r\u00f4le du Data Protection Officer en particulier se situe au carrefour de diff\u00e9rents d\u00e9partements, \u00e0 savoir l\u2019IT, le juridique, la qualit\u00e9 et l\u2019audit ainsi que les ressources humaines. Au-del\u00e0 des questions techniques que ce nouveau profil devra ma\u00eetriser, le Data Protection Officer devra \u00e9galement poss\u00e9der des qualit\u00e9s interpersonnelles indispensables. <em>\u00ab\u00a0La r\u00e9cente enqu\u00eate de ManpowerGroup consacr\u00e9e \u00e0 la digitalisation de l\u2019\u00e9conomie a mis en \u00e9vidence l\u2019importance des soft skills. Et cela se confirme dans le profil du ou de la Responsable de la Protection des Donn\u00e9es. Puisque la \u00ab data protection \u00bb n\u00e9cessite en premier lieu une prise de conscience et un changement des habitudes de chaque collaborateur individuel d\u2019une entreprise, le r\u00f4le devra faire face avant tout \u00e0 un projet de transformation de la culture de l\u2019entreprise et non \u00e0 un projet technique en informatique comme certains pourraient le croire\u00a0\u00bb<\/em>. Donc, il ou elle devra certes faire preuve d\u2019une excellente connaissance de la l\u00e9gislation et de comp\u00e9tences en audit et en gestion de projet. Mais en plus, par son caract\u00e8re multidimensionnel, le DPO devra faire preuve d\u2019une grande empathie, une grande capacit\u00e9 \u00e0 collaborer et \u00e0 communiquer, auxquels s\u2019ajoute un sens de l\u2019\u00e9thique et une<br \/>\nint\u00e9grit\u00e9 irr\u00e9prochable.<\/p>\n<p><em><strong>Un m\u00e9tier d\u00e9j\u00e0 en p\u00e9nurie ?<\/strong><\/em><\/p>\n<p>Il est difficile d\u2019estimer le nombre de postes de DPO qui seront effectivement cr\u00e9\u00e9s. Une \u00e9tude men\u00e9e en 2016 avait tabl\u00e9 sur la cr\u00e9ation de 28.000 jobs en Europe. <em>\u00ab\u00a0Notre exp\u00e9rience sur le terrain montre que la fonction de DPO est d\u00e9j\u00e0 sous tension et se rapproche d\u2019un m\u00e9tier en p\u00e9nurie. Ce n\u2019est pas \u00e9tonnant car le r\u00f4le demande un large \u00e9ventail de comp\u00e9tences. A qui confier un projet multidimensionnel ? Comment faire pour trouver le bon profil DPO capable d\u2019initier avec succ\u00e8s la transformation de la culture de son entreprise et de faire en sorte que les mesures prises aient un effet durable \u00e0 travers les processus en vigueur ?\u00a0\u00bb<\/em> explique encore Geert Vaerenberg.<\/p>\n<p><em>Source : ManpowerGroup<\/em><\/p>\n","protected":false},"excerpt":{"rendered":"<p>L\u2019\u00e9ch\u00e9ance du 25 mai se rapproche \u00e0 grand pas et les entreprises mettent tout en \u0153uvre pour t\u00e2cher de se conformer au nouveau R\u00e8glement G\u00e9n\u00e9ral sur la Protection des Donn\u00e9es (RGPD) mis en place par l\u2019Union europ\u00e9enne. Parmi les nouvelles [&hellip;]<\/p>\n","protected":false},"author":2,"featured_media":0,"comment_status":"closed","ping_status":"open","sticky":false,"template":"","format":"standard","meta":[],"categories":[65,10],"tags":[2004,371,1327,72,1774],"yoast_head":"<!-- This site is optimized with the Yoast SEO plugin v21.0 - https:\/\/yoast.com\/wordpress\/plugins\/seo\/ -->\n<title>&#039;DPO&#039; wanted... La fonction de responsable de la protection des donn\u00e9es est d&#039;ores et d\u00e9j\u00e0 en grande p\u00e9nurie. - Peoplesphere<\/title>\n<meta name=\"robots\" content=\"index, follow, max-snippet:-1, max-image-preview:large, max-video-preview:-1\" \/>\n<link rel=\"canonical\" href=\"https:\/\/peoplesphere.be\/fr\/dpo-wanted-fonction-de-responsable-de-protection-donnees-dores-deja-grande-penurie\/\" \/>\n<meta property=\"og:locale\" content=\"fr_FR\" \/>\n<meta property=\"og:type\" content=\"article\" \/>\n<meta property=\"og:title\" content=\"&#039;DPO&#039; wanted... La fonction de responsable de la protection des donn\u00e9es est d&#039;ores et d\u00e9j\u00e0 en grande p\u00e9nurie. - Peoplesphere\" \/>\n<meta property=\"og:description\" content=\"L\u2019\u00e9ch\u00e9ance du 25 mai se rapproche \u00e0 grand pas et les entreprises mettent tout en \u0153uvre pour t\u00e2cher de se conformer au nouveau R\u00e8glement G\u00e9n\u00e9ral sur la Protection des Donn\u00e9es (RGPD) mis en place par l\u2019Union europ\u00e9enne. Parmi les nouvelles [&hellip;]\" \/>\n<meta property=\"og:url\" content=\"https:\/\/peoplesphere.be\/fr\/dpo-wanted-fonction-de-responsable-de-protection-donnees-dores-deja-grande-penurie\/\" \/>\n<meta property=\"og:site_name\" content=\"Peoplesphere\" \/>\n<meta property=\"article:publisher\" content=\"https:\/\/www.facebook.com\/peoplesphere\" \/>\n<meta property=\"article:published_time\" content=\"2018-05-15T04:17:03+00:00\" \/>\n<meta property=\"og:image\" content=\"http:\/\/www.peoplesphere.be\/fr\/wp-content\/uploads\/2016\/07\/facebook-default-posting-1200x628px.jpg\" \/>\n<meta name=\"author\" content=\"Jean-Paul Erhard\" \/>\n<meta name=\"twitter:card\" content=\"summary_large_image\" \/>\n<meta name=\"twitter:creator\" content=\"@PeoplesphereMag\" \/>\n<meta name=\"twitter:site\" content=\"@PeoplesphereMag\" \/>\n<meta name=\"twitter:label1\" content=\"\u00c9crit par\" \/>\n\t<meta name=\"twitter:data1\" content=\"Jean-Paul Erhard\" \/>\n\t<meta name=\"twitter:label2\" content=\"Dur\u00e9e de lecture estim\u00e9e\" \/>\n\t<meta name=\"twitter:data2\" content=\"5 minutes\" \/>\n<script type=\"application\/ld+json\" class=\"yoast-schema-graph\">{\"@context\":\"https:\/\/schema.org\",\"@graph\":[{\"@type\":\"Article\",\"@id\":\"https:\/\/peoplesphere.be\/fr\/dpo-wanted-fonction-de-responsable-de-protection-donnees-dores-deja-grande-penurie\/#article\",\"isPartOf\":{\"@id\":\"https:\/\/peoplesphere.be\/fr\/dpo-wanted-fonction-de-responsable-de-protection-donnees-dores-deja-grande-penurie\/\"},\"author\":{\"name\":\"Jean-Paul Erhard\",\"@id\":\"https:\/\/peoplesphere.be\/fr\/#\/schema\/person\/7976225ff17988604334abb7b3536a7e\"},\"headline\":\"&lsquo;DPO&rsquo; wanted&#8230; La fonction de responsable de la protection des donn\u00e9es est d&rsquo;ores et d\u00e9j\u00e0 en grande p\u00e9nurie.\",\"datePublished\":\"2018-05-15T04:17:03+00:00\",\"dateModified\":\"2018-05-15T04:17:03+00:00\",\"mainEntityOfPage\":{\"@id\":\"https:\/\/peoplesphere.be\/fr\/dpo-wanted-fonction-de-responsable-de-protection-donnees-dores-deja-grande-penurie\/\"},\"wordCount\":926,\"publisher\":{\"@id\":\"https:\/\/peoplesphere.be\/fr\/#organization\"},\"keywords\":[\"data protection officer\",\"manpowergroup\",\"p\u00e9nurie\",\"recrutement\",\"RGPD\"],\"articleSection\":[\"Actualit\u00e9s\",\"Digital\"],\"inLanguage\":\"fr-FR\"},{\"@type\":\"WebPage\",\"@id\":\"https:\/\/peoplesphere.be\/fr\/dpo-wanted-fonction-de-responsable-de-protection-donnees-dores-deja-grande-penurie\/\",\"url\":\"https:\/\/peoplesphere.be\/fr\/dpo-wanted-fonction-de-responsable-de-protection-donnees-dores-deja-grande-penurie\/\",\"name\":\"'DPO' wanted... La fonction de responsable de la protection des donn\u00e9es est d'ores et d\u00e9j\u00e0 en grande p\u00e9nurie. - Peoplesphere\",\"isPartOf\":{\"@id\":\"https:\/\/peoplesphere.be\/fr\/#website\"},\"datePublished\":\"2018-05-15T04:17:03+00:00\",\"dateModified\":\"2018-05-15T04:17:03+00:00\",\"breadcrumb\":{\"@id\":\"https:\/\/peoplesphere.be\/fr\/dpo-wanted-fonction-de-responsable-de-protection-donnees-dores-deja-grande-penurie\/#breadcrumb\"},\"inLanguage\":\"fr-FR\",\"potentialAction\":[{\"@type\":\"ReadAction\",\"target\":[\"https:\/\/peoplesphere.be\/fr\/dpo-wanted-fonction-de-responsable-de-protection-donnees-dores-deja-grande-penurie\/\"]}]},{\"@type\":\"BreadcrumbList\",\"@id\":\"https:\/\/peoplesphere.be\/fr\/dpo-wanted-fonction-de-responsable-de-protection-donnees-dores-deja-grande-penurie\/#breadcrumb\",\"itemListElement\":[{\"@type\":\"ListItem\",\"position\":1,\"name\":\"Accueil\",\"item\":\"https:\/\/peoplesphere.be\/fr\/\"},{\"@type\":\"ListItem\",\"position\":2,\"name\":\"&lsquo;DPO&rsquo; wanted&#8230; La fonction de responsable de la protection des donn\u00e9es est d&rsquo;ores et d\u00e9j\u00e0 en grande p\u00e9nurie.\"}]},{\"@type\":\"WebSite\",\"@id\":\"https:\/\/peoplesphere.be\/fr\/#website\",\"url\":\"https:\/\/peoplesphere.be\/fr\/\",\"name\":\"Peoplesphere\",\"description\":\"The People Managers Magazine\",\"publisher\":{\"@id\":\"https:\/\/peoplesphere.be\/fr\/#organization\"},\"potentialAction\":[{\"@type\":\"SearchAction\",\"target\":{\"@type\":\"EntryPoint\",\"urlTemplate\":\"https:\/\/peoplesphere.be\/fr\/?s={search_term_string}\"},\"query-input\":\"required name=search_term_string\"}],\"inLanguage\":\"fr-FR\"},{\"@type\":\"Organization\",\"@id\":\"https:\/\/peoplesphere.be\/fr\/#organization\",\"name\":\"Peoplesphere Company srl\",\"url\":\"https:\/\/peoplesphere.be\/fr\/\",\"logo\":{\"@type\":\"ImageObject\",\"inLanguage\":\"fr-FR\",\"@id\":\"https:\/\/peoplesphere.be\/fr\/#\/schema\/logo\/image\/\",\"url\":\"https:\/\/peoplesphere.be\/fr\/wp-content\/uploads\/2023\/07\/peoplesphere-lgo-new-generik.jpg\",\"contentUrl\":\"https:\/\/peoplesphere.be\/fr\/wp-content\/uploads\/2023\/07\/peoplesphere-lgo-new-generik.jpg\",\"width\":1031,\"height\":1479,\"caption\":\"Peoplesphere Company srl\"},\"image\":{\"@id\":\"https:\/\/peoplesphere.be\/fr\/#\/schema\/logo\/image\/\"},\"sameAs\":[\"https:\/\/www.facebook.com\/peoplesphere\",\"https:\/\/twitter.com\/PeoplesphereMag\",\"https:\/\/www.linkedin.com\/company\/7587361?trk\",\"http:\/\/youtube.com\/peoplesphere\"]},{\"@type\":\"Person\",\"@id\":\"https:\/\/peoplesphere.be\/fr\/#\/schema\/person\/7976225ff17988604334abb7b3536a7e\",\"name\":\"Jean-Paul Erhard\",\"image\":{\"@type\":\"ImageObject\",\"inLanguage\":\"fr-FR\",\"@id\":\"https:\/\/peoplesphere.be\/fr\/#\/schema\/person\/image\/\",\"url\":\"https:\/\/secure.gravatar.com\/avatar\/f941e681460179738071629a51574930?s=96&d=mm&r=g\",\"contentUrl\":\"https:\/\/secure.gravatar.com\/avatar\/f941e681460179738071629a51574930?s=96&d=mm&r=g\",\"caption\":\"Jean-Paul Erhard\"},\"url\":\"https:\/\/peoplesphere.be\/fr\/author\/jpe\/\"}]}<\/script>\n<!-- \/ Yoast SEO plugin. -->","yoast_head_json":{"title":"'DPO' wanted... La fonction de responsable de la protection des donn\u00e9es est d'ores et d\u00e9j\u00e0 en grande p\u00e9nurie. - Peoplesphere","robots":{"index":"index","follow":"follow","max-snippet":"max-snippet:-1","max-image-preview":"max-image-preview:large","max-video-preview":"max-video-preview:-1"},"canonical":"https:\/\/peoplesphere.be\/fr\/dpo-wanted-fonction-de-responsable-de-protection-donnees-dores-deja-grande-penurie\/","og_locale":"fr_FR","og_type":"article","og_title":"'DPO' wanted... La fonction de responsable de la protection des donn\u00e9es est d'ores et d\u00e9j\u00e0 en grande p\u00e9nurie. - Peoplesphere","og_description":"L\u2019\u00e9ch\u00e9ance du 25 mai se rapproche \u00e0 grand pas et les entreprises mettent tout en \u0153uvre pour t\u00e2cher de se conformer au nouveau R\u00e8glement G\u00e9n\u00e9ral sur la Protection des Donn\u00e9es (RGPD) mis en place par l\u2019Union europ\u00e9enne. Parmi les nouvelles [&hellip;]","og_url":"https:\/\/peoplesphere.be\/fr\/dpo-wanted-fonction-de-responsable-de-protection-donnees-dores-deja-grande-penurie\/","og_site_name":"Peoplesphere","article_publisher":"https:\/\/www.facebook.com\/peoplesphere","article_published_time":"2018-05-15T04:17:03+00:00","og_image":[{"url":"http:\/\/www.peoplesphere.be\/fr\/wp-content\/uploads\/2016\/07\/facebook-default-posting-1200x628px.jpg"}],"author":"Jean-Paul Erhard","twitter_card":"summary_large_image","twitter_creator":"@PeoplesphereMag","twitter_site":"@PeoplesphereMag","twitter_misc":{"\u00c9crit par":"Jean-Paul Erhard","Dur\u00e9e de lecture estim\u00e9e":"5 minutes"},"schema":{"@context":"https:\/\/schema.org","@graph":[{"@type":"Article","@id":"https:\/\/peoplesphere.be\/fr\/dpo-wanted-fonction-de-responsable-de-protection-donnees-dores-deja-grande-penurie\/#article","isPartOf":{"@id":"https:\/\/peoplesphere.be\/fr\/dpo-wanted-fonction-de-responsable-de-protection-donnees-dores-deja-grande-penurie\/"},"author":{"name":"Jean-Paul Erhard","@id":"https:\/\/peoplesphere.be\/fr\/#\/schema\/person\/7976225ff17988604334abb7b3536a7e"},"headline":"&lsquo;DPO&rsquo; wanted&#8230; La fonction de responsable de la protection des donn\u00e9es est d&rsquo;ores et d\u00e9j\u00e0 en grande p\u00e9nurie.","datePublished":"2018-05-15T04:17:03+00:00","dateModified":"2018-05-15T04:17:03+00:00","mainEntityOfPage":{"@id":"https:\/\/peoplesphere.be\/fr\/dpo-wanted-fonction-de-responsable-de-protection-donnees-dores-deja-grande-penurie\/"},"wordCount":926,"publisher":{"@id":"https:\/\/peoplesphere.be\/fr\/#organization"},"keywords":["data protection officer","manpowergroup","p\u00e9nurie","recrutement","RGPD"],"articleSection":["Actualit\u00e9s","Digital"],"inLanguage":"fr-FR"},{"@type":"WebPage","@id":"https:\/\/peoplesphere.be\/fr\/dpo-wanted-fonction-de-responsable-de-protection-donnees-dores-deja-grande-penurie\/","url":"https:\/\/peoplesphere.be\/fr\/dpo-wanted-fonction-de-responsable-de-protection-donnees-dores-deja-grande-penurie\/","name":"'DPO' wanted... La fonction de responsable de la protection des donn\u00e9es est d'ores et d\u00e9j\u00e0 en grande p\u00e9nurie. - Peoplesphere","isPartOf":{"@id":"https:\/\/peoplesphere.be\/fr\/#website"},"datePublished":"2018-05-15T04:17:03+00:00","dateModified":"2018-05-15T04:17:03+00:00","breadcrumb":{"@id":"https:\/\/peoplesphere.be\/fr\/dpo-wanted-fonction-de-responsable-de-protection-donnees-dores-deja-grande-penurie\/#breadcrumb"},"inLanguage":"fr-FR","potentialAction":[{"@type":"ReadAction","target":["https:\/\/peoplesphere.be\/fr\/dpo-wanted-fonction-de-responsable-de-protection-donnees-dores-deja-grande-penurie\/"]}]},{"@type":"BreadcrumbList","@id":"https:\/\/peoplesphere.be\/fr\/dpo-wanted-fonction-de-responsable-de-protection-donnees-dores-deja-grande-penurie\/#breadcrumb","itemListElement":[{"@type":"ListItem","position":1,"name":"Accueil","item":"https:\/\/peoplesphere.be\/fr\/"},{"@type":"ListItem","position":2,"name":"&lsquo;DPO&rsquo; wanted&#8230; La fonction de responsable de la protection des donn\u00e9es est d&rsquo;ores et d\u00e9j\u00e0 en grande p\u00e9nurie."}]},{"@type":"WebSite","@id":"https:\/\/peoplesphere.be\/fr\/#website","url":"https:\/\/peoplesphere.be\/fr\/","name":"Peoplesphere","description":"The People Managers Magazine","publisher":{"@id":"https:\/\/peoplesphere.be\/fr\/#organization"},"potentialAction":[{"@type":"SearchAction","target":{"@type":"EntryPoint","urlTemplate":"https:\/\/peoplesphere.be\/fr\/?s={search_term_string}"},"query-input":"required name=search_term_string"}],"inLanguage":"fr-FR"},{"@type":"Organization","@id":"https:\/\/peoplesphere.be\/fr\/#organization","name":"Peoplesphere Company srl","url":"https:\/\/peoplesphere.be\/fr\/","logo":{"@type":"ImageObject","inLanguage":"fr-FR","@id":"https:\/\/peoplesphere.be\/fr\/#\/schema\/logo\/image\/","url":"https:\/\/peoplesphere.be\/fr\/wp-content\/uploads\/2023\/07\/peoplesphere-lgo-new-generik.jpg","contentUrl":"https:\/\/peoplesphere.be\/fr\/wp-content\/uploads\/2023\/07\/peoplesphere-lgo-new-generik.jpg","width":1031,"height":1479,"caption":"Peoplesphere Company srl"},"image":{"@id":"https:\/\/peoplesphere.be\/fr\/#\/schema\/logo\/image\/"},"sameAs":["https:\/\/www.facebook.com\/peoplesphere","https:\/\/twitter.com\/PeoplesphereMag","https:\/\/www.linkedin.com\/company\/7587361?trk","http:\/\/youtube.com\/peoplesphere"]},{"@type":"Person","@id":"https:\/\/peoplesphere.be\/fr\/#\/schema\/person\/7976225ff17988604334abb7b3536a7e","name":"Jean-Paul Erhard","image":{"@type":"ImageObject","inLanguage":"fr-FR","@id":"https:\/\/peoplesphere.be\/fr\/#\/schema\/person\/image\/","url":"https:\/\/secure.gravatar.com\/avatar\/f941e681460179738071629a51574930?s=96&d=mm&r=g","contentUrl":"https:\/\/secure.gravatar.com\/avatar\/f941e681460179738071629a51574930?s=96&d=mm&r=g","caption":"Jean-Paul Erhard"},"url":"https:\/\/peoplesphere.be\/fr\/author\/jpe\/"}]}},"_links":{"self":[{"href":"https:\/\/peoplesphere.be\/fr\/wp-json\/wp\/v2\/posts\/6035"}],"collection":[{"href":"https:\/\/peoplesphere.be\/fr\/wp-json\/wp\/v2\/posts"}],"about":[{"href":"https:\/\/peoplesphere.be\/fr\/wp-json\/wp\/v2\/types\/post"}],"author":[{"embeddable":true,"href":"https:\/\/peoplesphere.be\/fr\/wp-json\/wp\/v2\/users\/2"}],"replies":[{"embeddable":true,"href":"https:\/\/peoplesphere.be\/fr\/wp-json\/wp\/v2\/comments?post=6035"}],"version-history":[{"count":1,"href":"https:\/\/peoplesphere.be\/fr\/wp-json\/wp\/v2\/posts\/6035\/revisions"}],"predecessor-version":[{"id":6036,"href":"https:\/\/peoplesphere.be\/fr\/wp-json\/wp\/v2\/posts\/6035\/revisions\/6036"}],"wp:attachment":[{"href":"https:\/\/peoplesphere.be\/fr\/wp-json\/wp\/v2\/media?parent=6035"}],"wp:term":[{"taxonomy":"category","embeddable":true,"href":"https:\/\/peoplesphere.be\/fr\/wp-json\/wp\/v2\/categories?post=6035"},{"taxonomy":"post_tag","embeddable":true,"href":"https:\/\/peoplesphere.be\/fr\/wp-json\/wp\/v2\/tags?post=6035"}],"curies":[{"name":"wp","href":"https:\/\/api.w.org\/{rel}","templated":true}]}}