









{"id":6072,"date":"2018-05-21T07:29:13","date_gmt":"2018-05-21T05:29:13","guid":{"rendered":"http:\/\/www.peoplesphere.be\/fr\/?p=6072"},"modified":"2018-05-21T07:52:49","modified_gmt":"2018-05-21T05:52:49","slug":"gouvernement-wallon-envisage-doctroyer-prime-unique-aux-demandeurs-demploi-reussissent-formation-menant-a-metier-penurie","status":"publish","type":"post","link":"https:\/\/peoplesphere.be\/fr\/gouvernement-wallon-envisage-doctroyer-prime-unique-aux-demandeurs-demploi-reussissent-formation-menant-a-metier-penurie\/","title":{"rendered":"Le Gouvernement wallon envisage d&rsquo;octroyer une prime unique aux demandeurs d&#8217;emploi qui r\u00e9ussissent une formation menant \u00e0 un m\u00e9tier en p\u00e9nurie."},"content":{"rendered":"<p>Dans sa D\u00e9claration de Politique R\u00e9gionale, le Gouvernement wallon s&rsquo;est engag\u00e9 \u00e0 stimuler la comp\u00e9titivit\u00e9 de la Wallonie par l\u2019excellence des qualifications de sa population, par une formation dop\u00e9e, en lien avec le monde de l\u2019entreprise et adapt\u00e9e aux m\u00e9tiers en p\u00e9nurie et d\u2019avenir. Dans ce contexte, le Ministre-Pr\u00e9sident wallon Willy Borsus salue l&rsquo;initiative du Premier Ministre d&rsquo;oeuvrer \u00e0 la lutte contre les m\u00e9tiers en p\u00e9nurie et les emplois vacants.<\/p>\n<p><!--more--><\/p>\n<p><em>\u00ab\u00a0L&#8217;embellie \u00e9conomique se confirme et tout doit \u00eatre mis en \u0153uvre, d\u2019une part pour permettre aux demandeurs d\u2019emploi de saisir les opportunit\u00e9s d\u2019emploi et d\u2019autre part, pour permettre aux entreprises de trouver la main d\u2019\u0153uvre n\u00e9cessaire \u00e0 leur croissance.\u00a0\u00bb<\/em><\/p>\n<p>Le Gouvernement wallon a d\u00e9j\u00e0 formul\u00e9 des propositions concr\u00e8tes, \u00e0 l\u2019initiative du Ministre wallon de l\u2019Emploi Pierre-Yves Jeholet, actuellement en examen au sein du Comit\u00e9 de concertation.<br \/>\nAinsi, afin de mobiliser les demandeurs d\u2019emploi vers les m\u00e9tiers en p\u00e9nurie de main d\u2019\u0153uvre, le Gouvernement wallon envisage d\u2019octroyer, sous forme de prime unique, un nouvel incitant financier aux demandeurs d\u2019emploi inoccup\u00e9s ayant r\u00e9ussi une formation menant \u00e0 un m\u00e9tier en p\u00e9nurie de main d\u2019\u0153uvre.<\/p>\n<p>Le Ministre-Pr\u00e9sident et son Gouvernement le confirment : <em>\u00ab\u00a0Une orientation plus dynamique des demandeurs d\u2019emploi vers les fili\u00e8res de formation, en particulier celles qui m\u00e8nent vers les m\u00e9tiers en p\u00e9nurie de qualifications, sera assur\u00e9e\u00a0\u00bb.<\/em><\/p>\n<p>Pour le Ministre-Pr\u00e9sident de la Wallonie, Willy Borsus : <em>\u00ab\u00a0Permettre \u00e0 davantage de personnes d\u2019occuper un poste de travail, soutenir une formation de qualit\u00e9 en phase avec les besoins actuels et futurs des employeurs, et permettre au plus grand nombre d\u2019occuper une place pleine et enti\u00e8re dans la soci\u00e9t\u00e9, tels sont quelques-uns des objectifs poursuivis par notre Gouvernement en faveur d&rsquo;une politique d\u2019emploi et de formation dynamique\u00a0\u00bb.<\/em><\/p>\n<p>L&rsquo;UCM constate de son c\u00f4t\u00e9 que cette forme d&rsquo;activation r\u00e9pond en effet \u00e0 une situation pr\u00e9occupante : <em>\u00ab\u00a0Pour la mise \u00e0 l&#8217;emploi des ch\u00f4meurs, il faut constater que moins de 5 % des 200.000 demandeurs d&#8217;emploi wallons se sont form\u00e9s dans un m\u00e9tier en p\u00e9nurie. C&rsquo;est \u00e9videmment trop peu. Les formations du Forem et de Bruxelles Formation ne peuvent pas \u00eatre occupationnelles quand des milliers de chefs d&rsquo;entreprise cherchent en vain des collaborateurs. Il y a l\u00e0 une urgence, comme il y a urgence \u00e0 identifier les m\u00e9tiers de demain, qui na\u00eetront de la nouvelle r\u00e9volution num\u00e9rique. C&rsquo;est maintenant qu&rsquo;il faut former les personnes qui rel\u00e8veront ce nouveau d\u00e9fi \u00e9conomique. Cela implique aussi d&rsquo;encourager les conventions de stage chef d&rsquo;entreprise, afin d&rsquo;augmenter le nombre de starters.\u00a0\u00bb<\/em><\/p>\n<p><em>Source : Cabinet du Ministre Pr\u00e9sident W. Borsus &#8211; UCM<\/em><\/p>\n","protected":false},"excerpt":{"rendered":"<p>Dans sa D\u00e9claration de Politique R\u00e9gionale, le Gouvernement wallon s&rsquo;est engag\u00e9 \u00e0 stimuler la comp\u00e9titivit\u00e9 de la Wallonie par l\u2019excellence des qualifications de sa population, par une formation dop\u00e9e, en lien avec le monde de l\u2019entreprise et adapt\u00e9e aux m\u00e9tiers [&hellip;]<\/p>\n","protected":false},"author":2,"featured_media":0,"comment_status":"closed","ping_status":"open","sticky":false,"template":"","format":"standard","meta":[],"categories":[65,10],"tags":[92,11,903,2024,196,1350,955],"yoast_head":"<!-- This site is optimized with the Yoast SEO plugin v21.0 - https:\/\/yoast.com\/wordpress\/plugins\/seo\/ -->\n<title>Le Gouvernement wallon envisage d&#039;octroyer une prime unique aux demandeurs d&#039;emploi qui r\u00e9ussissent une formation menant \u00e0 un m\u00e9tier en p\u00e9nurie. - Peoplesphere<\/title>\n<meta name=\"robots\" content=\"index, follow, max-snippet:-1, max-image-preview:large, max-video-preview:-1\" \/>\n<link rel=\"canonical\" href=\"https:\/\/peoplesphere.be\/fr\/gouvernement-wallon-envisage-doctroyer-prime-unique-aux-demandeurs-demploi-reussissent-formation-menant-a-metier-penurie\/\" \/>\n<meta property=\"og:locale\" content=\"fr_FR\" \/>\n<meta property=\"og:type\" content=\"article\" \/>\n<meta property=\"og:title\" content=\"Le Gouvernement wallon envisage d&#039;octroyer une prime unique aux demandeurs d&#039;emploi qui r\u00e9ussissent une formation menant \u00e0 un m\u00e9tier en p\u00e9nurie. - Peoplesphere\" \/>\n<meta property=\"og:description\" content=\"Dans sa D\u00e9claration de Politique R\u00e9gionale, le Gouvernement wallon s&rsquo;est engag\u00e9 \u00e0 stimuler la comp\u00e9titivit\u00e9 de la Wallonie par l\u2019excellence des qualifications de sa population, par une formation dop\u00e9e, en lien avec le monde de l\u2019entreprise et adapt\u00e9e aux m\u00e9tiers [&hellip;]\" \/>\n<meta property=\"og:url\" content=\"https:\/\/peoplesphere.be\/fr\/gouvernement-wallon-envisage-doctroyer-prime-unique-aux-demandeurs-demploi-reussissent-formation-menant-a-metier-penurie\/\" \/>\n<meta property=\"og:site_name\" content=\"Peoplesphere\" \/>\n<meta property=\"article:publisher\" content=\"https:\/\/www.facebook.com\/peoplesphere\" \/>\n<meta property=\"article:published_time\" content=\"2018-05-21T05:29:13+00:00\" \/>\n<meta property=\"article:modified_time\" content=\"2018-05-21T05:52:49+00:00\" \/>\n<meta property=\"og:image\" content=\"http:\/\/www.peoplesphere.be\/fr\/wp-content\/uploads\/2016\/07\/facebook-default-posting-1200x628px.jpg\" \/>\n<meta name=\"author\" content=\"Jean-Paul Erhard\" \/>\n<meta name=\"twitter:card\" content=\"summary_large_image\" \/>\n<meta name=\"twitter:creator\" content=\"@PeoplesphereMag\" \/>\n<meta name=\"twitter:site\" content=\"@PeoplesphereMag\" \/>\n<meta name=\"twitter:label1\" content=\"\u00c9crit par\" \/>\n\t<meta name=\"twitter:data1\" content=\"Jean-Paul Erhard\" \/>\n\t<meta name=\"twitter:label2\" content=\"Dur\u00e9e de lecture estim\u00e9e\" \/>\n\t<meta name=\"twitter:data2\" content=\"2 minutes\" \/>\n<script type=\"application\/ld+json\" class=\"yoast-schema-graph\">{\"@context\":\"https:\/\/schema.org\",\"@graph\":[{\"@type\":\"Article\",\"@id\":\"https:\/\/peoplesphere.be\/fr\/gouvernement-wallon-envisage-doctroyer-prime-unique-aux-demandeurs-demploi-reussissent-formation-menant-a-metier-penurie\/#article\",\"isPartOf\":{\"@id\":\"https:\/\/peoplesphere.be\/fr\/gouvernement-wallon-envisage-doctroyer-prime-unique-aux-demandeurs-demploi-reussissent-formation-menant-a-metier-penurie\/\"},\"author\":{\"name\":\"Jean-Paul Erhard\",\"@id\":\"https:\/\/peoplesphere.be\/fr\/#\/schema\/person\/7976225ff17988604334abb7b3536a7e\"},\"headline\":\"Le Gouvernement wallon envisage d&rsquo;octroyer une prime unique aux demandeurs d&#8217;emploi qui r\u00e9ussissent une formation menant \u00e0 un m\u00e9tier en p\u00e9nurie.\",\"datePublished\":\"2018-05-21T05:29:13+00:00\",\"dateModified\":\"2018-05-21T05:52:49+00:00\",\"mainEntityOfPage\":{\"@id\":\"https:\/\/peoplesphere.be\/fr\/gouvernement-wallon-envisage-doctroyer-prime-unique-aux-demandeurs-demploi-reussissent-formation-menant-a-metier-penurie\/\"},\"wordCount\":488,\"publisher\":{\"@id\":\"https:\/\/peoplesphere.be\/fr\/#organization\"},\"keywords\":[\"ch\u00f4mage\",\"emploi\",\"gouvernement wallon\",\"incitant\",\"m\u00e9tiers en p\u00e9nurie\",\"ucm\",\"Willy Borsus\"],\"articleSection\":[\"Actualit\u00e9s\",\"Digital\"],\"inLanguage\":\"fr-FR\"},{\"@type\":\"WebPage\",\"@id\":\"https:\/\/peoplesphere.be\/fr\/gouvernement-wallon-envisage-doctroyer-prime-unique-aux-demandeurs-demploi-reussissent-formation-menant-a-metier-penurie\/\",\"url\":\"https:\/\/peoplesphere.be\/fr\/gouvernement-wallon-envisage-doctroyer-prime-unique-aux-demandeurs-demploi-reussissent-formation-menant-a-metier-penurie\/\",\"name\":\"Le Gouvernement wallon envisage d'octroyer une prime unique aux demandeurs d'emploi qui r\u00e9ussissent une formation menant \u00e0 un m\u00e9tier en p\u00e9nurie. - Peoplesphere\",\"isPartOf\":{\"@id\":\"https:\/\/peoplesphere.be\/fr\/#website\"},\"datePublished\":\"2018-05-21T05:29:13+00:00\",\"dateModified\":\"2018-05-21T05:52:49+00:00\",\"breadcrumb\":{\"@id\":\"https:\/\/peoplesphere.be\/fr\/gouvernement-wallon-envisage-doctroyer-prime-unique-aux-demandeurs-demploi-reussissent-formation-menant-a-metier-penurie\/#breadcrumb\"},\"inLanguage\":\"fr-FR\",\"potentialAction\":[{\"@type\":\"ReadAction\",\"target\":[\"https:\/\/peoplesphere.be\/fr\/gouvernement-wallon-envisage-doctroyer-prime-unique-aux-demandeurs-demploi-reussissent-formation-menant-a-metier-penurie\/\"]}]},{\"@type\":\"BreadcrumbList\",\"@id\":\"https:\/\/peoplesphere.be\/fr\/gouvernement-wallon-envisage-doctroyer-prime-unique-aux-demandeurs-demploi-reussissent-formation-menant-a-metier-penurie\/#breadcrumb\",\"itemListElement\":[{\"@type\":\"ListItem\",\"position\":1,\"name\":\"Accueil\",\"item\":\"https:\/\/peoplesphere.be\/fr\/\"},{\"@type\":\"ListItem\",\"position\":2,\"name\":\"Le Gouvernement wallon envisage d&rsquo;octroyer une prime unique aux demandeurs d&#8217;emploi qui r\u00e9ussissent une formation menant \u00e0 un m\u00e9tier en p\u00e9nurie.\"}]},{\"@type\":\"WebSite\",\"@id\":\"https:\/\/peoplesphere.be\/fr\/#website\",\"url\":\"https:\/\/peoplesphere.be\/fr\/\",\"name\":\"Peoplesphere\",\"description\":\"The People Managers Magazine\",\"publisher\":{\"@id\":\"https:\/\/peoplesphere.be\/fr\/#organization\"},\"potentialAction\":[{\"@type\":\"SearchAction\",\"target\":{\"@type\":\"EntryPoint\",\"urlTemplate\":\"https:\/\/peoplesphere.be\/fr\/?s={search_term_string}\"},\"query-input\":\"required name=search_term_string\"}],\"inLanguage\":\"fr-FR\"},{\"@type\":\"Organization\",\"@id\":\"https:\/\/peoplesphere.be\/fr\/#organization\",\"name\":\"Peoplesphere Company srl\",\"url\":\"https:\/\/peoplesphere.be\/fr\/\",\"logo\":{\"@type\":\"ImageObject\",\"inLanguage\":\"fr-FR\",\"@id\":\"https:\/\/peoplesphere.be\/fr\/#\/schema\/logo\/image\/\",\"url\":\"https:\/\/peoplesphere.be\/fr\/wp-content\/uploads\/2023\/07\/peoplesphere-lgo-new-generik.jpg\",\"contentUrl\":\"https:\/\/peoplesphere.be\/fr\/wp-content\/uploads\/2023\/07\/peoplesphere-lgo-new-generik.jpg\",\"width\":1031,\"height\":1479,\"caption\":\"Peoplesphere Company srl\"},\"image\":{\"@id\":\"https:\/\/peoplesphere.be\/fr\/#\/schema\/logo\/image\/\"},\"sameAs\":[\"https:\/\/www.facebook.com\/peoplesphere\",\"https:\/\/twitter.com\/PeoplesphereMag\",\"https:\/\/www.linkedin.com\/company\/7587361?trk\",\"http:\/\/youtube.com\/peoplesphere\"]},{\"@type\":\"Person\",\"@id\":\"https:\/\/peoplesphere.be\/fr\/#\/schema\/person\/7976225ff17988604334abb7b3536a7e\",\"name\":\"Jean-Paul Erhard\",\"image\":{\"@type\":\"ImageObject\",\"inLanguage\":\"fr-FR\",\"@id\":\"https:\/\/peoplesphere.be\/fr\/#\/schema\/person\/image\/\",\"url\":\"https:\/\/secure.gravatar.com\/avatar\/f941e681460179738071629a51574930?s=96&d=mm&r=g\",\"contentUrl\":\"https:\/\/secure.gravatar.com\/avatar\/f941e681460179738071629a51574930?s=96&d=mm&r=g\",\"caption\":\"Jean-Paul Erhard\"},\"url\":\"https:\/\/peoplesphere.be\/fr\/author\/jpe\/\"}]}<\/script>\n<!-- \/ Yoast SEO plugin. -->","yoast_head_json":{"title":"Le Gouvernement wallon envisage d'octroyer une prime unique aux demandeurs d'emploi qui r\u00e9ussissent une formation menant \u00e0 un m\u00e9tier en p\u00e9nurie. - Peoplesphere","robots":{"index":"index","follow":"follow","max-snippet":"max-snippet:-1","max-image-preview":"max-image-preview:large","max-video-preview":"max-video-preview:-1"},"canonical":"https:\/\/peoplesphere.be\/fr\/gouvernement-wallon-envisage-doctroyer-prime-unique-aux-demandeurs-demploi-reussissent-formation-menant-a-metier-penurie\/","og_locale":"fr_FR","og_type":"article","og_title":"Le Gouvernement wallon envisage d'octroyer une prime unique aux demandeurs d'emploi qui r\u00e9ussissent une formation menant \u00e0 un m\u00e9tier en p\u00e9nurie. - Peoplesphere","og_description":"Dans sa D\u00e9claration de Politique R\u00e9gionale, le Gouvernement wallon s&rsquo;est engag\u00e9 \u00e0 stimuler la comp\u00e9titivit\u00e9 de la Wallonie par l\u2019excellence des qualifications de sa population, par une formation dop\u00e9e, en lien avec le monde de l\u2019entreprise et adapt\u00e9e aux m\u00e9tiers [&hellip;]","og_url":"https:\/\/peoplesphere.be\/fr\/gouvernement-wallon-envisage-doctroyer-prime-unique-aux-demandeurs-demploi-reussissent-formation-menant-a-metier-penurie\/","og_site_name":"Peoplesphere","article_publisher":"https:\/\/www.facebook.com\/peoplesphere","article_published_time":"2018-05-21T05:29:13+00:00","article_modified_time":"2018-05-21T05:52:49+00:00","og_image":[{"url":"http:\/\/www.peoplesphere.be\/fr\/wp-content\/uploads\/2016\/07\/facebook-default-posting-1200x628px.jpg"}],"author":"Jean-Paul Erhard","twitter_card":"summary_large_image","twitter_creator":"@PeoplesphereMag","twitter_site":"@PeoplesphereMag","twitter_misc":{"\u00c9crit par":"Jean-Paul Erhard","Dur\u00e9e de lecture estim\u00e9e":"2 minutes"},"schema":{"@context":"https:\/\/schema.org","@graph":[{"@type":"Article","@id":"https:\/\/peoplesphere.be\/fr\/gouvernement-wallon-envisage-doctroyer-prime-unique-aux-demandeurs-demploi-reussissent-formation-menant-a-metier-penurie\/#article","isPartOf":{"@id":"https:\/\/peoplesphere.be\/fr\/gouvernement-wallon-envisage-doctroyer-prime-unique-aux-demandeurs-demploi-reussissent-formation-menant-a-metier-penurie\/"},"author":{"name":"Jean-Paul Erhard","@id":"https:\/\/peoplesphere.be\/fr\/#\/schema\/person\/7976225ff17988604334abb7b3536a7e"},"headline":"Le Gouvernement wallon envisage d&rsquo;octroyer une prime unique aux demandeurs d&#8217;emploi qui r\u00e9ussissent une formation menant \u00e0 un m\u00e9tier en p\u00e9nurie.","datePublished":"2018-05-21T05:29:13+00:00","dateModified":"2018-05-21T05:52:49+00:00","mainEntityOfPage":{"@id":"https:\/\/peoplesphere.be\/fr\/gouvernement-wallon-envisage-doctroyer-prime-unique-aux-demandeurs-demploi-reussissent-formation-menant-a-metier-penurie\/"},"wordCount":488,"publisher":{"@id":"https:\/\/peoplesphere.be\/fr\/#organization"},"keywords":["ch\u00f4mage","emploi","gouvernement wallon","incitant","m\u00e9tiers en p\u00e9nurie","ucm","Willy Borsus"],"articleSection":["Actualit\u00e9s","Digital"],"inLanguage":"fr-FR"},{"@type":"WebPage","@id":"https:\/\/peoplesphere.be\/fr\/gouvernement-wallon-envisage-doctroyer-prime-unique-aux-demandeurs-demploi-reussissent-formation-menant-a-metier-penurie\/","url":"https:\/\/peoplesphere.be\/fr\/gouvernement-wallon-envisage-doctroyer-prime-unique-aux-demandeurs-demploi-reussissent-formation-menant-a-metier-penurie\/","name":"Le Gouvernement wallon envisage d'octroyer une prime unique aux demandeurs d'emploi qui r\u00e9ussissent une formation menant \u00e0 un m\u00e9tier en p\u00e9nurie. - Peoplesphere","isPartOf":{"@id":"https:\/\/peoplesphere.be\/fr\/#website"},"datePublished":"2018-05-21T05:29:13+00:00","dateModified":"2018-05-21T05:52:49+00:00","breadcrumb":{"@id":"https:\/\/peoplesphere.be\/fr\/gouvernement-wallon-envisage-doctroyer-prime-unique-aux-demandeurs-demploi-reussissent-formation-menant-a-metier-penurie\/#breadcrumb"},"inLanguage":"fr-FR","potentialAction":[{"@type":"ReadAction","target":["https:\/\/peoplesphere.be\/fr\/gouvernement-wallon-envisage-doctroyer-prime-unique-aux-demandeurs-demploi-reussissent-formation-menant-a-metier-penurie\/"]}]},{"@type":"BreadcrumbList","@id":"https:\/\/peoplesphere.be\/fr\/gouvernement-wallon-envisage-doctroyer-prime-unique-aux-demandeurs-demploi-reussissent-formation-menant-a-metier-penurie\/#breadcrumb","itemListElement":[{"@type":"ListItem","position":1,"name":"Accueil","item":"https:\/\/peoplesphere.be\/fr\/"},{"@type":"ListItem","position":2,"name":"Le Gouvernement wallon envisage d&rsquo;octroyer une prime unique aux demandeurs d&#8217;emploi qui r\u00e9ussissent une formation menant \u00e0 un m\u00e9tier en p\u00e9nurie."}]},{"@type":"WebSite","@id":"https:\/\/peoplesphere.be\/fr\/#website","url":"https:\/\/peoplesphere.be\/fr\/","name":"Peoplesphere","description":"The People Managers Magazine","publisher":{"@id":"https:\/\/peoplesphere.be\/fr\/#organization"},"potentialAction":[{"@type":"SearchAction","target":{"@type":"EntryPoint","urlTemplate":"https:\/\/peoplesphere.be\/fr\/?s={search_term_string}"},"query-input":"required name=search_term_string"}],"inLanguage":"fr-FR"},{"@type":"Organization","@id":"https:\/\/peoplesphere.be\/fr\/#organization","name":"Peoplesphere Company srl","url":"https:\/\/peoplesphere.be\/fr\/","logo":{"@type":"ImageObject","inLanguage":"fr-FR","@id":"https:\/\/peoplesphere.be\/fr\/#\/schema\/logo\/image\/","url":"https:\/\/peoplesphere.be\/fr\/wp-content\/uploads\/2023\/07\/peoplesphere-lgo-new-generik.jpg","contentUrl":"https:\/\/peoplesphere.be\/fr\/wp-content\/uploads\/2023\/07\/peoplesphere-lgo-new-generik.jpg","width":1031,"height":1479,"caption":"Peoplesphere Company srl"},"image":{"@id":"https:\/\/peoplesphere.be\/fr\/#\/schema\/logo\/image\/"},"sameAs":["https:\/\/www.facebook.com\/peoplesphere","https:\/\/twitter.com\/PeoplesphereMag","https:\/\/www.linkedin.com\/company\/7587361?trk","http:\/\/youtube.com\/peoplesphere"]},{"@type":"Person","@id":"https:\/\/peoplesphere.be\/fr\/#\/schema\/person\/7976225ff17988604334abb7b3536a7e","name":"Jean-Paul Erhard","image":{"@type":"ImageObject","inLanguage":"fr-FR","@id":"https:\/\/peoplesphere.be\/fr\/#\/schema\/person\/image\/","url":"https:\/\/secure.gravatar.com\/avatar\/f941e681460179738071629a51574930?s=96&d=mm&r=g","contentUrl":"https:\/\/secure.gravatar.com\/avatar\/f941e681460179738071629a51574930?s=96&d=mm&r=g","caption":"Jean-Paul Erhard"},"url":"https:\/\/peoplesphere.be\/fr\/author\/jpe\/"}]}},"_links":{"self":[{"href":"https:\/\/peoplesphere.be\/fr\/wp-json\/wp\/v2\/posts\/6072"}],"collection":[{"href":"https:\/\/peoplesphere.be\/fr\/wp-json\/wp\/v2\/posts"}],"about":[{"href":"https:\/\/peoplesphere.be\/fr\/wp-json\/wp\/v2\/types\/post"}],"author":[{"embeddable":true,"href":"https:\/\/peoplesphere.be\/fr\/wp-json\/wp\/v2\/users\/2"}],"replies":[{"embeddable":true,"href":"https:\/\/peoplesphere.be\/fr\/wp-json\/wp\/v2\/comments?post=6072"}],"version-history":[{"count":3,"href":"https:\/\/peoplesphere.be\/fr\/wp-json\/wp\/v2\/posts\/6072\/revisions"}],"predecessor-version":[{"id":6075,"href":"https:\/\/peoplesphere.be\/fr\/wp-json\/wp\/v2\/posts\/6072\/revisions\/6075"}],"wp:attachment":[{"href":"https:\/\/peoplesphere.be\/fr\/wp-json\/wp\/v2\/media?parent=6072"}],"wp:term":[{"taxonomy":"category","embeddable":true,"href":"https:\/\/peoplesphere.be\/fr\/wp-json\/wp\/v2\/categories?post=6072"},{"taxonomy":"post_tag","embeddable":true,"href":"https:\/\/peoplesphere.be\/fr\/wp-json\/wp\/v2\/tags?post=6072"}],"curies":[{"name":"wp","href":"https:\/\/api.w.org\/{rel}","templated":true}]}}