









{"id":6152,"date":"2018-06-06T16:01:13","date_gmt":"2018-06-06T14:01:13","guid":{"rendered":"http:\/\/www.peoplesphere.be\/fr\/?p=6152"},"modified":"2018-06-06T16:01:13","modified_gmt":"2018-06-06T14:01:13","slug":"lunion-europeenne-confrontee-a-limpossible-equation-vieillissement-de-population","status":"publish","type":"post","link":"https:\/\/peoplesphere.be\/fr\/lunion-europeenne-confrontee-a-limpossible-equation-vieillissement-de-population\/","title":{"rendered":"L&rsquo;Union Europ\u00e9enne confront\u00e9e \u00e0 l&rsquo;impossible \u00e9quation du vieillissement de sa population&#8230;"},"content":{"rendered":"<p>La Commission Europ\u00e9enne publie tous les 3 ans le &lsquo;Ageing Report&rsquo;. La version 2018 a \u00e9t\u00e9 diffus\u00e9e le 25 mai dernier. Cette \u00e9dition objective le vieillissement de la population europ\u00e9enne. Elle estime \u00e9galement les co\u00fbts pr\u00e9visionnels reli\u00e9s aux syst\u00e8mes de pensions et aux soins de sant\u00e9. L&rsquo;explosion future de ceux-ci sera a priori insoutenable pour nos \u00e9conomies.<!--more--><\/p>\n<p>Les projections de la population au sein de l&rsquo;UE nous portent vers un total de 520 millions d&rsquo;habitants en 2070 contre 511 millions de personnes en 2016. Une \u00e9volution &lsquo;raisonnable&rsquo; donc. Cependant, la population active (entre 15 et 64 ans) passera de 333 millions \u00e0 292 millions d&rsquo;individus sur la m\u00eame p\u00e9riode. Ces estimations tiennent compte des donn\u00e9es relatives aux taux de naissances, de l&rsquo;esp\u00e9rance de vie et des flux migratoires.<\/p>\n<p>Le pourcentage de la population dite &lsquo;d\u00e9pendante (au-del\u00e0 de 65 ans) devrait augmenter de 21,6%, passant de 29,6% \u00e0 51,2% sur la p\u00e9riode 2016-2070. En clair, pour chaque personne \u00e2g\u00e9e de plus de 65 ans, l&rsquo;UE &lsquo;disposera&rsquo; de 2 actifs contre 3.3 actuellement.<\/p>\n<p><em><strong>Quel impact sur les d\u00e9penses publiques ?<\/strong><\/em><\/p>\n<p>L&rsquo;impact fiscal du vieillissement repr\u00e9sentera un d\u00e9fi majeur pour la plupart des \u00e9tats membres de l&rsquo;UE. Les effets se feront sentir au cours des 20 prochaines ann\u00e9es d\u00e9j\u00e0. Le co\u00fbt total du vieillissement (pensions, soins de sant\u00e9, \u00e9ducation, allocations sociales&#8230;) devrait augmenter de 1,7% pour atteindre 26,7% du PNB entre 2016 et 2070. Bien entendu, la r\u00e9partition ne sera pas \u00e9gale entre tous les pays membres puisque 8 d&rsquo;entre eux conna\u00eetront une diminution de ces co\u00fbts (Gr\u00e8ce, Croatie, France, Lituanie, Lettonie, Estonie, Italie et Espagne). Les co\u00fbts augmenteront jusqu&rsquo;\u00e0 un maximum de 3% dans une dizaine d&rsquo;\u00e9tats membres (Portugal, Danemark, Chypre, Pologne, Su\u00e8de, Roumanie, Bulgarie, Finlande, Hongrie et Slovaquie) tandis qu&rsquo;ils augmenteront de plus de 3% dans les 10 derniers \u00e9tats, \u00e0 savoir les Pays-Bas, l&rsquo;Autriche, l&rsquo;Irlande, l&rsquo;Allemagne, la grande-Bretagne, la Belgique, la R\u00e9publique Tch\u00e8que, Malte et le Luxembourg.<\/p>\n<p>Les r\u00e9formes des syst\u00e8mes de pensions sont consid\u00e9r\u00e9s comme \u00e9tant indispensables. L&rsquo;augmentation de l&rsquo;\u00e2ge de la retraite et la r\u00e9vision des param\u00e8tres sont absolument n\u00e9cessaires afin de maintenir la viabilit\u00e9 et le financement des syst\u00e8mes actuels.<\/p>\n<p>&nbsp;<\/p>\n<p><em>Pour prendre connaissance du rapport dans son int\u00e9gralit\u00e9 (version UK), voir ici:<\/em> https:\/\/ec.europa.eu\/info\/news\/economy-finance\/policy-implications-ageing-examined-new-report-2018-may-25_fr<\/p>\n","protected":false},"excerpt":{"rendered":"<p>La Commission Europ\u00e9enne publie tous les 3 ans le &lsquo;Ageing Report&rsquo;. La version 2018 a \u00e9t\u00e9 diffus\u00e9e le 25 mai dernier. Cette \u00e9dition objective le vieillissement de la population europ\u00e9enne. Elle estime \u00e9galement les co\u00fbts pr\u00e9visionnels reli\u00e9s aux syst\u00e8mes de [&hellip;]<\/p>\n","protected":false},"author":2,"featured_media":0,"comment_status":"closed","ping_status":"open","sticky":false,"template":"","format":"standard","meta":[],"categories":[65,10],"tags":[2068,1001,57,473,784,53],"yoast_head":"<!-- This site is optimized with the Yoast SEO plugin v21.0 - https:\/\/yoast.com\/wordpress\/plugins\/seo\/ -->\n<title>L&#039;Union Europ\u00e9enne confront\u00e9e \u00e0 l&#039;impossible \u00e9quation du vieillissement de sa population... - Peoplesphere<\/title>\n<meta name=\"robots\" content=\"index, follow, max-snippet:-1, max-image-preview:large, max-video-preview:-1\" \/>\n<link rel=\"canonical\" href=\"https:\/\/peoplesphere.be\/fr\/lunion-europeenne-confrontee-a-limpossible-equation-vieillissement-de-population\/\" \/>\n<meta property=\"og:locale\" content=\"fr_FR\" \/>\n<meta property=\"og:type\" content=\"article\" \/>\n<meta property=\"og:title\" content=\"L&#039;Union Europ\u00e9enne confront\u00e9e \u00e0 l&#039;impossible \u00e9quation du vieillissement de sa population... - Peoplesphere\" \/>\n<meta property=\"og:description\" content=\"La Commission Europ\u00e9enne publie tous les 3 ans le &lsquo;Ageing Report&rsquo;. La version 2018 a \u00e9t\u00e9 diffus\u00e9e le 25 mai dernier. Cette \u00e9dition objective le vieillissement de la population europ\u00e9enne. Elle estime \u00e9galement les co\u00fbts pr\u00e9visionnels reli\u00e9s aux syst\u00e8mes de [&hellip;]\" \/>\n<meta property=\"og:url\" content=\"https:\/\/peoplesphere.be\/fr\/lunion-europeenne-confrontee-a-limpossible-equation-vieillissement-de-population\/\" \/>\n<meta property=\"og:site_name\" content=\"Peoplesphere\" \/>\n<meta property=\"article:publisher\" content=\"https:\/\/www.facebook.com\/peoplesphere\" \/>\n<meta property=\"article:published_time\" content=\"2018-06-06T14:01:13+00:00\" \/>\n<meta property=\"og:image\" content=\"http:\/\/www.peoplesphere.be\/fr\/wp-content\/uploads\/2016\/07\/facebook-default-posting-1200x628px.jpg\" \/>\n<meta name=\"author\" content=\"Jean-Paul Erhard\" \/>\n<meta name=\"twitter:card\" content=\"summary_large_image\" \/>\n<meta name=\"twitter:creator\" content=\"@PeoplesphereMag\" \/>\n<meta name=\"twitter:site\" content=\"@PeoplesphereMag\" \/>\n<meta name=\"twitter:label1\" content=\"\u00c9crit par\" \/>\n\t<meta name=\"twitter:data1\" content=\"Jean-Paul Erhard\" \/>\n\t<meta name=\"twitter:label2\" content=\"Dur\u00e9e de lecture estim\u00e9e\" \/>\n\t<meta name=\"twitter:data2\" content=\"2 minutes\" \/>\n<script type=\"application\/ld+json\" class=\"yoast-schema-graph\">{\"@context\":\"https:\/\/schema.org\",\"@graph\":[{\"@type\":\"Article\",\"@id\":\"https:\/\/peoplesphere.be\/fr\/lunion-europeenne-confrontee-a-limpossible-equation-vieillissement-de-population\/#article\",\"isPartOf\":{\"@id\":\"https:\/\/peoplesphere.be\/fr\/lunion-europeenne-confrontee-a-limpossible-equation-vieillissement-de-population\/\"},\"author\":{\"name\":\"Jean-Paul Erhard\",\"@id\":\"https:\/\/peoplesphere.be\/fr\/#\/schema\/person\/7976225ff17988604334abb7b3536a7e\"},\"headline\":\"L&rsquo;Union Europ\u00e9enne confront\u00e9e \u00e0 l&rsquo;impossible \u00e9quation du vieillissement de sa population&#8230;\",\"datePublished\":\"2018-06-06T14:01:13+00:00\",\"dateModified\":\"2018-06-06T14:01:13+00:00\",\"mainEntityOfPage\":{\"@id\":\"https:\/\/peoplesphere.be\/fr\/lunion-europeenne-confrontee-a-limpossible-equation-vieillissement-de-population\/\"},\"wordCount\":396,\"publisher\":{\"@id\":\"https:\/\/peoplesphere.be\/fr\/#organization\"},\"keywords\":[\"ageing report\",\"financement\",\"pensions\",\"retraites\",\"union europ\u00e9enne\",\"Vieillissement\"],\"articleSection\":[\"Actualit\u00e9s\",\"Digital\"],\"inLanguage\":\"fr-FR\"},{\"@type\":\"WebPage\",\"@id\":\"https:\/\/peoplesphere.be\/fr\/lunion-europeenne-confrontee-a-limpossible-equation-vieillissement-de-population\/\",\"url\":\"https:\/\/peoplesphere.be\/fr\/lunion-europeenne-confrontee-a-limpossible-equation-vieillissement-de-population\/\",\"name\":\"L'Union Europ\u00e9enne confront\u00e9e \u00e0 l'impossible \u00e9quation du vieillissement de sa population... - Peoplesphere\",\"isPartOf\":{\"@id\":\"https:\/\/peoplesphere.be\/fr\/#website\"},\"datePublished\":\"2018-06-06T14:01:13+00:00\",\"dateModified\":\"2018-06-06T14:01:13+00:00\",\"breadcrumb\":{\"@id\":\"https:\/\/peoplesphere.be\/fr\/lunion-europeenne-confrontee-a-limpossible-equation-vieillissement-de-population\/#breadcrumb\"},\"inLanguage\":\"fr-FR\",\"potentialAction\":[{\"@type\":\"ReadAction\",\"target\":[\"https:\/\/peoplesphere.be\/fr\/lunion-europeenne-confrontee-a-limpossible-equation-vieillissement-de-population\/\"]}]},{\"@type\":\"BreadcrumbList\",\"@id\":\"https:\/\/peoplesphere.be\/fr\/lunion-europeenne-confrontee-a-limpossible-equation-vieillissement-de-population\/#breadcrumb\",\"itemListElement\":[{\"@type\":\"ListItem\",\"position\":1,\"name\":\"Accueil\",\"item\":\"https:\/\/peoplesphere.be\/fr\/\"},{\"@type\":\"ListItem\",\"position\":2,\"name\":\"L&rsquo;Union Europ\u00e9enne confront\u00e9e \u00e0 l&rsquo;impossible \u00e9quation du vieillissement de sa population&#8230;\"}]},{\"@type\":\"WebSite\",\"@id\":\"https:\/\/peoplesphere.be\/fr\/#website\",\"url\":\"https:\/\/peoplesphere.be\/fr\/\",\"name\":\"Peoplesphere\",\"description\":\"The People Managers Magazine\",\"publisher\":{\"@id\":\"https:\/\/peoplesphere.be\/fr\/#organization\"},\"potentialAction\":[{\"@type\":\"SearchAction\",\"target\":{\"@type\":\"EntryPoint\",\"urlTemplate\":\"https:\/\/peoplesphere.be\/fr\/?s={search_term_string}\"},\"query-input\":\"required name=search_term_string\"}],\"inLanguage\":\"fr-FR\"},{\"@type\":\"Organization\",\"@id\":\"https:\/\/peoplesphere.be\/fr\/#organization\",\"name\":\"Peoplesphere Company srl\",\"url\":\"https:\/\/peoplesphere.be\/fr\/\",\"logo\":{\"@type\":\"ImageObject\",\"inLanguage\":\"fr-FR\",\"@id\":\"https:\/\/peoplesphere.be\/fr\/#\/schema\/logo\/image\/\",\"url\":\"https:\/\/peoplesphere.be\/fr\/wp-content\/uploads\/2023\/07\/peoplesphere-lgo-new-generik.jpg\",\"contentUrl\":\"https:\/\/peoplesphere.be\/fr\/wp-content\/uploads\/2023\/07\/peoplesphere-lgo-new-generik.jpg\",\"width\":1031,\"height\":1479,\"caption\":\"Peoplesphere Company srl\"},\"image\":{\"@id\":\"https:\/\/peoplesphere.be\/fr\/#\/schema\/logo\/image\/\"},\"sameAs\":[\"https:\/\/www.facebook.com\/peoplesphere\",\"https:\/\/twitter.com\/PeoplesphereMag\",\"https:\/\/www.linkedin.com\/company\/7587361?trk\",\"http:\/\/youtube.com\/peoplesphere\"]},{\"@type\":\"Person\",\"@id\":\"https:\/\/peoplesphere.be\/fr\/#\/schema\/person\/7976225ff17988604334abb7b3536a7e\",\"name\":\"Jean-Paul Erhard\",\"image\":{\"@type\":\"ImageObject\",\"inLanguage\":\"fr-FR\",\"@id\":\"https:\/\/peoplesphere.be\/fr\/#\/schema\/person\/image\/\",\"url\":\"https:\/\/secure.gravatar.com\/avatar\/f941e681460179738071629a51574930?s=96&d=mm&r=g\",\"contentUrl\":\"https:\/\/secure.gravatar.com\/avatar\/f941e681460179738071629a51574930?s=96&d=mm&r=g\",\"caption\":\"Jean-Paul Erhard\"},\"url\":\"https:\/\/peoplesphere.be\/fr\/author\/jpe\/\"}]}<\/script>\n<!-- \/ Yoast SEO plugin. -->","yoast_head_json":{"title":"L'Union Europ\u00e9enne confront\u00e9e \u00e0 l'impossible \u00e9quation du vieillissement de sa population... - Peoplesphere","robots":{"index":"index","follow":"follow","max-snippet":"max-snippet:-1","max-image-preview":"max-image-preview:large","max-video-preview":"max-video-preview:-1"},"canonical":"https:\/\/peoplesphere.be\/fr\/lunion-europeenne-confrontee-a-limpossible-equation-vieillissement-de-population\/","og_locale":"fr_FR","og_type":"article","og_title":"L'Union Europ\u00e9enne confront\u00e9e \u00e0 l'impossible \u00e9quation du vieillissement de sa population... - Peoplesphere","og_description":"La Commission Europ\u00e9enne publie tous les 3 ans le &lsquo;Ageing Report&rsquo;. La version 2018 a \u00e9t\u00e9 diffus\u00e9e le 25 mai dernier. Cette \u00e9dition objective le vieillissement de la population europ\u00e9enne. Elle estime \u00e9galement les co\u00fbts pr\u00e9visionnels reli\u00e9s aux syst\u00e8mes de [&hellip;]","og_url":"https:\/\/peoplesphere.be\/fr\/lunion-europeenne-confrontee-a-limpossible-equation-vieillissement-de-population\/","og_site_name":"Peoplesphere","article_publisher":"https:\/\/www.facebook.com\/peoplesphere","article_published_time":"2018-06-06T14:01:13+00:00","og_image":[{"url":"http:\/\/www.peoplesphere.be\/fr\/wp-content\/uploads\/2016\/07\/facebook-default-posting-1200x628px.jpg"}],"author":"Jean-Paul Erhard","twitter_card":"summary_large_image","twitter_creator":"@PeoplesphereMag","twitter_site":"@PeoplesphereMag","twitter_misc":{"\u00c9crit par":"Jean-Paul Erhard","Dur\u00e9e de lecture estim\u00e9e":"2 minutes"},"schema":{"@context":"https:\/\/schema.org","@graph":[{"@type":"Article","@id":"https:\/\/peoplesphere.be\/fr\/lunion-europeenne-confrontee-a-limpossible-equation-vieillissement-de-population\/#article","isPartOf":{"@id":"https:\/\/peoplesphere.be\/fr\/lunion-europeenne-confrontee-a-limpossible-equation-vieillissement-de-population\/"},"author":{"name":"Jean-Paul Erhard","@id":"https:\/\/peoplesphere.be\/fr\/#\/schema\/person\/7976225ff17988604334abb7b3536a7e"},"headline":"L&rsquo;Union Europ\u00e9enne confront\u00e9e \u00e0 l&rsquo;impossible \u00e9quation du vieillissement de sa population&#8230;","datePublished":"2018-06-06T14:01:13+00:00","dateModified":"2018-06-06T14:01:13+00:00","mainEntityOfPage":{"@id":"https:\/\/peoplesphere.be\/fr\/lunion-europeenne-confrontee-a-limpossible-equation-vieillissement-de-population\/"},"wordCount":396,"publisher":{"@id":"https:\/\/peoplesphere.be\/fr\/#organization"},"keywords":["ageing report","financement","pensions","retraites","union europ\u00e9enne","Vieillissement"],"articleSection":["Actualit\u00e9s","Digital"],"inLanguage":"fr-FR"},{"@type":"WebPage","@id":"https:\/\/peoplesphere.be\/fr\/lunion-europeenne-confrontee-a-limpossible-equation-vieillissement-de-population\/","url":"https:\/\/peoplesphere.be\/fr\/lunion-europeenne-confrontee-a-limpossible-equation-vieillissement-de-population\/","name":"L'Union Europ\u00e9enne confront\u00e9e \u00e0 l'impossible \u00e9quation du vieillissement de sa population... - Peoplesphere","isPartOf":{"@id":"https:\/\/peoplesphere.be\/fr\/#website"},"datePublished":"2018-06-06T14:01:13+00:00","dateModified":"2018-06-06T14:01:13+00:00","breadcrumb":{"@id":"https:\/\/peoplesphere.be\/fr\/lunion-europeenne-confrontee-a-limpossible-equation-vieillissement-de-population\/#breadcrumb"},"inLanguage":"fr-FR","potentialAction":[{"@type":"ReadAction","target":["https:\/\/peoplesphere.be\/fr\/lunion-europeenne-confrontee-a-limpossible-equation-vieillissement-de-population\/"]}]},{"@type":"BreadcrumbList","@id":"https:\/\/peoplesphere.be\/fr\/lunion-europeenne-confrontee-a-limpossible-equation-vieillissement-de-population\/#breadcrumb","itemListElement":[{"@type":"ListItem","position":1,"name":"Accueil","item":"https:\/\/peoplesphere.be\/fr\/"},{"@type":"ListItem","position":2,"name":"L&rsquo;Union Europ\u00e9enne confront\u00e9e \u00e0 l&rsquo;impossible \u00e9quation du vieillissement de sa population&#8230;"}]},{"@type":"WebSite","@id":"https:\/\/peoplesphere.be\/fr\/#website","url":"https:\/\/peoplesphere.be\/fr\/","name":"Peoplesphere","description":"The People Managers Magazine","publisher":{"@id":"https:\/\/peoplesphere.be\/fr\/#organization"},"potentialAction":[{"@type":"SearchAction","target":{"@type":"EntryPoint","urlTemplate":"https:\/\/peoplesphere.be\/fr\/?s={search_term_string}"},"query-input":"required name=search_term_string"}],"inLanguage":"fr-FR"},{"@type":"Organization","@id":"https:\/\/peoplesphere.be\/fr\/#organization","name":"Peoplesphere Company srl","url":"https:\/\/peoplesphere.be\/fr\/","logo":{"@type":"ImageObject","inLanguage":"fr-FR","@id":"https:\/\/peoplesphere.be\/fr\/#\/schema\/logo\/image\/","url":"https:\/\/peoplesphere.be\/fr\/wp-content\/uploads\/2023\/07\/peoplesphere-lgo-new-generik.jpg","contentUrl":"https:\/\/peoplesphere.be\/fr\/wp-content\/uploads\/2023\/07\/peoplesphere-lgo-new-generik.jpg","width":1031,"height":1479,"caption":"Peoplesphere Company srl"},"image":{"@id":"https:\/\/peoplesphere.be\/fr\/#\/schema\/logo\/image\/"},"sameAs":["https:\/\/www.facebook.com\/peoplesphere","https:\/\/twitter.com\/PeoplesphereMag","https:\/\/www.linkedin.com\/company\/7587361?trk","http:\/\/youtube.com\/peoplesphere"]},{"@type":"Person","@id":"https:\/\/peoplesphere.be\/fr\/#\/schema\/person\/7976225ff17988604334abb7b3536a7e","name":"Jean-Paul Erhard","image":{"@type":"ImageObject","inLanguage":"fr-FR","@id":"https:\/\/peoplesphere.be\/fr\/#\/schema\/person\/image\/","url":"https:\/\/secure.gravatar.com\/avatar\/f941e681460179738071629a51574930?s=96&d=mm&r=g","contentUrl":"https:\/\/secure.gravatar.com\/avatar\/f941e681460179738071629a51574930?s=96&d=mm&r=g","caption":"Jean-Paul Erhard"},"url":"https:\/\/peoplesphere.be\/fr\/author\/jpe\/"}]}},"_links":{"self":[{"href":"https:\/\/peoplesphere.be\/fr\/wp-json\/wp\/v2\/posts\/6152"}],"collection":[{"href":"https:\/\/peoplesphere.be\/fr\/wp-json\/wp\/v2\/posts"}],"about":[{"href":"https:\/\/peoplesphere.be\/fr\/wp-json\/wp\/v2\/types\/post"}],"author":[{"embeddable":true,"href":"https:\/\/peoplesphere.be\/fr\/wp-json\/wp\/v2\/users\/2"}],"replies":[{"embeddable":true,"href":"https:\/\/peoplesphere.be\/fr\/wp-json\/wp\/v2\/comments?post=6152"}],"version-history":[{"count":1,"href":"https:\/\/peoplesphere.be\/fr\/wp-json\/wp\/v2\/posts\/6152\/revisions"}],"predecessor-version":[{"id":6153,"href":"https:\/\/peoplesphere.be\/fr\/wp-json\/wp\/v2\/posts\/6152\/revisions\/6153"}],"wp:attachment":[{"href":"https:\/\/peoplesphere.be\/fr\/wp-json\/wp\/v2\/media?parent=6152"}],"wp:term":[{"taxonomy":"category","embeddable":true,"href":"https:\/\/peoplesphere.be\/fr\/wp-json\/wp\/v2\/categories?post=6152"},{"taxonomy":"post_tag","embeddable":true,"href":"https:\/\/peoplesphere.be\/fr\/wp-json\/wp\/v2\/tags?post=6152"}],"curies":[{"name":"wp","href":"https:\/\/api.w.org\/{rel}","templated":true}]}}