









{"id":6159,"date":"2018-06-07T12:30:52","date_gmt":"2018-06-07T10:30:52","guid":{"rendered":"http:\/\/www.peoplesphere.be\/fr\/?p=6159"},"modified":"2018-06-07T12:31:48","modified_gmt":"2018-06-07T10:31:48","slug":"ralentissement-de-croissance-2018-2019-106-000-nouveaux-emplois-crees-cependant","status":"publish","type":"post","link":"https:\/\/peoplesphere.be\/fr\/ralentissement-de-croissance-2018-2019-106-000-nouveaux-emplois-crees-cependant\/","title":{"rendered":"Ralentissement de la croissance en 2018-2019. 106.000 nouveaux emplois en passe d&rsquo;\u00eatre cr\u00e9\u00e9s cependant."},"content":{"rendered":"<p>Les perspectives de croissance de l\u2019\u00e9conomie belge pour 2018 ont \u00e9t\u00e9 revues l\u00e9g\u00e8rement \u00e0 la baisse (1,6%) par rapport \u00e0 nos perspectives de f\u00e9vrier, suite \u00e0 un premier trimestre d\u00e9cevant. En 2019, la croissance se maintiendrait \u00e0 1,6%. En ce qui concerne l\u2019emploi, il progresserait de 106.000 personnes sur l\u2019ensemble des deux ann\u00e9es. Partant de l\u2019hypoth\u00e8se de prix du p\u00e9trole stables en 2019, l\u2019inflation fl\u00e9chirait de mani\u00e8re non n\u00e9gligeable pour atteindre 1,7% contre 2,0% cette ann\u00e9e.<!--more--><\/p>\n<p>Le pic conjoncturel dans la zone euro semble avoir \u00e9t\u00e9 franchi&#8230; La zone euro a enregistr\u00e9 une croissance \u00e9conomique de 2,4 % en 2017, soit sa meilleure performance des dix derni\u00e8res ann\u00e9es. Cette dynamique a \u00e9t\u00e9 port\u00e9e par l\u2019acc\u00e9l\u00e9ration de la croissance des \u00e9changes mondiaux, des co\u00fbts de financement peu \u00e9lev\u00e9s et une bonne performance de l\u2019emploi. Les indicateurs de confiance indiquent actuellement que la dynamique \u00e9conomique de la zone euro sera moins porteuse dans le courant de 2018, et ce m\u00eame si le ralentissement de la croissance au premier trimestre est en partie attribuable \u00e0 des facteurs temporaires. Compte tenu d\u2019un effet de report favorable, la croissance du PIB devrait n\u00e9anmoins encore atteindre 2,3 % cette ann\u00e9e. Pour 2019, on s\u2019attend \u00e0 ce que la croissance fl\u00e9chisse \u00e0 1,9 %, \u00e0 mesure que la BCE resserre sa politique tr\u00e8s accommodante et que la croissance des \u00e9changes mondiaux ralentit. En revanche, la croissance du PIB am\u00e9ricain, tir\u00e9e par une politique budg\u00e9taire expansive, grimperait \u00e0 2,8 % en 2018 et se maintiendrait \u00e0 2,6 % en 2019.<\/p>\n<p>Le sc\u00e9nario d\u00e9crit ici est entour\u00e9 de plusieurs risques, notamment une d\u00e9t\u00e9rioration des relations commerciales internationales, une forte hausse du prix du p\u00e9trole brut suite \u00e0 des tensions g\u00e9opolitiques et l\u2019incertitude quant au r\u00e9sultat des n\u00e9gociations du Brexit. En outre, une importante d\u00e9t\u00e9rioration du d\u00e9ficit budg\u00e9taire aux \u00c9tats-Unis ou les incertitudes politiques dans certains pays de la zone euro pourraient entra\u00eener une nette hausse des taux d\u2019int\u00e9r\u00eat de long terme. Cela pourrait miner la confiance des march\u00e9s financiers dans les pays lourdement endett\u00e9s et raviver la crainte d\u2019une nouvelle crise de l\u2019euro.<\/p>\n<p><em><strong>Un l\u00e9ger ralentissement de la croissance du PIB belge.<\/strong><\/em><\/p>\n<p>\u00c0 l\u2019instar de l\u2019\u00e9conomie europ\u00e9enne, la croissance du PIB belge au premier trimestre de 2018 (0,3%) s\u2019est r\u00e9v\u00e9l\u00e9e inf\u00e9rieure aux attentes. Sous l\u2019impulsion tant des exportations que de la demande int\u00e9rieure, une faible reprise se profile toutefois au second trimestre (0,5%). Par la suite, la croissance des exportations et celle de la demande int\u00e9rieure devraient progressivement ralentir, de sorte que la croissance trimestrielle moyenne de 2019 serait comprise entre 0,3% et 0,4%. Sur base annuelle, la croissance du PIB belge diminuerait ainsi l\u00e9g\u00e8rement, passant de 1,7% en 2017 \u00e0 1,6% en 2018 et 2019.<\/p>\n<p>Le ralentissement conjoncturel progressif en Europe freinerait la croissance en volume des exportations belges, laquelle fl\u00e9chirait de 4,9% en 2017 \u00e0 4,4% en 2018 et 4% en 2019. La contribution des exportations nettes \u00e0 la croissance \u00e9conomique deviendrait ainsi l\u00e9g\u00e8rement n\u00e9gative en 2019. Conjugu\u00e9e \u00e0 la hausse des prix du p\u00e9trole (par rapport \u00e0 l\u2019ann\u00e9e derni\u00e8re), cette \u00e9volution creuserait le d\u00e9ficit des op\u00e9rations courantes de la balance des paiements jusqu\u2019\u00e0 0,5% du PIB.<\/p>\n<p>En 2017, la croissance en volume des investissements des entreprises n\u2019a pas d\u00e9pass\u00e9 0,7%. Ce chiffre a toutefois \u00e9t\u00e9 influenc\u00e9 \u00e0 la baisse par plusieurs achats importants (mais int\u00e9gralement import\u00e9s) de biens d\u2019investissement qui ont gonfl\u00e9 le r\u00e9sultat en 2016. Si l\u2019on fait abstraction de ces achats, l\u2019activit\u00e9 en mati\u00e8re d\u2019investissements en 2017 appara\u00eet en r\u00e9alit\u00e9 tr\u00e8s dynamique. Le contexte actuel reste propice \u00e0 l\u2019investissement en raison du taux \u00e9lev\u00e9 d\u2019utilisation des capacit\u00e9s de production industrielle, de la forte rentabilit\u00e9 des entreprises et des conditions favorables de financement. En cons\u00e9quence, les investissements des entreprises devraient cro\u00eetre de 3,2% tant en 2018 qu\u2019en 2019.<\/p>\n<p><em><strong>La croissance de l\u2019emploi reste soutenue<\/strong><\/em><\/p>\n<p>En 2016 et 2017, l\u2019emploi int\u00e9rieur a profit\u00e9 non seulement de l\u2019embellie conjoncturelle, mais aussi des mesures de r\u00e9duction du co\u00fbt du travail prises depuis 2015. Ces mesures ont favoris\u00e9 l\u2019intensit\u00e9 en main-d\u2019\u0153uvre de la croissance de l\u2019activit\u00e9 du secteur marchand, portant le nombre d\u2019emplois cr\u00e9\u00e9s sur l\u2019ensemble des deux ann\u00e9es \u00e0 123.000 unit\u00e9s (soit une croissance moyenne de 1,3% par an). Compte tenu d\u2019une hausse plus soutenue du co\u00fbt salarial, on s\u2019attend, pour 2018 et 2019, \u00e0 une progression moins prononc\u00e9e de l\u2019emploi, de 106.000 unit\u00e9s au total (1,1% en moyenne). Le nombre de travailleurs salari\u00e9s dans le secteur marchand augmenterait d\u2019un peu plus de 85 000 unit\u00e9s et le nombre d\u2019ind\u00e9pendants de 20.000 unit\u00e9s, tandis que les cr\u00e9ations d\u2019emploi public (qui se sont encore \u00e9lev\u00e9es \u00e0 7.000 unit\u00e9s sur l\u2019ensemble des deux derni\u00e8res ann\u00e9es) se limiteraient \u00e0 pr\u00e8s de 1.000 unit\u00e9s.<\/p>\n<p>Le nombre de ch\u00f4meurs (y compris les ch\u00f4meurs complets indemnis\u00e9s non demandeurs d&#8217;emploi) diminuerait de 71.000 unit\u00e9s sur l\u2019ensemble de la p\u00e9riode 2018-2019. Par cons\u00e9quent, le taux de ch\u00f4mage harmonis\u00e9 (d\u00e9finition Eurostat) baisserait \u00e0 6,3 % en 2019.<\/p>\n<p><em>Source : Bureau F\u00e9d\u00e9ral du Plan<\/em><\/p>\n","protected":false},"excerpt":{"rendered":"<p>Les perspectives de croissance de l\u2019\u00e9conomie belge pour 2018 ont \u00e9t\u00e9 revues l\u00e9g\u00e8rement \u00e0 la baisse (1,6%) par rapport \u00e0 nos perspectives de f\u00e9vrier, suite \u00e0 un premier trimestre d\u00e9cevant. En 2019, la croissance se maintiendrait \u00e0 1,6%. En ce [&hellip;]<\/p>\n","protected":false},"author":2,"featured_media":0,"comment_status":"closed","ping_status":"open","sticky":false,"template":"","format":"standard","meta":[],"categories":[65,10],"tags":[926,92,325,1707,754,2075,635,680],"yoast_head":"<!-- This site is optimized with the Yoast SEO plugin v21.0 - https:\/\/yoast.com\/wordpress\/plugins\/seo\/ -->\n<title>Ralentissement de la croissance en 2018-2019. 106.000 nouveaux emplois en passe d&#039;\u00eatre cr\u00e9\u00e9s cependant. - Peoplesphere<\/title>\n<meta name=\"robots\" content=\"index, follow, max-snippet:-1, max-image-preview:large, max-video-preview:-1\" \/>\n<link rel=\"canonical\" href=\"https:\/\/peoplesphere.be\/fr\/ralentissement-de-croissance-2018-2019-106-000-nouveaux-emplois-crees-cependant\/\" \/>\n<meta property=\"og:locale\" content=\"fr_FR\" \/>\n<meta property=\"og:type\" content=\"article\" \/>\n<meta property=\"og:title\" content=\"Ralentissement de la croissance en 2018-2019. 106.000 nouveaux emplois en passe d&#039;\u00eatre cr\u00e9\u00e9s cependant. - Peoplesphere\" \/>\n<meta property=\"og:description\" content=\"Les perspectives de croissance de l\u2019\u00e9conomie belge pour 2018 ont \u00e9t\u00e9 revues l\u00e9g\u00e8rement \u00e0 la baisse (1,6%) par rapport \u00e0 nos perspectives de f\u00e9vrier, suite \u00e0 un premier trimestre d\u00e9cevant. En 2019, la croissance se maintiendrait \u00e0 1,6%. En ce [&hellip;]\" \/>\n<meta property=\"og:url\" content=\"https:\/\/peoplesphere.be\/fr\/ralentissement-de-croissance-2018-2019-106-000-nouveaux-emplois-crees-cependant\/\" \/>\n<meta property=\"og:site_name\" content=\"Peoplesphere\" \/>\n<meta property=\"article:publisher\" content=\"https:\/\/www.facebook.com\/peoplesphere\" \/>\n<meta property=\"article:published_time\" content=\"2018-06-07T10:30:52+00:00\" \/>\n<meta property=\"article:modified_time\" content=\"2018-06-07T10:31:48+00:00\" \/>\n<meta property=\"og:image\" content=\"http:\/\/www.peoplesphere.be\/fr\/wp-content\/uploads\/2016\/07\/facebook-default-posting-1200x628px.jpg\" \/>\n<meta name=\"author\" content=\"Jean-Paul Erhard\" \/>\n<meta name=\"twitter:card\" content=\"summary_large_image\" \/>\n<meta name=\"twitter:creator\" content=\"@PeoplesphereMag\" \/>\n<meta name=\"twitter:site\" content=\"@PeoplesphereMag\" \/>\n<meta name=\"twitter:label1\" content=\"\u00c9crit par\" \/>\n\t<meta name=\"twitter:data1\" content=\"Jean-Paul Erhard\" \/>\n\t<meta name=\"twitter:label2\" content=\"Dur\u00e9e de lecture estim\u00e9e\" \/>\n\t<meta name=\"twitter:data2\" content=\"4 minutes\" \/>\n<script type=\"application\/ld+json\" class=\"yoast-schema-graph\">{\"@context\":\"https:\/\/schema.org\",\"@graph\":[{\"@type\":\"Article\",\"@id\":\"https:\/\/peoplesphere.be\/fr\/ralentissement-de-croissance-2018-2019-106-000-nouveaux-emplois-crees-cependant\/#article\",\"isPartOf\":{\"@id\":\"https:\/\/peoplesphere.be\/fr\/ralentissement-de-croissance-2018-2019-106-000-nouveaux-emplois-crees-cependant\/\"},\"author\":{\"name\":\"Jean-Paul Erhard\",\"@id\":\"https:\/\/peoplesphere.be\/fr\/#\/schema\/person\/7976225ff17988604334abb7b3536a7e\"},\"headline\":\"Ralentissement de la croissance en 2018-2019. 106.000 nouveaux emplois en passe d&rsquo;\u00eatre cr\u00e9\u00e9s cependant.\",\"datePublished\":\"2018-06-07T10:30:52+00:00\",\"dateModified\":\"2018-06-07T10:31:48+00:00\",\"mainEntityOfPage\":{\"@id\":\"https:\/\/peoplesphere.be\/fr\/ralentissement-de-croissance-2018-2019-106-000-nouveaux-emplois-crees-cependant\/\"},\"wordCount\":885,\"publisher\":{\"@id\":\"https:\/\/peoplesphere.be\/fr\/#organization\"},\"keywords\":[\"bureau du plan\",\"ch\u00f4mage\",\"cr\u00e9ation d'emplois\",\"croissance \u00e9conomique\",\"inflation\",\"investissement public\",\"PIB\",\"revenus\"],\"articleSection\":[\"Actualit\u00e9s\",\"Digital\"],\"inLanguage\":\"fr-FR\"},{\"@type\":\"WebPage\",\"@id\":\"https:\/\/peoplesphere.be\/fr\/ralentissement-de-croissance-2018-2019-106-000-nouveaux-emplois-crees-cependant\/\",\"url\":\"https:\/\/peoplesphere.be\/fr\/ralentissement-de-croissance-2018-2019-106-000-nouveaux-emplois-crees-cependant\/\",\"name\":\"Ralentissement de la croissance en 2018-2019. 106.000 nouveaux emplois en passe d'\u00eatre cr\u00e9\u00e9s cependant. - Peoplesphere\",\"isPartOf\":{\"@id\":\"https:\/\/peoplesphere.be\/fr\/#website\"},\"datePublished\":\"2018-06-07T10:30:52+00:00\",\"dateModified\":\"2018-06-07T10:31:48+00:00\",\"breadcrumb\":{\"@id\":\"https:\/\/peoplesphere.be\/fr\/ralentissement-de-croissance-2018-2019-106-000-nouveaux-emplois-crees-cependant\/#breadcrumb\"},\"inLanguage\":\"fr-FR\",\"potentialAction\":[{\"@type\":\"ReadAction\",\"target\":[\"https:\/\/peoplesphere.be\/fr\/ralentissement-de-croissance-2018-2019-106-000-nouveaux-emplois-crees-cependant\/\"]}]},{\"@type\":\"BreadcrumbList\",\"@id\":\"https:\/\/peoplesphere.be\/fr\/ralentissement-de-croissance-2018-2019-106-000-nouveaux-emplois-crees-cependant\/#breadcrumb\",\"itemListElement\":[{\"@type\":\"ListItem\",\"position\":1,\"name\":\"Accueil\",\"item\":\"https:\/\/peoplesphere.be\/fr\/\"},{\"@type\":\"ListItem\",\"position\":2,\"name\":\"Ralentissement de la croissance en 2018-2019. 106.000 nouveaux emplois en passe d&rsquo;\u00eatre cr\u00e9\u00e9s cependant.\"}]},{\"@type\":\"WebSite\",\"@id\":\"https:\/\/peoplesphere.be\/fr\/#website\",\"url\":\"https:\/\/peoplesphere.be\/fr\/\",\"name\":\"Peoplesphere\",\"description\":\"The People Managers Magazine\",\"publisher\":{\"@id\":\"https:\/\/peoplesphere.be\/fr\/#organization\"},\"potentialAction\":[{\"@type\":\"SearchAction\",\"target\":{\"@type\":\"EntryPoint\",\"urlTemplate\":\"https:\/\/peoplesphere.be\/fr\/?s={search_term_string}\"},\"query-input\":\"required name=search_term_string\"}],\"inLanguage\":\"fr-FR\"},{\"@type\":\"Organization\",\"@id\":\"https:\/\/peoplesphere.be\/fr\/#organization\",\"name\":\"Peoplesphere Company srl\",\"url\":\"https:\/\/peoplesphere.be\/fr\/\",\"logo\":{\"@type\":\"ImageObject\",\"inLanguage\":\"fr-FR\",\"@id\":\"https:\/\/peoplesphere.be\/fr\/#\/schema\/logo\/image\/\",\"url\":\"https:\/\/peoplesphere.be\/fr\/wp-content\/uploads\/2023\/07\/peoplesphere-lgo-new-generik.jpg\",\"contentUrl\":\"https:\/\/peoplesphere.be\/fr\/wp-content\/uploads\/2023\/07\/peoplesphere-lgo-new-generik.jpg\",\"width\":1031,\"height\":1479,\"caption\":\"Peoplesphere Company srl\"},\"image\":{\"@id\":\"https:\/\/peoplesphere.be\/fr\/#\/schema\/logo\/image\/\"},\"sameAs\":[\"https:\/\/www.facebook.com\/peoplesphere\",\"https:\/\/twitter.com\/PeoplesphereMag\",\"https:\/\/www.linkedin.com\/company\/7587361?trk\",\"http:\/\/youtube.com\/peoplesphere\"]},{\"@type\":\"Person\",\"@id\":\"https:\/\/peoplesphere.be\/fr\/#\/schema\/person\/7976225ff17988604334abb7b3536a7e\",\"name\":\"Jean-Paul Erhard\",\"image\":{\"@type\":\"ImageObject\",\"inLanguage\":\"fr-FR\",\"@id\":\"https:\/\/peoplesphere.be\/fr\/#\/schema\/person\/image\/\",\"url\":\"https:\/\/secure.gravatar.com\/avatar\/f941e681460179738071629a51574930?s=96&d=mm&r=g\",\"contentUrl\":\"https:\/\/secure.gravatar.com\/avatar\/f941e681460179738071629a51574930?s=96&d=mm&r=g\",\"caption\":\"Jean-Paul Erhard\"},\"url\":\"https:\/\/peoplesphere.be\/fr\/author\/jpe\/\"}]}<\/script>\n<!-- \/ Yoast SEO plugin. -->","yoast_head_json":{"title":"Ralentissement de la croissance en 2018-2019. 106.000 nouveaux emplois en passe d'\u00eatre cr\u00e9\u00e9s cependant. - Peoplesphere","robots":{"index":"index","follow":"follow","max-snippet":"max-snippet:-1","max-image-preview":"max-image-preview:large","max-video-preview":"max-video-preview:-1"},"canonical":"https:\/\/peoplesphere.be\/fr\/ralentissement-de-croissance-2018-2019-106-000-nouveaux-emplois-crees-cependant\/","og_locale":"fr_FR","og_type":"article","og_title":"Ralentissement de la croissance en 2018-2019. 106.000 nouveaux emplois en passe d'\u00eatre cr\u00e9\u00e9s cependant. - Peoplesphere","og_description":"Les perspectives de croissance de l\u2019\u00e9conomie belge pour 2018 ont \u00e9t\u00e9 revues l\u00e9g\u00e8rement \u00e0 la baisse (1,6%) par rapport \u00e0 nos perspectives de f\u00e9vrier, suite \u00e0 un premier trimestre d\u00e9cevant. En 2019, la croissance se maintiendrait \u00e0 1,6%. En ce [&hellip;]","og_url":"https:\/\/peoplesphere.be\/fr\/ralentissement-de-croissance-2018-2019-106-000-nouveaux-emplois-crees-cependant\/","og_site_name":"Peoplesphere","article_publisher":"https:\/\/www.facebook.com\/peoplesphere","article_published_time":"2018-06-07T10:30:52+00:00","article_modified_time":"2018-06-07T10:31:48+00:00","og_image":[{"url":"http:\/\/www.peoplesphere.be\/fr\/wp-content\/uploads\/2016\/07\/facebook-default-posting-1200x628px.jpg"}],"author":"Jean-Paul Erhard","twitter_card":"summary_large_image","twitter_creator":"@PeoplesphereMag","twitter_site":"@PeoplesphereMag","twitter_misc":{"\u00c9crit par":"Jean-Paul Erhard","Dur\u00e9e de lecture estim\u00e9e":"4 minutes"},"schema":{"@context":"https:\/\/schema.org","@graph":[{"@type":"Article","@id":"https:\/\/peoplesphere.be\/fr\/ralentissement-de-croissance-2018-2019-106-000-nouveaux-emplois-crees-cependant\/#article","isPartOf":{"@id":"https:\/\/peoplesphere.be\/fr\/ralentissement-de-croissance-2018-2019-106-000-nouveaux-emplois-crees-cependant\/"},"author":{"name":"Jean-Paul Erhard","@id":"https:\/\/peoplesphere.be\/fr\/#\/schema\/person\/7976225ff17988604334abb7b3536a7e"},"headline":"Ralentissement de la croissance en 2018-2019. 106.000 nouveaux emplois en passe d&rsquo;\u00eatre cr\u00e9\u00e9s cependant.","datePublished":"2018-06-07T10:30:52+00:00","dateModified":"2018-06-07T10:31:48+00:00","mainEntityOfPage":{"@id":"https:\/\/peoplesphere.be\/fr\/ralentissement-de-croissance-2018-2019-106-000-nouveaux-emplois-crees-cependant\/"},"wordCount":885,"publisher":{"@id":"https:\/\/peoplesphere.be\/fr\/#organization"},"keywords":["bureau du plan","ch\u00f4mage","cr\u00e9ation d'emplois","croissance \u00e9conomique","inflation","investissement public","PIB","revenus"],"articleSection":["Actualit\u00e9s","Digital"],"inLanguage":"fr-FR"},{"@type":"WebPage","@id":"https:\/\/peoplesphere.be\/fr\/ralentissement-de-croissance-2018-2019-106-000-nouveaux-emplois-crees-cependant\/","url":"https:\/\/peoplesphere.be\/fr\/ralentissement-de-croissance-2018-2019-106-000-nouveaux-emplois-crees-cependant\/","name":"Ralentissement de la croissance en 2018-2019. 106.000 nouveaux emplois en passe d'\u00eatre cr\u00e9\u00e9s cependant. - Peoplesphere","isPartOf":{"@id":"https:\/\/peoplesphere.be\/fr\/#website"},"datePublished":"2018-06-07T10:30:52+00:00","dateModified":"2018-06-07T10:31:48+00:00","breadcrumb":{"@id":"https:\/\/peoplesphere.be\/fr\/ralentissement-de-croissance-2018-2019-106-000-nouveaux-emplois-crees-cependant\/#breadcrumb"},"inLanguage":"fr-FR","potentialAction":[{"@type":"ReadAction","target":["https:\/\/peoplesphere.be\/fr\/ralentissement-de-croissance-2018-2019-106-000-nouveaux-emplois-crees-cependant\/"]}]},{"@type":"BreadcrumbList","@id":"https:\/\/peoplesphere.be\/fr\/ralentissement-de-croissance-2018-2019-106-000-nouveaux-emplois-crees-cependant\/#breadcrumb","itemListElement":[{"@type":"ListItem","position":1,"name":"Accueil","item":"https:\/\/peoplesphere.be\/fr\/"},{"@type":"ListItem","position":2,"name":"Ralentissement de la croissance en 2018-2019. 106.000 nouveaux emplois en passe d&rsquo;\u00eatre cr\u00e9\u00e9s cependant."}]},{"@type":"WebSite","@id":"https:\/\/peoplesphere.be\/fr\/#website","url":"https:\/\/peoplesphere.be\/fr\/","name":"Peoplesphere","description":"The People Managers Magazine","publisher":{"@id":"https:\/\/peoplesphere.be\/fr\/#organization"},"potentialAction":[{"@type":"SearchAction","target":{"@type":"EntryPoint","urlTemplate":"https:\/\/peoplesphere.be\/fr\/?s={search_term_string}"},"query-input":"required name=search_term_string"}],"inLanguage":"fr-FR"},{"@type":"Organization","@id":"https:\/\/peoplesphere.be\/fr\/#organization","name":"Peoplesphere Company srl","url":"https:\/\/peoplesphere.be\/fr\/","logo":{"@type":"ImageObject","inLanguage":"fr-FR","@id":"https:\/\/peoplesphere.be\/fr\/#\/schema\/logo\/image\/","url":"https:\/\/peoplesphere.be\/fr\/wp-content\/uploads\/2023\/07\/peoplesphere-lgo-new-generik.jpg","contentUrl":"https:\/\/peoplesphere.be\/fr\/wp-content\/uploads\/2023\/07\/peoplesphere-lgo-new-generik.jpg","width":1031,"height":1479,"caption":"Peoplesphere Company srl"},"image":{"@id":"https:\/\/peoplesphere.be\/fr\/#\/schema\/logo\/image\/"},"sameAs":["https:\/\/www.facebook.com\/peoplesphere","https:\/\/twitter.com\/PeoplesphereMag","https:\/\/www.linkedin.com\/company\/7587361?trk","http:\/\/youtube.com\/peoplesphere"]},{"@type":"Person","@id":"https:\/\/peoplesphere.be\/fr\/#\/schema\/person\/7976225ff17988604334abb7b3536a7e","name":"Jean-Paul Erhard","image":{"@type":"ImageObject","inLanguage":"fr-FR","@id":"https:\/\/peoplesphere.be\/fr\/#\/schema\/person\/image\/","url":"https:\/\/secure.gravatar.com\/avatar\/f941e681460179738071629a51574930?s=96&d=mm&r=g","contentUrl":"https:\/\/secure.gravatar.com\/avatar\/f941e681460179738071629a51574930?s=96&d=mm&r=g","caption":"Jean-Paul Erhard"},"url":"https:\/\/peoplesphere.be\/fr\/author\/jpe\/"}]}},"_links":{"self":[{"href":"https:\/\/peoplesphere.be\/fr\/wp-json\/wp\/v2\/posts\/6159"}],"collection":[{"href":"https:\/\/peoplesphere.be\/fr\/wp-json\/wp\/v2\/posts"}],"about":[{"href":"https:\/\/peoplesphere.be\/fr\/wp-json\/wp\/v2\/types\/post"}],"author":[{"embeddable":true,"href":"https:\/\/peoplesphere.be\/fr\/wp-json\/wp\/v2\/users\/2"}],"replies":[{"embeddable":true,"href":"https:\/\/peoplesphere.be\/fr\/wp-json\/wp\/v2\/comments?post=6159"}],"version-history":[{"count":2,"href":"https:\/\/peoplesphere.be\/fr\/wp-json\/wp\/v2\/posts\/6159\/revisions"}],"predecessor-version":[{"id":6161,"href":"https:\/\/peoplesphere.be\/fr\/wp-json\/wp\/v2\/posts\/6159\/revisions\/6161"}],"wp:attachment":[{"href":"https:\/\/peoplesphere.be\/fr\/wp-json\/wp\/v2\/media?parent=6159"}],"wp:term":[{"taxonomy":"category","embeddable":true,"href":"https:\/\/peoplesphere.be\/fr\/wp-json\/wp\/v2\/categories?post=6159"},{"taxonomy":"post_tag","embeddable":true,"href":"https:\/\/peoplesphere.be\/fr\/wp-json\/wp\/v2\/tags?post=6159"}],"curies":[{"name":"wp","href":"https:\/\/api.w.org\/{rel}","templated":true}]}}