









{"id":6162,"date":"2018-06-08T07:19:45","date_gmt":"2018-06-08T05:19:45","guid":{"rendered":"http:\/\/www.peoplesphere.be\/fr\/?p=6162"},"modified":"2018-06-08T07:19:45","modified_gmt":"2018-06-08T05:19:45","slug":"region-bruxelloise-subsidie-formation-alternance-effort-salue-entrepreneurs","status":"publish","type":"post","link":"https:\/\/peoplesphere.be\/fr\/region-bruxelloise-subsidie-formation-alternance-effort-salue-entrepreneurs\/","title":{"rendered":"La R\u00e9gion Bruxelloise subsidie la formation en alternance: un effort salu\u00e9 par les entrepreneurs."},"content":{"rendered":"<p>Le ministre de l&rsquo;\u00c9conomie et de l&rsquo;Emploi, Didier Gosuin, a annonc\u00e9 ce jeudi une prime de base de 1750 euros pour les entreprises de la R\u00e9gion qui acceptent de former un jeune Bruxellois en alternance. L&rsquo;UCM se r\u00e9jouit de cette mesure: <em>\u00ab\u00a0La formation en alternance est une voie royale pour l&#8217;emploi et un moyen efficace de lutter contre les p\u00e9nuries de main-d&rsquo;\u0153uvre. Le co\u00fbt pour la PME ne peut pas \u00eatre dissuasif.\u00a0\u00bb<\/em><!--more--><\/p>\n<p>L&rsquo;organisation patronale encense le processus de rapprochement des autorit\u00e9s avec les employeurs : <em>\u00ab\u00a0La concertation sociale fonctionne \u00e0 Bruxelles et donne des r\u00e9sultats positifs. Les m\u00e9canismes de soutien aux entreprises ont \u00e9t\u00e9 revus en respectant les besoins des PME : simplicit\u00e9 et rapidit\u00e9. La prime pour la formation en alternance compl\u00e8te le dispositif. Il faudra \u00e9videmment en \u00e9valuer l&rsquo;efficacit\u00e9, mais l&rsquo;UCM est persuad\u00e9e qu&rsquo;elle favorisera la r\u00e9gression du ch\u00f4mage des jeunes, en baisse continuelle depuis pr\u00e8s de cinq ans.\u00a0\u00bb<\/em><\/p>\n<p><em>\u00ab\u00a0Le choix du ministre et du gouvernement bruxellois pour l&rsquo;alternance est le bon. Les jeunes qui vont au bout de leur formation ont un taux d&rsquo;insertion (embauche en moins de six mois) de plus de 80 %. Pour certains m\u00e9tiers, on arrive \u00e0 pr\u00e8s de 100 %. La formule permet aux chefs de PME de former des collaborateurs dans des m\u00e9tiers en p\u00e9nurie.\u00a0\u00bb<\/em><\/p>\n<p>Le frein au d\u00e9veloppement de l&rsquo;alternance est le manque de places de stage, li\u00e9 au co\u00fbt de l&rsquo;accueil d&rsquo;un apprenant. L&rsquo;UCM, apr\u00e8s enqu\u00eate, l&rsquo;estime \u00e0 12.000 euros r\u00e9partis en frais directs (r\u00e9tribution, frais de d\u00e9placement, p\u00e9cule de vacances) et indirects (assurances, \u00e9quipement, temps d&rsquo;encadrement, charges administratives, erreurs en d\u00e9but de parcours&#8230;).<\/p>\n<p>Pour Pierre-Fr\u00e9d\u00e9ric Nyst, pr\u00e9sident de l&rsquo;UCM, <em>\u00ab\u00a0l&rsquo;alternance doit devenir chez nous une fili\u00e8re d&rsquo;excellence, comme elle l&rsquo;est en Allemagne et dans d&rsquo;autres pays. Les ind\u00e9pendants et les chefs de PME, partenaires indispensables, doivent assumer des co\u00fbts importants. Il est n\u00e9cessaire de les prendre en compte. La R\u00e9gion bruxelloise consent un effort notable pour les inciter \u00e0 accepter de former des jeunes.\u00a0\u00bb<\/em><\/p>\n","protected":false},"excerpt":{"rendered":"<p>Le ministre de l&rsquo;\u00c9conomie et de l&rsquo;Emploi, Didier Gosuin, a annonc\u00e9 ce jeudi une prime de base de 1750 euros pour les entreprises de la R\u00e9gion qui acceptent de former un jeune Bruxellois en alternance. L&rsquo;UCM se r\u00e9jouit de cette [&hellip;]<\/p>\n","protected":false},"author":2,"featured_media":0,"comment_status":"closed","ping_status":"open","sticky":false,"template":"","format":"standard","meta":[],"categories":[65,10],"tags":[855,1553,467,196,1210,1350],"yoast_head":"<!-- This site is optimized with the Yoast SEO plugin v21.0 - https:\/\/yoast.com\/wordpress\/plugins\/seo\/ -->\n<title>La R\u00e9gion Bruxelloise subsidie la formation en alternance: un effort salu\u00e9 par les entrepreneurs. - Peoplesphere<\/title>\n<meta name=\"robots\" content=\"index, follow, max-snippet:-1, max-image-preview:large, max-video-preview:-1\" \/>\n<link rel=\"canonical\" href=\"https:\/\/peoplesphere.be\/fr\/region-bruxelloise-subsidie-formation-alternance-effort-salue-entrepreneurs\/\" \/>\n<meta property=\"og:locale\" content=\"fr_FR\" \/>\n<meta property=\"og:type\" content=\"article\" \/>\n<meta property=\"og:title\" content=\"La R\u00e9gion Bruxelloise subsidie la formation en alternance: un effort salu\u00e9 par les entrepreneurs. - Peoplesphere\" \/>\n<meta property=\"og:description\" content=\"Le ministre de l&rsquo;\u00c9conomie et de l&rsquo;Emploi, Didier Gosuin, a annonc\u00e9 ce jeudi une prime de base de 1750 euros pour les entreprises de la R\u00e9gion qui acceptent de former un jeune Bruxellois en alternance. L&rsquo;UCM se r\u00e9jouit de cette [&hellip;]\" \/>\n<meta property=\"og:url\" content=\"https:\/\/peoplesphere.be\/fr\/region-bruxelloise-subsidie-formation-alternance-effort-salue-entrepreneurs\/\" \/>\n<meta property=\"og:site_name\" content=\"Peoplesphere\" \/>\n<meta property=\"article:publisher\" content=\"https:\/\/www.facebook.com\/peoplesphere\" \/>\n<meta property=\"article:published_time\" content=\"2018-06-08T05:19:45+00:00\" \/>\n<meta property=\"og:image\" content=\"http:\/\/www.peoplesphere.be\/fr\/wp-content\/uploads\/2016\/07\/facebook-default-posting-1200x628px.jpg\" \/>\n<meta name=\"author\" content=\"Jean-Paul Erhard\" \/>\n<meta name=\"twitter:card\" content=\"summary_large_image\" \/>\n<meta name=\"twitter:creator\" content=\"@PeoplesphereMag\" \/>\n<meta name=\"twitter:site\" content=\"@PeoplesphereMag\" \/>\n<meta name=\"twitter:label1\" content=\"\u00c9crit par\" \/>\n\t<meta name=\"twitter:data1\" content=\"Jean-Paul Erhard\" \/>\n\t<meta name=\"twitter:label2\" content=\"Dur\u00e9e de lecture estim\u00e9e\" \/>\n\t<meta name=\"twitter:data2\" content=\"2 minutes\" \/>\n<script type=\"application\/ld+json\" class=\"yoast-schema-graph\">{\"@context\":\"https:\/\/schema.org\",\"@graph\":[{\"@type\":\"Article\",\"@id\":\"https:\/\/peoplesphere.be\/fr\/region-bruxelloise-subsidie-formation-alternance-effort-salue-entrepreneurs\/#article\",\"isPartOf\":{\"@id\":\"https:\/\/peoplesphere.be\/fr\/region-bruxelloise-subsidie-formation-alternance-effort-salue-entrepreneurs\/\"},\"author\":{\"name\":\"Jean-Paul Erhard\",\"@id\":\"https:\/\/peoplesphere.be\/fr\/#\/schema\/person\/7976225ff17988604334abb7b3536a7e\"},\"headline\":\"La R\u00e9gion Bruxelloise subsidie la formation en alternance: un effort salu\u00e9 par les entrepreneurs.\",\"datePublished\":\"2018-06-08T05:19:45+00:00\",\"dateModified\":\"2018-06-08T05:19:45+00:00\",\"mainEntityOfPage\":{\"@id\":\"https:\/\/peoplesphere.be\/fr\/region-bruxelloise-subsidie-formation-alternance-effort-salue-entrepreneurs\/\"},\"wordCount\":364,\"publisher\":{\"@id\":\"https:\/\/peoplesphere.be\/fr\/#organization\"},\"keywords\":[\"alternance\",\"Didier Gosuin\",\"enseignement\",\"m\u00e9tiers en p\u00e9nurie\",\"r\u00e9gion bruxelles capitale\",\"ucm\"],\"articleSection\":[\"Actualit\u00e9s\",\"Digital\"],\"inLanguage\":\"fr-FR\"},{\"@type\":\"WebPage\",\"@id\":\"https:\/\/peoplesphere.be\/fr\/region-bruxelloise-subsidie-formation-alternance-effort-salue-entrepreneurs\/\",\"url\":\"https:\/\/peoplesphere.be\/fr\/region-bruxelloise-subsidie-formation-alternance-effort-salue-entrepreneurs\/\",\"name\":\"La R\u00e9gion Bruxelloise subsidie la formation en alternance: un effort salu\u00e9 par les entrepreneurs. - Peoplesphere\",\"isPartOf\":{\"@id\":\"https:\/\/peoplesphere.be\/fr\/#website\"},\"datePublished\":\"2018-06-08T05:19:45+00:00\",\"dateModified\":\"2018-06-08T05:19:45+00:00\",\"breadcrumb\":{\"@id\":\"https:\/\/peoplesphere.be\/fr\/region-bruxelloise-subsidie-formation-alternance-effort-salue-entrepreneurs\/#breadcrumb\"},\"inLanguage\":\"fr-FR\",\"potentialAction\":[{\"@type\":\"ReadAction\",\"target\":[\"https:\/\/peoplesphere.be\/fr\/region-bruxelloise-subsidie-formation-alternance-effort-salue-entrepreneurs\/\"]}]},{\"@type\":\"BreadcrumbList\",\"@id\":\"https:\/\/peoplesphere.be\/fr\/region-bruxelloise-subsidie-formation-alternance-effort-salue-entrepreneurs\/#breadcrumb\",\"itemListElement\":[{\"@type\":\"ListItem\",\"position\":1,\"name\":\"Accueil\",\"item\":\"https:\/\/peoplesphere.be\/fr\/\"},{\"@type\":\"ListItem\",\"position\":2,\"name\":\"La R\u00e9gion Bruxelloise subsidie la formation en alternance: un effort salu\u00e9 par les entrepreneurs.\"}]},{\"@type\":\"WebSite\",\"@id\":\"https:\/\/peoplesphere.be\/fr\/#website\",\"url\":\"https:\/\/peoplesphere.be\/fr\/\",\"name\":\"Peoplesphere\",\"description\":\"The People Managers Magazine\",\"publisher\":{\"@id\":\"https:\/\/peoplesphere.be\/fr\/#organization\"},\"potentialAction\":[{\"@type\":\"SearchAction\",\"target\":{\"@type\":\"EntryPoint\",\"urlTemplate\":\"https:\/\/peoplesphere.be\/fr\/?s={search_term_string}\"},\"query-input\":\"required name=search_term_string\"}],\"inLanguage\":\"fr-FR\"},{\"@type\":\"Organization\",\"@id\":\"https:\/\/peoplesphere.be\/fr\/#organization\",\"name\":\"Peoplesphere Company srl\",\"url\":\"https:\/\/peoplesphere.be\/fr\/\",\"logo\":{\"@type\":\"ImageObject\",\"inLanguage\":\"fr-FR\",\"@id\":\"https:\/\/peoplesphere.be\/fr\/#\/schema\/logo\/image\/\",\"url\":\"https:\/\/peoplesphere.be\/fr\/wp-content\/uploads\/2023\/07\/peoplesphere-lgo-new-generik.jpg\",\"contentUrl\":\"https:\/\/peoplesphere.be\/fr\/wp-content\/uploads\/2023\/07\/peoplesphere-lgo-new-generik.jpg\",\"width\":1031,\"height\":1479,\"caption\":\"Peoplesphere Company srl\"},\"image\":{\"@id\":\"https:\/\/peoplesphere.be\/fr\/#\/schema\/logo\/image\/\"},\"sameAs\":[\"https:\/\/www.facebook.com\/peoplesphere\",\"https:\/\/twitter.com\/PeoplesphereMag\",\"https:\/\/www.linkedin.com\/company\/7587361?trk\",\"http:\/\/youtube.com\/peoplesphere\"]},{\"@type\":\"Person\",\"@id\":\"https:\/\/peoplesphere.be\/fr\/#\/schema\/person\/7976225ff17988604334abb7b3536a7e\",\"name\":\"Jean-Paul Erhard\",\"image\":{\"@type\":\"ImageObject\",\"inLanguage\":\"fr-FR\",\"@id\":\"https:\/\/peoplesphere.be\/fr\/#\/schema\/person\/image\/\",\"url\":\"https:\/\/secure.gravatar.com\/avatar\/f941e681460179738071629a51574930?s=96&d=mm&r=g\",\"contentUrl\":\"https:\/\/secure.gravatar.com\/avatar\/f941e681460179738071629a51574930?s=96&d=mm&r=g\",\"caption\":\"Jean-Paul Erhard\"},\"url\":\"https:\/\/peoplesphere.be\/fr\/author\/jpe\/\"}]}<\/script>\n<!-- \/ Yoast SEO plugin. -->","yoast_head_json":{"title":"La R\u00e9gion Bruxelloise subsidie la formation en alternance: un effort salu\u00e9 par les entrepreneurs. - Peoplesphere","robots":{"index":"index","follow":"follow","max-snippet":"max-snippet:-1","max-image-preview":"max-image-preview:large","max-video-preview":"max-video-preview:-1"},"canonical":"https:\/\/peoplesphere.be\/fr\/region-bruxelloise-subsidie-formation-alternance-effort-salue-entrepreneurs\/","og_locale":"fr_FR","og_type":"article","og_title":"La R\u00e9gion Bruxelloise subsidie la formation en alternance: un effort salu\u00e9 par les entrepreneurs. - Peoplesphere","og_description":"Le ministre de l&rsquo;\u00c9conomie et de l&rsquo;Emploi, Didier Gosuin, a annonc\u00e9 ce jeudi une prime de base de 1750 euros pour les entreprises de la R\u00e9gion qui acceptent de former un jeune Bruxellois en alternance. L&rsquo;UCM se r\u00e9jouit de cette [&hellip;]","og_url":"https:\/\/peoplesphere.be\/fr\/region-bruxelloise-subsidie-formation-alternance-effort-salue-entrepreneurs\/","og_site_name":"Peoplesphere","article_publisher":"https:\/\/www.facebook.com\/peoplesphere","article_published_time":"2018-06-08T05:19:45+00:00","og_image":[{"url":"http:\/\/www.peoplesphere.be\/fr\/wp-content\/uploads\/2016\/07\/facebook-default-posting-1200x628px.jpg"}],"author":"Jean-Paul Erhard","twitter_card":"summary_large_image","twitter_creator":"@PeoplesphereMag","twitter_site":"@PeoplesphereMag","twitter_misc":{"\u00c9crit par":"Jean-Paul Erhard","Dur\u00e9e de lecture estim\u00e9e":"2 minutes"},"schema":{"@context":"https:\/\/schema.org","@graph":[{"@type":"Article","@id":"https:\/\/peoplesphere.be\/fr\/region-bruxelloise-subsidie-formation-alternance-effort-salue-entrepreneurs\/#article","isPartOf":{"@id":"https:\/\/peoplesphere.be\/fr\/region-bruxelloise-subsidie-formation-alternance-effort-salue-entrepreneurs\/"},"author":{"name":"Jean-Paul Erhard","@id":"https:\/\/peoplesphere.be\/fr\/#\/schema\/person\/7976225ff17988604334abb7b3536a7e"},"headline":"La R\u00e9gion Bruxelloise subsidie la formation en alternance: un effort salu\u00e9 par les entrepreneurs.","datePublished":"2018-06-08T05:19:45+00:00","dateModified":"2018-06-08T05:19:45+00:00","mainEntityOfPage":{"@id":"https:\/\/peoplesphere.be\/fr\/region-bruxelloise-subsidie-formation-alternance-effort-salue-entrepreneurs\/"},"wordCount":364,"publisher":{"@id":"https:\/\/peoplesphere.be\/fr\/#organization"},"keywords":["alternance","Didier Gosuin","enseignement","m\u00e9tiers en p\u00e9nurie","r\u00e9gion bruxelles capitale","ucm"],"articleSection":["Actualit\u00e9s","Digital"],"inLanguage":"fr-FR"},{"@type":"WebPage","@id":"https:\/\/peoplesphere.be\/fr\/region-bruxelloise-subsidie-formation-alternance-effort-salue-entrepreneurs\/","url":"https:\/\/peoplesphere.be\/fr\/region-bruxelloise-subsidie-formation-alternance-effort-salue-entrepreneurs\/","name":"La R\u00e9gion Bruxelloise subsidie la formation en alternance: un effort salu\u00e9 par les entrepreneurs. - Peoplesphere","isPartOf":{"@id":"https:\/\/peoplesphere.be\/fr\/#website"},"datePublished":"2018-06-08T05:19:45+00:00","dateModified":"2018-06-08T05:19:45+00:00","breadcrumb":{"@id":"https:\/\/peoplesphere.be\/fr\/region-bruxelloise-subsidie-formation-alternance-effort-salue-entrepreneurs\/#breadcrumb"},"inLanguage":"fr-FR","potentialAction":[{"@type":"ReadAction","target":["https:\/\/peoplesphere.be\/fr\/region-bruxelloise-subsidie-formation-alternance-effort-salue-entrepreneurs\/"]}]},{"@type":"BreadcrumbList","@id":"https:\/\/peoplesphere.be\/fr\/region-bruxelloise-subsidie-formation-alternance-effort-salue-entrepreneurs\/#breadcrumb","itemListElement":[{"@type":"ListItem","position":1,"name":"Accueil","item":"https:\/\/peoplesphere.be\/fr\/"},{"@type":"ListItem","position":2,"name":"La R\u00e9gion Bruxelloise subsidie la formation en alternance: un effort salu\u00e9 par les entrepreneurs."}]},{"@type":"WebSite","@id":"https:\/\/peoplesphere.be\/fr\/#website","url":"https:\/\/peoplesphere.be\/fr\/","name":"Peoplesphere","description":"The People Managers Magazine","publisher":{"@id":"https:\/\/peoplesphere.be\/fr\/#organization"},"potentialAction":[{"@type":"SearchAction","target":{"@type":"EntryPoint","urlTemplate":"https:\/\/peoplesphere.be\/fr\/?s={search_term_string}"},"query-input":"required name=search_term_string"}],"inLanguage":"fr-FR"},{"@type":"Organization","@id":"https:\/\/peoplesphere.be\/fr\/#organization","name":"Peoplesphere Company srl","url":"https:\/\/peoplesphere.be\/fr\/","logo":{"@type":"ImageObject","inLanguage":"fr-FR","@id":"https:\/\/peoplesphere.be\/fr\/#\/schema\/logo\/image\/","url":"https:\/\/peoplesphere.be\/fr\/wp-content\/uploads\/2023\/07\/peoplesphere-lgo-new-generik.jpg","contentUrl":"https:\/\/peoplesphere.be\/fr\/wp-content\/uploads\/2023\/07\/peoplesphere-lgo-new-generik.jpg","width":1031,"height":1479,"caption":"Peoplesphere Company srl"},"image":{"@id":"https:\/\/peoplesphere.be\/fr\/#\/schema\/logo\/image\/"},"sameAs":["https:\/\/www.facebook.com\/peoplesphere","https:\/\/twitter.com\/PeoplesphereMag","https:\/\/www.linkedin.com\/company\/7587361?trk","http:\/\/youtube.com\/peoplesphere"]},{"@type":"Person","@id":"https:\/\/peoplesphere.be\/fr\/#\/schema\/person\/7976225ff17988604334abb7b3536a7e","name":"Jean-Paul Erhard","image":{"@type":"ImageObject","inLanguage":"fr-FR","@id":"https:\/\/peoplesphere.be\/fr\/#\/schema\/person\/image\/","url":"https:\/\/secure.gravatar.com\/avatar\/f941e681460179738071629a51574930?s=96&d=mm&r=g","contentUrl":"https:\/\/secure.gravatar.com\/avatar\/f941e681460179738071629a51574930?s=96&d=mm&r=g","caption":"Jean-Paul Erhard"},"url":"https:\/\/peoplesphere.be\/fr\/author\/jpe\/"}]}},"_links":{"self":[{"href":"https:\/\/peoplesphere.be\/fr\/wp-json\/wp\/v2\/posts\/6162"}],"collection":[{"href":"https:\/\/peoplesphere.be\/fr\/wp-json\/wp\/v2\/posts"}],"about":[{"href":"https:\/\/peoplesphere.be\/fr\/wp-json\/wp\/v2\/types\/post"}],"author":[{"embeddable":true,"href":"https:\/\/peoplesphere.be\/fr\/wp-json\/wp\/v2\/users\/2"}],"replies":[{"embeddable":true,"href":"https:\/\/peoplesphere.be\/fr\/wp-json\/wp\/v2\/comments?post=6162"}],"version-history":[{"count":1,"href":"https:\/\/peoplesphere.be\/fr\/wp-json\/wp\/v2\/posts\/6162\/revisions"}],"predecessor-version":[{"id":6163,"href":"https:\/\/peoplesphere.be\/fr\/wp-json\/wp\/v2\/posts\/6162\/revisions\/6163"}],"wp:attachment":[{"href":"https:\/\/peoplesphere.be\/fr\/wp-json\/wp\/v2\/media?parent=6162"}],"wp:term":[{"taxonomy":"category","embeddable":true,"href":"https:\/\/peoplesphere.be\/fr\/wp-json\/wp\/v2\/categories?post=6162"},{"taxonomy":"post_tag","embeddable":true,"href":"https:\/\/peoplesphere.be\/fr\/wp-json\/wp\/v2\/tags?post=6162"}],"curies":[{"name":"wp","href":"https:\/\/api.w.org\/{rel}","templated":true}]}}