









{"id":6181,"date":"2018-06-12T18:04:49","date_gmt":"2018-06-12T16:04:49","guid":{"rendered":"http:\/\/www.peoplesphere.be\/fr\/?p=6181"},"modified":"2018-06-12T18:04:49","modified_gmt":"2018-06-12T16:04:49","slug":"independants-restent-faches-face-a-faiblesse-de-protection-sociale","status":"publish","type":"post","link":"https:\/\/peoplesphere.be\/fr\/independants-restent-faches-face-a-faiblesse-de-protection-sociale\/","title":{"rendered":"Les ind\u00e9pendants restent &lsquo;f\u00e2ch\u00e9s&rsquo; face \u00e0 la faiblesse de leur protection sociale."},"content":{"rendered":"<p>La situation s&rsquo;am\u00e9liore mais elle reste manifestement insatisfaisante. L&rsquo;UCM a interrog\u00e9 les ind\u00e9pendants sur leur s\u00e9curit\u00e9 sociale. C&rsquo;est de tr\u00e8s loin la pension qui reste le premier sujet de grogne. L&rsquo;indemnisation des arr\u00eats maladie et le \u00ab\u00a0droit passerelle\u00a0\u00bb en cas de cessation forc\u00e9e sont \u00e9galement des points \u00e0 am\u00e9liorer. Une probl\u00e9matique de plus en plus pertinente compte tenu de l&rsquo;augmentation du nombre de collaborations entre entreprises et collaborateurs dits &lsquo;free-lances&rsquo;.<!--more--><\/p>\n<p>L&rsquo;UCM souligne que la protection sociale des ind\u00e9pendants a \u00e9t\u00e9 consid\u00e9rablement am\u00e9lior\u00e9e depuis 2003. <em>\u00ab\u00a0Il reste un gros point noir : la retraite. Malgr\u00e9 l&rsquo;alignement des montants de pension sur les minima des salari\u00e9s, 82 % des ind\u00e9pendants estiment qu&rsquo;ils recevront trop peu. Ils sont aussi 62 % \u00e0 douter de la capacit\u00e9 de l&rsquo;\u00c9tat \u00e0 assumer la charge du vieillissement et esp\u00e8rent donc une r\u00e9forme qui assure plus d&rsquo;\u00e9quit\u00e9 et la p\u00e9rennit\u00e9 du syst\u00e8me. Cela ne signifie pas que l&rsquo;allongement des carri\u00e8res les r\u00e9jouit : l&rsquo;\u00e2ge moyen id\u00e9al de d\u00e9part \u00e0 la pension serait de 60 ans.\u00a0\u00bb<\/em><\/p>\n<p>Selon l&rsquo;enqu\u00eate men\u00e9e par l&rsquo;organisation patronale, <em>\u00ab\u00a0les ind\u00e9pendants sont 52 % \u00e0 demander une meilleure prise en charge de l&rsquo;incapacit\u00e9 de travail. Le d\u00e9lai de carence (p\u00e9riode de non-indemnisation) vient d&rsquo;\u00eatre ramen\u00e9 d&rsquo;un mois \u00e0 14 jours. C&rsquo;est encore trop pour les personnes sond\u00e9es, qui demandent une couverture financi\u00e8re d\u00e8s le premier jour, comme c&rsquo;est le cas pour les salari\u00e9s.\u00a0Le droit passerelle, qui pr\u00e9voit douze mois maximum d&rsquo;allocations en cas de cessation forc\u00e9e, est appr\u00e9ci\u00e9. Les ind\u00e9pendants ne sont pas pr\u00eats \u00e0 payer davantage pour une couverture ch\u00f4mage. Ils souhaitent toutefois (43 %) un acc\u00e8s plus facile \u00e0 ce droit passerelle. Prouver des revenus inf\u00e9rieurs \u00e0 13.550 euros pendant deux ann\u00e9es cons\u00e9cutives est trop restrictif.\u00a0\u00bb<\/em><\/p>\n<p>L&rsquo;UCM annonce qu&rsquo;elle relayera ces demandes et inqui\u00e9tudes des ind\u00e9pendants aupr\u00e8s des responsables politiques. Elle demandera aussi des efforts d&rsquo;information : les droits sont souvent mal connus. Elle r\u00e9clamera aussi l&rsquo;extension \u00e0 trois ans de la nouvelle r\u00e9duction des cotisations pour les starters, aujourd&rsquo;hui limit\u00e9e \u00e0 un an. C&rsquo;est une mesure pl\u00e9biscit\u00e9e dans l&rsquo;enqu\u00eate.<\/p>\n","protected":false},"excerpt":{"rendered":"<p>La situation s&rsquo;am\u00e9liore mais elle reste manifestement insatisfaisante. L&rsquo;UCM a interrog\u00e9 les ind\u00e9pendants sur leur s\u00e9curit\u00e9 sociale. C&rsquo;est de tr\u00e8s loin la pension qui reste le premier sujet de grogne. L&rsquo;indemnisation des arr\u00eats maladie et le \u00ab\u00a0droit passerelle\u00a0\u00bb en cas [&hellip;]<\/p>\n","protected":false},"author":2,"featured_media":0,"comment_status":"closed","ping_status":"open","sticky":false,"template":"","format":"standard","meta":[],"categories":[65,10],"tags":[782,1503,57,201,58,978],"yoast_head":"<!-- This site is optimized with the Yoast SEO plugin v21.0 - https:\/\/yoast.com\/wordpress\/plugins\/seo\/ -->\n<title>Les ind\u00e9pendants restent &#039;f\u00e2ch\u00e9s&#039; face \u00e0 la faiblesse de leur protection sociale. - Peoplesphere<\/title>\n<meta name=\"robots\" content=\"index, follow, max-snippet:-1, max-image-preview:large, max-video-preview:-1\" \/>\n<link rel=\"canonical\" href=\"https:\/\/peoplesphere.be\/fr\/independants-restent-faches-face-a-faiblesse-de-protection-sociale\/\" \/>\n<meta property=\"og:locale\" content=\"fr_FR\" \/>\n<meta property=\"og:type\" content=\"article\" \/>\n<meta property=\"og:title\" content=\"Les ind\u00e9pendants restent &#039;f\u00e2ch\u00e9s&#039; face \u00e0 la faiblesse de leur protection sociale. - Peoplesphere\" \/>\n<meta property=\"og:description\" content=\"La situation s&rsquo;am\u00e9liore mais elle reste manifestement insatisfaisante. L&rsquo;UCM a interrog\u00e9 les ind\u00e9pendants sur leur s\u00e9curit\u00e9 sociale. C&rsquo;est de tr\u00e8s loin la pension qui reste le premier sujet de grogne. L&rsquo;indemnisation des arr\u00eats maladie et le \u00ab\u00a0droit passerelle\u00a0\u00bb en cas [&hellip;]\" \/>\n<meta property=\"og:url\" content=\"https:\/\/peoplesphere.be\/fr\/independants-restent-faches-face-a-faiblesse-de-protection-sociale\/\" \/>\n<meta property=\"og:site_name\" content=\"Peoplesphere\" \/>\n<meta property=\"article:publisher\" content=\"https:\/\/www.facebook.com\/peoplesphere\" \/>\n<meta property=\"article:published_time\" content=\"2018-06-12T16:04:49+00:00\" \/>\n<meta property=\"og:image\" content=\"http:\/\/www.peoplesphere.be\/fr\/wp-content\/uploads\/2016\/07\/facebook-default-posting-1200x628px.jpg\" \/>\n<meta name=\"author\" content=\"Jean-Paul Erhard\" \/>\n<meta name=\"twitter:card\" content=\"summary_large_image\" \/>\n<meta name=\"twitter:creator\" content=\"@PeoplesphereMag\" \/>\n<meta name=\"twitter:site\" content=\"@PeoplesphereMag\" \/>\n<meta name=\"twitter:label1\" content=\"\u00c9crit par\" \/>\n\t<meta name=\"twitter:data1\" content=\"Jean-Paul Erhard\" \/>\n\t<meta name=\"twitter:label2\" content=\"Dur\u00e9e de lecture estim\u00e9e\" \/>\n\t<meta name=\"twitter:data2\" content=\"2 minutes\" \/>\n<script type=\"application\/ld+json\" class=\"yoast-schema-graph\">{\"@context\":\"https:\/\/schema.org\",\"@graph\":[{\"@type\":\"Article\",\"@id\":\"https:\/\/peoplesphere.be\/fr\/independants-restent-faches-face-a-faiblesse-de-protection-sociale\/#article\",\"isPartOf\":{\"@id\":\"https:\/\/peoplesphere.be\/fr\/independants-restent-faches-face-a-faiblesse-de-protection-sociale\/\"},\"author\":{\"name\":\"Jean-Paul Erhard\",\"@id\":\"https:\/\/peoplesphere.be\/fr\/#\/schema\/person\/7976225ff17988604334abb7b3536a7e\"},\"headline\":\"Les ind\u00e9pendants restent &lsquo;f\u00e2ch\u00e9s&rsquo; face \u00e0 la faiblesse de leur protection sociale.\",\"datePublished\":\"2018-06-12T16:04:49+00:00\",\"dateModified\":\"2018-06-12T16:04:49+00:00\",\"mainEntityOfPage\":{\"@id\":\"https:\/\/peoplesphere.be\/fr\/independants-restent-faches-face-a-faiblesse-de-protection-sociale\/\"},\"wordCount\":380,\"publisher\":{\"@id\":\"https:\/\/peoplesphere.be\/fr\/#organization\"},\"keywords\":[\"cotisations sociales\",\"free-lances\",\"pensions\",\"protection sociale\",\"s\u00e9curit\u00e9 sociale\",\"travailleurs ind\u00e9pendants\"],\"articleSection\":[\"Actualit\u00e9s\",\"Digital\"],\"inLanguage\":\"fr-FR\"},{\"@type\":\"WebPage\",\"@id\":\"https:\/\/peoplesphere.be\/fr\/independants-restent-faches-face-a-faiblesse-de-protection-sociale\/\",\"url\":\"https:\/\/peoplesphere.be\/fr\/independants-restent-faches-face-a-faiblesse-de-protection-sociale\/\",\"name\":\"Les ind\u00e9pendants restent 'f\u00e2ch\u00e9s' face \u00e0 la faiblesse de leur protection sociale. - Peoplesphere\",\"isPartOf\":{\"@id\":\"https:\/\/peoplesphere.be\/fr\/#website\"},\"datePublished\":\"2018-06-12T16:04:49+00:00\",\"dateModified\":\"2018-06-12T16:04:49+00:00\",\"breadcrumb\":{\"@id\":\"https:\/\/peoplesphere.be\/fr\/independants-restent-faches-face-a-faiblesse-de-protection-sociale\/#breadcrumb\"},\"inLanguage\":\"fr-FR\",\"potentialAction\":[{\"@type\":\"ReadAction\",\"target\":[\"https:\/\/peoplesphere.be\/fr\/independants-restent-faches-face-a-faiblesse-de-protection-sociale\/\"]}]},{\"@type\":\"BreadcrumbList\",\"@id\":\"https:\/\/peoplesphere.be\/fr\/independants-restent-faches-face-a-faiblesse-de-protection-sociale\/#breadcrumb\",\"itemListElement\":[{\"@type\":\"ListItem\",\"position\":1,\"name\":\"Accueil\",\"item\":\"https:\/\/peoplesphere.be\/fr\/\"},{\"@type\":\"ListItem\",\"position\":2,\"name\":\"Les ind\u00e9pendants restent &lsquo;f\u00e2ch\u00e9s&rsquo; face \u00e0 la faiblesse de leur protection sociale.\"}]},{\"@type\":\"WebSite\",\"@id\":\"https:\/\/peoplesphere.be\/fr\/#website\",\"url\":\"https:\/\/peoplesphere.be\/fr\/\",\"name\":\"Peoplesphere\",\"description\":\"The People Managers Magazine\",\"publisher\":{\"@id\":\"https:\/\/peoplesphere.be\/fr\/#organization\"},\"potentialAction\":[{\"@type\":\"SearchAction\",\"target\":{\"@type\":\"EntryPoint\",\"urlTemplate\":\"https:\/\/peoplesphere.be\/fr\/?s={search_term_string}\"},\"query-input\":\"required name=search_term_string\"}],\"inLanguage\":\"fr-FR\"},{\"@type\":\"Organization\",\"@id\":\"https:\/\/peoplesphere.be\/fr\/#organization\",\"name\":\"Peoplesphere Company srl\",\"url\":\"https:\/\/peoplesphere.be\/fr\/\",\"logo\":{\"@type\":\"ImageObject\",\"inLanguage\":\"fr-FR\",\"@id\":\"https:\/\/peoplesphere.be\/fr\/#\/schema\/logo\/image\/\",\"url\":\"https:\/\/peoplesphere.be\/fr\/wp-content\/uploads\/2023\/07\/peoplesphere-lgo-new-generik.jpg\",\"contentUrl\":\"https:\/\/peoplesphere.be\/fr\/wp-content\/uploads\/2023\/07\/peoplesphere-lgo-new-generik.jpg\",\"width\":1031,\"height\":1479,\"caption\":\"Peoplesphere Company srl\"},\"image\":{\"@id\":\"https:\/\/peoplesphere.be\/fr\/#\/schema\/logo\/image\/\"},\"sameAs\":[\"https:\/\/www.facebook.com\/peoplesphere\",\"https:\/\/twitter.com\/PeoplesphereMag\",\"https:\/\/www.linkedin.com\/company\/7587361?trk\",\"http:\/\/youtube.com\/peoplesphere\"]},{\"@type\":\"Person\",\"@id\":\"https:\/\/peoplesphere.be\/fr\/#\/schema\/person\/7976225ff17988604334abb7b3536a7e\",\"name\":\"Jean-Paul Erhard\",\"image\":{\"@type\":\"ImageObject\",\"inLanguage\":\"fr-FR\",\"@id\":\"https:\/\/peoplesphere.be\/fr\/#\/schema\/person\/image\/\",\"url\":\"https:\/\/secure.gravatar.com\/avatar\/f941e681460179738071629a51574930?s=96&d=mm&r=g\",\"contentUrl\":\"https:\/\/secure.gravatar.com\/avatar\/f941e681460179738071629a51574930?s=96&d=mm&r=g\",\"caption\":\"Jean-Paul Erhard\"},\"url\":\"https:\/\/peoplesphere.be\/fr\/author\/jpe\/\"}]}<\/script>\n<!-- \/ Yoast SEO plugin. -->","yoast_head_json":{"title":"Les ind\u00e9pendants restent 'f\u00e2ch\u00e9s' face \u00e0 la faiblesse de leur protection sociale. - Peoplesphere","robots":{"index":"index","follow":"follow","max-snippet":"max-snippet:-1","max-image-preview":"max-image-preview:large","max-video-preview":"max-video-preview:-1"},"canonical":"https:\/\/peoplesphere.be\/fr\/independants-restent-faches-face-a-faiblesse-de-protection-sociale\/","og_locale":"fr_FR","og_type":"article","og_title":"Les ind\u00e9pendants restent 'f\u00e2ch\u00e9s' face \u00e0 la faiblesse de leur protection sociale. - Peoplesphere","og_description":"La situation s&rsquo;am\u00e9liore mais elle reste manifestement insatisfaisante. L&rsquo;UCM a interrog\u00e9 les ind\u00e9pendants sur leur s\u00e9curit\u00e9 sociale. C&rsquo;est de tr\u00e8s loin la pension qui reste le premier sujet de grogne. L&rsquo;indemnisation des arr\u00eats maladie et le \u00ab\u00a0droit passerelle\u00a0\u00bb en cas [&hellip;]","og_url":"https:\/\/peoplesphere.be\/fr\/independants-restent-faches-face-a-faiblesse-de-protection-sociale\/","og_site_name":"Peoplesphere","article_publisher":"https:\/\/www.facebook.com\/peoplesphere","article_published_time":"2018-06-12T16:04:49+00:00","og_image":[{"url":"http:\/\/www.peoplesphere.be\/fr\/wp-content\/uploads\/2016\/07\/facebook-default-posting-1200x628px.jpg"}],"author":"Jean-Paul Erhard","twitter_card":"summary_large_image","twitter_creator":"@PeoplesphereMag","twitter_site":"@PeoplesphereMag","twitter_misc":{"\u00c9crit par":"Jean-Paul Erhard","Dur\u00e9e de lecture estim\u00e9e":"2 minutes"},"schema":{"@context":"https:\/\/schema.org","@graph":[{"@type":"Article","@id":"https:\/\/peoplesphere.be\/fr\/independants-restent-faches-face-a-faiblesse-de-protection-sociale\/#article","isPartOf":{"@id":"https:\/\/peoplesphere.be\/fr\/independants-restent-faches-face-a-faiblesse-de-protection-sociale\/"},"author":{"name":"Jean-Paul Erhard","@id":"https:\/\/peoplesphere.be\/fr\/#\/schema\/person\/7976225ff17988604334abb7b3536a7e"},"headline":"Les ind\u00e9pendants restent &lsquo;f\u00e2ch\u00e9s&rsquo; face \u00e0 la faiblesse de leur protection sociale.","datePublished":"2018-06-12T16:04:49+00:00","dateModified":"2018-06-12T16:04:49+00:00","mainEntityOfPage":{"@id":"https:\/\/peoplesphere.be\/fr\/independants-restent-faches-face-a-faiblesse-de-protection-sociale\/"},"wordCount":380,"publisher":{"@id":"https:\/\/peoplesphere.be\/fr\/#organization"},"keywords":["cotisations sociales","free-lances","pensions","protection sociale","s\u00e9curit\u00e9 sociale","travailleurs ind\u00e9pendants"],"articleSection":["Actualit\u00e9s","Digital"],"inLanguage":"fr-FR"},{"@type":"WebPage","@id":"https:\/\/peoplesphere.be\/fr\/independants-restent-faches-face-a-faiblesse-de-protection-sociale\/","url":"https:\/\/peoplesphere.be\/fr\/independants-restent-faches-face-a-faiblesse-de-protection-sociale\/","name":"Les ind\u00e9pendants restent 'f\u00e2ch\u00e9s' face \u00e0 la faiblesse de leur protection sociale. - Peoplesphere","isPartOf":{"@id":"https:\/\/peoplesphere.be\/fr\/#website"},"datePublished":"2018-06-12T16:04:49+00:00","dateModified":"2018-06-12T16:04:49+00:00","breadcrumb":{"@id":"https:\/\/peoplesphere.be\/fr\/independants-restent-faches-face-a-faiblesse-de-protection-sociale\/#breadcrumb"},"inLanguage":"fr-FR","potentialAction":[{"@type":"ReadAction","target":["https:\/\/peoplesphere.be\/fr\/independants-restent-faches-face-a-faiblesse-de-protection-sociale\/"]}]},{"@type":"BreadcrumbList","@id":"https:\/\/peoplesphere.be\/fr\/independants-restent-faches-face-a-faiblesse-de-protection-sociale\/#breadcrumb","itemListElement":[{"@type":"ListItem","position":1,"name":"Accueil","item":"https:\/\/peoplesphere.be\/fr\/"},{"@type":"ListItem","position":2,"name":"Les ind\u00e9pendants restent &lsquo;f\u00e2ch\u00e9s&rsquo; face \u00e0 la faiblesse de leur protection sociale."}]},{"@type":"WebSite","@id":"https:\/\/peoplesphere.be\/fr\/#website","url":"https:\/\/peoplesphere.be\/fr\/","name":"Peoplesphere","description":"The People Managers Magazine","publisher":{"@id":"https:\/\/peoplesphere.be\/fr\/#organization"},"potentialAction":[{"@type":"SearchAction","target":{"@type":"EntryPoint","urlTemplate":"https:\/\/peoplesphere.be\/fr\/?s={search_term_string}"},"query-input":"required name=search_term_string"}],"inLanguage":"fr-FR"},{"@type":"Organization","@id":"https:\/\/peoplesphere.be\/fr\/#organization","name":"Peoplesphere Company srl","url":"https:\/\/peoplesphere.be\/fr\/","logo":{"@type":"ImageObject","inLanguage":"fr-FR","@id":"https:\/\/peoplesphere.be\/fr\/#\/schema\/logo\/image\/","url":"https:\/\/peoplesphere.be\/fr\/wp-content\/uploads\/2023\/07\/peoplesphere-lgo-new-generik.jpg","contentUrl":"https:\/\/peoplesphere.be\/fr\/wp-content\/uploads\/2023\/07\/peoplesphere-lgo-new-generik.jpg","width":1031,"height":1479,"caption":"Peoplesphere Company srl"},"image":{"@id":"https:\/\/peoplesphere.be\/fr\/#\/schema\/logo\/image\/"},"sameAs":["https:\/\/www.facebook.com\/peoplesphere","https:\/\/twitter.com\/PeoplesphereMag","https:\/\/www.linkedin.com\/company\/7587361?trk","http:\/\/youtube.com\/peoplesphere"]},{"@type":"Person","@id":"https:\/\/peoplesphere.be\/fr\/#\/schema\/person\/7976225ff17988604334abb7b3536a7e","name":"Jean-Paul Erhard","image":{"@type":"ImageObject","inLanguage":"fr-FR","@id":"https:\/\/peoplesphere.be\/fr\/#\/schema\/person\/image\/","url":"https:\/\/secure.gravatar.com\/avatar\/f941e681460179738071629a51574930?s=96&d=mm&r=g","contentUrl":"https:\/\/secure.gravatar.com\/avatar\/f941e681460179738071629a51574930?s=96&d=mm&r=g","caption":"Jean-Paul Erhard"},"url":"https:\/\/peoplesphere.be\/fr\/author\/jpe\/"}]}},"_links":{"self":[{"href":"https:\/\/peoplesphere.be\/fr\/wp-json\/wp\/v2\/posts\/6181"}],"collection":[{"href":"https:\/\/peoplesphere.be\/fr\/wp-json\/wp\/v2\/posts"}],"about":[{"href":"https:\/\/peoplesphere.be\/fr\/wp-json\/wp\/v2\/types\/post"}],"author":[{"embeddable":true,"href":"https:\/\/peoplesphere.be\/fr\/wp-json\/wp\/v2\/users\/2"}],"replies":[{"embeddable":true,"href":"https:\/\/peoplesphere.be\/fr\/wp-json\/wp\/v2\/comments?post=6181"}],"version-history":[{"count":1,"href":"https:\/\/peoplesphere.be\/fr\/wp-json\/wp\/v2\/posts\/6181\/revisions"}],"predecessor-version":[{"id":6182,"href":"https:\/\/peoplesphere.be\/fr\/wp-json\/wp\/v2\/posts\/6181\/revisions\/6182"}],"wp:attachment":[{"href":"https:\/\/peoplesphere.be\/fr\/wp-json\/wp\/v2\/media?parent=6181"}],"wp:term":[{"taxonomy":"category","embeddable":true,"href":"https:\/\/peoplesphere.be\/fr\/wp-json\/wp\/v2\/categories?post=6181"},{"taxonomy":"post_tag","embeddable":true,"href":"https:\/\/peoplesphere.be\/fr\/wp-json\/wp\/v2\/tags?post=6181"}],"curies":[{"name":"wp","href":"https:\/\/api.w.org\/{rel}","templated":true}]}}