









{"id":6248,"date":"2018-06-25T09:39:15","date_gmt":"2018-06-25T07:39:15","guid":{"rendered":"http:\/\/www.peoplesphere.be\/fr\/?p=6248"},"modified":"2018-06-25T09:39:15","modified_gmt":"2018-06-25T07:39:15","slug":"de-detudiants-travail-cest-loin-detre-bonne-nouvelle","status":"publish","type":"post","link":"https:\/\/peoplesphere.be\/fr\/de-detudiants-travail-cest-loin-detre-bonne-nouvelle\/","title":{"rendered":"De + en + d&rsquo;\u00e9tudiants au travail et c&rsquo;est loin d&rsquo;\u00eatre une bonne nouvelle&#8230;"},"content":{"rendered":"<p>Les \u00e9tudiants d\u00e9clarent travailler en moyenne 50 jours par an, soit 7 jours de plus que lors du pr\u00e9c\u00e9dent sondage r\u00e9alis\u00e9 en 2017. L&rsquo;\u00e9tude annuelle men\u00e9e par le groupe Randstad d\u00e9livre quelques enseignements de type quantitatif mais aussi divers signaux qui peuvent se r\u00e9v\u00e9ler &lsquo;inqui\u00e9tant&rsquo;, notamment en ce qui concerne une possible pr\u00e9carit\u00e9 des \u00e9tudiants\/travailleurs et de la mani\u00e8re dont les entreprises exploitent cette nouvelle flexibilit\u00e9&#8230;<!--more--><\/p>\n<p>Pr\u00e8s de deux \u00e9tudiants sur trois souhaiteraient evoir la l\u00e9gislation modifi\u00e9e et travailler \u00e0 ces conditions avantageuses encore plus que les 475 heures par an autoris\u00e9es. Le succ\u00e8s de la l\u00e9gislation toujours plus souple d\u00e9montre qu&rsquo;elle r\u00e9pond au besoin \u00e9norme de flexibilit\u00e9, tant parmi les \u00e9tudiants que les entreprises belges. Plusieurs r\u00e9sultats de l&rsquo;\u00e9tude indiquent cependant que la l\u00e9gislation toujours plus souple \u00e0 l&rsquo;\u00e9gard des \u00e9tudiants a atteint ses limites.<\/p>\n<p>Attention cependant ! En avril, Randstad a interrog\u00e9 1.000 \u00e9tudiants sur l&rsquo;\u00e9ventuel impact n\u00e9gatif qu&rsquo;aurait le travail sur leurs \u00e9tudes et en d\u00e9gage plusieurs signaux \u00e9difiants:<\/p>\n<p>&#8211; 17% des \u00e9tudiants interrog\u00e9s travaillent pendant les heures de cours.<br \/>\n&#8211; la moiti\u00e9 des \u00e9tudiants ont d\u00e9j\u00e0 eu affaire \u00e0 des employeurs qui tentaient de les convaincre de travailler pendant les heures de cours.<br \/>\n&#8211; un \u00e9tudiant sur quatre travaille \u00e9galement pendant la p\u00e9riode de blocus et\/ou d&rsquo;examens.<br \/>\n&#8211; les \u00e9tudiants semblent travailler de plus en plus pendant la semaine. Le nombre d&rsquo;\u00e9tudiants qui disent travailler r\u00e9guli\u00e8rement en semaine est pass\u00e9 de 26% en 2017 \u00e0 44% en 2018.<br \/>\n&#8211; un \u00e9tudiant sur quatre admet que le fait de travailler pendant l&rsquo;ann\u00e9e scolaire influence n\u00e9gativement ses performances aux \u00e9tudes.<\/p>\n<p><em>\u00ab Le succ\u00e8s de la l\u00e9gislation actuelle d\u00e9montre qu&rsquo;elle r\u00e9pond largement au besoin des \u00e9tudiants, mais aussi de leurs employeurs, de jouir d&rsquo;une flexibilit\u00e9 \u00e0 des conditions tr\u00e8s avantageuses. Mais les r\u00e9sultats de notre \u00e9tude semblent indiquer que les limites de cette l\u00e9gislation flexible sont progressivement atteintes et qu&rsquo;une nouvelle extension pourrait bel et bien avoir un impact n\u00e9gatif sur les performances aux \u00e9tudes. Or, l&rsquo;objectif n&rsquo;est \u00e9videmment pas d&rsquo;entra\u00eener \u00e0 tel point les \u00e9tudiants sur le march\u00e9 du travail pendant leurs \u00e9tudes \u2013 dans des jobs qui ne sont r\u00e9ellement dans le prolongement de leurs \u00e9tudes que pour 14% d&rsquo;entre eux \u2013 qu&rsquo;ils en arrivent \u00e0 entamer leur carri\u00e8re avec du retard. \u00bb <\/em>explique Elin De Vits (Randstad).<\/p>\n<p><em><strong>Les limites de la l\u00e9gislation flexible.<\/strong><\/em><\/p>\n<p>Depuis le d\u00e9but des mesures, le nombre d&rsquo;\u00e9tudiants travaillant au noir oscille entre 15 et 20%. On aurait pu s&rsquo;attendre \u00e0 ce que la nouvelle l\u00e9gislation sur le travail des \u00e9tudiants, en vigueur depuis d\u00e9but 2017, ait lev\u00e9 les derni\u00e8res r\u00e9ticences \u00e0 travailler sous contrat. Le premier sondage r\u00e9alis\u00e9 l&rsquo;ann\u00e9e derni\u00e8re faisait \u00e9galement \u00e9tat d&rsquo;une baisse du nombre de travailleurs au noir \u00e0 13%. Aujourd&rsquo;hui, 17% des \u00e9tudiants d\u00e9clarent \u00e0 nouveau travailler sans contrat. Chez les moins de 18 ans, il s&rsquo;agit d&rsquo;un \u00e9tudiant sur quatre.<\/p>\n<p>Tout comme il a \u00e9t\u00e9 rapport\u00e9 r\u00e9cemment que les mesures adopt\u00e9es contre le travail au noir, telles que les caisses blanches ou les flexi-jobs, peinaient \u00e0 faire reculer le travail non d\u00e9clar\u00e9, la l\u00e9gislation flexible envers les \u00e9tudiants ne semble pas non plus constituer la solution miracle dans la lutte contre le travail au noir parmi les \u00e9tudiants.<\/p>\n<p>Randstad a\u00a0aussi\u00a0voulu savoir dans quelle mesure les \u00e9tudiants belges se prenaient en charge pour d\u00e9nicher un job d&rsquo;\u00e9tudiant adapt\u00e9. Les r\u00e9sultats sont plut\u00f4t satisfaisants. Pr\u00e8s d&rsquo;un \u00e9tudiant sur cinq avoue que maman ou papa s&rsquo;occupe de toutes les t\u00e2ches li\u00e9es \u00e0 la recherche d&rsquo;un job d&rsquo;\u00e9tudiant \u2013 de la recherche \u00e0 l&rsquo;administration en passant par la candidature. Cette proportion est logiquement plus \u00e9lev\u00e9e parmi les \u00e9tudiants de moins de 18 ans (26%).<\/p>\n<p>A noter encore que les secteurs qui font le plus appel aux \u00e9tudiants sont clairement le commerce de d\u00e9tail (21%), l&rsquo;horeca (17%) et le secteur public\/non marchand (14%). Interrog\u00e9s sur le dernier job qu&rsquo;ils ont exerc\u00e9, la plupart des \u00e9tudiants occupaient le poste d&#8217;employ\u00e9 administratif (13%), suivi par ceux d&rsquo;ouvrier de production (10%) et de caissier\/\u00e8re (9%).<\/p>\n<p><em>Source : Randstad<\/em><\/p>\n","protected":false},"excerpt":{"rendered":"<p>Les \u00e9tudiants d\u00e9clarent travailler en moyenne 50 jours par an, soit 7 jours de plus que lors du pr\u00e9c\u00e9dent sondage r\u00e9alis\u00e9 en 2017. L&rsquo;\u00e9tude annuelle men\u00e9e par le groupe Randstad d\u00e9livre quelques enseignements de type quantitatif mais aussi divers signaux [&hellip;]<\/p>\n","protected":false},"author":2,"featured_media":0,"comment_status":"closed","ping_status":"open","sticky":false,"template":"","format":"standard","meta":[],"categories":[65,10],"tags":[336,220,863,872,774],"yoast_head":"<!-- This site is optimized with the Yoast SEO plugin v21.0 - https:\/\/yoast.com\/wordpress\/plugins\/seo\/ -->\n<title>De + en + d&#039;\u00e9tudiants au travail et c&#039;est loin d&#039;\u00eatre une bonne nouvelle... - Peoplesphere<\/title>\n<meta name=\"robots\" content=\"index, follow, max-snippet:-1, max-image-preview:large, max-video-preview:-1\" \/>\n<link rel=\"canonical\" href=\"https:\/\/peoplesphere.be\/fr\/de-detudiants-travail-cest-loin-detre-bonne-nouvelle\/\" \/>\n<meta property=\"og:locale\" content=\"fr_FR\" \/>\n<meta property=\"og:type\" content=\"article\" \/>\n<meta property=\"og:title\" content=\"De + en + d&#039;\u00e9tudiants au travail et c&#039;est loin d&#039;\u00eatre une bonne nouvelle... - Peoplesphere\" \/>\n<meta property=\"og:description\" content=\"Les \u00e9tudiants d\u00e9clarent travailler en moyenne 50 jours par an, soit 7 jours de plus que lors du pr\u00e9c\u00e9dent sondage r\u00e9alis\u00e9 en 2017. L&rsquo;\u00e9tude annuelle men\u00e9e par le groupe Randstad d\u00e9livre quelques enseignements de type quantitatif mais aussi divers signaux [&hellip;]\" \/>\n<meta property=\"og:url\" content=\"https:\/\/peoplesphere.be\/fr\/de-detudiants-travail-cest-loin-detre-bonne-nouvelle\/\" \/>\n<meta property=\"og:site_name\" content=\"Peoplesphere\" \/>\n<meta property=\"article:publisher\" content=\"https:\/\/www.facebook.com\/peoplesphere\" \/>\n<meta property=\"article:published_time\" content=\"2018-06-25T07:39:15+00:00\" \/>\n<meta property=\"og:image\" content=\"http:\/\/www.peoplesphere.be\/fr\/wp-content\/uploads\/2016\/07\/facebook-default-posting-1200x628px.jpg\" \/>\n<meta name=\"author\" content=\"Jean-Paul Erhard\" \/>\n<meta name=\"twitter:card\" content=\"summary_large_image\" \/>\n<meta name=\"twitter:creator\" content=\"@PeoplesphereMag\" \/>\n<meta name=\"twitter:site\" content=\"@PeoplesphereMag\" \/>\n<meta name=\"twitter:label1\" content=\"\u00c9crit par\" \/>\n\t<meta name=\"twitter:data1\" content=\"Jean-Paul Erhard\" \/>\n\t<meta name=\"twitter:label2\" content=\"Dur\u00e9e de lecture estim\u00e9e\" \/>\n\t<meta name=\"twitter:data2\" content=\"3 minutes\" \/>\n<script type=\"application\/ld+json\" class=\"yoast-schema-graph\">{\"@context\":\"https:\/\/schema.org\",\"@graph\":[{\"@type\":\"Article\",\"@id\":\"https:\/\/peoplesphere.be\/fr\/de-detudiants-travail-cest-loin-detre-bonne-nouvelle\/#article\",\"isPartOf\":{\"@id\":\"https:\/\/peoplesphere.be\/fr\/de-detudiants-travail-cest-loin-detre-bonne-nouvelle\/\"},\"author\":{\"name\":\"Jean-Paul Erhard\",\"@id\":\"https:\/\/peoplesphere.be\/fr\/#\/schema\/person\/7976225ff17988604334abb7b3536a7e\"},\"headline\":\"De + en + d&rsquo;\u00e9tudiants au travail et c&rsquo;est loin d&rsquo;\u00eatre une bonne nouvelle&#8230;\",\"datePublished\":\"2018-06-25T07:39:15+00:00\",\"dateModified\":\"2018-06-25T07:39:15+00:00\",\"mainEntityOfPage\":{\"@id\":\"https:\/\/peoplesphere.be\/fr\/de-detudiants-travail-cest-loin-detre-bonne-nouvelle\/\"},\"wordCount\":709,\"publisher\":{\"@id\":\"https:\/\/peoplesphere.be\/fr\/#organization\"},\"keywords\":[\"flexi-jobs\",\"flexibilit\u00e9\",\"l\u00e9gislation\",\"randstad\",\"travail \u00e9tudiant\"],\"articleSection\":[\"Actualit\u00e9s\",\"Digital\"],\"inLanguage\":\"fr-FR\"},{\"@type\":\"WebPage\",\"@id\":\"https:\/\/peoplesphere.be\/fr\/de-detudiants-travail-cest-loin-detre-bonne-nouvelle\/\",\"url\":\"https:\/\/peoplesphere.be\/fr\/de-detudiants-travail-cest-loin-detre-bonne-nouvelle\/\",\"name\":\"De + en + d'\u00e9tudiants au travail et c'est loin d'\u00eatre une bonne nouvelle... - Peoplesphere\",\"isPartOf\":{\"@id\":\"https:\/\/peoplesphere.be\/fr\/#website\"},\"datePublished\":\"2018-06-25T07:39:15+00:00\",\"dateModified\":\"2018-06-25T07:39:15+00:00\",\"breadcrumb\":{\"@id\":\"https:\/\/peoplesphere.be\/fr\/de-detudiants-travail-cest-loin-detre-bonne-nouvelle\/#breadcrumb\"},\"inLanguage\":\"fr-FR\",\"potentialAction\":[{\"@type\":\"ReadAction\",\"target\":[\"https:\/\/peoplesphere.be\/fr\/de-detudiants-travail-cest-loin-detre-bonne-nouvelle\/\"]}]},{\"@type\":\"BreadcrumbList\",\"@id\":\"https:\/\/peoplesphere.be\/fr\/de-detudiants-travail-cest-loin-detre-bonne-nouvelle\/#breadcrumb\",\"itemListElement\":[{\"@type\":\"ListItem\",\"position\":1,\"name\":\"Accueil\",\"item\":\"https:\/\/peoplesphere.be\/fr\/\"},{\"@type\":\"ListItem\",\"position\":2,\"name\":\"De + en + d&rsquo;\u00e9tudiants au travail et c&rsquo;est loin d&rsquo;\u00eatre une bonne nouvelle&#8230;\"}]},{\"@type\":\"WebSite\",\"@id\":\"https:\/\/peoplesphere.be\/fr\/#website\",\"url\":\"https:\/\/peoplesphere.be\/fr\/\",\"name\":\"Peoplesphere\",\"description\":\"The People Managers Magazine\",\"publisher\":{\"@id\":\"https:\/\/peoplesphere.be\/fr\/#organization\"},\"potentialAction\":[{\"@type\":\"SearchAction\",\"target\":{\"@type\":\"EntryPoint\",\"urlTemplate\":\"https:\/\/peoplesphere.be\/fr\/?s={search_term_string}\"},\"query-input\":\"required name=search_term_string\"}],\"inLanguage\":\"fr-FR\"},{\"@type\":\"Organization\",\"@id\":\"https:\/\/peoplesphere.be\/fr\/#organization\",\"name\":\"Peoplesphere Company srl\",\"url\":\"https:\/\/peoplesphere.be\/fr\/\",\"logo\":{\"@type\":\"ImageObject\",\"inLanguage\":\"fr-FR\",\"@id\":\"https:\/\/peoplesphere.be\/fr\/#\/schema\/logo\/image\/\",\"url\":\"https:\/\/peoplesphere.be\/fr\/wp-content\/uploads\/2023\/07\/peoplesphere-lgo-new-generik.jpg\",\"contentUrl\":\"https:\/\/peoplesphere.be\/fr\/wp-content\/uploads\/2023\/07\/peoplesphere-lgo-new-generik.jpg\",\"width\":1031,\"height\":1479,\"caption\":\"Peoplesphere Company srl\"},\"image\":{\"@id\":\"https:\/\/peoplesphere.be\/fr\/#\/schema\/logo\/image\/\"},\"sameAs\":[\"https:\/\/www.facebook.com\/peoplesphere\",\"https:\/\/twitter.com\/PeoplesphereMag\",\"https:\/\/www.linkedin.com\/company\/7587361?trk\",\"http:\/\/youtube.com\/peoplesphere\"]},{\"@type\":\"Person\",\"@id\":\"https:\/\/peoplesphere.be\/fr\/#\/schema\/person\/7976225ff17988604334abb7b3536a7e\",\"name\":\"Jean-Paul Erhard\",\"image\":{\"@type\":\"ImageObject\",\"inLanguage\":\"fr-FR\",\"@id\":\"https:\/\/peoplesphere.be\/fr\/#\/schema\/person\/image\/\",\"url\":\"https:\/\/secure.gravatar.com\/avatar\/f941e681460179738071629a51574930?s=96&d=mm&r=g\",\"contentUrl\":\"https:\/\/secure.gravatar.com\/avatar\/f941e681460179738071629a51574930?s=96&d=mm&r=g\",\"caption\":\"Jean-Paul Erhard\"},\"url\":\"https:\/\/peoplesphere.be\/fr\/author\/jpe\/\"}]}<\/script>\n<!-- \/ Yoast SEO plugin. -->","yoast_head_json":{"title":"De + en + d'\u00e9tudiants au travail et c'est loin d'\u00eatre une bonne nouvelle... - Peoplesphere","robots":{"index":"index","follow":"follow","max-snippet":"max-snippet:-1","max-image-preview":"max-image-preview:large","max-video-preview":"max-video-preview:-1"},"canonical":"https:\/\/peoplesphere.be\/fr\/de-detudiants-travail-cest-loin-detre-bonne-nouvelle\/","og_locale":"fr_FR","og_type":"article","og_title":"De + en + d'\u00e9tudiants au travail et c'est loin d'\u00eatre une bonne nouvelle... - Peoplesphere","og_description":"Les \u00e9tudiants d\u00e9clarent travailler en moyenne 50 jours par an, soit 7 jours de plus que lors du pr\u00e9c\u00e9dent sondage r\u00e9alis\u00e9 en 2017. L&rsquo;\u00e9tude annuelle men\u00e9e par le groupe Randstad d\u00e9livre quelques enseignements de type quantitatif mais aussi divers signaux [&hellip;]","og_url":"https:\/\/peoplesphere.be\/fr\/de-detudiants-travail-cest-loin-detre-bonne-nouvelle\/","og_site_name":"Peoplesphere","article_publisher":"https:\/\/www.facebook.com\/peoplesphere","article_published_time":"2018-06-25T07:39:15+00:00","og_image":[{"url":"http:\/\/www.peoplesphere.be\/fr\/wp-content\/uploads\/2016\/07\/facebook-default-posting-1200x628px.jpg"}],"author":"Jean-Paul Erhard","twitter_card":"summary_large_image","twitter_creator":"@PeoplesphereMag","twitter_site":"@PeoplesphereMag","twitter_misc":{"\u00c9crit par":"Jean-Paul Erhard","Dur\u00e9e de lecture estim\u00e9e":"3 minutes"},"schema":{"@context":"https:\/\/schema.org","@graph":[{"@type":"Article","@id":"https:\/\/peoplesphere.be\/fr\/de-detudiants-travail-cest-loin-detre-bonne-nouvelle\/#article","isPartOf":{"@id":"https:\/\/peoplesphere.be\/fr\/de-detudiants-travail-cest-loin-detre-bonne-nouvelle\/"},"author":{"name":"Jean-Paul Erhard","@id":"https:\/\/peoplesphere.be\/fr\/#\/schema\/person\/7976225ff17988604334abb7b3536a7e"},"headline":"De + en + d&rsquo;\u00e9tudiants au travail et c&rsquo;est loin d&rsquo;\u00eatre une bonne nouvelle&#8230;","datePublished":"2018-06-25T07:39:15+00:00","dateModified":"2018-06-25T07:39:15+00:00","mainEntityOfPage":{"@id":"https:\/\/peoplesphere.be\/fr\/de-detudiants-travail-cest-loin-detre-bonne-nouvelle\/"},"wordCount":709,"publisher":{"@id":"https:\/\/peoplesphere.be\/fr\/#organization"},"keywords":["flexi-jobs","flexibilit\u00e9","l\u00e9gislation","randstad","travail \u00e9tudiant"],"articleSection":["Actualit\u00e9s","Digital"],"inLanguage":"fr-FR"},{"@type":"WebPage","@id":"https:\/\/peoplesphere.be\/fr\/de-detudiants-travail-cest-loin-detre-bonne-nouvelle\/","url":"https:\/\/peoplesphere.be\/fr\/de-detudiants-travail-cest-loin-detre-bonne-nouvelle\/","name":"De + en + d'\u00e9tudiants au travail et c'est loin d'\u00eatre une bonne nouvelle... - Peoplesphere","isPartOf":{"@id":"https:\/\/peoplesphere.be\/fr\/#website"},"datePublished":"2018-06-25T07:39:15+00:00","dateModified":"2018-06-25T07:39:15+00:00","breadcrumb":{"@id":"https:\/\/peoplesphere.be\/fr\/de-detudiants-travail-cest-loin-detre-bonne-nouvelle\/#breadcrumb"},"inLanguage":"fr-FR","potentialAction":[{"@type":"ReadAction","target":["https:\/\/peoplesphere.be\/fr\/de-detudiants-travail-cest-loin-detre-bonne-nouvelle\/"]}]},{"@type":"BreadcrumbList","@id":"https:\/\/peoplesphere.be\/fr\/de-detudiants-travail-cest-loin-detre-bonne-nouvelle\/#breadcrumb","itemListElement":[{"@type":"ListItem","position":1,"name":"Accueil","item":"https:\/\/peoplesphere.be\/fr\/"},{"@type":"ListItem","position":2,"name":"De + en + d&rsquo;\u00e9tudiants au travail et c&rsquo;est loin d&rsquo;\u00eatre une bonne nouvelle&#8230;"}]},{"@type":"WebSite","@id":"https:\/\/peoplesphere.be\/fr\/#website","url":"https:\/\/peoplesphere.be\/fr\/","name":"Peoplesphere","description":"The People Managers Magazine","publisher":{"@id":"https:\/\/peoplesphere.be\/fr\/#organization"},"potentialAction":[{"@type":"SearchAction","target":{"@type":"EntryPoint","urlTemplate":"https:\/\/peoplesphere.be\/fr\/?s={search_term_string}"},"query-input":"required name=search_term_string"}],"inLanguage":"fr-FR"},{"@type":"Organization","@id":"https:\/\/peoplesphere.be\/fr\/#organization","name":"Peoplesphere Company srl","url":"https:\/\/peoplesphere.be\/fr\/","logo":{"@type":"ImageObject","inLanguage":"fr-FR","@id":"https:\/\/peoplesphere.be\/fr\/#\/schema\/logo\/image\/","url":"https:\/\/peoplesphere.be\/fr\/wp-content\/uploads\/2023\/07\/peoplesphere-lgo-new-generik.jpg","contentUrl":"https:\/\/peoplesphere.be\/fr\/wp-content\/uploads\/2023\/07\/peoplesphere-lgo-new-generik.jpg","width":1031,"height":1479,"caption":"Peoplesphere Company srl"},"image":{"@id":"https:\/\/peoplesphere.be\/fr\/#\/schema\/logo\/image\/"},"sameAs":["https:\/\/www.facebook.com\/peoplesphere","https:\/\/twitter.com\/PeoplesphereMag","https:\/\/www.linkedin.com\/company\/7587361?trk","http:\/\/youtube.com\/peoplesphere"]},{"@type":"Person","@id":"https:\/\/peoplesphere.be\/fr\/#\/schema\/person\/7976225ff17988604334abb7b3536a7e","name":"Jean-Paul Erhard","image":{"@type":"ImageObject","inLanguage":"fr-FR","@id":"https:\/\/peoplesphere.be\/fr\/#\/schema\/person\/image\/","url":"https:\/\/secure.gravatar.com\/avatar\/f941e681460179738071629a51574930?s=96&d=mm&r=g","contentUrl":"https:\/\/secure.gravatar.com\/avatar\/f941e681460179738071629a51574930?s=96&d=mm&r=g","caption":"Jean-Paul Erhard"},"url":"https:\/\/peoplesphere.be\/fr\/author\/jpe\/"}]}},"_links":{"self":[{"href":"https:\/\/peoplesphere.be\/fr\/wp-json\/wp\/v2\/posts\/6248"}],"collection":[{"href":"https:\/\/peoplesphere.be\/fr\/wp-json\/wp\/v2\/posts"}],"about":[{"href":"https:\/\/peoplesphere.be\/fr\/wp-json\/wp\/v2\/types\/post"}],"author":[{"embeddable":true,"href":"https:\/\/peoplesphere.be\/fr\/wp-json\/wp\/v2\/users\/2"}],"replies":[{"embeddable":true,"href":"https:\/\/peoplesphere.be\/fr\/wp-json\/wp\/v2\/comments?post=6248"}],"version-history":[{"count":1,"href":"https:\/\/peoplesphere.be\/fr\/wp-json\/wp\/v2\/posts\/6248\/revisions"}],"predecessor-version":[{"id":6249,"href":"https:\/\/peoplesphere.be\/fr\/wp-json\/wp\/v2\/posts\/6248\/revisions\/6249"}],"wp:attachment":[{"href":"https:\/\/peoplesphere.be\/fr\/wp-json\/wp\/v2\/media?parent=6248"}],"wp:term":[{"taxonomy":"category","embeddable":true,"href":"https:\/\/peoplesphere.be\/fr\/wp-json\/wp\/v2\/categories?post=6248"},{"taxonomy":"post_tag","embeddable":true,"href":"https:\/\/peoplesphere.be\/fr\/wp-json\/wp\/v2\/tags?post=6248"}],"curies":[{"name":"wp","href":"https:\/\/api.w.org\/{rel}","templated":true}]}}