









{"id":6289,"date":"2018-06-29T08:44:18","date_gmt":"2018-06-29T06:44:18","guid":{"rendered":"http:\/\/www.peoplesphere.be\/fr\/?p=6289"},"modified":"2018-06-29T08:44:18","modified_gmt":"2018-06-29T06:44:18","slug":"gouvernement-veut-reduire-duree-procedures-de-selection-fonction-publique","status":"publish","type":"post","link":"https:\/\/peoplesphere.be\/fr\/gouvernement-veut-reduire-duree-procedures-de-selection-fonction-publique\/","title":{"rendered":"Le gouvernement veut r\u00e9duire la dur\u00e9e des proc\u00e9dures de s\u00e9lection dans la fonction publique."},"content":{"rendered":"<p>Sur proposition du ministre charg\u00e9 de la Fonction publique Steven Vandeput, le Conseil des ministres a approuv\u00e9 un projet d&rsquo;arr\u00eat\u00e9 royal relatif \u00e0 l&rsquo;organisation interne de la direction g\u00e9n\u00e9rale Recrutement et D\u00e9veloppement du SPF Strat\u00e9gie et Appui, dans le cadre des s\u00e9lections comparatives.<!--more--><\/p>\n<p>Le SPF Strat\u00e9gie et Appui et les services qui en d\u00e9pendent ont \u00e9t\u00e9 regroup\u00e9s par l\u2019arr\u00eat\u00e9 royal du 22 f\u00e9vrier 2017. Par cons\u00e9quent, le bureau de s\u00e9lection de l\u2019administration f\u00e9d\u00e9rale, SELOR, a \u00e9galement \u00e9t\u00e9 int\u00e9gr\u00e9 \u00e0 la direction g\u00e9n\u00e9rale Recrutement et D\u00e9veloppement. Entre-temps, le Conseil des ministres du 4 avril 2018 a approuv\u00e9 le Code de la fonction publique f\u00e9d\u00e9rale, qui pr\u00e9voit d\u2019attirer et de conserver des collaborateurs talentueux. Les proc\u00e9dures de recrutement et le mode de composition du jury ont \u00e9galement \u00e9t\u00e9 adapt\u00e9s pour r\u00e9duire la dur\u00e9e des proc\u00e9dures de s\u00e9lection sans cependant mettre \u00e0 mal la qualit\u00e9. \u00c0 c\u00f4t\u00e9 de l&rsquo;exigence de dipl\u00f4me, les comp\u00e9tences acquises ailleurs ou pr\u00e9c\u00e9demment seront davantage reconnues et mieux valoris\u00e9es, m\u00eame de fa\u00e7on automatique si possible. Les missions et l\u2019organisation interne de la direction g\u00e9n\u00e9rale Recrutement et D\u00e9veloppement\u00a0doivent d\u00e8s lors \u00eatre adapt\u00e9es en ce sens.<\/p>\n<p>Le projet est soumis \u00e0 la n\u00e9gociation syndicale et sera ensuite transmis, pour avis, au Conseil d&rsquo;Etat.<\/p>\n<p><em>Source : SPF Chancellerie du Premier Ministre<\/em><\/p>\n","protected":false},"excerpt":{"rendered":"<p>Sur proposition du ministre charg\u00e9 de la Fonction publique Steven Vandeput, le Conseil des ministres a approuv\u00e9 un projet d&rsquo;arr\u00eat\u00e9 royal relatif \u00e0 l&rsquo;organisation interne de la direction g\u00e9n\u00e9rale Recrutement et D\u00e9veloppement du SPF Strat\u00e9gie et Appui, dans le cadre [&hellip;]<\/p>\n","protected":false},"author":2,"featured_media":0,"comment_status":"closed","ping_status":"open","sticky":false,"template":"","format":"standard","meta":[],"categories":[65,10],"tags":[986,1435,392,72,744,2097,445],"yoast_head":"<!-- This site is optimized with the Yoast SEO plugin v21.0 - https:\/\/yoast.com\/wordpress\/plugins\/seo\/ -->\n<title>Le gouvernement veut r\u00e9duire la dur\u00e9e des proc\u00e9dures de s\u00e9lection dans la fonction publique. - Peoplesphere<\/title>\n<meta name=\"robots\" content=\"index, follow, max-snippet:-1, max-image-preview:large, max-video-preview:-1\" \/>\n<link rel=\"canonical\" href=\"https:\/\/peoplesphere.be\/fr\/gouvernement-veut-reduire-duree-procedures-de-selection-fonction-publique\/\" \/>\n<meta property=\"og:locale\" content=\"fr_FR\" \/>\n<meta property=\"og:type\" content=\"article\" \/>\n<meta property=\"og:title\" content=\"Le gouvernement veut r\u00e9duire la dur\u00e9e des proc\u00e9dures de s\u00e9lection dans la fonction publique. - Peoplesphere\" \/>\n<meta property=\"og:description\" content=\"Sur proposition du ministre charg\u00e9 de la Fonction publique Steven Vandeput, le Conseil des ministres a approuv\u00e9 un projet d&rsquo;arr\u00eat\u00e9 royal relatif \u00e0 l&rsquo;organisation interne de la direction g\u00e9n\u00e9rale Recrutement et D\u00e9veloppement du SPF Strat\u00e9gie et Appui, dans le cadre [&hellip;]\" \/>\n<meta property=\"og:url\" content=\"https:\/\/peoplesphere.be\/fr\/gouvernement-veut-reduire-duree-procedures-de-selection-fonction-publique\/\" \/>\n<meta property=\"og:site_name\" content=\"Peoplesphere\" \/>\n<meta property=\"article:publisher\" content=\"https:\/\/www.facebook.com\/peoplesphere\" \/>\n<meta property=\"article:published_time\" content=\"2018-06-29T06:44:18+00:00\" \/>\n<meta property=\"og:image\" content=\"http:\/\/www.peoplesphere.be\/fr\/wp-content\/uploads\/2016\/07\/facebook-default-posting-1200x628px.jpg\" \/>\n<meta name=\"author\" content=\"Jean-Paul Erhard\" \/>\n<meta name=\"twitter:card\" content=\"summary_large_image\" \/>\n<meta name=\"twitter:creator\" content=\"@PeoplesphereMag\" \/>\n<meta name=\"twitter:site\" content=\"@PeoplesphereMag\" \/>\n<meta name=\"twitter:label1\" content=\"\u00c9crit par\" \/>\n\t<meta name=\"twitter:data1\" content=\"Jean-Paul Erhard\" \/>\n\t<meta name=\"twitter:label2\" content=\"Dur\u00e9e de lecture estim\u00e9e\" \/>\n\t<meta name=\"twitter:data2\" content=\"1 minute\" \/>\n<script type=\"application\/ld+json\" class=\"yoast-schema-graph\">{\"@context\":\"https:\/\/schema.org\",\"@graph\":[{\"@type\":\"Article\",\"@id\":\"https:\/\/peoplesphere.be\/fr\/gouvernement-veut-reduire-duree-procedures-de-selection-fonction-publique\/#article\",\"isPartOf\":{\"@id\":\"https:\/\/peoplesphere.be\/fr\/gouvernement-veut-reduire-duree-procedures-de-selection-fonction-publique\/\"},\"author\":{\"name\":\"Jean-Paul Erhard\",\"@id\":\"https:\/\/peoplesphere.be\/fr\/#\/schema\/person\/7976225ff17988604334abb7b3536a7e\"},\"headline\":\"Le gouvernement veut r\u00e9duire la dur\u00e9e des proc\u00e9dures de s\u00e9lection dans la fonction publique.\",\"datePublished\":\"2018-06-29T06:44:18+00:00\",\"dateModified\":\"2018-06-29T06:44:18+00:00\",\"mainEntityOfPage\":{\"@id\":\"https:\/\/peoplesphere.be\/fr\/gouvernement-veut-reduire-duree-procedures-de-selection-fonction-publique\/\"},\"wordCount\":264,\"publisher\":{\"@id\":\"https:\/\/peoplesphere.be\/fr\/#organization\"},\"keywords\":[\"acquisition des talents\",\"conseil des ministres\",\"fonction publique\",\"recrutement\",\"selor\",\"SPF Strat\u00e9gie &amp; Appui\",\"talent management\"],\"articleSection\":[\"Actualit\u00e9s\",\"Digital\"],\"inLanguage\":\"fr-FR\"},{\"@type\":\"WebPage\",\"@id\":\"https:\/\/peoplesphere.be\/fr\/gouvernement-veut-reduire-duree-procedures-de-selection-fonction-publique\/\",\"url\":\"https:\/\/peoplesphere.be\/fr\/gouvernement-veut-reduire-duree-procedures-de-selection-fonction-publique\/\",\"name\":\"Le gouvernement veut r\u00e9duire la dur\u00e9e des proc\u00e9dures de s\u00e9lection dans la fonction publique. - Peoplesphere\",\"isPartOf\":{\"@id\":\"https:\/\/peoplesphere.be\/fr\/#website\"},\"datePublished\":\"2018-06-29T06:44:18+00:00\",\"dateModified\":\"2018-06-29T06:44:18+00:00\",\"breadcrumb\":{\"@id\":\"https:\/\/peoplesphere.be\/fr\/gouvernement-veut-reduire-duree-procedures-de-selection-fonction-publique\/#breadcrumb\"},\"inLanguage\":\"fr-FR\",\"potentialAction\":[{\"@type\":\"ReadAction\",\"target\":[\"https:\/\/peoplesphere.be\/fr\/gouvernement-veut-reduire-duree-procedures-de-selection-fonction-publique\/\"]}]},{\"@type\":\"BreadcrumbList\",\"@id\":\"https:\/\/peoplesphere.be\/fr\/gouvernement-veut-reduire-duree-procedures-de-selection-fonction-publique\/#breadcrumb\",\"itemListElement\":[{\"@type\":\"ListItem\",\"position\":1,\"name\":\"Accueil\",\"item\":\"https:\/\/peoplesphere.be\/fr\/\"},{\"@type\":\"ListItem\",\"position\":2,\"name\":\"Le gouvernement veut r\u00e9duire la dur\u00e9e des proc\u00e9dures de s\u00e9lection dans la fonction publique.\"}]},{\"@type\":\"WebSite\",\"@id\":\"https:\/\/peoplesphere.be\/fr\/#website\",\"url\":\"https:\/\/peoplesphere.be\/fr\/\",\"name\":\"Peoplesphere\",\"description\":\"The People Managers Magazine\",\"publisher\":{\"@id\":\"https:\/\/peoplesphere.be\/fr\/#organization\"},\"potentialAction\":[{\"@type\":\"SearchAction\",\"target\":{\"@type\":\"EntryPoint\",\"urlTemplate\":\"https:\/\/peoplesphere.be\/fr\/?s={search_term_string}\"},\"query-input\":\"required name=search_term_string\"}],\"inLanguage\":\"fr-FR\"},{\"@type\":\"Organization\",\"@id\":\"https:\/\/peoplesphere.be\/fr\/#organization\",\"name\":\"Peoplesphere Company srl\",\"url\":\"https:\/\/peoplesphere.be\/fr\/\",\"logo\":{\"@type\":\"ImageObject\",\"inLanguage\":\"fr-FR\",\"@id\":\"https:\/\/peoplesphere.be\/fr\/#\/schema\/logo\/image\/\",\"url\":\"https:\/\/peoplesphere.be\/fr\/wp-content\/uploads\/2023\/07\/peoplesphere-lgo-new-generik.jpg\",\"contentUrl\":\"https:\/\/peoplesphere.be\/fr\/wp-content\/uploads\/2023\/07\/peoplesphere-lgo-new-generik.jpg\",\"width\":1031,\"height\":1479,\"caption\":\"Peoplesphere Company srl\"},\"image\":{\"@id\":\"https:\/\/peoplesphere.be\/fr\/#\/schema\/logo\/image\/\"},\"sameAs\":[\"https:\/\/www.facebook.com\/peoplesphere\",\"https:\/\/twitter.com\/PeoplesphereMag\",\"https:\/\/www.linkedin.com\/company\/7587361?trk\",\"http:\/\/youtube.com\/peoplesphere\"]},{\"@type\":\"Person\",\"@id\":\"https:\/\/peoplesphere.be\/fr\/#\/schema\/person\/7976225ff17988604334abb7b3536a7e\",\"name\":\"Jean-Paul Erhard\",\"image\":{\"@type\":\"ImageObject\",\"inLanguage\":\"fr-FR\",\"@id\":\"https:\/\/peoplesphere.be\/fr\/#\/schema\/person\/image\/\",\"url\":\"https:\/\/secure.gravatar.com\/avatar\/f941e681460179738071629a51574930?s=96&d=mm&r=g\",\"contentUrl\":\"https:\/\/secure.gravatar.com\/avatar\/f941e681460179738071629a51574930?s=96&d=mm&r=g\",\"caption\":\"Jean-Paul Erhard\"},\"url\":\"https:\/\/peoplesphere.be\/fr\/author\/jpe\/\"}]}<\/script>\n<!-- \/ Yoast SEO plugin. -->","yoast_head_json":{"title":"Le gouvernement veut r\u00e9duire la dur\u00e9e des proc\u00e9dures de s\u00e9lection dans la fonction publique. - Peoplesphere","robots":{"index":"index","follow":"follow","max-snippet":"max-snippet:-1","max-image-preview":"max-image-preview:large","max-video-preview":"max-video-preview:-1"},"canonical":"https:\/\/peoplesphere.be\/fr\/gouvernement-veut-reduire-duree-procedures-de-selection-fonction-publique\/","og_locale":"fr_FR","og_type":"article","og_title":"Le gouvernement veut r\u00e9duire la dur\u00e9e des proc\u00e9dures de s\u00e9lection dans la fonction publique. - Peoplesphere","og_description":"Sur proposition du ministre charg\u00e9 de la Fonction publique Steven Vandeput, le Conseil des ministres a approuv\u00e9 un projet d&rsquo;arr\u00eat\u00e9 royal relatif \u00e0 l&rsquo;organisation interne de la direction g\u00e9n\u00e9rale Recrutement et D\u00e9veloppement du SPF Strat\u00e9gie et Appui, dans le cadre [&hellip;]","og_url":"https:\/\/peoplesphere.be\/fr\/gouvernement-veut-reduire-duree-procedures-de-selection-fonction-publique\/","og_site_name":"Peoplesphere","article_publisher":"https:\/\/www.facebook.com\/peoplesphere","article_published_time":"2018-06-29T06:44:18+00:00","og_image":[{"url":"http:\/\/www.peoplesphere.be\/fr\/wp-content\/uploads\/2016\/07\/facebook-default-posting-1200x628px.jpg"}],"author":"Jean-Paul Erhard","twitter_card":"summary_large_image","twitter_creator":"@PeoplesphereMag","twitter_site":"@PeoplesphereMag","twitter_misc":{"\u00c9crit par":"Jean-Paul Erhard","Dur\u00e9e de lecture estim\u00e9e":"1 minute"},"schema":{"@context":"https:\/\/schema.org","@graph":[{"@type":"Article","@id":"https:\/\/peoplesphere.be\/fr\/gouvernement-veut-reduire-duree-procedures-de-selection-fonction-publique\/#article","isPartOf":{"@id":"https:\/\/peoplesphere.be\/fr\/gouvernement-veut-reduire-duree-procedures-de-selection-fonction-publique\/"},"author":{"name":"Jean-Paul Erhard","@id":"https:\/\/peoplesphere.be\/fr\/#\/schema\/person\/7976225ff17988604334abb7b3536a7e"},"headline":"Le gouvernement veut r\u00e9duire la dur\u00e9e des proc\u00e9dures de s\u00e9lection dans la fonction publique.","datePublished":"2018-06-29T06:44:18+00:00","dateModified":"2018-06-29T06:44:18+00:00","mainEntityOfPage":{"@id":"https:\/\/peoplesphere.be\/fr\/gouvernement-veut-reduire-duree-procedures-de-selection-fonction-publique\/"},"wordCount":264,"publisher":{"@id":"https:\/\/peoplesphere.be\/fr\/#organization"},"keywords":["acquisition des talents","conseil des ministres","fonction publique","recrutement","selor","SPF Strat\u00e9gie &amp; Appui","talent management"],"articleSection":["Actualit\u00e9s","Digital"],"inLanguage":"fr-FR"},{"@type":"WebPage","@id":"https:\/\/peoplesphere.be\/fr\/gouvernement-veut-reduire-duree-procedures-de-selection-fonction-publique\/","url":"https:\/\/peoplesphere.be\/fr\/gouvernement-veut-reduire-duree-procedures-de-selection-fonction-publique\/","name":"Le gouvernement veut r\u00e9duire la dur\u00e9e des proc\u00e9dures de s\u00e9lection dans la fonction publique. - Peoplesphere","isPartOf":{"@id":"https:\/\/peoplesphere.be\/fr\/#website"},"datePublished":"2018-06-29T06:44:18+00:00","dateModified":"2018-06-29T06:44:18+00:00","breadcrumb":{"@id":"https:\/\/peoplesphere.be\/fr\/gouvernement-veut-reduire-duree-procedures-de-selection-fonction-publique\/#breadcrumb"},"inLanguage":"fr-FR","potentialAction":[{"@type":"ReadAction","target":["https:\/\/peoplesphere.be\/fr\/gouvernement-veut-reduire-duree-procedures-de-selection-fonction-publique\/"]}]},{"@type":"BreadcrumbList","@id":"https:\/\/peoplesphere.be\/fr\/gouvernement-veut-reduire-duree-procedures-de-selection-fonction-publique\/#breadcrumb","itemListElement":[{"@type":"ListItem","position":1,"name":"Accueil","item":"https:\/\/peoplesphere.be\/fr\/"},{"@type":"ListItem","position":2,"name":"Le gouvernement veut r\u00e9duire la dur\u00e9e des proc\u00e9dures de s\u00e9lection dans la fonction publique."}]},{"@type":"WebSite","@id":"https:\/\/peoplesphere.be\/fr\/#website","url":"https:\/\/peoplesphere.be\/fr\/","name":"Peoplesphere","description":"The People Managers Magazine","publisher":{"@id":"https:\/\/peoplesphere.be\/fr\/#organization"},"potentialAction":[{"@type":"SearchAction","target":{"@type":"EntryPoint","urlTemplate":"https:\/\/peoplesphere.be\/fr\/?s={search_term_string}"},"query-input":"required name=search_term_string"}],"inLanguage":"fr-FR"},{"@type":"Organization","@id":"https:\/\/peoplesphere.be\/fr\/#organization","name":"Peoplesphere Company srl","url":"https:\/\/peoplesphere.be\/fr\/","logo":{"@type":"ImageObject","inLanguage":"fr-FR","@id":"https:\/\/peoplesphere.be\/fr\/#\/schema\/logo\/image\/","url":"https:\/\/peoplesphere.be\/fr\/wp-content\/uploads\/2023\/07\/peoplesphere-lgo-new-generik.jpg","contentUrl":"https:\/\/peoplesphere.be\/fr\/wp-content\/uploads\/2023\/07\/peoplesphere-lgo-new-generik.jpg","width":1031,"height":1479,"caption":"Peoplesphere Company srl"},"image":{"@id":"https:\/\/peoplesphere.be\/fr\/#\/schema\/logo\/image\/"},"sameAs":["https:\/\/www.facebook.com\/peoplesphere","https:\/\/twitter.com\/PeoplesphereMag","https:\/\/www.linkedin.com\/company\/7587361?trk","http:\/\/youtube.com\/peoplesphere"]},{"@type":"Person","@id":"https:\/\/peoplesphere.be\/fr\/#\/schema\/person\/7976225ff17988604334abb7b3536a7e","name":"Jean-Paul Erhard","image":{"@type":"ImageObject","inLanguage":"fr-FR","@id":"https:\/\/peoplesphere.be\/fr\/#\/schema\/person\/image\/","url":"https:\/\/secure.gravatar.com\/avatar\/f941e681460179738071629a51574930?s=96&d=mm&r=g","contentUrl":"https:\/\/secure.gravatar.com\/avatar\/f941e681460179738071629a51574930?s=96&d=mm&r=g","caption":"Jean-Paul Erhard"},"url":"https:\/\/peoplesphere.be\/fr\/author\/jpe\/"}]}},"_links":{"self":[{"href":"https:\/\/peoplesphere.be\/fr\/wp-json\/wp\/v2\/posts\/6289"}],"collection":[{"href":"https:\/\/peoplesphere.be\/fr\/wp-json\/wp\/v2\/posts"}],"about":[{"href":"https:\/\/peoplesphere.be\/fr\/wp-json\/wp\/v2\/types\/post"}],"author":[{"embeddable":true,"href":"https:\/\/peoplesphere.be\/fr\/wp-json\/wp\/v2\/users\/2"}],"replies":[{"embeddable":true,"href":"https:\/\/peoplesphere.be\/fr\/wp-json\/wp\/v2\/comments?post=6289"}],"version-history":[{"count":1,"href":"https:\/\/peoplesphere.be\/fr\/wp-json\/wp\/v2\/posts\/6289\/revisions"}],"predecessor-version":[{"id":6290,"href":"https:\/\/peoplesphere.be\/fr\/wp-json\/wp\/v2\/posts\/6289\/revisions\/6290"}],"wp:attachment":[{"href":"https:\/\/peoplesphere.be\/fr\/wp-json\/wp\/v2\/media?parent=6289"}],"wp:term":[{"taxonomy":"category","embeddable":true,"href":"https:\/\/peoplesphere.be\/fr\/wp-json\/wp\/v2\/categories?post=6289"},{"taxonomy":"post_tag","embeddable":true,"href":"https:\/\/peoplesphere.be\/fr\/wp-json\/wp\/v2\/tags?post=6289"}],"curies":[{"name":"wp","href":"https:\/\/api.w.org\/{rel}","templated":true}]}}