









{"id":6291,"date":"2018-06-29T10:45:14","date_gmt":"2018-06-29T08:45:14","guid":{"rendered":"http:\/\/www.peoplesphere.be\/fr\/?p=6291"},"modified":"2018-06-29T10:51:48","modified_gmt":"2018-06-29T08:51:48","slug":"fgtb-anvers-condamnee-tribunal-correctionnel-menace-liberte-daction-syndicale","status":"publish","type":"post","link":"https:\/\/peoplesphere.be\/fr\/fgtb-anvers-condamnee-tribunal-correctionnel-menace-liberte-daction-syndicale\/","title":{"rendered":"La FGTB Anvers condamn\u00e9e par le tribunal correctionnel: \u00ab\u00a0une menace pour la libert\u00e9 d&rsquo;action syndicale\u00a0\u00bb."},"content":{"rendered":"<p>Le tribunal correctionnel d&rsquo;Anvers vient de d\u00e9clarer le pr\u00e9sident de la FGTB Anvers coupable d\u2019 \u00ab\u00a0entrave m\u00e9chante \u00e0 la circulation\u00a0\u00bb, suite \u00e0 l\u2019action syndicale nationale qui s\u2019est d\u00e9roul\u00e9e le 24 juin 2016 pr\u00e8s du port d&rsquo;Anvers. Le second accus\u00e9, le militant Tom De Voght a \u00e9t\u00e9 acquitt\u00e9. Une\u00a0d\u00e9cision de justice difficile \u00e0 accepter pour les organisations syndicales.<!--more--><\/p>\n<p>Le premier jugement est tomb\u00e9 dans le cadre de l&rsquo;action intent\u00e9e vis-\u00e0-vis de la FGTB d&rsquo;Anvers et d&rsquo;un de ses repr\u00e9sentants <a href=\"http:\/\/www.peoplesphere.be\/fr\/droit-de-greve-liberte-syndicale-jurisprudence-a-attendre-cote-danvers-fin-de-semaine\/\">(relire ici notre article exposant les faits<\/a>). Il est d\u00e9favorable au syndicat socialiste.<\/p>\n<p>La FGTB d\u00e9clare donc: <em>\u00ab\u00a0Les motivations de la condamnation ont \u00e9t\u00e9 tr\u00e8s limit\u00e9es, et en contradiction avec les trait\u00e9s europ\u00e9ens et internationaux. Cette condamnation est un coup dur, car m\u00eame une manifestation comme celle du 24 juin 2016, pacifique, sans aucun incident, impliquant des piquets de gr\u00e8ve \u00e0 certaines voies d\u2019acc\u00e8s au port est consid\u00e9r\u00e9e comme une violation de la loi p\u00e9nale.<\/em><\/p>\n<p><em> Elle signifie \u00e9galement que le droit de manifester et de faire gr\u00e8ve est subordonn\u00e9 au droit des automobilistes \u00e0 circuler sans entraves.<br \/>\nPour nous, syndicats, cette condamnation est une vraie gifle, car \u00e0 l\u2019avenir, de telles actions deviendront quasi impossibles, \u00e9tant entendu qu\u2019elles seraient menac\u00e9es de poursuites au p\u00e9nal.<br \/>\nLa d\u00e9fense des int\u00e9r\u00eats des travailleurs doit apparemment c\u00e9der le pas \u00e0 la libert\u00e9 absolue des automobilistes \u00e0 circuler sans entraves et dans toutes circonstances.\u00a0\u00bb<\/em><\/p>\n<p>Le syndicat socialiste annonce sa ferme intention d&rsquo;aller en appel: <em>\u00ab\u00a0Ce jugement est d\u00e9pourvu de tout sentiment de justice, il constitue une menace s\u00e9rieuse contre le droit de gr\u00e8ve et il est contraire \u00e0 la jurisprudence europ\u00e9enne.<\/em><br \/>\n<em> En effet, nous refusons d\u2019accepter que la seule arme dont nous disposons (le droit de faire gr\u00e8ve et d\u2019organiser des piquets) nous soit retir\u00e9e et que des militants courageux, comme nos deux repr\u00e9sentants syndicaux, soient criminalis\u00e9s.\u00a0\u00c7a va trop loin !\u00a0\u00bb<\/em><\/p>\n","protected":false},"excerpt":{"rendered":"<p>Le tribunal correctionnel d&rsquo;Anvers vient de d\u00e9clarer le pr\u00e9sident de la FGTB Anvers coupable d\u2019 \u00ab\u00a0entrave m\u00e9chante \u00e0 la circulation\u00a0\u00bb, suite \u00e0 l\u2019action syndicale nationale qui s\u2019est d\u00e9roul\u00e9e le 24 juin 2016 pr\u00e8s du port d&rsquo;Anvers. Le second accus\u00e9, le [&hellip;]<\/p>\n","protected":false},"author":2,"featured_media":0,"comment_status":"closed","ping_status":"open","sticky":false,"template":"","format":"standard","meta":[],"categories":[65,10],"tags":[2123,332,405,557,1186,564,1922],"yoast_head":"<!-- This site is optimized with the Yoast SEO plugin v21.0 - https:\/\/yoast.com\/wordpress\/plugins\/seo\/ -->\n<title>La FGTB Anvers condamn\u00e9e par le tribunal correctionnel: &quot;une menace pour la libert\u00e9 d&#039;action syndicale&quot;. - Peoplesphere<\/title>\n<meta name=\"robots\" content=\"index, follow, max-snippet:-1, max-image-preview:large, max-video-preview:-1\" \/>\n<link rel=\"canonical\" href=\"https:\/\/peoplesphere.be\/fr\/fgtb-anvers-condamnee-tribunal-correctionnel-menace-liberte-daction-syndicale\/\" \/>\n<meta property=\"og:locale\" content=\"fr_FR\" \/>\n<meta property=\"og:type\" content=\"article\" \/>\n<meta property=\"og:title\" content=\"La FGTB Anvers condamn\u00e9e par le tribunal correctionnel: &quot;une menace pour la libert\u00e9 d&#039;action syndicale&quot;. - Peoplesphere\" \/>\n<meta property=\"og:description\" content=\"Le tribunal correctionnel d&rsquo;Anvers vient de d\u00e9clarer le pr\u00e9sident de la FGTB Anvers coupable d\u2019 \u00ab\u00a0entrave m\u00e9chante \u00e0 la circulation\u00a0\u00bb, suite \u00e0 l\u2019action syndicale nationale qui s\u2019est d\u00e9roul\u00e9e le 24 juin 2016 pr\u00e8s du port d&rsquo;Anvers. Le second accus\u00e9, le [&hellip;]\" \/>\n<meta property=\"og:url\" content=\"https:\/\/peoplesphere.be\/fr\/fgtb-anvers-condamnee-tribunal-correctionnel-menace-liberte-daction-syndicale\/\" \/>\n<meta property=\"og:site_name\" content=\"Peoplesphere\" \/>\n<meta property=\"article:publisher\" content=\"https:\/\/www.facebook.com\/peoplesphere\" \/>\n<meta property=\"article:published_time\" content=\"2018-06-29T08:45:14+00:00\" \/>\n<meta property=\"article:modified_time\" content=\"2018-06-29T08:51:48+00:00\" \/>\n<meta property=\"og:image\" content=\"http:\/\/www.peoplesphere.be\/fr\/wp-content\/uploads\/2016\/07\/facebook-default-posting-1200x628px.jpg\" \/>\n<meta name=\"author\" content=\"Jean-Paul Erhard\" \/>\n<meta name=\"twitter:card\" content=\"summary_large_image\" \/>\n<meta name=\"twitter:creator\" content=\"@PeoplesphereMag\" \/>\n<meta name=\"twitter:site\" content=\"@PeoplesphereMag\" \/>\n<meta name=\"twitter:label1\" content=\"\u00c9crit par\" \/>\n\t<meta name=\"twitter:data1\" content=\"Jean-Paul Erhard\" \/>\n\t<meta name=\"twitter:label2\" content=\"Dur\u00e9e de lecture estim\u00e9e\" \/>\n\t<meta name=\"twitter:data2\" content=\"2 minutes\" \/>\n<script type=\"application\/ld+json\" class=\"yoast-schema-graph\">{\"@context\":\"https:\/\/schema.org\",\"@graph\":[{\"@type\":\"Article\",\"@id\":\"https:\/\/peoplesphere.be\/fr\/fgtb-anvers-condamnee-tribunal-correctionnel-menace-liberte-daction-syndicale\/#article\",\"isPartOf\":{\"@id\":\"https:\/\/peoplesphere.be\/fr\/fgtb-anvers-condamnee-tribunal-correctionnel-menace-liberte-daction-syndicale\/\"},\"author\":{\"name\":\"Jean-Paul Erhard\",\"@id\":\"https:\/\/peoplesphere.be\/fr\/#\/schema\/person\/7976225ff17988604334abb7b3536a7e\"},\"headline\":\"La FGTB Anvers condamn\u00e9e par le tribunal correctionnel: \u00ab\u00a0une menace pour la libert\u00e9 d&rsquo;action syndicale\u00a0\u00bb.\",\"datePublished\":\"2018-06-29T08:45:14+00:00\",\"dateModified\":\"2018-06-29T08:51:48+00:00\",\"mainEntityOfPage\":{\"@id\":\"https:\/\/peoplesphere.be\/fr\/fgtb-anvers-condamnee-tribunal-correctionnel-menace-liberte-daction-syndicale\/\"},\"wordCount\":352,\"publisher\":{\"@id\":\"https:\/\/peoplesphere.be\/fr\/#organization\"},\"keywords\":[\"action syndicale\",\"concertation sociale\",\"droit de gr\u00e8ve\",\"droit social\",\"FGTB\",\"justice\",\"libert\u00e9 syndicale\"],\"articleSection\":[\"Actualit\u00e9s\",\"Digital\"],\"inLanguage\":\"fr-FR\"},{\"@type\":\"WebPage\",\"@id\":\"https:\/\/peoplesphere.be\/fr\/fgtb-anvers-condamnee-tribunal-correctionnel-menace-liberte-daction-syndicale\/\",\"url\":\"https:\/\/peoplesphere.be\/fr\/fgtb-anvers-condamnee-tribunal-correctionnel-menace-liberte-daction-syndicale\/\",\"name\":\"La FGTB Anvers condamn\u00e9e par le tribunal correctionnel: \\\"une menace pour la libert\u00e9 d'action syndicale\\\". - Peoplesphere\",\"isPartOf\":{\"@id\":\"https:\/\/peoplesphere.be\/fr\/#website\"},\"datePublished\":\"2018-06-29T08:45:14+00:00\",\"dateModified\":\"2018-06-29T08:51:48+00:00\",\"breadcrumb\":{\"@id\":\"https:\/\/peoplesphere.be\/fr\/fgtb-anvers-condamnee-tribunal-correctionnel-menace-liberte-daction-syndicale\/#breadcrumb\"},\"inLanguage\":\"fr-FR\",\"potentialAction\":[{\"@type\":\"ReadAction\",\"target\":[\"https:\/\/peoplesphere.be\/fr\/fgtb-anvers-condamnee-tribunal-correctionnel-menace-liberte-daction-syndicale\/\"]}]},{\"@type\":\"BreadcrumbList\",\"@id\":\"https:\/\/peoplesphere.be\/fr\/fgtb-anvers-condamnee-tribunal-correctionnel-menace-liberte-daction-syndicale\/#breadcrumb\",\"itemListElement\":[{\"@type\":\"ListItem\",\"position\":1,\"name\":\"Accueil\",\"item\":\"https:\/\/peoplesphere.be\/fr\/\"},{\"@type\":\"ListItem\",\"position\":2,\"name\":\"La FGTB Anvers condamn\u00e9e par le tribunal correctionnel: \u00ab\u00a0une menace pour la libert\u00e9 d&rsquo;action syndicale\u00a0\u00bb.\"}]},{\"@type\":\"WebSite\",\"@id\":\"https:\/\/peoplesphere.be\/fr\/#website\",\"url\":\"https:\/\/peoplesphere.be\/fr\/\",\"name\":\"Peoplesphere\",\"description\":\"The People Managers Magazine\",\"publisher\":{\"@id\":\"https:\/\/peoplesphere.be\/fr\/#organization\"},\"potentialAction\":[{\"@type\":\"SearchAction\",\"target\":{\"@type\":\"EntryPoint\",\"urlTemplate\":\"https:\/\/peoplesphere.be\/fr\/?s={search_term_string}\"},\"query-input\":\"required name=search_term_string\"}],\"inLanguage\":\"fr-FR\"},{\"@type\":\"Organization\",\"@id\":\"https:\/\/peoplesphere.be\/fr\/#organization\",\"name\":\"Peoplesphere Company srl\",\"url\":\"https:\/\/peoplesphere.be\/fr\/\",\"logo\":{\"@type\":\"ImageObject\",\"inLanguage\":\"fr-FR\",\"@id\":\"https:\/\/peoplesphere.be\/fr\/#\/schema\/logo\/image\/\",\"url\":\"https:\/\/peoplesphere.be\/fr\/wp-content\/uploads\/2023\/07\/peoplesphere-lgo-new-generik.jpg\",\"contentUrl\":\"https:\/\/peoplesphere.be\/fr\/wp-content\/uploads\/2023\/07\/peoplesphere-lgo-new-generik.jpg\",\"width\":1031,\"height\":1479,\"caption\":\"Peoplesphere Company srl\"},\"image\":{\"@id\":\"https:\/\/peoplesphere.be\/fr\/#\/schema\/logo\/image\/\"},\"sameAs\":[\"https:\/\/www.facebook.com\/peoplesphere\",\"https:\/\/twitter.com\/PeoplesphereMag\",\"https:\/\/www.linkedin.com\/company\/7587361?trk\",\"http:\/\/youtube.com\/peoplesphere\"]},{\"@type\":\"Person\",\"@id\":\"https:\/\/peoplesphere.be\/fr\/#\/schema\/person\/7976225ff17988604334abb7b3536a7e\",\"name\":\"Jean-Paul Erhard\",\"image\":{\"@type\":\"ImageObject\",\"inLanguage\":\"fr-FR\",\"@id\":\"https:\/\/peoplesphere.be\/fr\/#\/schema\/person\/image\/\",\"url\":\"https:\/\/secure.gravatar.com\/avatar\/f941e681460179738071629a51574930?s=96&d=mm&r=g\",\"contentUrl\":\"https:\/\/secure.gravatar.com\/avatar\/f941e681460179738071629a51574930?s=96&d=mm&r=g\",\"caption\":\"Jean-Paul Erhard\"},\"url\":\"https:\/\/peoplesphere.be\/fr\/author\/jpe\/\"}]}<\/script>\n<!-- \/ Yoast SEO plugin. -->","yoast_head_json":{"title":"La FGTB Anvers condamn\u00e9e par le tribunal correctionnel: \"une menace pour la libert\u00e9 d'action syndicale\". - Peoplesphere","robots":{"index":"index","follow":"follow","max-snippet":"max-snippet:-1","max-image-preview":"max-image-preview:large","max-video-preview":"max-video-preview:-1"},"canonical":"https:\/\/peoplesphere.be\/fr\/fgtb-anvers-condamnee-tribunal-correctionnel-menace-liberte-daction-syndicale\/","og_locale":"fr_FR","og_type":"article","og_title":"La FGTB Anvers condamn\u00e9e par le tribunal correctionnel: \"une menace pour la libert\u00e9 d'action syndicale\". - Peoplesphere","og_description":"Le tribunal correctionnel d&rsquo;Anvers vient de d\u00e9clarer le pr\u00e9sident de la FGTB Anvers coupable d\u2019 \u00ab\u00a0entrave m\u00e9chante \u00e0 la circulation\u00a0\u00bb, suite \u00e0 l\u2019action syndicale nationale qui s\u2019est d\u00e9roul\u00e9e le 24 juin 2016 pr\u00e8s du port d&rsquo;Anvers. Le second accus\u00e9, le [&hellip;]","og_url":"https:\/\/peoplesphere.be\/fr\/fgtb-anvers-condamnee-tribunal-correctionnel-menace-liberte-daction-syndicale\/","og_site_name":"Peoplesphere","article_publisher":"https:\/\/www.facebook.com\/peoplesphere","article_published_time":"2018-06-29T08:45:14+00:00","article_modified_time":"2018-06-29T08:51:48+00:00","og_image":[{"url":"http:\/\/www.peoplesphere.be\/fr\/wp-content\/uploads\/2016\/07\/facebook-default-posting-1200x628px.jpg"}],"author":"Jean-Paul Erhard","twitter_card":"summary_large_image","twitter_creator":"@PeoplesphereMag","twitter_site":"@PeoplesphereMag","twitter_misc":{"\u00c9crit par":"Jean-Paul Erhard","Dur\u00e9e de lecture estim\u00e9e":"2 minutes"},"schema":{"@context":"https:\/\/schema.org","@graph":[{"@type":"Article","@id":"https:\/\/peoplesphere.be\/fr\/fgtb-anvers-condamnee-tribunal-correctionnel-menace-liberte-daction-syndicale\/#article","isPartOf":{"@id":"https:\/\/peoplesphere.be\/fr\/fgtb-anvers-condamnee-tribunal-correctionnel-menace-liberte-daction-syndicale\/"},"author":{"name":"Jean-Paul Erhard","@id":"https:\/\/peoplesphere.be\/fr\/#\/schema\/person\/7976225ff17988604334abb7b3536a7e"},"headline":"La FGTB Anvers condamn\u00e9e par le tribunal correctionnel: \u00ab\u00a0une menace pour la libert\u00e9 d&rsquo;action syndicale\u00a0\u00bb.","datePublished":"2018-06-29T08:45:14+00:00","dateModified":"2018-06-29T08:51:48+00:00","mainEntityOfPage":{"@id":"https:\/\/peoplesphere.be\/fr\/fgtb-anvers-condamnee-tribunal-correctionnel-menace-liberte-daction-syndicale\/"},"wordCount":352,"publisher":{"@id":"https:\/\/peoplesphere.be\/fr\/#organization"},"keywords":["action syndicale","concertation sociale","droit de gr\u00e8ve","droit social","FGTB","justice","libert\u00e9 syndicale"],"articleSection":["Actualit\u00e9s","Digital"],"inLanguage":"fr-FR"},{"@type":"WebPage","@id":"https:\/\/peoplesphere.be\/fr\/fgtb-anvers-condamnee-tribunal-correctionnel-menace-liberte-daction-syndicale\/","url":"https:\/\/peoplesphere.be\/fr\/fgtb-anvers-condamnee-tribunal-correctionnel-menace-liberte-daction-syndicale\/","name":"La FGTB Anvers condamn\u00e9e par le tribunal correctionnel: \"une menace pour la libert\u00e9 d'action syndicale\". - Peoplesphere","isPartOf":{"@id":"https:\/\/peoplesphere.be\/fr\/#website"},"datePublished":"2018-06-29T08:45:14+00:00","dateModified":"2018-06-29T08:51:48+00:00","breadcrumb":{"@id":"https:\/\/peoplesphere.be\/fr\/fgtb-anvers-condamnee-tribunal-correctionnel-menace-liberte-daction-syndicale\/#breadcrumb"},"inLanguage":"fr-FR","potentialAction":[{"@type":"ReadAction","target":["https:\/\/peoplesphere.be\/fr\/fgtb-anvers-condamnee-tribunal-correctionnel-menace-liberte-daction-syndicale\/"]}]},{"@type":"BreadcrumbList","@id":"https:\/\/peoplesphere.be\/fr\/fgtb-anvers-condamnee-tribunal-correctionnel-menace-liberte-daction-syndicale\/#breadcrumb","itemListElement":[{"@type":"ListItem","position":1,"name":"Accueil","item":"https:\/\/peoplesphere.be\/fr\/"},{"@type":"ListItem","position":2,"name":"La FGTB Anvers condamn\u00e9e par le tribunal correctionnel: \u00ab\u00a0une menace pour la libert\u00e9 d&rsquo;action syndicale\u00a0\u00bb."}]},{"@type":"WebSite","@id":"https:\/\/peoplesphere.be\/fr\/#website","url":"https:\/\/peoplesphere.be\/fr\/","name":"Peoplesphere","description":"The People Managers Magazine","publisher":{"@id":"https:\/\/peoplesphere.be\/fr\/#organization"},"potentialAction":[{"@type":"SearchAction","target":{"@type":"EntryPoint","urlTemplate":"https:\/\/peoplesphere.be\/fr\/?s={search_term_string}"},"query-input":"required name=search_term_string"}],"inLanguage":"fr-FR"},{"@type":"Organization","@id":"https:\/\/peoplesphere.be\/fr\/#organization","name":"Peoplesphere Company srl","url":"https:\/\/peoplesphere.be\/fr\/","logo":{"@type":"ImageObject","inLanguage":"fr-FR","@id":"https:\/\/peoplesphere.be\/fr\/#\/schema\/logo\/image\/","url":"https:\/\/peoplesphere.be\/fr\/wp-content\/uploads\/2023\/07\/peoplesphere-lgo-new-generik.jpg","contentUrl":"https:\/\/peoplesphere.be\/fr\/wp-content\/uploads\/2023\/07\/peoplesphere-lgo-new-generik.jpg","width":1031,"height":1479,"caption":"Peoplesphere Company srl"},"image":{"@id":"https:\/\/peoplesphere.be\/fr\/#\/schema\/logo\/image\/"},"sameAs":["https:\/\/www.facebook.com\/peoplesphere","https:\/\/twitter.com\/PeoplesphereMag","https:\/\/www.linkedin.com\/company\/7587361?trk","http:\/\/youtube.com\/peoplesphere"]},{"@type":"Person","@id":"https:\/\/peoplesphere.be\/fr\/#\/schema\/person\/7976225ff17988604334abb7b3536a7e","name":"Jean-Paul Erhard","image":{"@type":"ImageObject","inLanguage":"fr-FR","@id":"https:\/\/peoplesphere.be\/fr\/#\/schema\/person\/image\/","url":"https:\/\/secure.gravatar.com\/avatar\/f941e681460179738071629a51574930?s=96&d=mm&r=g","contentUrl":"https:\/\/secure.gravatar.com\/avatar\/f941e681460179738071629a51574930?s=96&d=mm&r=g","caption":"Jean-Paul Erhard"},"url":"https:\/\/peoplesphere.be\/fr\/author\/jpe\/"}]}},"_links":{"self":[{"href":"https:\/\/peoplesphere.be\/fr\/wp-json\/wp\/v2\/posts\/6291"}],"collection":[{"href":"https:\/\/peoplesphere.be\/fr\/wp-json\/wp\/v2\/posts"}],"about":[{"href":"https:\/\/peoplesphere.be\/fr\/wp-json\/wp\/v2\/types\/post"}],"author":[{"embeddable":true,"href":"https:\/\/peoplesphere.be\/fr\/wp-json\/wp\/v2\/users\/2"}],"replies":[{"embeddable":true,"href":"https:\/\/peoplesphere.be\/fr\/wp-json\/wp\/v2\/comments?post=6291"}],"version-history":[{"count":4,"href":"https:\/\/peoplesphere.be\/fr\/wp-json\/wp\/v2\/posts\/6291\/revisions"}],"predecessor-version":[{"id":6295,"href":"https:\/\/peoplesphere.be\/fr\/wp-json\/wp\/v2\/posts\/6291\/revisions\/6295"}],"wp:attachment":[{"href":"https:\/\/peoplesphere.be\/fr\/wp-json\/wp\/v2\/media?parent=6291"}],"wp:term":[{"taxonomy":"category","embeddable":true,"href":"https:\/\/peoplesphere.be\/fr\/wp-json\/wp\/v2\/categories?post=6291"},{"taxonomy":"post_tag","embeddable":true,"href":"https:\/\/peoplesphere.be\/fr\/wp-json\/wp\/v2\/tags?post=6291"}],"curies":[{"name":"wp","href":"https:\/\/api.w.org\/{rel}","templated":true}]}}