









{"id":6296,"date":"2018-06-29T12:59:29","date_gmt":"2018-06-29T10:59:29","guid":{"rendered":"http:\/\/www.peoplesphere.be\/fr\/?p=6296"},"modified":"2018-06-29T12:59:29","modified_gmt":"2018-06-29T10:59:29","slug":"prendre-charge-incapacites-de-travail-periode-de-grossesse","status":"publish","type":"post","link":"https:\/\/peoplesphere.be\/fr\/prendre-charge-incapacites-de-travail-periode-de-grossesse\/","title":{"rendered":"Qui devrait prendre en charge les incapacit\u00e9s de travail en p\u00e9riode de grossesse?"},"content":{"rendered":"<p>Le cong\u00e9 de maternit\u00e9 des salari\u00e9es est pris en charge financi\u00e8rement par l&rsquo;assurance maladie (Inami). Mais les incapacit\u00e9s de travail durant la grossesse restent \u00e0 charge de l&#8217;employeur. Cette situation pose probl\u00e8me. L&rsquo;UCM propose la prise en charge par l&rsquo;Inami des absences dans la p\u00e9riode pr\u00e9c\u00e9dant l&rsquo;accouchement.<!--more--><\/p>\n<p>L&rsquo;organisation repr\u00e9sentative des ind\u00e9pendants \/ patrons de PME insiste sur l&rsquo;impact significatif de la grossesse d&rsquo;une salari\u00e9e sur l&rsquo;organisation du travail.<\/p>\n<p><em>\u00ab\u00a0En cas d&rsquo;incapacit\u00e9 de travail avant l&rsquo;accouchement, l&#8217;employeur reste astreint au paiement du salaire garanti, m\u00eame si l&rsquo;absence a un lien direct avec la grossesse. C&rsquo;est donc une double peine pour l&#8217;employeur qui doit \u00e0 la fois payer le salaire garanti et envisager le remplacement, g\u00e9n\u00e9ralement n\u00e9cessaire vu la dur\u00e9e du cong\u00e9 de maternit\u00e9 qui suit.<\/em><\/p>\n<p><em>La proposition de l&rsquo;UCM est simple. D\u00e8s l&rsquo;annonce de la grossesse, ce ne serait plus \u00e0 l&#8217;employeur mais \u00e0 l&rsquo;assurance maladie de supporter le poids financier des absences (salaire garanti). Cela ne change rien en ce qui concerne le cong\u00e9 de maternit\u00e9 lui-m\u00eame, mais c&rsquo;est de nature \u00e0 permettre de vivre plus sereinement la grossesse, et en particulier la fin de la grossesse, tant pour l&#8217;employeur que pour la salari\u00e9e.\u00a0\u00bb<\/em><\/p>\n<p>Cette proposition sera int\u00e9gr\u00e9e dans le m\u00e9morandum que l&rsquo;UCM pr\u00e9pare en vue des \u00e9lections 2019, en concertation avec les ind\u00e9pendants et chefs de PME de Wallonie et de Bruxelles.<\/p>\n","protected":false},"excerpt":{"rendered":"<p>Le cong\u00e9 de maternit\u00e9 des salari\u00e9es est pris en charge financi\u00e8rement par l&rsquo;assurance maladie (Inami). Mais les incapacit\u00e9s de travail durant la grossesse restent \u00e0 charge de l&#8217;employeur. Cette situation pose probl\u00e8me. L&rsquo;UCM propose la prise en charge par l&rsquo;Inami [&hellip;]<\/p>\n","protected":false},"author":2,"featured_media":0,"comment_status":"closed","ping_status":"open","sticky":false,"template":"","format":"standard","meta":[],"categories":[65,10],"tags":[786,2047,1350],"yoast_head":"<!-- This site is optimized with the Yoast SEO plugin v21.0 - https:\/\/yoast.com\/wordpress\/plugins\/seo\/ -->\n<title>Qui devrait prendre en charge les incapacit\u00e9s de travail en p\u00e9riode de grossesse? - Peoplesphere<\/title>\n<meta name=\"robots\" content=\"index, follow, max-snippet:-1, max-image-preview:large, max-video-preview:-1\" \/>\n<link rel=\"canonical\" href=\"https:\/\/peoplesphere.be\/fr\/prendre-charge-incapacites-de-travail-periode-de-grossesse\/\" \/>\n<meta property=\"og:locale\" content=\"fr_FR\" \/>\n<meta property=\"og:type\" content=\"article\" \/>\n<meta property=\"og:title\" content=\"Qui devrait prendre en charge les incapacit\u00e9s de travail en p\u00e9riode de grossesse? - Peoplesphere\" \/>\n<meta property=\"og:description\" content=\"Le cong\u00e9 de maternit\u00e9 des salari\u00e9es est pris en charge financi\u00e8rement par l&rsquo;assurance maladie (Inami). Mais les incapacit\u00e9s de travail durant la grossesse restent \u00e0 charge de l&#8217;employeur. Cette situation pose probl\u00e8me. L&rsquo;UCM propose la prise en charge par l&rsquo;Inami [&hellip;]\" \/>\n<meta property=\"og:url\" content=\"https:\/\/peoplesphere.be\/fr\/prendre-charge-incapacites-de-travail-periode-de-grossesse\/\" \/>\n<meta property=\"og:site_name\" content=\"Peoplesphere\" \/>\n<meta property=\"article:publisher\" content=\"https:\/\/www.facebook.com\/peoplesphere\" \/>\n<meta property=\"article:published_time\" content=\"2018-06-29T10:59:29+00:00\" \/>\n<meta property=\"og:image\" content=\"http:\/\/www.peoplesphere.be\/fr\/wp-content\/uploads\/2016\/07\/facebook-default-posting-1200x628px.jpg\" \/>\n<meta name=\"author\" content=\"Jean-Paul Erhard\" \/>\n<meta name=\"twitter:card\" content=\"summary_large_image\" \/>\n<meta name=\"twitter:creator\" content=\"@PeoplesphereMag\" \/>\n<meta name=\"twitter:site\" content=\"@PeoplesphereMag\" \/>\n<meta name=\"twitter:label1\" content=\"\u00c9crit par\" \/>\n\t<meta name=\"twitter:data1\" content=\"Jean-Paul Erhard\" \/>\n\t<meta name=\"twitter:label2\" content=\"Dur\u00e9e de lecture estim\u00e9e\" \/>\n\t<meta name=\"twitter:data2\" content=\"1 minute\" \/>\n<script type=\"application\/ld+json\" class=\"yoast-schema-graph\">{\"@context\":\"https:\/\/schema.org\",\"@graph\":[{\"@type\":\"Article\",\"@id\":\"https:\/\/peoplesphere.be\/fr\/prendre-charge-incapacites-de-travail-periode-de-grossesse\/#article\",\"isPartOf\":{\"@id\":\"https:\/\/peoplesphere.be\/fr\/prendre-charge-incapacites-de-travail-periode-de-grossesse\/\"},\"author\":{\"name\":\"Jean-Paul Erhard\",\"@id\":\"https:\/\/peoplesphere.be\/fr\/#\/schema\/person\/7976225ff17988604334abb7b3536a7e\"},\"headline\":\"Qui devrait prendre en charge les incapacit\u00e9s de travail en p\u00e9riode de grossesse?\",\"datePublished\":\"2018-06-29T10:59:29+00:00\",\"dateModified\":\"2018-06-29T10:59:29+00:00\",\"mainEntityOfPage\":{\"@id\":\"https:\/\/peoplesphere.be\/fr\/prendre-charge-incapacites-de-travail-periode-de-grossesse\/\"},\"wordCount\":254,\"publisher\":{\"@id\":\"https:\/\/peoplesphere.be\/fr\/#organization\"},\"keywords\":[\"cong\u00e9 de maternit\u00e9\",\"grossesse\",\"ucm\"],\"articleSection\":[\"Actualit\u00e9s\",\"Digital\"],\"inLanguage\":\"fr-FR\"},{\"@type\":\"WebPage\",\"@id\":\"https:\/\/peoplesphere.be\/fr\/prendre-charge-incapacites-de-travail-periode-de-grossesse\/\",\"url\":\"https:\/\/peoplesphere.be\/fr\/prendre-charge-incapacites-de-travail-periode-de-grossesse\/\",\"name\":\"Qui devrait prendre en charge les incapacit\u00e9s de travail en p\u00e9riode de grossesse? - Peoplesphere\",\"isPartOf\":{\"@id\":\"https:\/\/peoplesphere.be\/fr\/#website\"},\"datePublished\":\"2018-06-29T10:59:29+00:00\",\"dateModified\":\"2018-06-29T10:59:29+00:00\",\"breadcrumb\":{\"@id\":\"https:\/\/peoplesphere.be\/fr\/prendre-charge-incapacites-de-travail-periode-de-grossesse\/#breadcrumb\"},\"inLanguage\":\"fr-FR\",\"potentialAction\":[{\"@type\":\"ReadAction\",\"target\":[\"https:\/\/peoplesphere.be\/fr\/prendre-charge-incapacites-de-travail-periode-de-grossesse\/\"]}]},{\"@type\":\"BreadcrumbList\",\"@id\":\"https:\/\/peoplesphere.be\/fr\/prendre-charge-incapacites-de-travail-periode-de-grossesse\/#breadcrumb\",\"itemListElement\":[{\"@type\":\"ListItem\",\"position\":1,\"name\":\"Accueil\",\"item\":\"https:\/\/peoplesphere.be\/fr\/\"},{\"@type\":\"ListItem\",\"position\":2,\"name\":\"Qui devrait prendre en charge les incapacit\u00e9s de travail en p\u00e9riode de grossesse?\"}]},{\"@type\":\"WebSite\",\"@id\":\"https:\/\/peoplesphere.be\/fr\/#website\",\"url\":\"https:\/\/peoplesphere.be\/fr\/\",\"name\":\"Peoplesphere\",\"description\":\"The People Managers Magazine\",\"publisher\":{\"@id\":\"https:\/\/peoplesphere.be\/fr\/#organization\"},\"potentialAction\":[{\"@type\":\"SearchAction\",\"target\":{\"@type\":\"EntryPoint\",\"urlTemplate\":\"https:\/\/peoplesphere.be\/fr\/?s={search_term_string}\"},\"query-input\":\"required name=search_term_string\"}],\"inLanguage\":\"fr-FR\"},{\"@type\":\"Organization\",\"@id\":\"https:\/\/peoplesphere.be\/fr\/#organization\",\"name\":\"Peoplesphere Company srl\",\"url\":\"https:\/\/peoplesphere.be\/fr\/\",\"logo\":{\"@type\":\"ImageObject\",\"inLanguage\":\"fr-FR\",\"@id\":\"https:\/\/peoplesphere.be\/fr\/#\/schema\/logo\/image\/\",\"url\":\"https:\/\/peoplesphere.be\/fr\/wp-content\/uploads\/2023\/07\/peoplesphere-lgo-new-generik.jpg\",\"contentUrl\":\"https:\/\/peoplesphere.be\/fr\/wp-content\/uploads\/2023\/07\/peoplesphere-lgo-new-generik.jpg\",\"width\":1031,\"height\":1479,\"caption\":\"Peoplesphere Company srl\"},\"image\":{\"@id\":\"https:\/\/peoplesphere.be\/fr\/#\/schema\/logo\/image\/\"},\"sameAs\":[\"https:\/\/www.facebook.com\/peoplesphere\",\"https:\/\/twitter.com\/PeoplesphereMag\",\"https:\/\/www.linkedin.com\/company\/7587361?trk\",\"http:\/\/youtube.com\/peoplesphere\"]},{\"@type\":\"Person\",\"@id\":\"https:\/\/peoplesphere.be\/fr\/#\/schema\/person\/7976225ff17988604334abb7b3536a7e\",\"name\":\"Jean-Paul Erhard\",\"image\":{\"@type\":\"ImageObject\",\"inLanguage\":\"fr-FR\",\"@id\":\"https:\/\/peoplesphere.be\/fr\/#\/schema\/person\/image\/\",\"url\":\"https:\/\/secure.gravatar.com\/avatar\/f941e681460179738071629a51574930?s=96&d=mm&r=g\",\"contentUrl\":\"https:\/\/secure.gravatar.com\/avatar\/f941e681460179738071629a51574930?s=96&d=mm&r=g\",\"caption\":\"Jean-Paul Erhard\"},\"url\":\"https:\/\/peoplesphere.be\/fr\/author\/jpe\/\"}]}<\/script>\n<!-- \/ Yoast SEO plugin. -->","yoast_head_json":{"title":"Qui devrait prendre en charge les incapacit\u00e9s de travail en p\u00e9riode de grossesse? - Peoplesphere","robots":{"index":"index","follow":"follow","max-snippet":"max-snippet:-1","max-image-preview":"max-image-preview:large","max-video-preview":"max-video-preview:-1"},"canonical":"https:\/\/peoplesphere.be\/fr\/prendre-charge-incapacites-de-travail-periode-de-grossesse\/","og_locale":"fr_FR","og_type":"article","og_title":"Qui devrait prendre en charge les incapacit\u00e9s de travail en p\u00e9riode de grossesse? - Peoplesphere","og_description":"Le cong\u00e9 de maternit\u00e9 des salari\u00e9es est pris en charge financi\u00e8rement par l&rsquo;assurance maladie (Inami). Mais les incapacit\u00e9s de travail durant la grossesse restent \u00e0 charge de l&#8217;employeur. Cette situation pose probl\u00e8me. L&rsquo;UCM propose la prise en charge par l&rsquo;Inami [&hellip;]","og_url":"https:\/\/peoplesphere.be\/fr\/prendre-charge-incapacites-de-travail-periode-de-grossesse\/","og_site_name":"Peoplesphere","article_publisher":"https:\/\/www.facebook.com\/peoplesphere","article_published_time":"2018-06-29T10:59:29+00:00","og_image":[{"url":"http:\/\/www.peoplesphere.be\/fr\/wp-content\/uploads\/2016\/07\/facebook-default-posting-1200x628px.jpg"}],"author":"Jean-Paul Erhard","twitter_card":"summary_large_image","twitter_creator":"@PeoplesphereMag","twitter_site":"@PeoplesphereMag","twitter_misc":{"\u00c9crit par":"Jean-Paul Erhard","Dur\u00e9e de lecture estim\u00e9e":"1 minute"},"schema":{"@context":"https:\/\/schema.org","@graph":[{"@type":"Article","@id":"https:\/\/peoplesphere.be\/fr\/prendre-charge-incapacites-de-travail-periode-de-grossesse\/#article","isPartOf":{"@id":"https:\/\/peoplesphere.be\/fr\/prendre-charge-incapacites-de-travail-periode-de-grossesse\/"},"author":{"name":"Jean-Paul Erhard","@id":"https:\/\/peoplesphere.be\/fr\/#\/schema\/person\/7976225ff17988604334abb7b3536a7e"},"headline":"Qui devrait prendre en charge les incapacit\u00e9s de travail en p\u00e9riode de grossesse?","datePublished":"2018-06-29T10:59:29+00:00","dateModified":"2018-06-29T10:59:29+00:00","mainEntityOfPage":{"@id":"https:\/\/peoplesphere.be\/fr\/prendre-charge-incapacites-de-travail-periode-de-grossesse\/"},"wordCount":254,"publisher":{"@id":"https:\/\/peoplesphere.be\/fr\/#organization"},"keywords":["cong\u00e9 de maternit\u00e9","grossesse","ucm"],"articleSection":["Actualit\u00e9s","Digital"],"inLanguage":"fr-FR"},{"@type":"WebPage","@id":"https:\/\/peoplesphere.be\/fr\/prendre-charge-incapacites-de-travail-periode-de-grossesse\/","url":"https:\/\/peoplesphere.be\/fr\/prendre-charge-incapacites-de-travail-periode-de-grossesse\/","name":"Qui devrait prendre en charge les incapacit\u00e9s de travail en p\u00e9riode de grossesse? - Peoplesphere","isPartOf":{"@id":"https:\/\/peoplesphere.be\/fr\/#website"},"datePublished":"2018-06-29T10:59:29+00:00","dateModified":"2018-06-29T10:59:29+00:00","breadcrumb":{"@id":"https:\/\/peoplesphere.be\/fr\/prendre-charge-incapacites-de-travail-periode-de-grossesse\/#breadcrumb"},"inLanguage":"fr-FR","potentialAction":[{"@type":"ReadAction","target":["https:\/\/peoplesphere.be\/fr\/prendre-charge-incapacites-de-travail-periode-de-grossesse\/"]}]},{"@type":"BreadcrumbList","@id":"https:\/\/peoplesphere.be\/fr\/prendre-charge-incapacites-de-travail-periode-de-grossesse\/#breadcrumb","itemListElement":[{"@type":"ListItem","position":1,"name":"Accueil","item":"https:\/\/peoplesphere.be\/fr\/"},{"@type":"ListItem","position":2,"name":"Qui devrait prendre en charge les incapacit\u00e9s de travail en p\u00e9riode de grossesse?"}]},{"@type":"WebSite","@id":"https:\/\/peoplesphere.be\/fr\/#website","url":"https:\/\/peoplesphere.be\/fr\/","name":"Peoplesphere","description":"The People Managers Magazine","publisher":{"@id":"https:\/\/peoplesphere.be\/fr\/#organization"},"potentialAction":[{"@type":"SearchAction","target":{"@type":"EntryPoint","urlTemplate":"https:\/\/peoplesphere.be\/fr\/?s={search_term_string}"},"query-input":"required name=search_term_string"}],"inLanguage":"fr-FR"},{"@type":"Organization","@id":"https:\/\/peoplesphere.be\/fr\/#organization","name":"Peoplesphere Company srl","url":"https:\/\/peoplesphere.be\/fr\/","logo":{"@type":"ImageObject","inLanguage":"fr-FR","@id":"https:\/\/peoplesphere.be\/fr\/#\/schema\/logo\/image\/","url":"https:\/\/peoplesphere.be\/fr\/wp-content\/uploads\/2023\/07\/peoplesphere-lgo-new-generik.jpg","contentUrl":"https:\/\/peoplesphere.be\/fr\/wp-content\/uploads\/2023\/07\/peoplesphere-lgo-new-generik.jpg","width":1031,"height":1479,"caption":"Peoplesphere Company srl"},"image":{"@id":"https:\/\/peoplesphere.be\/fr\/#\/schema\/logo\/image\/"},"sameAs":["https:\/\/www.facebook.com\/peoplesphere","https:\/\/twitter.com\/PeoplesphereMag","https:\/\/www.linkedin.com\/company\/7587361?trk","http:\/\/youtube.com\/peoplesphere"]},{"@type":"Person","@id":"https:\/\/peoplesphere.be\/fr\/#\/schema\/person\/7976225ff17988604334abb7b3536a7e","name":"Jean-Paul Erhard","image":{"@type":"ImageObject","inLanguage":"fr-FR","@id":"https:\/\/peoplesphere.be\/fr\/#\/schema\/person\/image\/","url":"https:\/\/secure.gravatar.com\/avatar\/f941e681460179738071629a51574930?s=96&d=mm&r=g","contentUrl":"https:\/\/secure.gravatar.com\/avatar\/f941e681460179738071629a51574930?s=96&d=mm&r=g","caption":"Jean-Paul Erhard"},"url":"https:\/\/peoplesphere.be\/fr\/author\/jpe\/"}]}},"_links":{"self":[{"href":"https:\/\/peoplesphere.be\/fr\/wp-json\/wp\/v2\/posts\/6296"}],"collection":[{"href":"https:\/\/peoplesphere.be\/fr\/wp-json\/wp\/v2\/posts"}],"about":[{"href":"https:\/\/peoplesphere.be\/fr\/wp-json\/wp\/v2\/types\/post"}],"author":[{"embeddable":true,"href":"https:\/\/peoplesphere.be\/fr\/wp-json\/wp\/v2\/users\/2"}],"replies":[{"embeddable":true,"href":"https:\/\/peoplesphere.be\/fr\/wp-json\/wp\/v2\/comments?post=6296"}],"version-history":[{"count":1,"href":"https:\/\/peoplesphere.be\/fr\/wp-json\/wp\/v2\/posts\/6296\/revisions"}],"predecessor-version":[{"id":6297,"href":"https:\/\/peoplesphere.be\/fr\/wp-json\/wp\/v2\/posts\/6296\/revisions\/6297"}],"wp:attachment":[{"href":"https:\/\/peoplesphere.be\/fr\/wp-json\/wp\/v2\/media?parent=6296"}],"wp:term":[{"taxonomy":"category","embeddable":true,"href":"https:\/\/peoplesphere.be\/fr\/wp-json\/wp\/v2\/categories?post=6296"},{"taxonomy":"post_tag","embeddable":true,"href":"https:\/\/peoplesphere.be\/fr\/wp-json\/wp\/v2\/tags?post=6296"}],"curies":[{"name":"wp","href":"https:\/\/api.w.org\/{rel}","templated":true}]}}