









{"id":6341,"date":"2018-07-10T11:52:43","date_gmt":"2018-07-10T09:52:43","guid":{"rendered":"http:\/\/www.peoplesphere.be\/fr\/?p=6341"},"modified":"2018-07-10T11:52:44","modified_gmt":"2018-07-10T09:52:44","slug":"travailleurs-belges-face-a-robotisation-sentiments-partages-entre-crainte-confiance","status":"publish","type":"post","link":"https:\/\/peoplesphere.be\/fr\/travailleurs-belges-face-a-robotisation-sentiments-partages-entre-crainte-confiance\/","title":{"rendered":"Les travailleurs belges face \u00e0 la robotisation: des sentiments partag\u00e9s entre crainte et confiance."},"content":{"rendered":"<p>59 % des travailleurs belges n&rsquo;ont pas peur de perdre leur emploi \u00e0 cause de la robotisation. A contrario,\u00a041 % d&rsquo;entre eux craignent pour leur emploi, pensant que la situation actuelle va in\u00e9vitablement changer. Selon l&rsquo;\u00e9tude commandit\u00e9e\u00a0par Indeed, le volet \u00e9motionnel inh\u00e9rent \u00e0 certains emplois reste le meilleur rempart face \u00e0 la transformation digitale.<!--more--><\/p>\n<p>Sander Poos, Managing Director d&rsquo;Indeed Benelux, d\u00e9clare : <em>\u00ab L&rsquo;intelligence artificielle et la robotisation vont impacter les travailleurs dans presque tous les secteurs d&rsquo;activit\u00e9. Notre \u00e9tude montre que la majorit\u00e9 des Belges n&rsquo;ont pas peur de perdre leur emploi \u00e0 cause de l&rsquo;IA. C&rsquo;est une excellente nouvelle, d\u2019autant plus que les rapports sur l&rsquo;IA et la robotisation sont toujours catastrophistes en mati\u00e8re d\u2019emploi. Les hommes sont cependant un peu plus sceptiques et inquiets que les femmes. \u00bb<\/em> Par exemple, 46,6 % des hommes interrog\u00e9s craignent de perdre leur emploi \u00e0 cause de l&rsquo;IA dans les 15 prochaines ann\u00e9es, contre 35,7 % des femmes.<\/p>\n<p><strong><em>Efficacit\u00e9, objectivit\u00e9 et cr\u00e9ation d&#8217;emplois<\/em><\/strong><\/p>\n<p>Une part significative des travailleurs voient des effets positifs \u00e0 l&rsquo;IA. La majorit\u00e9 (57,3 %) croit que l&rsquo;IA modifiera l&rsquo;ensemble du march\u00e9 du travail et cr\u00e9era des emplois comme jamais auparavant. Les Belges pensent \u00e9galement que l&rsquo;IA rendra les processus de travail plus objectifs et honn\u00eates. 34 % consid\u00e8rent que l&rsquo;IA pourra les aider \u00e0 faire leur travail plus efficacement.<\/p>\n<p>Sander Poos ajoute : <em>\u00ab L\u2019\u00e9tude montre que les Belges sont conscients des cons\u00e9quences de l&rsquo;intelligence artificielle et de la robotisation. Ils ne doutent pas que l&rsquo;IA aura de toute fa\u00e7on un impact sur les processus de travail \u00e0 l&rsquo;avenir. \u00bb<\/em><\/p>\n<p>Interrog\u00e9s sur l&rsquo;impact de l&rsquo;IA sur le march\u00e9 du travail en g\u00e9n\u00e9ral, 56,2 % des Belges s&rsquo;attendent \u00e0 ce que les robots se chargent d&rsquo;une grande partie des emplois \u00e0 l&rsquo;avenir. Une large majorit\u00e9 (83,3 %) d\u00e9clare que le travail changera \u00e0 cause de la technologie, mais 60,5 % pensent que ce ne sera le cas que dans certains secteurs. En effet, de nombreux sond\u00e9s (78,3 %) s&rsquo;attendent \u00e0 ce que le facteur humain reste indispensable dans de nombreux domaines, en particulier ceux o\u00f9 les aptitudes \u00e9motionnelles, telles que la sollicitude et l&rsquo;humour, jouent un r\u00f4le. Selon 79,1 % des sond\u00e9s, il est impossible de remplacer ces emplois \u2013 par exemple dans les RH \u2013 par des robots.<\/p>\n<p>41,5 % des Belges pensent que les robots se chargeront principalement de la production \u00e0 l\u2019avenir, suivie de la logistique et de la finance. De fa\u00e7on surprenante, le secteur informatique ne vient qu\u2019en quatri\u00e8me place. Si les sond\u00e9s ont raison, les postes de manutentionnaire (40,6 %), de t\u00e9l\u00e9vendeur (29,8 %) et de livreur de colis (18,5 %) seront assur\u00e9s par des robots dans un d\u00e9lai de cinq ans. <em>\u00ab Ces chiffres peuvent expliquer pourquoi les hommes craignent plus de perdre leur emploi, eux qui sont souvent surrepr\u00e9sent\u00e9s dans ces secteurs \u00bb,<\/em> conclut Sander Poos.<\/p>\n<p><em>\u00c0 propos de l&rsquo;\u00e9tude &#8211; Mandat\u00e9 par Indeed, Panel Wizard a r\u00e9alis\u00e9 une \u00e9tude repr\u00e9sentative en ligne sur l&rsquo;impact de l&rsquo;Intelligence Artificielle sur les ressources humaines (RH). L&rsquo;\u00e9tude a \u00e9t\u00e9 men\u00e9e aupr\u00e8s de 750 chercheurs d&#8217;emploi et travailleurs en Belgique (et a analys\u00e9 le futur r\u00f4le de l&rsquo;intelligence artificielle et de la robotisation).<\/em><\/p>\n","protected":false},"excerpt":{"rendered":"<p>59 % des travailleurs belges n&rsquo;ont pas peur de perdre leur emploi \u00e0 cause de la robotisation. A contrario,\u00a041 % d&rsquo;entre eux craignent pour leur emploi, pensant que la situation actuelle va in\u00e9vitablement changer. Selon l&rsquo;\u00e9tude commandit\u00e9e\u00a0par Indeed, le volet [&hellip;]<\/p>\n","protected":false},"author":2,"featured_media":0,"comment_status":"closed","ping_status":"open","sticky":false,"template":"","format":"standard","meta":[],"categories":[65,10],"tags":[679,1171,702,1926,833],"yoast_head":"<!-- This site is optimized with the Yoast SEO plugin v21.0 - https:\/\/yoast.com\/wordpress\/plugins\/seo\/ -->\n<title>Les travailleurs belges face \u00e0 la robotisation: des sentiments partag\u00e9s entre crainte et confiance. - Peoplesphere<\/title>\n<meta name=\"robots\" content=\"index, follow, max-snippet:-1, max-image-preview:large, max-video-preview:-1\" \/>\n<link rel=\"canonical\" href=\"https:\/\/peoplesphere.be\/fr\/travailleurs-belges-face-a-robotisation-sentiments-partages-entre-crainte-confiance\/\" \/>\n<meta property=\"og:locale\" content=\"fr_FR\" \/>\n<meta property=\"og:type\" content=\"article\" \/>\n<meta property=\"og:title\" content=\"Les travailleurs belges face \u00e0 la robotisation: des sentiments partag\u00e9s entre crainte et confiance. - Peoplesphere\" \/>\n<meta property=\"og:description\" content=\"59 % des travailleurs belges n&rsquo;ont pas peur de perdre leur emploi \u00e0 cause de la robotisation. A contrario,\u00a041 % d&rsquo;entre eux craignent pour leur emploi, pensant que la situation actuelle va in\u00e9vitablement changer. Selon l&rsquo;\u00e9tude commandit\u00e9e\u00a0par Indeed, le volet [&hellip;]\" \/>\n<meta property=\"og:url\" content=\"https:\/\/peoplesphere.be\/fr\/travailleurs-belges-face-a-robotisation-sentiments-partages-entre-crainte-confiance\/\" \/>\n<meta property=\"og:site_name\" content=\"Peoplesphere\" \/>\n<meta property=\"article:publisher\" content=\"https:\/\/www.facebook.com\/peoplesphere\" \/>\n<meta property=\"article:published_time\" content=\"2018-07-10T09:52:43+00:00\" \/>\n<meta property=\"article:modified_time\" content=\"2018-07-10T09:52:44+00:00\" \/>\n<meta property=\"og:image\" content=\"http:\/\/www.peoplesphere.be\/fr\/wp-content\/uploads\/2016\/07\/facebook-default-posting-1200x628px.jpg\" \/>\n<meta name=\"author\" content=\"Jean-Paul Erhard\" \/>\n<meta name=\"twitter:card\" content=\"summary_large_image\" \/>\n<meta name=\"twitter:creator\" content=\"@PeoplesphereMag\" \/>\n<meta name=\"twitter:site\" content=\"@PeoplesphereMag\" \/>\n<meta name=\"twitter:label1\" content=\"\u00c9crit par\" \/>\n\t<meta name=\"twitter:data1\" content=\"Jean-Paul Erhard\" \/>\n\t<meta name=\"twitter:label2\" content=\"Dur\u00e9e de lecture estim\u00e9e\" \/>\n\t<meta name=\"twitter:data2\" content=\"3 minutes\" \/>\n<script type=\"application\/ld+json\" class=\"yoast-schema-graph\">{\"@context\":\"https:\/\/schema.org\",\"@graph\":[{\"@type\":\"Article\",\"@id\":\"https:\/\/peoplesphere.be\/fr\/travailleurs-belges-face-a-robotisation-sentiments-partages-entre-crainte-confiance\/#article\",\"isPartOf\":{\"@id\":\"https:\/\/peoplesphere.be\/fr\/travailleurs-belges-face-a-robotisation-sentiments-partages-entre-crainte-confiance\/\"},\"author\":{\"name\":\"Jean-Paul Erhard\",\"@id\":\"https:\/\/peoplesphere.be\/fr\/#\/schema\/person\/7976225ff17988604334abb7b3536a7e\"},\"headline\":\"Les travailleurs belges face \u00e0 la robotisation: des sentiments partag\u00e9s entre crainte et confiance.\",\"datePublished\":\"2018-07-10T09:52:43+00:00\",\"dateModified\":\"2018-07-10T09:52:44+00:00\",\"mainEntityOfPage\":{\"@id\":\"https:\/\/peoplesphere.be\/fr\/travailleurs-belges-face-a-robotisation-sentiments-partages-entre-crainte-confiance\/\"},\"wordCount\":530,\"publisher\":{\"@id\":\"https:\/\/peoplesphere.be\/fr\/#organization\"},\"keywords\":[\"\u00e9conomie de l'\u00e9motion\",\"intelligence artificielle\",\"march\u00e9 de l'emploi\",\"perte d'emplois\",\"transformation digitale\"],\"articleSection\":[\"Actualit\u00e9s\",\"Digital\"],\"inLanguage\":\"fr-FR\"},{\"@type\":\"WebPage\",\"@id\":\"https:\/\/peoplesphere.be\/fr\/travailleurs-belges-face-a-robotisation-sentiments-partages-entre-crainte-confiance\/\",\"url\":\"https:\/\/peoplesphere.be\/fr\/travailleurs-belges-face-a-robotisation-sentiments-partages-entre-crainte-confiance\/\",\"name\":\"Les travailleurs belges face \u00e0 la robotisation: des sentiments partag\u00e9s entre crainte et confiance. - Peoplesphere\",\"isPartOf\":{\"@id\":\"https:\/\/peoplesphere.be\/fr\/#website\"},\"datePublished\":\"2018-07-10T09:52:43+00:00\",\"dateModified\":\"2018-07-10T09:52:44+00:00\",\"breadcrumb\":{\"@id\":\"https:\/\/peoplesphere.be\/fr\/travailleurs-belges-face-a-robotisation-sentiments-partages-entre-crainte-confiance\/#breadcrumb\"},\"inLanguage\":\"fr-FR\",\"potentialAction\":[{\"@type\":\"ReadAction\",\"target\":[\"https:\/\/peoplesphere.be\/fr\/travailleurs-belges-face-a-robotisation-sentiments-partages-entre-crainte-confiance\/\"]}]},{\"@type\":\"BreadcrumbList\",\"@id\":\"https:\/\/peoplesphere.be\/fr\/travailleurs-belges-face-a-robotisation-sentiments-partages-entre-crainte-confiance\/#breadcrumb\",\"itemListElement\":[{\"@type\":\"ListItem\",\"position\":1,\"name\":\"Accueil\",\"item\":\"https:\/\/peoplesphere.be\/fr\/\"},{\"@type\":\"ListItem\",\"position\":2,\"name\":\"Les travailleurs belges face \u00e0 la robotisation: des sentiments partag\u00e9s entre crainte et confiance.\"}]},{\"@type\":\"WebSite\",\"@id\":\"https:\/\/peoplesphere.be\/fr\/#website\",\"url\":\"https:\/\/peoplesphere.be\/fr\/\",\"name\":\"Peoplesphere\",\"description\":\"The People Managers Magazine\",\"publisher\":{\"@id\":\"https:\/\/peoplesphere.be\/fr\/#organization\"},\"potentialAction\":[{\"@type\":\"SearchAction\",\"target\":{\"@type\":\"EntryPoint\",\"urlTemplate\":\"https:\/\/peoplesphere.be\/fr\/?s={search_term_string}\"},\"query-input\":\"required name=search_term_string\"}],\"inLanguage\":\"fr-FR\"},{\"@type\":\"Organization\",\"@id\":\"https:\/\/peoplesphere.be\/fr\/#organization\",\"name\":\"Peoplesphere Company srl\",\"url\":\"https:\/\/peoplesphere.be\/fr\/\",\"logo\":{\"@type\":\"ImageObject\",\"inLanguage\":\"fr-FR\",\"@id\":\"https:\/\/peoplesphere.be\/fr\/#\/schema\/logo\/image\/\",\"url\":\"https:\/\/peoplesphere.be\/fr\/wp-content\/uploads\/2023\/07\/peoplesphere-lgo-new-generik.jpg\",\"contentUrl\":\"https:\/\/peoplesphere.be\/fr\/wp-content\/uploads\/2023\/07\/peoplesphere-lgo-new-generik.jpg\",\"width\":1031,\"height\":1479,\"caption\":\"Peoplesphere Company srl\"},\"image\":{\"@id\":\"https:\/\/peoplesphere.be\/fr\/#\/schema\/logo\/image\/\"},\"sameAs\":[\"https:\/\/www.facebook.com\/peoplesphere\",\"https:\/\/twitter.com\/PeoplesphereMag\",\"https:\/\/www.linkedin.com\/company\/7587361?trk\",\"http:\/\/youtube.com\/peoplesphere\"]},{\"@type\":\"Person\",\"@id\":\"https:\/\/peoplesphere.be\/fr\/#\/schema\/person\/7976225ff17988604334abb7b3536a7e\",\"name\":\"Jean-Paul Erhard\",\"image\":{\"@type\":\"ImageObject\",\"inLanguage\":\"fr-FR\",\"@id\":\"https:\/\/peoplesphere.be\/fr\/#\/schema\/person\/image\/\",\"url\":\"https:\/\/secure.gravatar.com\/avatar\/f941e681460179738071629a51574930?s=96&d=mm&r=g\",\"contentUrl\":\"https:\/\/secure.gravatar.com\/avatar\/f941e681460179738071629a51574930?s=96&d=mm&r=g\",\"caption\":\"Jean-Paul Erhard\"},\"url\":\"https:\/\/peoplesphere.be\/fr\/author\/jpe\/\"}]}<\/script>\n<!-- \/ Yoast SEO plugin. -->","yoast_head_json":{"title":"Les travailleurs belges face \u00e0 la robotisation: des sentiments partag\u00e9s entre crainte et confiance. - Peoplesphere","robots":{"index":"index","follow":"follow","max-snippet":"max-snippet:-1","max-image-preview":"max-image-preview:large","max-video-preview":"max-video-preview:-1"},"canonical":"https:\/\/peoplesphere.be\/fr\/travailleurs-belges-face-a-robotisation-sentiments-partages-entre-crainte-confiance\/","og_locale":"fr_FR","og_type":"article","og_title":"Les travailleurs belges face \u00e0 la robotisation: des sentiments partag\u00e9s entre crainte et confiance. - Peoplesphere","og_description":"59 % des travailleurs belges n&rsquo;ont pas peur de perdre leur emploi \u00e0 cause de la robotisation. A contrario,\u00a041 % d&rsquo;entre eux craignent pour leur emploi, pensant que la situation actuelle va in\u00e9vitablement changer. Selon l&rsquo;\u00e9tude commandit\u00e9e\u00a0par Indeed, le volet [&hellip;]","og_url":"https:\/\/peoplesphere.be\/fr\/travailleurs-belges-face-a-robotisation-sentiments-partages-entre-crainte-confiance\/","og_site_name":"Peoplesphere","article_publisher":"https:\/\/www.facebook.com\/peoplesphere","article_published_time":"2018-07-10T09:52:43+00:00","article_modified_time":"2018-07-10T09:52:44+00:00","og_image":[{"url":"http:\/\/www.peoplesphere.be\/fr\/wp-content\/uploads\/2016\/07\/facebook-default-posting-1200x628px.jpg"}],"author":"Jean-Paul Erhard","twitter_card":"summary_large_image","twitter_creator":"@PeoplesphereMag","twitter_site":"@PeoplesphereMag","twitter_misc":{"\u00c9crit par":"Jean-Paul Erhard","Dur\u00e9e de lecture estim\u00e9e":"3 minutes"},"schema":{"@context":"https:\/\/schema.org","@graph":[{"@type":"Article","@id":"https:\/\/peoplesphere.be\/fr\/travailleurs-belges-face-a-robotisation-sentiments-partages-entre-crainte-confiance\/#article","isPartOf":{"@id":"https:\/\/peoplesphere.be\/fr\/travailleurs-belges-face-a-robotisation-sentiments-partages-entre-crainte-confiance\/"},"author":{"name":"Jean-Paul Erhard","@id":"https:\/\/peoplesphere.be\/fr\/#\/schema\/person\/7976225ff17988604334abb7b3536a7e"},"headline":"Les travailleurs belges face \u00e0 la robotisation: des sentiments partag\u00e9s entre crainte et confiance.","datePublished":"2018-07-10T09:52:43+00:00","dateModified":"2018-07-10T09:52:44+00:00","mainEntityOfPage":{"@id":"https:\/\/peoplesphere.be\/fr\/travailleurs-belges-face-a-robotisation-sentiments-partages-entre-crainte-confiance\/"},"wordCount":530,"publisher":{"@id":"https:\/\/peoplesphere.be\/fr\/#organization"},"keywords":["\u00e9conomie de l'\u00e9motion","intelligence artificielle","march\u00e9 de l'emploi","perte d'emplois","transformation digitale"],"articleSection":["Actualit\u00e9s","Digital"],"inLanguage":"fr-FR"},{"@type":"WebPage","@id":"https:\/\/peoplesphere.be\/fr\/travailleurs-belges-face-a-robotisation-sentiments-partages-entre-crainte-confiance\/","url":"https:\/\/peoplesphere.be\/fr\/travailleurs-belges-face-a-robotisation-sentiments-partages-entre-crainte-confiance\/","name":"Les travailleurs belges face \u00e0 la robotisation: des sentiments partag\u00e9s entre crainte et confiance. - Peoplesphere","isPartOf":{"@id":"https:\/\/peoplesphere.be\/fr\/#website"},"datePublished":"2018-07-10T09:52:43+00:00","dateModified":"2018-07-10T09:52:44+00:00","breadcrumb":{"@id":"https:\/\/peoplesphere.be\/fr\/travailleurs-belges-face-a-robotisation-sentiments-partages-entre-crainte-confiance\/#breadcrumb"},"inLanguage":"fr-FR","potentialAction":[{"@type":"ReadAction","target":["https:\/\/peoplesphere.be\/fr\/travailleurs-belges-face-a-robotisation-sentiments-partages-entre-crainte-confiance\/"]}]},{"@type":"BreadcrumbList","@id":"https:\/\/peoplesphere.be\/fr\/travailleurs-belges-face-a-robotisation-sentiments-partages-entre-crainte-confiance\/#breadcrumb","itemListElement":[{"@type":"ListItem","position":1,"name":"Accueil","item":"https:\/\/peoplesphere.be\/fr\/"},{"@type":"ListItem","position":2,"name":"Les travailleurs belges face \u00e0 la robotisation: des sentiments partag\u00e9s entre crainte et confiance."}]},{"@type":"WebSite","@id":"https:\/\/peoplesphere.be\/fr\/#website","url":"https:\/\/peoplesphere.be\/fr\/","name":"Peoplesphere","description":"The People Managers Magazine","publisher":{"@id":"https:\/\/peoplesphere.be\/fr\/#organization"},"potentialAction":[{"@type":"SearchAction","target":{"@type":"EntryPoint","urlTemplate":"https:\/\/peoplesphere.be\/fr\/?s={search_term_string}"},"query-input":"required name=search_term_string"}],"inLanguage":"fr-FR"},{"@type":"Organization","@id":"https:\/\/peoplesphere.be\/fr\/#organization","name":"Peoplesphere Company srl","url":"https:\/\/peoplesphere.be\/fr\/","logo":{"@type":"ImageObject","inLanguage":"fr-FR","@id":"https:\/\/peoplesphere.be\/fr\/#\/schema\/logo\/image\/","url":"https:\/\/peoplesphere.be\/fr\/wp-content\/uploads\/2023\/07\/peoplesphere-lgo-new-generik.jpg","contentUrl":"https:\/\/peoplesphere.be\/fr\/wp-content\/uploads\/2023\/07\/peoplesphere-lgo-new-generik.jpg","width":1031,"height":1479,"caption":"Peoplesphere Company srl"},"image":{"@id":"https:\/\/peoplesphere.be\/fr\/#\/schema\/logo\/image\/"},"sameAs":["https:\/\/www.facebook.com\/peoplesphere","https:\/\/twitter.com\/PeoplesphereMag","https:\/\/www.linkedin.com\/company\/7587361?trk","http:\/\/youtube.com\/peoplesphere"]},{"@type":"Person","@id":"https:\/\/peoplesphere.be\/fr\/#\/schema\/person\/7976225ff17988604334abb7b3536a7e","name":"Jean-Paul Erhard","image":{"@type":"ImageObject","inLanguage":"fr-FR","@id":"https:\/\/peoplesphere.be\/fr\/#\/schema\/person\/image\/","url":"https:\/\/secure.gravatar.com\/avatar\/f941e681460179738071629a51574930?s=96&d=mm&r=g","contentUrl":"https:\/\/secure.gravatar.com\/avatar\/f941e681460179738071629a51574930?s=96&d=mm&r=g","caption":"Jean-Paul Erhard"},"url":"https:\/\/peoplesphere.be\/fr\/author\/jpe\/"}]}},"_links":{"self":[{"href":"https:\/\/peoplesphere.be\/fr\/wp-json\/wp\/v2\/posts\/6341"}],"collection":[{"href":"https:\/\/peoplesphere.be\/fr\/wp-json\/wp\/v2\/posts"}],"about":[{"href":"https:\/\/peoplesphere.be\/fr\/wp-json\/wp\/v2\/types\/post"}],"author":[{"embeddable":true,"href":"https:\/\/peoplesphere.be\/fr\/wp-json\/wp\/v2\/users\/2"}],"replies":[{"embeddable":true,"href":"https:\/\/peoplesphere.be\/fr\/wp-json\/wp\/v2\/comments?post=6341"}],"version-history":[{"count":1,"href":"https:\/\/peoplesphere.be\/fr\/wp-json\/wp\/v2\/posts\/6341\/revisions"}],"predecessor-version":[{"id":6342,"href":"https:\/\/peoplesphere.be\/fr\/wp-json\/wp\/v2\/posts\/6341\/revisions\/6342"}],"wp:attachment":[{"href":"https:\/\/peoplesphere.be\/fr\/wp-json\/wp\/v2\/media?parent=6341"}],"wp:term":[{"taxonomy":"category","embeddable":true,"href":"https:\/\/peoplesphere.be\/fr\/wp-json\/wp\/v2\/categories?post=6341"},{"taxonomy":"post_tag","embeddable":true,"href":"https:\/\/peoplesphere.be\/fr\/wp-json\/wp\/v2\/tags?post=6341"}],"curies":[{"name":"wp","href":"https:\/\/api.w.org\/{rel}","templated":true}]}}