









{"id":6397,"date":"2018-08-01T15:57:17","date_gmt":"2018-08-01T13:57:17","guid":{"rendered":"http:\/\/www.peoplesphere.be\/fr\/?p=6397"},"modified":"2018-08-01T15:57:17","modified_gmt":"2018-08-01T13:57:17","slug":"malgre-4-annees-de-diminution-taux-de-chomage-wallonie-compte-toujours-146-000-demandeurs-demploi","status":"publish","type":"post","link":"https:\/\/peoplesphere.be\/fr\/malgre-4-annees-de-diminution-taux-de-chomage-wallonie-compte-toujours-146-000-demandeurs-demploi\/","title":{"rendered":"Malgr\u00e9 4 ann\u00e9es de diminution du taux de ch\u00f4mage, la Wallonie compte toujours 146.000 demandeurs d&#8217;emploi."},"content":{"rendered":"<p>Le nombre de demandeurs d\u2019emploi inoccup\u00e9s en juillet par rapport \u00e0 juillet 2017 a diminu\u00e9 de 2.336 personnes, soit un recul d\u20191 %. Avec cette nouvelle diminution, la Wallonie enregistre son 49e mois cons\u00e9cutif de baisse du ch\u00f4mage. Bien que cette tendance \u00e0 la baisse se poursuive, cette courbe tend \u00e0 s\u2019aplanir par rapport aux mois pr\u00e9c\u00e9dents. Cet infl\u00e9chissement s\u2019explique par l\u2019augmentation de la cat\u00e9gorie \u00ab Autres demandeurs d\u2019emploi inscrits obligatoirement \u00bb (+8.565 personnes) suite \u00e0 la fusion de deux cat\u00e9gories de demandeurs d\u2019emploi.<!--more--><\/p>\n<p>Fin juillet 2018, la Wallonie compte 146.426 demandeurs d\u2019emploi (D.E.) demandeurs d\u2019allocations (dont 1.774 en Communaut\u00e9 germanophone) et 32.276 jeunes en stage d\u2019insertion professionnelle (dont 262 en Communaut\u00e9 germanophone). \u00c0 ceux-ci s\u2019ajoutent d\u2019autres demandeurs d\u2019emploi inoccup\u00e9s (D.E.I.) : 33.417 personnes inscrites obligatoirement et 12.148 demandeurs d\u2019emploi qui se sont librement inscrits, pour un total de 224.267 D.E.I. Ceux-ci repr\u00e9sentent 14,2 % de la population active wallonne.<\/p>\n<p><em><strong>Les &lsquo;transferts administratifs&rsquo; freinent la r\u00e9sorption du ch\u00f4mage.<\/strong><\/em><\/p>\n<p>M\u00eame si la demande d\u2019emploi continue son recul sur base annuelle (-1 %), la diminution est moins prononc\u00e9e que les mois pr\u00e9c\u00e9dents. Entre le 1er juillet 2017 et le 30 juin 2018, les demandeurs d\u2019emploi s\u2019inscrivant au Forem \u00e0 la demande d\u2019un CPAS ont \u00e9t\u00e9 vers\u00e9s, de mani\u00e8re transitoire, dans une cat\u00e9gorie n\u2019impactant pas le niveau de la demande d\u2019emploi. Cette mesure temporaire fait suite, d\u2019une part \u00e0 la modification de la convention-cadre conclue en 2016 entre la R\u00e9gion wallonne, la F\u00e9d\u00e9ration des CPAS et le Forem concernant l\u2019inscription des demandeurs d\u2019emploi \u00e0 la demande des CPAS et, d\u2019autre part, \u00e0 l\u2019obligation d\u2019inscription au Forem pour pouvoir b\u00e9n\u00e9ficier des aides Impulsions en juillet 2017. Ces deux \u00e9l\u00e9ments conjoints ont engendr\u00e9 une r\u00e9gularisation des demandeurs d\u2019emploi inscrits \u00e0 la demande des CPAS et ont n\u00e9cessit\u00e9 d\u2019organiser un transfert d\u2019information des CPAS (via la Banque Carrefour de la S\u00e9curit\u00e9 Sociale) vers le Forem.<\/p>\n<p>Les nouveaux inscrits ont \u00e9t\u00e9 enregistr\u00e9s dans une cat\u00e9gorie temporaire afin de ne pas gonfler artificiellement le nombre de demandeurs d\u2019emploi inoccup\u00e9s. Les flux de donn\u00e9es entre les CPAS et le Forem \u00e9tant op\u00e9rationnels, les demandeurs d\u2019emploi repris dans la cat\u00e9gorie transitoire sont d\u00e9sormais r\u00e9int\u00e9gr\u00e9s dans la cat\u00e9gorie des demandeurs d\u2019emploi inscrits \u00e0 la demande des CPAS (inscrits obligatoirement) avec, comme cons\u00e9quence par rapport \u00e0 juillet 2017, une augmentation de 8.565 demandeurs d\u2019emploi dans cette cat\u00e9gorie et, de ce fait, dans le chiffre global des demandeurs d\u2019emploi inoccup\u00e9s.<\/p>\n<p>Cette op\u00e9ration unique, visible dans l\u2019\u00e9volution, entre juin et juillet, du nombre de demandeurs d\u2019emploi inoccup\u00e9s (+ 15,9 %, ce qui d\u00e9passe les \u00e9carts habituellement observ\u00e9s en cette p\u00e9riode) n\u2019entraine pourtant pas une hausse de la demande d\u2019emploi \u00e0 un an d\u2019\u00e9cart. Il subsiste donc bien un recul structurel de la demande d\u2019emploi, que la r\u00e9int\u00e9gration de personnes inscrites \u00e0 la demande des CPAS a simplement amenuis\u00e9.<\/p>\n<p><em><strong>2.336 demandeurs d\u2019emploi de moins qu\u2019en juillet 2017.<\/strong><\/em><\/p>\n<p>La demande d\u2019emploi wallonne demeure en recul \u00e0 un an d\u2019\u00e9cart. A la fin du mois de juillet 2018, le nombre de D.E.I. enregistre une diminution de 1 %, correspondant \u00e0 2.336 personnes de moins qu\u2019\u00e0 fin juillet 2017.<\/p>\n<p>Cette baisse r\u00e9sulte d\u2019\u00e9volutions diff\u00e9renci\u00e9es selon la situation administrative des personnes inscrites et selon leurs caract\u00e9ristiques sociod\u00e9mographiques.<\/p>\n<p>Entre juillet 2017 et juillet 2018, la diminution de la demande d\u2019emploi la plus marqu\u00e9e (- 2,1 %) concerne les personnes \u00e2g\u00e9es de 50 ans et plus. Parmi celles qui ont de 30 \u00e0 moins de 40 ans, la demande d\u2019emploi s\u2019inscrit en l\u00e9g\u00e8re hausse (+ 0,5 %), contrairement \u00e0 la tendance g\u00e9n\u00e9rale.<\/p>\n<p>\u00c0 fin juillet 2018, 49,3 % des D.E.I. sont des femmes. Leur nombre a peu \u00e9volu\u00e9 en un an (- 0,1 %), tandis que le nombre d\u2019hommes est en diminution de 1,7 %.<\/p>\n<p>Les tendances sont contrast\u00e9es selon la classe de dur\u00e9e d\u2019inoccupation des personnes. La demande d\u2019emploi augmente le plus parmi les personnes inoccup\u00e9es depuis un an \u00e0 moins de deux ans (+ 6,0 %) et, de mani\u00e8re plus mod\u00e9r\u00e9e (+ 1,9 %), parmi celles inoccup\u00e9es depuis six mois \u00e0 moins d\u2019un an. Les personnes dont la dur\u00e9e d\u2019inoccupation est la plus faible ou, a contrario, la plus importante, voient leurs effectifs diminuer respectivement de &#8211; 3,9 % (inoccupation de moins de six mois) et de &#8211; 4,1 % (deux ans \u00e0 moins de cinq ans d\u2019inoccupation), et &#8211; 2,1 % (cinq ans et plus).<\/p>\n<p><em>Source : Forem<\/em><\/p>\n","protected":false},"excerpt":{"rendered":"<p>Le nombre de demandeurs d\u2019emploi inoccup\u00e9s en juillet par rapport \u00e0 juillet 2017 a diminu\u00e9 de 2.336 personnes, soit un recul d\u20191 %. Avec cette nouvelle diminution, la Wallonie enregistre son 49e mois cons\u00e9cutif de baisse du ch\u00f4mage. Bien que [&hellip;]<\/p>\n","protected":false},"author":2,"featured_media":0,"comment_status":"closed","ping_status":"open","sticky":false,"template":"","format":"standard","meta":[],"categories":[65,10],"tags":[92,2166,11,331,105,44,28],"yoast_head":"<!-- This site is optimized with the Yoast SEO plugin v21.0 - https:\/\/yoast.com\/wordpress\/plugins\/seo\/ -->\n<title>Malgr\u00e9 4 ann\u00e9es de diminution du taux de ch\u00f4mage, la Wallonie compte toujours 146.000 demandeurs d&#039;emploi. - Peoplesphere<\/title>\n<meta name=\"robots\" content=\"index, follow, max-snippet:-1, max-image-preview:large, max-video-preview:-1\" \/>\n<link rel=\"canonical\" href=\"https:\/\/peoplesphere.be\/fr\/malgre-4-annees-de-diminution-taux-de-chomage-wallonie-compte-toujours-146-000-demandeurs-demploi\/\" \/>\n<meta property=\"og:locale\" content=\"fr_FR\" \/>\n<meta property=\"og:type\" content=\"article\" \/>\n<meta property=\"og:title\" content=\"Malgr\u00e9 4 ann\u00e9es de diminution du taux de ch\u00f4mage, la Wallonie compte toujours 146.000 demandeurs d&#039;emploi. - Peoplesphere\" \/>\n<meta property=\"og:description\" content=\"Le nombre de demandeurs d\u2019emploi inoccup\u00e9s en juillet par rapport \u00e0 juillet 2017 a diminu\u00e9 de 2.336 personnes, soit un recul d\u20191 %. Avec cette nouvelle diminution, la Wallonie enregistre son 49e mois cons\u00e9cutif de baisse du ch\u00f4mage. Bien que [&hellip;]\" \/>\n<meta property=\"og:url\" content=\"https:\/\/peoplesphere.be\/fr\/malgre-4-annees-de-diminution-taux-de-chomage-wallonie-compte-toujours-146-000-demandeurs-demploi\/\" \/>\n<meta property=\"og:site_name\" content=\"Peoplesphere\" \/>\n<meta property=\"article:publisher\" content=\"https:\/\/www.facebook.com\/peoplesphere\" \/>\n<meta property=\"article:published_time\" content=\"2018-08-01T13:57:17+00:00\" \/>\n<meta property=\"og:image\" content=\"http:\/\/www.peoplesphere.be\/fr\/wp-content\/uploads\/2016\/07\/facebook-default-posting-1200x628px.jpg\" \/>\n<meta name=\"author\" content=\"Jean-Paul Erhard\" \/>\n<meta name=\"twitter:card\" content=\"summary_large_image\" \/>\n<meta name=\"twitter:creator\" content=\"@PeoplesphereMag\" \/>\n<meta name=\"twitter:site\" content=\"@PeoplesphereMag\" \/>\n<meta name=\"twitter:label1\" content=\"\u00c9crit par\" \/>\n\t<meta name=\"twitter:data1\" content=\"Jean-Paul Erhard\" \/>\n\t<meta name=\"twitter:label2\" content=\"Dur\u00e9e de lecture estim\u00e9e\" \/>\n\t<meta name=\"twitter:data2\" content=\"4 minutes\" \/>\n<script type=\"application\/ld+json\" class=\"yoast-schema-graph\">{\"@context\":\"https:\/\/schema.org\",\"@graph\":[{\"@type\":\"Article\",\"@id\":\"https:\/\/peoplesphere.be\/fr\/malgre-4-annees-de-diminution-taux-de-chomage-wallonie-compte-toujours-146-000-demandeurs-demploi\/#article\",\"isPartOf\":{\"@id\":\"https:\/\/peoplesphere.be\/fr\/malgre-4-annees-de-diminution-taux-de-chomage-wallonie-compte-toujours-146-000-demandeurs-demploi\/\"},\"author\":{\"name\":\"Jean-Paul Erhard\",\"@id\":\"https:\/\/peoplesphere.be\/fr\/#\/schema\/person\/7976225ff17988604334abb7b3536a7e\"},\"headline\":\"Malgr\u00e9 4 ann\u00e9es de diminution du taux de ch\u00f4mage, la Wallonie compte toujours 146.000 demandeurs d&#8217;emploi.\",\"datePublished\":\"2018-08-01T13:57:17+00:00\",\"dateModified\":\"2018-08-01T13:57:17+00:00\",\"mainEntityOfPage\":{\"@id\":\"https:\/\/peoplesphere.be\/fr\/malgre-4-annees-de-diminution-taux-de-chomage-wallonie-compte-toujours-146-000-demandeurs-demploi\/\"},\"wordCount\":779,\"publisher\":{\"@id\":\"https:\/\/peoplesphere.be\/fr\/#organization\"},\"keywords\":[\"ch\u00f4mage\",\"demande d'emploi\",\"emploi\",\"forem\",\"offres d'emploi\",\"Statistiques\",\"Wallonie\"],\"articleSection\":[\"Actualit\u00e9s\",\"Digital\"],\"inLanguage\":\"fr-FR\"},{\"@type\":\"WebPage\",\"@id\":\"https:\/\/peoplesphere.be\/fr\/malgre-4-annees-de-diminution-taux-de-chomage-wallonie-compte-toujours-146-000-demandeurs-demploi\/\",\"url\":\"https:\/\/peoplesphere.be\/fr\/malgre-4-annees-de-diminution-taux-de-chomage-wallonie-compte-toujours-146-000-demandeurs-demploi\/\",\"name\":\"Malgr\u00e9 4 ann\u00e9es de diminution du taux de ch\u00f4mage, la Wallonie compte toujours 146.000 demandeurs d'emploi. - Peoplesphere\",\"isPartOf\":{\"@id\":\"https:\/\/peoplesphere.be\/fr\/#website\"},\"datePublished\":\"2018-08-01T13:57:17+00:00\",\"dateModified\":\"2018-08-01T13:57:17+00:00\",\"breadcrumb\":{\"@id\":\"https:\/\/peoplesphere.be\/fr\/malgre-4-annees-de-diminution-taux-de-chomage-wallonie-compte-toujours-146-000-demandeurs-demploi\/#breadcrumb\"},\"inLanguage\":\"fr-FR\",\"potentialAction\":[{\"@type\":\"ReadAction\",\"target\":[\"https:\/\/peoplesphere.be\/fr\/malgre-4-annees-de-diminution-taux-de-chomage-wallonie-compte-toujours-146-000-demandeurs-demploi\/\"]}]},{\"@type\":\"BreadcrumbList\",\"@id\":\"https:\/\/peoplesphere.be\/fr\/malgre-4-annees-de-diminution-taux-de-chomage-wallonie-compte-toujours-146-000-demandeurs-demploi\/#breadcrumb\",\"itemListElement\":[{\"@type\":\"ListItem\",\"position\":1,\"name\":\"Accueil\",\"item\":\"https:\/\/peoplesphere.be\/fr\/\"},{\"@type\":\"ListItem\",\"position\":2,\"name\":\"Malgr\u00e9 4 ann\u00e9es de diminution du taux de ch\u00f4mage, la Wallonie compte toujours 146.000 demandeurs d&#8217;emploi.\"}]},{\"@type\":\"WebSite\",\"@id\":\"https:\/\/peoplesphere.be\/fr\/#website\",\"url\":\"https:\/\/peoplesphere.be\/fr\/\",\"name\":\"Peoplesphere\",\"description\":\"The People Managers Magazine\",\"publisher\":{\"@id\":\"https:\/\/peoplesphere.be\/fr\/#organization\"},\"potentialAction\":[{\"@type\":\"SearchAction\",\"target\":{\"@type\":\"EntryPoint\",\"urlTemplate\":\"https:\/\/peoplesphere.be\/fr\/?s={search_term_string}\"},\"query-input\":\"required name=search_term_string\"}],\"inLanguage\":\"fr-FR\"},{\"@type\":\"Organization\",\"@id\":\"https:\/\/peoplesphere.be\/fr\/#organization\",\"name\":\"Peoplesphere Company srl\",\"url\":\"https:\/\/peoplesphere.be\/fr\/\",\"logo\":{\"@type\":\"ImageObject\",\"inLanguage\":\"fr-FR\",\"@id\":\"https:\/\/peoplesphere.be\/fr\/#\/schema\/logo\/image\/\",\"url\":\"https:\/\/peoplesphere.be\/fr\/wp-content\/uploads\/2023\/07\/peoplesphere-lgo-new-generik.jpg\",\"contentUrl\":\"https:\/\/peoplesphere.be\/fr\/wp-content\/uploads\/2023\/07\/peoplesphere-lgo-new-generik.jpg\",\"width\":1031,\"height\":1479,\"caption\":\"Peoplesphere Company srl\"},\"image\":{\"@id\":\"https:\/\/peoplesphere.be\/fr\/#\/schema\/logo\/image\/\"},\"sameAs\":[\"https:\/\/www.facebook.com\/peoplesphere\",\"https:\/\/twitter.com\/PeoplesphereMag\",\"https:\/\/www.linkedin.com\/company\/7587361?trk\",\"http:\/\/youtube.com\/peoplesphere\"]},{\"@type\":\"Person\",\"@id\":\"https:\/\/peoplesphere.be\/fr\/#\/schema\/person\/7976225ff17988604334abb7b3536a7e\",\"name\":\"Jean-Paul Erhard\",\"image\":{\"@type\":\"ImageObject\",\"inLanguage\":\"fr-FR\",\"@id\":\"https:\/\/peoplesphere.be\/fr\/#\/schema\/person\/image\/\",\"url\":\"https:\/\/secure.gravatar.com\/avatar\/f941e681460179738071629a51574930?s=96&d=mm&r=g\",\"contentUrl\":\"https:\/\/secure.gravatar.com\/avatar\/f941e681460179738071629a51574930?s=96&d=mm&r=g\",\"caption\":\"Jean-Paul Erhard\"},\"url\":\"https:\/\/peoplesphere.be\/fr\/author\/jpe\/\"}]}<\/script>\n<!-- \/ Yoast SEO plugin. -->","yoast_head_json":{"title":"Malgr\u00e9 4 ann\u00e9es de diminution du taux de ch\u00f4mage, la Wallonie compte toujours 146.000 demandeurs d'emploi. - Peoplesphere","robots":{"index":"index","follow":"follow","max-snippet":"max-snippet:-1","max-image-preview":"max-image-preview:large","max-video-preview":"max-video-preview:-1"},"canonical":"https:\/\/peoplesphere.be\/fr\/malgre-4-annees-de-diminution-taux-de-chomage-wallonie-compte-toujours-146-000-demandeurs-demploi\/","og_locale":"fr_FR","og_type":"article","og_title":"Malgr\u00e9 4 ann\u00e9es de diminution du taux de ch\u00f4mage, la Wallonie compte toujours 146.000 demandeurs d'emploi. - Peoplesphere","og_description":"Le nombre de demandeurs d\u2019emploi inoccup\u00e9s en juillet par rapport \u00e0 juillet 2017 a diminu\u00e9 de 2.336 personnes, soit un recul d\u20191 %. Avec cette nouvelle diminution, la Wallonie enregistre son 49e mois cons\u00e9cutif de baisse du ch\u00f4mage. Bien que [&hellip;]","og_url":"https:\/\/peoplesphere.be\/fr\/malgre-4-annees-de-diminution-taux-de-chomage-wallonie-compte-toujours-146-000-demandeurs-demploi\/","og_site_name":"Peoplesphere","article_publisher":"https:\/\/www.facebook.com\/peoplesphere","article_published_time":"2018-08-01T13:57:17+00:00","og_image":[{"url":"http:\/\/www.peoplesphere.be\/fr\/wp-content\/uploads\/2016\/07\/facebook-default-posting-1200x628px.jpg"}],"author":"Jean-Paul Erhard","twitter_card":"summary_large_image","twitter_creator":"@PeoplesphereMag","twitter_site":"@PeoplesphereMag","twitter_misc":{"\u00c9crit par":"Jean-Paul Erhard","Dur\u00e9e de lecture estim\u00e9e":"4 minutes"},"schema":{"@context":"https:\/\/schema.org","@graph":[{"@type":"Article","@id":"https:\/\/peoplesphere.be\/fr\/malgre-4-annees-de-diminution-taux-de-chomage-wallonie-compte-toujours-146-000-demandeurs-demploi\/#article","isPartOf":{"@id":"https:\/\/peoplesphere.be\/fr\/malgre-4-annees-de-diminution-taux-de-chomage-wallonie-compte-toujours-146-000-demandeurs-demploi\/"},"author":{"name":"Jean-Paul Erhard","@id":"https:\/\/peoplesphere.be\/fr\/#\/schema\/person\/7976225ff17988604334abb7b3536a7e"},"headline":"Malgr\u00e9 4 ann\u00e9es de diminution du taux de ch\u00f4mage, la Wallonie compte toujours 146.000 demandeurs d&#8217;emploi.","datePublished":"2018-08-01T13:57:17+00:00","dateModified":"2018-08-01T13:57:17+00:00","mainEntityOfPage":{"@id":"https:\/\/peoplesphere.be\/fr\/malgre-4-annees-de-diminution-taux-de-chomage-wallonie-compte-toujours-146-000-demandeurs-demploi\/"},"wordCount":779,"publisher":{"@id":"https:\/\/peoplesphere.be\/fr\/#organization"},"keywords":["ch\u00f4mage","demande d'emploi","emploi","forem","offres d'emploi","Statistiques","Wallonie"],"articleSection":["Actualit\u00e9s","Digital"],"inLanguage":"fr-FR"},{"@type":"WebPage","@id":"https:\/\/peoplesphere.be\/fr\/malgre-4-annees-de-diminution-taux-de-chomage-wallonie-compte-toujours-146-000-demandeurs-demploi\/","url":"https:\/\/peoplesphere.be\/fr\/malgre-4-annees-de-diminution-taux-de-chomage-wallonie-compte-toujours-146-000-demandeurs-demploi\/","name":"Malgr\u00e9 4 ann\u00e9es de diminution du taux de ch\u00f4mage, la Wallonie compte toujours 146.000 demandeurs d'emploi. - Peoplesphere","isPartOf":{"@id":"https:\/\/peoplesphere.be\/fr\/#website"},"datePublished":"2018-08-01T13:57:17+00:00","dateModified":"2018-08-01T13:57:17+00:00","breadcrumb":{"@id":"https:\/\/peoplesphere.be\/fr\/malgre-4-annees-de-diminution-taux-de-chomage-wallonie-compte-toujours-146-000-demandeurs-demploi\/#breadcrumb"},"inLanguage":"fr-FR","potentialAction":[{"@type":"ReadAction","target":["https:\/\/peoplesphere.be\/fr\/malgre-4-annees-de-diminution-taux-de-chomage-wallonie-compte-toujours-146-000-demandeurs-demploi\/"]}]},{"@type":"BreadcrumbList","@id":"https:\/\/peoplesphere.be\/fr\/malgre-4-annees-de-diminution-taux-de-chomage-wallonie-compte-toujours-146-000-demandeurs-demploi\/#breadcrumb","itemListElement":[{"@type":"ListItem","position":1,"name":"Accueil","item":"https:\/\/peoplesphere.be\/fr\/"},{"@type":"ListItem","position":2,"name":"Malgr\u00e9 4 ann\u00e9es de diminution du taux de ch\u00f4mage, la Wallonie compte toujours 146.000 demandeurs d&#8217;emploi."}]},{"@type":"WebSite","@id":"https:\/\/peoplesphere.be\/fr\/#website","url":"https:\/\/peoplesphere.be\/fr\/","name":"Peoplesphere","description":"The People Managers Magazine","publisher":{"@id":"https:\/\/peoplesphere.be\/fr\/#organization"},"potentialAction":[{"@type":"SearchAction","target":{"@type":"EntryPoint","urlTemplate":"https:\/\/peoplesphere.be\/fr\/?s={search_term_string}"},"query-input":"required name=search_term_string"}],"inLanguage":"fr-FR"},{"@type":"Organization","@id":"https:\/\/peoplesphere.be\/fr\/#organization","name":"Peoplesphere Company srl","url":"https:\/\/peoplesphere.be\/fr\/","logo":{"@type":"ImageObject","inLanguage":"fr-FR","@id":"https:\/\/peoplesphere.be\/fr\/#\/schema\/logo\/image\/","url":"https:\/\/peoplesphere.be\/fr\/wp-content\/uploads\/2023\/07\/peoplesphere-lgo-new-generik.jpg","contentUrl":"https:\/\/peoplesphere.be\/fr\/wp-content\/uploads\/2023\/07\/peoplesphere-lgo-new-generik.jpg","width":1031,"height":1479,"caption":"Peoplesphere Company srl"},"image":{"@id":"https:\/\/peoplesphere.be\/fr\/#\/schema\/logo\/image\/"},"sameAs":["https:\/\/www.facebook.com\/peoplesphere","https:\/\/twitter.com\/PeoplesphereMag","https:\/\/www.linkedin.com\/company\/7587361?trk","http:\/\/youtube.com\/peoplesphere"]},{"@type":"Person","@id":"https:\/\/peoplesphere.be\/fr\/#\/schema\/person\/7976225ff17988604334abb7b3536a7e","name":"Jean-Paul Erhard","image":{"@type":"ImageObject","inLanguage":"fr-FR","@id":"https:\/\/peoplesphere.be\/fr\/#\/schema\/person\/image\/","url":"https:\/\/secure.gravatar.com\/avatar\/f941e681460179738071629a51574930?s=96&d=mm&r=g","contentUrl":"https:\/\/secure.gravatar.com\/avatar\/f941e681460179738071629a51574930?s=96&d=mm&r=g","caption":"Jean-Paul Erhard"},"url":"https:\/\/peoplesphere.be\/fr\/author\/jpe\/"}]}},"_links":{"self":[{"href":"https:\/\/peoplesphere.be\/fr\/wp-json\/wp\/v2\/posts\/6397"}],"collection":[{"href":"https:\/\/peoplesphere.be\/fr\/wp-json\/wp\/v2\/posts"}],"about":[{"href":"https:\/\/peoplesphere.be\/fr\/wp-json\/wp\/v2\/types\/post"}],"author":[{"embeddable":true,"href":"https:\/\/peoplesphere.be\/fr\/wp-json\/wp\/v2\/users\/2"}],"replies":[{"embeddable":true,"href":"https:\/\/peoplesphere.be\/fr\/wp-json\/wp\/v2\/comments?post=6397"}],"version-history":[{"count":1,"href":"https:\/\/peoplesphere.be\/fr\/wp-json\/wp\/v2\/posts\/6397\/revisions"}],"predecessor-version":[{"id":6398,"href":"https:\/\/peoplesphere.be\/fr\/wp-json\/wp\/v2\/posts\/6397\/revisions\/6398"}],"wp:attachment":[{"href":"https:\/\/peoplesphere.be\/fr\/wp-json\/wp\/v2\/media?parent=6397"}],"wp:term":[{"taxonomy":"category","embeddable":true,"href":"https:\/\/peoplesphere.be\/fr\/wp-json\/wp\/v2\/categories?post=6397"},{"taxonomy":"post_tag","embeddable":true,"href":"https:\/\/peoplesphere.be\/fr\/wp-json\/wp\/v2\/tags?post=6397"}],"curies":[{"name":"wp","href":"https:\/\/api.w.org\/{rel}","templated":true}]}}