









{"id":6427,"date":"2018-08-14T15:48:17","date_gmt":"2018-08-14T13:48:17","guid":{"rendered":"http:\/\/www.peoplesphere.be\/fr\/?p=6427"},"modified":"2023-11-27T07:30:02","modified_gmt":"2023-11-27T05:30:02","slug":"transformation-digitale-becode-cefora-veulent-donner-acces-direct-aux-metiers-codage-informatique-a-liege","status":"publish","type":"post","link":"https:\/\/peoplesphere.be\/fr\/transformation-digitale-becode-cefora-veulent-donner-acces-direct-aux-metiers-codage-informatique-a-liege\/","title":{"rendered":"Transformation digitale: BeCode et le Cefora veulent donner un acc\u00e8s direct aux m\u00e9tiers du codage informatique \u00e0 Li\u00e8ge."},"content":{"rendered":"<p>La formation gratuite BeCode s\u2019installe dans la Cit\u00e9 Ardente et proposera ainsi un nouveau d\u00e9part \u00e0 25 Li\u00e9geois pour leur permettre de trouver un emploi en tant que d\u00e9veloppeur web. En bonus pour les participants: un coaching individuel de la part du Cefora. Le secteur est \u00e9videmment hyper attractif et promet, surtout, de nouveaux emplois \u00e0 la pelle&#8230;<!--more--><\/p>\n<p>Les chiffres sont clairs: dans les deux ann\u00e9es \u00e0 venir, 30.000 emplois dans le domaine de l\u2019IT seront vacants en Belgique. Parall\u00e8lement, le taux de ch\u00f4mage des jeunes est tr\u00e8s \u00e9lev\u00e9 (23% pour la Belgique et jusqu\u2019\u00e0 26.5% dans les grandes villes du royaume). D\u2019o\u00f9 l\u2019importance de former dans la programmation de sites web et d\u2019applications mobiles.<\/p>\n<p>BeCode souhaite donner un coup de pouce aux demandeurs d\u2019emploi en leur proposant un nouveau d\u00e9part.\u00a0C&rsquo;est ce que confirme Ludovic Patho, formateur \u00e0 BeCode: \u201cBeCode est une formation qualitative qui correspond \u00e0 ce dont les entreprises ont besoin de toute urgence et qui adopte une m\u00e9thodologie qui se centre sur les bonnes attitudes et comp\u00e9tences \u00e0 acqu\u00e9rir.\u201d<\/p>\n<p>C\u00e9dric Swaelens, COO de BeCode, se r\u00e9jouit de sa nouvelle collaboration avec le Cefora. <em>\u201dNous entamons un partenariat national avec le Cefora (Centre de formation de la CP200) qui nous \u00e9paulera notamment dans le coaching de nos apprenants et dans leur recherche d\u2019emploi.\u201d<\/em> Olivier Lambert, directeur du Cefora, poursuit : <em>\u00ab\u00a0Pour trouver un emploi durable, avoir de solides connaissances techniques ne suffit plus. Le stagiaire doit \u00e9galement acqu\u00e9rir des comp\u00e9tences comportementales indispensables \u00e0 son \u00e9panouissement et \u00e0 sa p\u00e9rennit\u00e9 dans l\u2019entreprise. C\u2019est pour cette raison que le Cefora va proposer aux participants des cours de communication ainsi qu\u2019un coaching individuel pour la recherche d\u2019emploi.\u00a0\u00bb<\/em><\/p>\n<p><strong><em>Une formation d\u2019un genre nouveau<\/em><\/strong><\/p>\n<p>BeCode n\u2019est pas une formation comme les autres. \u201c<em>En misant sur la p\u00e9dagogie active, BeCode s\u2019adresse \u00e0 ceux pour qui le syst\u00e8me d\u2019apprentissage \u2018conventionnel\u2019 ne convient pas\u201d,<\/em> explique C\u00e9dric Swaelens, COO de BeCode. <em>\u201cChez BeCode, on apprend \u00e0 concevoir des sites web et des applications en se plongeant imm\u00e9diatement dans la pratique.<\/em><\/p>\n<p><em>\u201cDepuis le lancement de BeCode l\u2019ann\u00e9e derni\u00e8re, la demande pour une formation gratuite en d\u00e9veloppement web \u00e0 Li\u00e8ge n\u2019a cess\u00e9 de cro\u00eetre\u201d<\/em>, indique Tom Crohin, en charge de la communication du centre de formation.<\/p>\n<p>BeCode d\u00e9barque donc \u00e0 Li\u00e8ge cet automne. La formation dure 7 mois et est totalement gratuite. Les inscriptions sont d\u00e9j\u00e0 ouvertes sur <a href=\"https:\/\/register.becode.org\">https:\/\/register.becode.org<\/a><\/p>\n","protected":false},"excerpt":{"rendered":"<p>La formation gratuite BeCode s\u2019installe dans la Cit\u00e9 Ardente et proposera ainsi un nouveau d\u00e9part \u00e0 25 Li\u00e9geois pour leur permettre de trouver un emploi en tant que d\u00e9veloppeur web. En bonus pour les participants: un coaching individuel de la [&hellip;]<\/p>\n","protected":false},"author":2,"featured_media":6428,"comment_status":"closed","ping_status":"open","sticky":false,"template":"","format":"standard","meta":[],"categories":[65,10],"tags":[47,2179,1587,77,48,2180,833],"yoast_head":"<!-- This site is optimized with the Yoast SEO plugin v21.0 - https:\/\/yoast.com\/wordpress\/plugins\/seo\/ -->\n<title>Transformation digitale: BeCode et le Cefora veulent donner un acc\u00e8s direct aux m\u00e9tiers du codage informatique \u00e0 Li\u00e8ge. - Peoplesphere<\/title>\n<meta name=\"robots\" content=\"index, follow, max-snippet:-1, max-image-preview:large, max-video-preview:-1\" \/>\n<link rel=\"canonical\" href=\"https:\/\/peoplesphere.be\/fr\/transformation-digitale-becode-cefora-veulent-donner-acces-direct-aux-metiers-codage-informatique-a-liege\/\" \/>\n<meta property=\"og:locale\" content=\"fr_FR\" \/>\n<meta property=\"og:type\" content=\"article\" \/>\n<meta property=\"og:title\" content=\"Transformation digitale: BeCode et le Cefora veulent donner un acc\u00e8s direct aux m\u00e9tiers du codage informatique \u00e0 Li\u00e8ge. - Peoplesphere\" \/>\n<meta property=\"og:description\" content=\"La formation gratuite BeCode s\u2019installe dans la Cit\u00e9 Ardente et proposera ainsi un nouveau d\u00e9part \u00e0 25 Li\u00e9geois pour leur permettre de trouver un emploi en tant que d\u00e9veloppeur web. En bonus pour les participants: un coaching individuel de la [&hellip;]\" \/>\n<meta property=\"og:url\" content=\"https:\/\/peoplesphere.be\/fr\/transformation-digitale-becode-cefora-veulent-donner-acces-direct-aux-metiers-codage-informatique-a-liege\/\" \/>\n<meta property=\"og:site_name\" content=\"Peoplesphere\" \/>\n<meta property=\"article:publisher\" content=\"https:\/\/www.facebook.com\/peoplesphere\" \/>\n<meta property=\"article:published_time\" content=\"2018-08-14T13:48:17+00:00\" \/>\n<meta property=\"article:modified_time\" content=\"2023-11-27T05:30:02+00:00\" \/>\n<meta property=\"og:image\" content=\"https:\/\/peoplesphere.be\/fr\/wp-content\/uploads\/2018\/08\/becode.png\" \/>\n\t<meta property=\"og:image:width\" content=\"500\" \/>\n\t<meta property=\"og:image:height\" content=\"262\" \/>\n\t<meta property=\"og:image:type\" content=\"image\/png\" \/>\n<meta name=\"author\" content=\"Jean-Paul Erhard\" \/>\n<meta name=\"twitter:card\" content=\"summary_large_image\" \/>\n<meta name=\"twitter:creator\" content=\"@PeoplesphereMag\" \/>\n<meta name=\"twitter:site\" content=\"@PeoplesphereMag\" \/>\n<meta name=\"twitter:label1\" content=\"\u00c9crit par\" \/>\n\t<meta name=\"twitter:data1\" content=\"Jean-Paul Erhard\" \/>\n\t<meta name=\"twitter:label2\" content=\"Dur\u00e9e de lecture estim\u00e9e\" \/>\n\t<meta name=\"twitter:data2\" content=\"2 minutes\" \/>\n<script type=\"application\/ld+json\" class=\"yoast-schema-graph\">{\"@context\":\"https:\/\/schema.org\",\"@graph\":[{\"@type\":\"Article\",\"@id\":\"https:\/\/peoplesphere.be\/fr\/transformation-digitale-becode-cefora-veulent-donner-acces-direct-aux-metiers-codage-informatique-a-liege\/#article\",\"isPartOf\":{\"@id\":\"https:\/\/peoplesphere.be\/fr\/transformation-digitale-becode-cefora-veulent-donner-acces-direct-aux-metiers-codage-informatique-a-liege\/\"},\"author\":{\"name\":\"Jean-Paul Erhard\",\"@id\":\"https:\/\/peoplesphere.be\/fr\/#\/schema\/person\/7976225ff17988604334abb7b3536a7e\"},\"headline\":\"Transformation digitale: BeCode et le Cefora veulent donner un acc\u00e8s direct aux m\u00e9tiers du codage informatique \u00e0 Li\u00e8ge.\",\"datePublished\":\"2018-08-14T13:48:17+00:00\",\"dateModified\":\"2023-11-27T05:30:02+00:00\",\"mainEntityOfPage\":{\"@id\":\"https:\/\/peoplesphere.be\/fr\/transformation-digitale-becode-cefora-veulent-donner-acces-direct-aux-metiers-codage-informatique-a-liege\/\"},\"wordCount\":441,\"publisher\":{\"@id\":\"https:\/\/peoplesphere.be\/fr\/#organization\"},\"keywords\":[\"Apprentissage\",\"BeCode\",\"cefora\",\"digital\",\"Formation\",\"nouveaux m\u00e9tiers\",\"transformation digitale\"],\"articleSection\":[\"Actualit\u00e9s\",\"Digital\"],\"inLanguage\":\"fr-FR\"},{\"@type\":\"WebPage\",\"@id\":\"https:\/\/peoplesphere.be\/fr\/transformation-digitale-becode-cefora-veulent-donner-acces-direct-aux-metiers-codage-informatique-a-liege\/\",\"url\":\"https:\/\/peoplesphere.be\/fr\/transformation-digitale-becode-cefora-veulent-donner-acces-direct-aux-metiers-codage-informatique-a-liege\/\",\"name\":\"Transformation digitale: BeCode et le Cefora veulent donner un acc\u00e8s direct aux m\u00e9tiers du codage informatique \u00e0 Li\u00e8ge. - Peoplesphere\",\"isPartOf\":{\"@id\":\"https:\/\/peoplesphere.be\/fr\/#website\"},\"datePublished\":\"2018-08-14T13:48:17+00:00\",\"dateModified\":\"2023-11-27T05:30:02+00:00\",\"breadcrumb\":{\"@id\":\"https:\/\/peoplesphere.be\/fr\/transformation-digitale-becode-cefora-veulent-donner-acces-direct-aux-metiers-codage-informatique-a-liege\/#breadcrumb\"},\"inLanguage\":\"fr-FR\",\"potentialAction\":[{\"@type\":\"ReadAction\",\"target\":[\"https:\/\/peoplesphere.be\/fr\/transformation-digitale-becode-cefora-veulent-donner-acces-direct-aux-metiers-codage-informatique-a-liege\/\"]}]},{\"@type\":\"BreadcrumbList\",\"@id\":\"https:\/\/peoplesphere.be\/fr\/transformation-digitale-becode-cefora-veulent-donner-acces-direct-aux-metiers-codage-informatique-a-liege\/#breadcrumb\",\"itemListElement\":[{\"@type\":\"ListItem\",\"position\":1,\"name\":\"Accueil\",\"item\":\"https:\/\/peoplesphere.be\/fr\/\"},{\"@type\":\"ListItem\",\"position\":2,\"name\":\"Transformation digitale: BeCode et le Cefora veulent donner un acc\u00e8s direct aux m\u00e9tiers du codage informatique \u00e0 Li\u00e8ge.\"}]},{\"@type\":\"WebSite\",\"@id\":\"https:\/\/peoplesphere.be\/fr\/#website\",\"url\":\"https:\/\/peoplesphere.be\/fr\/\",\"name\":\"Peoplesphere\",\"description\":\"The People Managers Magazine\",\"publisher\":{\"@id\":\"https:\/\/peoplesphere.be\/fr\/#organization\"},\"potentialAction\":[{\"@type\":\"SearchAction\",\"target\":{\"@type\":\"EntryPoint\",\"urlTemplate\":\"https:\/\/peoplesphere.be\/fr\/?s={search_term_string}\"},\"query-input\":\"required name=search_term_string\"}],\"inLanguage\":\"fr-FR\"},{\"@type\":\"Organization\",\"@id\":\"https:\/\/peoplesphere.be\/fr\/#organization\",\"name\":\"Peoplesphere Company srl\",\"url\":\"https:\/\/peoplesphere.be\/fr\/\",\"logo\":{\"@type\":\"ImageObject\",\"inLanguage\":\"fr-FR\",\"@id\":\"https:\/\/peoplesphere.be\/fr\/#\/schema\/logo\/image\/\",\"url\":\"https:\/\/peoplesphere.be\/fr\/wp-content\/uploads\/2023\/07\/peoplesphere-lgo-new-generik.jpg\",\"contentUrl\":\"https:\/\/peoplesphere.be\/fr\/wp-content\/uploads\/2023\/07\/peoplesphere-lgo-new-generik.jpg\",\"width\":1031,\"height\":1479,\"caption\":\"Peoplesphere Company srl\"},\"image\":{\"@id\":\"https:\/\/peoplesphere.be\/fr\/#\/schema\/logo\/image\/\"},\"sameAs\":[\"https:\/\/www.facebook.com\/peoplesphere\",\"https:\/\/twitter.com\/PeoplesphereMag\",\"https:\/\/www.linkedin.com\/company\/7587361?trk\",\"http:\/\/youtube.com\/peoplesphere\"]},{\"@type\":\"Person\",\"@id\":\"https:\/\/peoplesphere.be\/fr\/#\/schema\/person\/7976225ff17988604334abb7b3536a7e\",\"name\":\"Jean-Paul Erhard\",\"image\":{\"@type\":\"ImageObject\",\"inLanguage\":\"fr-FR\",\"@id\":\"https:\/\/peoplesphere.be\/fr\/#\/schema\/person\/image\/\",\"url\":\"https:\/\/secure.gravatar.com\/avatar\/f941e681460179738071629a51574930?s=96&d=mm&r=g\",\"contentUrl\":\"https:\/\/secure.gravatar.com\/avatar\/f941e681460179738071629a51574930?s=96&d=mm&r=g\",\"caption\":\"Jean-Paul Erhard\"},\"url\":\"https:\/\/peoplesphere.be\/fr\/author\/jpe\/\"}]}<\/script>\n<!-- \/ Yoast SEO plugin. -->","yoast_head_json":{"title":"Transformation digitale: BeCode et le Cefora veulent donner un acc\u00e8s direct aux m\u00e9tiers du codage informatique \u00e0 Li\u00e8ge. - Peoplesphere","robots":{"index":"index","follow":"follow","max-snippet":"max-snippet:-1","max-image-preview":"max-image-preview:large","max-video-preview":"max-video-preview:-1"},"canonical":"https:\/\/peoplesphere.be\/fr\/transformation-digitale-becode-cefora-veulent-donner-acces-direct-aux-metiers-codage-informatique-a-liege\/","og_locale":"fr_FR","og_type":"article","og_title":"Transformation digitale: BeCode et le Cefora veulent donner un acc\u00e8s direct aux m\u00e9tiers du codage informatique \u00e0 Li\u00e8ge. - Peoplesphere","og_description":"La formation gratuite BeCode s\u2019installe dans la Cit\u00e9 Ardente et proposera ainsi un nouveau d\u00e9part \u00e0 25 Li\u00e9geois pour leur permettre de trouver un emploi en tant que d\u00e9veloppeur web. En bonus pour les participants: un coaching individuel de la [&hellip;]","og_url":"https:\/\/peoplesphere.be\/fr\/transformation-digitale-becode-cefora-veulent-donner-acces-direct-aux-metiers-codage-informatique-a-liege\/","og_site_name":"Peoplesphere","article_publisher":"https:\/\/www.facebook.com\/peoplesphere","article_published_time":"2018-08-14T13:48:17+00:00","article_modified_time":"2023-11-27T05:30:02+00:00","og_image":[{"width":500,"height":262,"url":"https:\/\/peoplesphere.be\/fr\/wp-content\/uploads\/2018\/08\/becode.png","type":"image\/png"}],"author":"Jean-Paul Erhard","twitter_card":"summary_large_image","twitter_creator":"@PeoplesphereMag","twitter_site":"@PeoplesphereMag","twitter_misc":{"\u00c9crit par":"Jean-Paul Erhard","Dur\u00e9e de lecture estim\u00e9e":"2 minutes"},"schema":{"@context":"https:\/\/schema.org","@graph":[{"@type":"Article","@id":"https:\/\/peoplesphere.be\/fr\/transformation-digitale-becode-cefora-veulent-donner-acces-direct-aux-metiers-codage-informatique-a-liege\/#article","isPartOf":{"@id":"https:\/\/peoplesphere.be\/fr\/transformation-digitale-becode-cefora-veulent-donner-acces-direct-aux-metiers-codage-informatique-a-liege\/"},"author":{"name":"Jean-Paul Erhard","@id":"https:\/\/peoplesphere.be\/fr\/#\/schema\/person\/7976225ff17988604334abb7b3536a7e"},"headline":"Transformation digitale: BeCode et le Cefora veulent donner un acc\u00e8s direct aux m\u00e9tiers du codage informatique \u00e0 Li\u00e8ge.","datePublished":"2018-08-14T13:48:17+00:00","dateModified":"2023-11-27T05:30:02+00:00","mainEntityOfPage":{"@id":"https:\/\/peoplesphere.be\/fr\/transformation-digitale-becode-cefora-veulent-donner-acces-direct-aux-metiers-codage-informatique-a-liege\/"},"wordCount":441,"publisher":{"@id":"https:\/\/peoplesphere.be\/fr\/#organization"},"keywords":["Apprentissage","BeCode","cefora","digital","Formation","nouveaux m\u00e9tiers","transformation digitale"],"articleSection":["Actualit\u00e9s","Digital"],"inLanguage":"fr-FR"},{"@type":"WebPage","@id":"https:\/\/peoplesphere.be\/fr\/transformation-digitale-becode-cefora-veulent-donner-acces-direct-aux-metiers-codage-informatique-a-liege\/","url":"https:\/\/peoplesphere.be\/fr\/transformation-digitale-becode-cefora-veulent-donner-acces-direct-aux-metiers-codage-informatique-a-liege\/","name":"Transformation digitale: BeCode et le Cefora veulent donner un acc\u00e8s direct aux m\u00e9tiers du codage informatique \u00e0 Li\u00e8ge. - Peoplesphere","isPartOf":{"@id":"https:\/\/peoplesphere.be\/fr\/#website"},"datePublished":"2018-08-14T13:48:17+00:00","dateModified":"2023-11-27T05:30:02+00:00","breadcrumb":{"@id":"https:\/\/peoplesphere.be\/fr\/transformation-digitale-becode-cefora-veulent-donner-acces-direct-aux-metiers-codage-informatique-a-liege\/#breadcrumb"},"inLanguage":"fr-FR","potentialAction":[{"@type":"ReadAction","target":["https:\/\/peoplesphere.be\/fr\/transformation-digitale-becode-cefora-veulent-donner-acces-direct-aux-metiers-codage-informatique-a-liege\/"]}]},{"@type":"BreadcrumbList","@id":"https:\/\/peoplesphere.be\/fr\/transformation-digitale-becode-cefora-veulent-donner-acces-direct-aux-metiers-codage-informatique-a-liege\/#breadcrumb","itemListElement":[{"@type":"ListItem","position":1,"name":"Accueil","item":"https:\/\/peoplesphere.be\/fr\/"},{"@type":"ListItem","position":2,"name":"Transformation digitale: BeCode et le Cefora veulent donner un acc\u00e8s direct aux m\u00e9tiers du codage informatique \u00e0 Li\u00e8ge."}]},{"@type":"WebSite","@id":"https:\/\/peoplesphere.be\/fr\/#website","url":"https:\/\/peoplesphere.be\/fr\/","name":"Peoplesphere","description":"The People Managers Magazine","publisher":{"@id":"https:\/\/peoplesphere.be\/fr\/#organization"},"potentialAction":[{"@type":"SearchAction","target":{"@type":"EntryPoint","urlTemplate":"https:\/\/peoplesphere.be\/fr\/?s={search_term_string}"},"query-input":"required name=search_term_string"}],"inLanguage":"fr-FR"},{"@type":"Organization","@id":"https:\/\/peoplesphere.be\/fr\/#organization","name":"Peoplesphere Company srl","url":"https:\/\/peoplesphere.be\/fr\/","logo":{"@type":"ImageObject","inLanguage":"fr-FR","@id":"https:\/\/peoplesphere.be\/fr\/#\/schema\/logo\/image\/","url":"https:\/\/peoplesphere.be\/fr\/wp-content\/uploads\/2023\/07\/peoplesphere-lgo-new-generik.jpg","contentUrl":"https:\/\/peoplesphere.be\/fr\/wp-content\/uploads\/2023\/07\/peoplesphere-lgo-new-generik.jpg","width":1031,"height":1479,"caption":"Peoplesphere Company srl"},"image":{"@id":"https:\/\/peoplesphere.be\/fr\/#\/schema\/logo\/image\/"},"sameAs":["https:\/\/www.facebook.com\/peoplesphere","https:\/\/twitter.com\/PeoplesphereMag","https:\/\/www.linkedin.com\/company\/7587361?trk","http:\/\/youtube.com\/peoplesphere"]},{"@type":"Person","@id":"https:\/\/peoplesphere.be\/fr\/#\/schema\/person\/7976225ff17988604334abb7b3536a7e","name":"Jean-Paul Erhard","image":{"@type":"ImageObject","inLanguage":"fr-FR","@id":"https:\/\/peoplesphere.be\/fr\/#\/schema\/person\/image\/","url":"https:\/\/secure.gravatar.com\/avatar\/f941e681460179738071629a51574930?s=96&d=mm&r=g","contentUrl":"https:\/\/secure.gravatar.com\/avatar\/f941e681460179738071629a51574930?s=96&d=mm&r=g","caption":"Jean-Paul Erhard"},"url":"https:\/\/peoplesphere.be\/fr\/author\/jpe\/"}]}},"_links":{"self":[{"href":"https:\/\/peoplesphere.be\/fr\/wp-json\/wp\/v2\/posts\/6427"}],"collection":[{"href":"https:\/\/peoplesphere.be\/fr\/wp-json\/wp\/v2\/posts"}],"about":[{"href":"https:\/\/peoplesphere.be\/fr\/wp-json\/wp\/v2\/types\/post"}],"author":[{"embeddable":true,"href":"https:\/\/peoplesphere.be\/fr\/wp-json\/wp\/v2\/users\/2"}],"replies":[{"embeddable":true,"href":"https:\/\/peoplesphere.be\/fr\/wp-json\/wp\/v2\/comments?post=6427"}],"version-history":[{"count":1,"href":"https:\/\/peoplesphere.be\/fr\/wp-json\/wp\/v2\/posts\/6427\/revisions"}],"predecessor-version":[{"id":6429,"href":"https:\/\/peoplesphere.be\/fr\/wp-json\/wp\/v2\/posts\/6427\/revisions\/6429"}],"wp:featuredmedia":[{"embeddable":true,"href":"https:\/\/peoplesphere.be\/fr\/wp-json\/wp\/v2\/media\/6428"}],"wp:attachment":[{"href":"https:\/\/peoplesphere.be\/fr\/wp-json\/wp\/v2\/media?parent=6427"}],"wp:term":[{"taxonomy":"category","embeddable":true,"href":"https:\/\/peoplesphere.be\/fr\/wp-json\/wp\/v2\/categories?post=6427"},{"taxonomy":"post_tag","embeddable":true,"href":"https:\/\/peoplesphere.be\/fr\/wp-json\/wp\/v2\/tags?post=6427"}],"curies":[{"name":"wp","href":"https:\/\/api.w.org\/{rel}","templated":true}]}}