









{"id":6433,"date":"2018-08-16T10:05:01","date_gmt":"2018-08-16T08:05:01","guid":{"rendered":"http:\/\/www.peoplesphere.be\/fr\/?p=6433"},"modified":"2018-08-16T10:05:01","modified_gmt":"2018-08-16T08:05:01","slug":"mysteres-statistiques-de-mobilite-region-bruxelloise-pendant-vacances","status":"publish","type":"post","link":"https:\/\/peoplesphere.be\/fr\/mysteres-statistiques-de-mobilite-region-bruxelloise-pendant-vacances\/","title":{"rendered":"Les myst\u00e8res statistiques de la mobilit\u00e9 en r\u00e9gion bruxelloise pendant les vacances&#8230;"},"content":{"rendered":"<p>D\u00e8s lundi prochain, l&rsquo;enfer de la circulation reprendra sans aucun doute. Si vous avez pu profiter de parcours plus fluides entre votre domicile et votre lieu de travail pendant ces quelques semaines de vacances, ce n&rsquo;est toutefois pas gr\u00e2ce \u00e0 un exode massif des vacanciers. En effet, selon Bruxelles Mobilit\u00e9, seulement 10% des automobilistes se sont absent\u00e9s pendant les vacances. L&rsquo;impact sur la circulation est beaucoup plus significatif. Pourquoi?<!--more--><\/p>\n<p>La RTBF a interrog\u00e9 Bruxelles Mobilit\u00e9 sur le sujet: <em>\u00ab\u00a0Selon le service public r\u00e9gional, les vacances d&rsquo;\u00e9t\u00e9 marquent en effet une baisse d&rsquo;\u00e0 peine 10% des voitures dans les rues de Bruxelles. Toutefois, l&rsquo;impression de circuler dans des rues d\u00e9gag\u00e9es est r\u00e9elle car cette l\u00e9g\u00e8re diminution provoque une chute de&#8230; 40% des embouteillages.\u00a0\u00bb<\/em><\/p>\n<p><strong><em>Un cercle vicieux li\u00e9 principalement \u00e0 l&rsquo;attitude des conducteurs!<\/em><\/strong><\/p>\n<p>Inge Pamen, porte-parole de Bruxelles Mobilit\u00e9, rel\u00e8ve deux explications distinctes au micro de la t\u00e9l\u00e9vision publique: <em>\u00ab\u00a0Tout d&rsquo;abord, chaque voiture a sa place dans un r\u00e9seau routier limit\u00e9. A un moment, ce r\u00e9seau routier est satur\u00e9 et c&rsquo;est cela qui cr\u00e9e des embouteillages. Ensuite, quand il y a de la circulation, l&rsquo;attitude des usagers est diff\u00e9rente. Ils ont tendance \u00e0 bloquer plus les carrefours qu&rsquo;en temps normal, ce qui cr\u00e9e un cercle vicieux et provoque encore plus d&#8217;embouteillages.<\/em>\u00a0Si 10% des automobilistes choisissaient de prendre les transports en commun ou de partager leur voiture, \u00e7a pourrait d\u00e9j\u00e0 avoir un impact important sur la congestion du r\u00e9seau bruxellois\u00a0\u00bb.<\/p>\n<p>Les travaux entam\u00e9s pendant les vacances, afin de profiter de cette accalmie ne sont pas termin\u00e9s. Et les travailleurs seront massivement de retour d\u00e8s lundi. <em>\u00ab\u00a0Les gens rentrent petit \u00e0 petit de leurs vacances et on s&rsquo;attend \u00e0 plus d&#8217;embouteillages d\u00e8s la semaine prochaine. Tous les chantiers [comme celui du tunnel L\u00e9opold II] ne peuvent pas se terminer en seulement deux mois. Ils vont se maintenir apr\u00e8s les vacances et cela risque de cr\u00e9er encore plus d&#8217;embouteillages.\u00a0\u00bb<\/em><\/p>\n<p><em>Source : RTBF<\/em><\/p>\n","protected":false},"excerpt":{"rendered":"<p>D\u00e8s lundi prochain, l&rsquo;enfer de la circulation reprendra sans aucun doute. Si vous avez pu profiter de parcours plus fluides entre votre domicile et votre lieu de travail pendant ces quelques semaines de vacances, ce n&rsquo;est toutefois pas gr\u00e2ce \u00e0 [&hellip;]<\/p>\n","protected":false},"author":2,"featured_media":0,"comment_status":"closed","ping_status":"open","sticky":false,"template":"","format":"standard","meta":[],"categories":[65,10],"tags":[136,39,497],"yoast_head":"<!-- This site is optimized with the Yoast SEO plugin v21.0 - https:\/\/yoast.com\/wordpress\/plugins\/seo\/ -->\n<title>Les myst\u00e8res statistiques de la mobilit\u00e9 en r\u00e9gion bruxelloise pendant les vacances... - Peoplesphere<\/title>\n<meta name=\"robots\" content=\"index, follow, max-snippet:-1, max-image-preview:large, max-video-preview:-1\" \/>\n<link rel=\"canonical\" href=\"https:\/\/peoplesphere.be\/fr\/mysteres-statistiques-de-mobilite-region-bruxelloise-pendant-vacances\/\" \/>\n<meta property=\"og:locale\" content=\"fr_FR\" \/>\n<meta property=\"og:type\" content=\"article\" \/>\n<meta property=\"og:title\" content=\"Les myst\u00e8res statistiques de la mobilit\u00e9 en r\u00e9gion bruxelloise pendant les vacances... - Peoplesphere\" \/>\n<meta property=\"og:description\" content=\"D\u00e8s lundi prochain, l&rsquo;enfer de la circulation reprendra sans aucun doute. Si vous avez pu profiter de parcours plus fluides entre votre domicile et votre lieu de travail pendant ces quelques semaines de vacances, ce n&rsquo;est toutefois pas gr\u00e2ce \u00e0 [&hellip;]\" \/>\n<meta property=\"og:url\" content=\"https:\/\/peoplesphere.be\/fr\/mysteres-statistiques-de-mobilite-region-bruxelloise-pendant-vacances\/\" \/>\n<meta property=\"og:site_name\" content=\"Peoplesphere\" \/>\n<meta property=\"article:publisher\" content=\"https:\/\/www.facebook.com\/peoplesphere\" \/>\n<meta property=\"article:published_time\" content=\"2018-08-16T08:05:01+00:00\" \/>\n<meta property=\"og:image\" content=\"http:\/\/www.peoplesphere.be\/fr\/wp-content\/uploads\/2016\/07\/facebook-default-posting-1200x628px.jpg\" \/>\n<meta name=\"author\" content=\"Jean-Paul Erhard\" \/>\n<meta name=\"twitter:card\" content=\"summary_large_image\" \/>\n<meta name=\"twitter:creator\" content=\"@PeoplesphereMag\" \/>\n<meta name=\"twitter:site\" content=\"@PeoplesphereMag\" \/>\n<meta name=\"twitter:label1\" content=\"\u00c9crit par\" \/>\n\t<meta name=\"twitter:data1\" content=\"Jean-Paul Erhard\" \/>\n\t<meta name=\"twitter:label2\" content=\"Dur\u00e9e de lecture estim\u00e9e\" \/>\n\t<meta name=\"twitter:data2\" content=\"2 minutes\" \/>\n<script type=\"application\/ld+json\" class=\"yoast-schema-graph\">{\"@context\":\"https:\/\/schema.org\",\"@graph\":[{\"@type\":\"Article\",\"@id\":\"https:\/\/peoplesphere.be\/fr\/mysteres-statistiques-de-mobilite-region-bruxelloise-pendant-vacances\/#article\",\"isPartOf\":{\"@id\":\"https:\/\/peoplesphere.be\/fr\/mysteres-statistiques-de-mobilite-region-bruxelloise-pendant-vacances\/\"},\"author\":{\"name\":\"Jean-Paul Erhard\",\"@id\":\"https:\/\/peoplesphere.be\/fr\/#\/schema\/person\/7976225ff17988604334abb7b3536a7e\"},\"headline\":\"Les myst\u00e8res statistiques de la mobilit\u00e9 en r\u00e9gion bruxelloise pendant les vacances&#8230;\",\"datePublished\":\"2018-08-16T08:05:01+00:00\",\"dateModified\":\"2018-08-16T08:05:01+00:00\",\"mainEntityOfPage\":{\"@id\":\"https:\/\/peoplesphere.be\/fr\/mysteres-statistiques-de-mobilite-region-bruxelloise-pendant-vacances\/\"},\"wordCount\":349,\"publisher\":{\"@id\":\"https:\/\/peoplesphere.be\/fr\/#organization\"},\"keywords\":[\"mobilit\u00e9\",\"temps de travail\",\"traffic\"],\"articleSection\":[\"Actualit\u00e9s\",\"Digital\"],\"inLanguage\":\"fr-FR\"},{\"@type\":\"WebPage\",\"@id\":\"https:\/\/peoplesphere.be\/fr\/mysteres-statistiques-de-mobilite-region-bruxelloise-pendant-vacances\/\",\"url\":\"https:\/\/peoplesphere.be\/fr\/mysteres-statistiques-de-mobilite-region-bruxelloise-pendant-vacances\/\",\"name\":\"Les myst\u00e8res statistiques de la mobilit\u00e9 en r\u00e9gion bruxelloise pendant les vacances... - Peoplesphere\",\"isPartOf\":{\"@id\":\"https:\/\/peoplesphere.be\/fr\/#website\"},\"datePublished\":\"2018-08-16T08:05:01+00:00\",\"dateModified\":\"2018-08-16T08:05:01+00:00\",\"breadcrumb\":{\"@id\":\"https:\/\/peoplesphere.be\/fr\/mysteres-statistiques-de-mobilite-region-bruxelloise-pendant-vacances\/#breadcrumb\"},\"inLanguage\":\"fr-FR\",\"potentialAction\":[{\"@type\":\"ReadAction\",\"target\":[\"https:\/\/peoplesphere.be\/fr\/mysteres-statistiques-de-mobilite-region-bruxelloise-pendant-vacances\/\"]}]},{\"@type\":\"BreadcrumbList\",\"@id\":\"https:\/\/peoplesphere.be\/fr\/mysteres-statistiques-de-mobilite-region-bruxelloise-pendant-vacances\/#breadcrumb\",\"itemListElement\":[{\"@type\":\"ListItem\",\"position\":1,\"name\":\"Accueil\",\"item\":\"https:\/\/peoplesphere.be\/fr\/\"},{\"@type\":\"ListItem\",\"position\":2,\"name\":\"Les myst\u00e8res statistiques de la mobilit\u00e9 en r\u00e9gion bruxelloise pendant les vacances&#8230;\"}]},{\"@type\":\"WebSite\",\"@id\":\"https:\/\/peoplesphere.be\/fr\/#website\",\"url\":\"https:\/\/peoplesphere.be\/fr\/\",\"name\":\"Peoplesphere\",\"description\":\"The People Managers Magazine\",\"publisher\":{\"@id\":\"https:\/\/peoplesphere.be\/fr\/#organization\"},\"potentialAction\":[{\"@type\":\"SearchAction\",\"target\":{\"@type\":\"EntryPoint\",\"urlTemplate\":\"https:\/\/peoplesphere.be\/fr\/?s={search_term_string}\"},\"query-input\":\"required name=search_term_string\"}],\"inLanguage\":\"fr-FR\"},{\"@type\":\"Organization\",\"@id\":\"https:\/\/peoplesphere.be\/fr\/#organization\",\"name\":\"Peoplesphere Company srl\",\"url\":\"https:\/\/peoplesphere.be\/fr\/\",\"logo\":{\"@type\":\"ImageObject\",\"inLanguage\":\"fr-FR\",\"@id\":\"https:\/\/peoplesphere.be\/fr\/#\/schema\/logo\/image\/\",\"url\":\"https:\/\/peoplesphere.be\/fr\/wp-content\/uploads\/2023\/07\/peoplesphere-lgo-new-generik.jpg\",\"contentUrl\":\"https:\/\/peoplesphere.be\/fr\/wp-content\/uploads\/2023\/07\/peoplesphere-lgo-new-generik.jpg\",\"width\":1031,\"height\":1479,\"caption\":\"Peoplesphere Company srl\"},\"image\":{\"@id\":\"https:\/\/peoplesphere.be\/fr\/#\/schema\/logo\/image\/\"},\"sameAs\":[\"https:\/\/www.facebook.com\/peoplesphere\",\"https:\/\/twitter.com\/PeoplesphereMag\",\"https:\/\/www.linkedin.com\/company\/7587361?trk\",\"http:\/\/youtube.com\/peoplesphere\"]},{\"@type\":\"Person\",\"@id\":\"https:\/\/peoplesphere.be\/fr\/#\/schema\/person\/7976225ff17988604334abb7b3536a7e\",\"name\":\"Jean-Paul Erhard\",\"image\":{\"@type\":\"ImageObject\",\"inLanguage\":\"fr-FR\",\"@id\":\"https:\/\/peoplesphere.be\/fr\/#\/schema\/person\/image\/\",\"url\":\"https:\/\/secure.gravatar.com\/avatar\/f941e681460179738071629a51574930?s=96&d=mm&r=g\",\"contentUrl\":\"https:\/\/secure.gravatar.com\/avatar\/f941e681460179738071629a51574930?s=96&d=mm&r=g\",\"caption\":\"Jean-Paul Erhard\"},\"url\":\"https:\/\/peoplesphere.be\/fr\/author\/jpe\/\"}]}<\/script>\n<!-- \/ Yoast SEO plugin. -->","yoast_head_json":{"title":"Les myst\u00e8res statistiques de la mobilit\u00e9 en r\u00e9gion bruxelloise pendant les vacances... - Peoplesphere","robots":{"index":"index","follow":"follow","max-snippet":"max-snippet:-1","max-image-preview":"max-image-preview:large","max-video-preview":"max-video-preview:-1"},"canonical":"https:\/\/peoplesphere.be\/fr\/mysteres-statistiques-de-mobilite-region-bruxelloise-pendant-vacances\/","og_locale":"fr_FR","og_type":"article","og_title":"Les myst\u00e8res statistiques de la mobilit\u00e9 en r\u00e9gion bruxelloise pendant les vacances... - Peoplesphere","og_description":"D\u00e8s lundi prochain, l&rsquo;enfer de la circulation reprendra sans aucun doute. Si vous avez pu profiter de parcours plus fluides entre votre domicile et votre lieu de travail pendant ces quelques semaines de vacances, ce n&rsquo;est toutefois pas gr\u00e2ce \u00e0 [&hellip;]","og_url":"https:\/\/peoplesphere.be\/fr\/mysteres-statistiques-de-mobilite-region-bruxelloise-pendant-vacances\/","og_site_name":"Peoplesphere","article_publisher":"https:\/\/www.facebook.com\/peoplesphere","article_published_time":"2018-08-16T08:05:01+00:00","og_image":[{"url":"http:\/\/www.peoplesphere.be\/fr\/wp-content\/uploads\/2016\/07\/facebook-default-posting-1200x628px.jpg"}],"author":"Jean-Paul Erhard","twitter_card":"summary_large_image","twitter_creator":"@PeoplesphereMag","twitter_site":"@PeoplesphereMag","twitter_misc":{"\u00c9crit par":"Jean-Paul Erhard","Dur\u00e9e de lecture estim\u00e9e":"2 minutes"},"schema":{"@context":"https:\/\/schema.org","@graph":[{"@type":"Article","@id":"https:\/\/peoplesphere.be\/fr\/mysteres-statistiques-de-mobilite-region-bruxelloise-pendant-vacances\/#article","isPartOf":{"@id":"https:\/\/peoplesphere.be\/fr\/mysteres-statistiques-de-mobilite-region-bruxelloise-pendant-vacances\/"},"author":{"name":"Jean-Paul Erhard","@id":"https:\/\/peoplesphere.be\/fr\/#\/schema\/person\/7976225ff17988604334abb7b3536a7e"},"headline":"Les myst\u00e8res statistiques de la mobilit\u00e9 en r\u00e9gion bruxelloise pendant les vacances&#8230;","datePublished":"2018-08-16T08:05:01+00:00","dateModified":"2018-08-16T08:05:01+00:00","mainEntityOfPage":{"@id":"https:\/\/peoplesphere.be\/fr\/mysteres-statistiques-de-mobilite-region-bruxelloise-pendant-vacances\/"},"wordCount":349,"publisher":{"@id":"https:\/\/peoplesphere.be\/fr\/#organization"},"keywords":["mobilit\u00e9","temps de travail","traffic"],"articleSection":["Actualit\u00e9s","Digital"],"inLanguage":"fr-FR"},{"@type":"WebPage","@id":"https:\/\/peoplesphere.be\/fr\/mysteres-statistiques-de-mobilite-region-bruxelloise-pendant-vacances\/","url":"https:\/\/peoplesphere.be\/fr\/mysteres-statistiques-de-mobilite-region-bruxelloise-pendant-vacances\/","name":"Les myst\u00e8res statistiques de la mobilit\u00e9 en r\u00e9gion bruxelloise pendant les vacances... - Peoplesphere","isPartOf":{"@id":"https:\/\/peoplesphere.be\/fr\/#website"},"datePublished":"2018-08-16T08:05:01+00:00","dateModified":"2018-08-16T08:05:01+00:00","breadcrumb":{"@id":"https:\/\/peoplesphere.be\/fr\/mysteres-statistiques-de-mobilite-region-bruxelloise-pendant-vacances\/#breadcrumb"},"inLanguage":"fr-FR","potentialAction":[{"@type":"ReadAction","target":["https:\/\/peoplesphere.be\/fr\/mysteres-statistiques-de-mobilite-region-bruxelloise-pendant-vacances\/"]}]},{"@type":"BreadcrumbList","@id":"https:\/\/peoplesphere.be\/fr\/mysteres-statistiques-de-mobilite-region-bruxelloise-pendant-vacances\/#breadcrumb","itemListElement":[{"@type":"ListItem","position":1,"name":"Accueil","item":"https:\/\/peoplesphere.be\/fr\/"},{"@type":"ListItem","position":2,"name":"Les myst\u00e8res statistiques de la mobilit\u00e9 en r\u00e9gion bruxelloise pendant les vacances&#8230;"}]},{"@type":"WebSite","@id":"https:\/\/peoplesphere.be\/fr\/#website","url":"https:\/\/peoplesphere.be\/fr\/","name":"Peoplesphere","description":"The People Managers Magazine","publisher":{"@id":"https:\/\/peoplesphere.be\/fr\/#organization"},"potentialAction":[{"@type":"SearchAction","target":{"@type":"EntryPoint","urlTemplate":"https:\/\/peoplesphere.be\/fr\/?s={search_term_string}"},"query-input":"required name=search_term_string"}],"inLanguage":"fr-FR"},{"@type":"Organization","@id":"https:\/\/peoplesphere.be\/fr\/#organization","name":"Peoplesphere Company srl","url":"https:\/\/peoplesphere.be\/fr\/","logo":{"@type":"ImageObject","inLanguage":"fr-FR","@id":"https:\/\/peoplesphere.be\/fr\/#\/schema\/logo\/image\/","url":"https:\/\/peoplesphere.be\/fr\/wp-content\/uploads\/2023\/07\/peoplesphere-lgo-new-generik.jpg","contentUrl":"https:\/\/peoplesphere.be\/fr\/wp-content\/uploads\/2023\/07\/peoplesphere-lgo-new-generik.jpg","width":1031,"height":1479,"caption":"Peoplesphere Company srl"},"image":{"@id":"https:\/\/peoplesphere.be\/fr\/#\/schema\/logo\/image\/"},"sameAs":["https:\/\/www.facebook.com\/peoplesphere","https:\/\/twitter.com\/PeoplesphereMag","https:\/\/www.linkedin.com\/company\/7587361?trk","http:\/\/youtube.com\/peoplesphere"]},{"@type":"Person","@id":"https:\/\/peoplesphere.be\/fr\/#\/schema\/person\/7976225ff17988604334abb7b3536a7e","name":"Jean-Paul Erhard","image":{"@type":"ImageObject","inLanguage":"fr-FR","@id":"https:\/\/peoplesphere.be\/fr\/#\/schema\/person\/image\/","url":"https:\/\/secure.gravatar.com\/avatar\/f941e681460179738071629a51574930?s=96&d=mm&r=g","contentUrl":"https:\/\/secure.gravatar.com\/avatar\/f941e681460179738071629a51574930?s=96&d=mm&r=g","caption":"Jean-Paul Erhard"},"url":"https:\/\/peoplesphere.be\/fr\/author\/jpe\/"}]}},"_links":{"self":[{"href":"https:\/\/peoplesphere.be\/fr\/wp-json\/wp\/v2\/posts\/6433"}],"collection":[{"href":"https:\/\/peoplesphere.be\/fr\/wp-json\/wp\/v2\/posts"}],"about":[{"href":"https:\/\/peoplesphere.be\/fr\/wp-json\/wp\/v2\/types\/post"}],"author":[{"embeddable":true,"href":"https:\/\/peoplesphere.be\/fr\/wp-json\/wp\/v2\/users\/2"}],"replies":[{"embeddable":true,"href":"https:\/\/peoplesphere.be\/fr\/wp-json\/wp\/v2\/comments?post=6433"}],"version-history":[{"count":1,"href":"https:\/\/peoplesphere.be\/fr\/wp-json\/wp\/v2\/posts\/6433\/revisions"}],"predecessor-version":[{"id":6434,"href":"https:\/\/peoplesphere.be\/fr\/wp-json\/wp\/v2\/posts\/6433\/revisions\/6434"}],"wp:attachment":[{"href":"https:\/\/peoplesphere.be\/fr\/wp-json\/wp\/v2\/media?parent=6433"}],"wp:term":[{"taxonomy":"category","embeddable":true,"href":"https:\/\/peoplesphere.be\/fr\/wp-json\/wp\/v2\/categories?post=6433"},{"taxonomy":"post_tag","embeddable":true,"href":"https:\/\/peoplesphere.be\/fr\/wp-json\/wp\/v2\/tags?post=6433"}],"curies":[{"name":"wp","href":"https:\/\/api.w.org\/{rel}","templated":true}]}}