









{"id":6441,"date":"2018-08-22T11:16:59","date_gmt":"2018-08-22T09:16:59","guid":{"rendered":"http:\/\/www.peoplesphere.be\/fr\/?p=6441"},"modified":"2018-08-22T12:39:09","modified_gmt":"2018-08-22T10:39:09","slug":"limpact-faillites-dentreprises-volume-de-lemploi-reste-tres-marginal","status":"publish","type":"post","link":"https:\/\/peoplesphere.be\/fr\/limpact-faillites-dentreprises-volume-de-lemploi-reste-tres-marginal\/","title":{"rendered":"L&rsquo;impact des faillites d&rsquo;entreprises sur le volume de l&#8217;emploi reste marginal."},"content":{"rendered":"<p>Le nombre de faillites d&rsquo;entreprises est en nette diminution sur le territoire. En effet, en juillet 2018, 689 entreprises au total ont \u00e9t\u00e9 d\u00e9clar\u00e9es en faillite en Belgique, soit pr\u00e8s de 5% de moins en comparaison \u00e0 l&rsquo;ann\u00e9e derni\u00e8re. Quel est donc l&rsquo;impact de cette &lsquo;s\u00e9lection naturelle&rsquo; sur l&#8217;emploi?<!--more--><\/p>\n<p>Les faillites enregistr\u00e9es ont entra\u00een\u00e9 1.132 pertes d&#8217;emploi. Au total, 519 emplois \u00e0 temps plein et 340 \u00e0 temps partiel sont pass\u00e9s \u00e0 la trappe; 273 employeurs salari\u00e9s ont quant \u00e0 eux perdu leur travail.<\/p>\n<p>Le nombre de faillites enregistr\u00e9es pendant les six derniers mois s\u2019\u00e9l\u00e8ve \u00e0 4.725, ce qui signifie une diminution de 4,7% par rapport \u00e0 la m\u00eame p\u00e9riode de l\u2019ann\u00e9e pr\u00e9c\u00e9dente.<\/p>\n<p>Durant les six derniers mois, par rapport \u00e0 la m\u00eame p\u00e9riode de l\u2019ann\u00e9e pass\u00e9e, le nombre d\u2019entreprises en faillite a diminu\u00e9 de 13,8% dans l\u2019industrie. Dans la construction il y a eu une augmentation de 0,8%; le commerce a connu une diminution de 6,3% et dans le secteur horeca on a constat\u00e9 une diminution de 15,3%. Le nombre d\u2019entreprises en faillite dans le transport et les autres services a augment\u00e9 de 2,5%.<\/p>\n<p>Au niveau r\u00e9gional, on observe pour la m\u00eame p\u00e9riode de six mois, une diminution du nombre de faillites de 9,4% en Flandre, une diminution de 19,1% en Wallonie et une augmentation de 19,9% \u00e0 Bruxelles.<\/p>\n<p><em>Source : Statbel<\/em><\/p>\n","protected":false},"excerpt":{"rendered":"<p>Le nombre de faillites d&rsquo;entreprises est en nette diminution sur le territoire. En effet, en juillet 2018, 689 entreprises au total ont \u00e9t\u00e9 d\u00e9clar\u00e9es en faillite en Belgique, soit pr\u00e8s de 5% de moins en comparaison \u00e0 l&rsquo;ann\u00e9e derni\u00e8re. Quel [&hellip;]<\/p>\n","protected":false},"author":2,"featured_media":0,"comment_status":"closed","ping_status":"open","sticky":false,"template":"","format":"standard","meta":[],"categories":[65,10],"tags":[11,2190,585],"yoast_head":"<!-- This site is optimized with the Yoast SEO plugin v21.0 - https:\/\/yoast.com\/wordpress\/plugins\/seo\/ -->\n<title>L&#039;impact des faillites d&#039;entreprises sur le volume de l&#039;emploi reste marginal. - Peoplesphere<\/title>\n<meta name=\"robots\" content=\"index, follow, max-snippet:-1, max-image-preview:large, max-video-preview:-1\" \/>\n<link rel=\"canonical\" href=\"https:\/\/peoplesphere.be\/fr\/limpact-faillites-dentreprises-volume-de-lemploi-reste-tres-marginal\/\" \/>\n<meta property=\"og:locale\" content=\"fr_FR\" \/>\n<meta property=\"og:type\" content=\"article\" \/>\n<meta property=\"og:title\" content=\"L&#039;impact des faillites d&#039;entreprises sur le volume de l&#039;emploi reste marginal. - Peoplesphere\" \/>\n<meta property=\"og:description\" content=\"Le nombre de faillites d&rsquo;entreprises est en nette diminution sur le territoire. En effet, en juillet 2018, 689 entreprises au total ont \u00e9t\u00e9 d\u00e9clar\u00e9es en faillite en Belgique, soit pr\u00e8s de 5% de moins en comparaison \u00e0 l&rsquo;ann\u00e9e derni\u00e8re. Quel [&hellip;]\" \/>\n<meta property=\"og:url\" content=\"https:\/\/peoplesphere.be\/fr\/limpact-faillites-dentreprises-volume-de-lemploi-reste-tres-marginal\/\" \/>\n<meta property=\"og:site_name\" content=\"Peoplesphere\" \/>\n<meta property=\"article:publisher\" content=\"https:\/\/www.facebook.com\/peoplesphere\" \/>\n<meta property=\"article:published_time\" content=\"2018-08-22T09:16:59+00:00\" \/>\n<meta property=\"article:modified_time\" content=\"2018-08-22T10:39:09+00:00\" \/>\n<meta property=\"og:image\" content=\"http:\/\/www.peoplesphere.be\/fr\/wp-content\/uploads\/2016\/07\/facebook-default-posting-1200x628px.jpg\" \/>\n<meta name=\"author\" content=\"Jean-Paul Erhard\" \/>\n<meta name=\"twitter:card\" content=\"summary_large_image\" \/>\n<meta name=\"twitter:creator\" content=\"@PeoplesphereMag\" \/>\n<meta name=\"twitter:site\" content=\"@PeoplesphereMag\" \/>\n<meta name=\"twitter:label1\" content=\"\u00c9crit par\" \/>\n\t<meta name=\"twitter:data1\" content=\"Jean-Paul Erhard\" \/>\n\t<meta name=\"twitter:label2\" content=\"Dur\u00e9e de lecture estim\u00e9e\" \/>\n\t<meta name=\"twitter:data2\" content=\"1 minute\" \/>\n<script type=\"application\/ld+json\" class=\"yoast-schema-graph\">{\"@context\":\"https:\/\/schema.org\",\"@graph\":[{\"@type\":\"Article\",\"@id\":\"https:\/\/peoplesphere.be\/fr\/limpact-faillites-dentreprises-volume-de-lemploi-reste-tres-marginal\/#article\",\"isPartOf\":{\"@id\":\"https:\/\/peoplesphere.be\/fr\/limpact-faillites-dentreprises-volume-de-lemploi-reste-tres-marginal\/\"},\"author\":{\"name\":\"Jean-Paul Erhard\",\"@id\":\"https:\/\/peoplesphere.be\/fr\/#\/schema\/person\/7976225ff17988604334abb7b3536a7e\"},\"headline\":\"L&rsquo;impact des faillites d&rsquo;entreprises sur le volume de l&#8217;emploi reste marginal.\",\"datePublished\":\"2018-08-22T09:16:59+00:00\",\"dateModified\":\"2018-08-22T10:39:09+00:00\",\"mainEntityOfPage\":{\"@id\":\"https:\/\/peoplesphere.be\/fr\/limpact-faillites-dentreprises-volume-de-lemploi-reste-tres-marginal\/\"},\"wordCount\":237,\"publisher\":{\"@id\":\"https:\/\/peoplesphere.be\/fr\/#organization\"},\"keywords\":[\"emploi\",\"faillite\",\"march\u00e9 du travail\"],\"articleSection\":[\"Actualit\u00e9s\",\"Digital\"],\"inLanguage\":\"fr-FR\"},{\"@type\":\"WebPage\",\"@id\":\"https:\/\/peoplesphere.be\/fr\/limpact-faillites-dentreprises-volume-de-lemploi-reste-tres-marginal\/\",\"url\":\"https:\/\/peoplesphere.be\/fr\/limpact-faillites-dentreprises-volume-de-lemploi-reste-tres-marginal\/\",\"name\":\"L'impact des faillites d'entreprises sur le volume de l'emploi reste marginal. - Peoplesphere\",\"isPartOf\":{\"@id\":\"https:\/\/peoplesphere.be\/fr\/#website\"},\"datePublished\":\"2018-08-22T09:16:59+00:00\",\"dateModified\":\"2018-08-22T10:39:09+00:00\",\"breadcrumb\":{\"@id\":\"https:\/\/peoplesphere.be\/fr\/limpact-faillites-dentreprises-volume-de-lemploi-reste-tres-marginal\/#breadcrumb\"},\"inLanguage\":\"fr-FR\",\"potentialAction\":[{\"@type\":\"ReadAction\",\"target\":[\"https:\/\/peoplesphere.be\/fr\/limpact-faillites-dentreprises-volume-de-lemploi-reste-tres-marginal\/\"]}]},{\"@type\":\"BreadcrumbList\",\"@id\":\"https:\/\/peoplesphere.be\/fr\/limpact-faillites-dentreprises-volume-de-lemploi-reste-tres-marginal\/#breadcrumb\",\"itemListElement\":[{\"@type\":\"ListItem\",\"position\":1,\"name\":\"Accueil\",\"item\":\"https:\/\/peoplesphere.be\/fr\/\"},{\"@type\":\"ListItem\",\"position\":2,\"name\":\"L&rsquo;impact des faillites d&rsquo;entreprises sur le volume de l&#8217;emploi reste marginal.\"}]},{\"@type\":\"WebSite\",\"@id\":\"https:\/\/peoplesphere.be\/fr\/#website\",\"url\":\"https:\/\/peoplesphere.be\/fr\/\",\"name\":\"Peoplesphere\",\"description\":\"The People Managers Magazine\",\"publisher\":{\"@id\":\"https:\/\/peoplesphere.be\/fr\/#organization\"},\"potentialAction\":[{\"@type\":\"SearchAction\",\"target\":{\"@type\":\"EntryPoint\",\"urlTemplate\":\"https:\/\/peoplesphere.be\/fr\/?s={search_term_string}\"},\"query-input\":\"required name=search_term_string\"}],\"inLanguage\":\"fr-FR\"},{\"@type\":\"Organization\",\"@id\":\"https:\/\/peoplesphere.be\/fr\/#organization\",\"name\":\"Peoplesphere Company srl\",\"url\":\"https:\/\/peoplesphere.be\/fr\/\",\"logo\":{\"@type\":\"ImageObject\",\"inLanguage\":\"fr-FR\",\"@id\":\"https:\/\/peoplesphere.be\/fr\/#\/schema\/logo\/image\/\",\"url\":\"https:\/\/peoplesphere.be\/fr\/wp-content\/uploads\/2023\/07\/peoplesphere-lgo-new-generik.jpg\",\"contentUrl\":\"https:\/\/peoplesphere.be\/fr\/wp-content\/uploads\/2023\/07\/peoplesphere-lgo-new-generik.jpg\",\"width\":1031,\"height\":1479,\"caption\":\"Peoplesphere Company srl\"},\"image\":{\"@id\":\"https:\/\/peoplesphere.be\/fr\/#\/schema\/logo\/image\/\"},\"sameAs\":[\"https:\/\/www.facebook.com\/peoplesphere\",\"https:\/\/twitter.com\/PeoplesphereMag\",\"https:\/\/www.linkedin.com\/company\/7587361?trk\",\"http:\/\/youtube.com\/peoplesphere\"]},{\"@type\":\"Person\",\"@id\":\"https:\/\/peoplesphere.be\/fr\/#\/schema\/person\/7976225ff17988604334abb7b3536a7e\",\"name\":\"Jean-Paul Erhard\",\"image\":{\"@type\":\"ImageObject\",\"inLanguage\":\"fr-FR\",\"@id\":\"https:\/\/peoplesphere.be\/fr\/#\/schema\/person\/image\/\",\"url\":\"https:\/\/secure.gravatar.com\/avatar\/f941e681460179738071629a51574930?s=96&d=mm&r=g\",\"contentUrl\":\"https:\/\/secure.gravatar.com\/avatar\/f941e681460179738071629a51574930?s=96&d=mm&r=g\",\"caption\":\"Jean-Paul Erhard\"},\"url\":\"https:\/\/peoplesphere.be\/fr\/author\/jpe\/\"}]}<\/script>\n<!-- \/ Yoast SEO plugin. -->","yoast_head_json":{"title":"L'impact des faillites d'entreprises sur le volume de l'emploi reste marginal. - Peoplesphere","robots":{"index":"index","follow":"follow","max-snippet":"max-snippet:-1","max-image-preview":"max-image-preview:large","max-video-preview":"max-video-preview:-1"},"canonical":"https:\/\/peoplesphere.be\/fr\/limpact-faillites-dentreprises-volume-de-lemploi-reste-tres-marginal\/","og_locale":"fr_FR","og_type":"article","og_title":"L'impact des faillites d'entreprises sur le volume de l'emploi reste marginal. - Peoplesphere","og_description":"Le nombre de faillites d&rsquo;entreprises est en nette diminution sur le territoire. En effet, en juillet 2018, 689 entreprises au total ont \u00e9t\u00e9 d\u00e9clar\u00e9es en faillite en Belgique, soit pr\u00e8s de 5% de moins en comparaison \u00e0 l&rsquo;ann\u00e9e derni\u00e8re. Quel [&hellip;]","og_url":"https:\/\/peoplesphere.be\/fr\/limpact-faillites-dentreprises-volume-de-lemploi-reste-tres-marginal\/","og_site_name":"Peoplesphere","article_publisher":"https:\/\/www.facebook.com\/peoplesphere","article_published_time":"2018-08-22T09:16:59+00:00","article_modified_time":"2018-08-22T10:39:09+00:00","og_image":[{"url":"http:\/\/www.peoplesphere.be\/fr\/wp-content\/uploads\/2016\/07\/facebook-default-posting-1200x628px.jpg"}],"author":"Jean-Paul Erhard","twitter_card":"summary_large_image","twitter_creator":"@PeoplesphereMag","twitter_site":"@PeoplesphereMag","twitter_misc":{"\u00c9crit par":"Jean-Paul Erhard","Dur\u00e9e de lecture estim\u00e9e":"1 minute"},"schema":{"@context":"https:\/\/schema.org","@graph":[{"@type":"Article","@id":"https:\/\/peoplesphere.be\/fr\/limpact-faillites-dentreprises-volume-de-lemploi-reste-tres-marginal\/#article","isPartOf":{"@id":"https:\/\/peoplesphere.be\/fr\/limpact-faillites-dentreprises-volume-de-lemploi-reste-tres-marginal\/"},"author":{"name":"Jean-Paul Erhard","@id":"https:\/\/peoplesphere.be\/fr\/#\/schema\/person\/7976225ff17988604334abb7b3536a7e"},"headline":"L&rsquo;impact des faillites d&rsquo;entreprises sur le volume de l&#8217;emploi reste marginal.","datePublished":"2018-08-22T09:16:59+00:00","dateModified":"2018-08-22T10:39:09+00:00","mainEntityOfPage":{"@id":"https:\/\/peoplesphere.be\/fr\/limpact-faillites-dentreprises-volume-de-lemploi-reste-tres-marginal\/"},"wordCount":237,"publisher":{"@id":"https:\/\/peoplesphere.be\/fr\/#organization"},"keywords":["emploi","faillite","march\u00e9 du travail"],"articleSection":["Actualit\u00e9s","Digital"],"inLanguage":"fr-FR"},{"@type":"WebPage","@id":"https:\/\/peoplesphere.be\/fr\/limpact-faillites-dentreprises-volume-de-lemploi-reste-tres-marginal\/","url":"https:\/\/peoplesphere.be\/fr\/limpact-faillites-dentreprises-volume-de-lemploi-reste-tres-marginal\/","name":"L'impact des faillites d'entreprises sur le volume de l'emploi reste marginal. - Peoplesphere","isPartOf":{"@id":"https:\/\/peoplesphere.be\/fr\/#website"},"datePublished":"2018-08-22T09:16:59+00:00","dateModified":"2018-08-22T10:39:09+00:00","breadcrumb":{"@id":"https:\/\/peoplesphere.be\/fr\/limpact-faillites-dentreprises-volume-de-lemploi-reste-tres-marginal\/#breadcrumb"},"inLanguage":"fr-FR","potentialAction":[{"@type":"ReadAction","target":["https:\/\/peoplesphere.be\/fr\/limpact-faillites-dentreprises-volume-de-lemploi-reste-tres-marginal\/"]}]},{"@type":"BreadcrumbList","@id":"https:\/\/peoplesphere.be\/fr\/limpact-faillites-dentreprises-volume-de-lemploi-reste-tres-marginal\/#breadcrumb","itemListElement":[{"@type":"ListItem","position":1,"name":"Accueil","item":"https:\/\/peoplesphere.be\/fr\/"},{"@type":"ListItem","position":2,"name":"L&rsquo;impact des faillites d&rsquo;entreprises sur le volume de l&#8217;emploi reste marginal."}]},{"@type":"WebSite","@id":"https:\/\/peoplesphere.be\/fr\/#website","url":"https:\/\/peoplesphere.be\/fr\/","name":"Peoplesphere","description":"The People Managers Magazine","publisher":{"@id":"https:\/\/peoplesphere.be\/fr\/#organization"},"potentialAction":[{"@type":"SearchAction","target":{"@type":"EntryPoint","urlTemplate":"https:\/\/peoplesphere.be\/fr\/?s={search_term_string}"},"query-input":"required name=search_term_string"}],"inLanguage":"fr-FR"},{"@type":"Organization","@id":"https:\/\/peoplesphere.be\/fr\/#organization","name":"Peoplesphere Company srl","url":"https:\/\/peoplesphere.be\/fr\/","logo":{"@type":"ImageObject","inLanguage":"fr-FR","@id":"https:\/\/peoplesphere.be\/fr\/#\/schema\/logo\/image\/","url":"https:\/\/peoplesphere.be\/fr\/wp-content\/uploads\/2023\/07\/peoplesphere-lgo-new-generik.jpg","contentUrl":"https:\/\/peoplesphere.be\/fr\/wp-content\/uploads\/2023\/07\/peoplesphere-lgo-new-generik.jpg","width":1031,"height":1479,"caption":"Peoplesphere Company srl"},"image":{"@id":"https:\/\/peoplesphere.be\/fr\/#\/schema\/logo\/image\/"},"sameAs":["https:\/\/www.facebook.com\/peoplesphere","https:\/\/twitter.com\/PeoplesphereMag","https:\/\/www.linkedin.com\/company\/7587361?trk","http:\/\/youtube.com\/peoplesphere"]},{"@type":"Person","@id":"https:\/\/peoplesphere.be\/fr\/#\/schema\/person\/7976225ff17988604334abb7b3536a7e","name":"Jean-Paul Erhard","image":{"@type":"ImageObject","inLanguage":"fr-FR","@id":"https:\/\/peoplesphere.be\/fr\/#\/schema\/person\/image\/","url":"https:\/\/secure.gravatar.com\/avatar\/f941e681460179738071629a51574930?s=96&d=mm&r=g","contentUrl":"https:\/\/secure.gravatar.com\/avatar\/f941e681460179738071629a51574930?s=96&d=mm&r=g","caption":"Jean-Paul Erhard"},"url":"https:\/\/peoplesphere.be\/fr\/author\/jpe\/"}]}},"_links":{"self":[{"href":"https:\/\/peoplesphere.be\/fr\/wp-json\/wp\/v2\/posts\/6441"}],"collection":[{"href":"https:\/\/peoplesphere.be\/fr\/wp-json\/wp\/v2\/posts"}],"about":[{"href":"https:\/\/peoplesphere.be\/fr\/wp-json\/wp\/v2\/types\/post"}],"author":[{"embeddable":true,"href":"https:\/\/peoplesphere.be\/fr\/wp-json\/wp\/v2\/users\/2"}],"replies":[{"embeddable":true,"href":"https:\/\/peoplesphere.be\/fr\/wp-json\/wp\/v2\/comments?post=6441"}],"version-history":[{"count":2,"href":"https:\/\/peoplesphere.be\/fr\/wp-json\/wp\/v2\/posts\/6441\/revisions"}],"predecessor-version":[{"id":6445,"href":"https:\/\/peoplesphere.be\/fr\/wp-json\/wp\/v2\/posts\/6441\/revisions\/6445"}],"wp:attachment":[{"href":"https:\/\/peoplesphere.be\/fr\/wp-json\/wp\/v2\/media?parent=6441"}],"wp:term":[{"taxonomy":"category","embeddable":true,"href":"https:\/\/peoplesphere.be\/fr\/wp-json\/wp\/v2\/categories?post=6441"},{"taxonomy":"post_tag","embeddable":true,"href":"https:\/\/peoplesphere.be\/fr\/wp-json\/wp\/v2\/tags?post=6441"}],"curies":[{"name":"wp","href":"https:\/\/api.w.org\/{rel}","templated":true}]}}