









{"id":6446,"date":"2018-08-22T14:10:08","date_gmt":"2018-08-22T12:10:08","guid":{"rendered":"http:\/\/www.peoplesphere.be\/fr\/?p=6446"},"modified":"2018-08-22T14:10:08","modified_gmt":"2018-08-22T12:10:08","slug":"metiers-menaces-de-disparition-a-moyen-terme-via-generalisation-intelligences-artificielles","status":"publish","type":"post","link":"https:\/\/peoplesphere.be\/fr\/metiers-menaces-de-disparition-a-moyen-terme-via-generalisation-intelligences-artificielles\/","title":{"rendered":"Quels sont les m\u00e9tiers menac\u00e9s de disparition \u00e0 moyen terme via la g\u00e9n\u00e9ralisation des intelligences artificielles?"},"content":{"rendered":"<p>L&rsquo;Institut Sapiens, think tank qui se concentre sur des probl\u00e9matiques li\u00e9es aux nouvelles technologies, a identifi\u00e9 cinq cinq m\u00e9tiers qui semblent plus menac\u00e9s que les autres par l&rsquo;intelligence artificielle et l&rsquo;automatisation. Ceux-ci pourraient dispara\u00eetre dans le courant du XXIe si\u00e8cle.<!--more--><\/p>\n<p><em>\u00ab\u00a0Ce sont pr\u00e8s de 2,1 millions d&rsquo;actifs concentr\u00e9s dans ces cinq m\u00e9tiers qui ont une forte probabilit\u00e9 de voir leur emploi dispara\u00eetre dans les prochaines ann\u00e9es\u00a0\u00bb,<\/em> est-il \u00e9crit dans l&rsquo;\u00e9tude publi\u00e9e ce mardi 21 ao\u00fbt 2018 : <em>\u00ab\u00a0L&rsquo;Impact de la r\u00e9volution digitale sur l&#8217;emploi\u00a0\u00bb.<\/em><\/p>\n<p>Comme relat\u00e9 dans les colonnes des Echos, l&rsquo;Institut a pris en compte les m\u00e9tiers <em>qui sont \u00e0 la fois directement remis en question par une technologie et qui ont vu leurs effectifs diminuer depuis trente ans.\u00a0Dans un premier temps, les enqu\u00eateurs ont recens\u00e9 une quinzaine de postes dont les t\u00e2ches \u00e9taient automatisables. Puis, ils ont crois\u00e9 leur tableau avec celui des m\u00e9tiers qui avaient connu la plus forte diminution d&rsquo;effectifs.<\/em><\/p>\n<p>Erwann Tison , directeur des \u00e9tudes \u00e0 l&rsquo;Institut Sapiens indique aux &lsquo;Echos&rsquo; avoir pris en compte le co\u00fbt de la main-d&rsquo;oeuvre : <em>\u00ab\u00a0Plus le co\u00fbt est faible, moins l&rsquo;int\u00e9r\u00eat de remplacer le travailleur par une machine est \u00e9lev\u00e9.\u00a0\u00bb\u00a0<\/em>Les projections ont ensuite \u00e9t\u00e9 calcul\u00e9es selon deux hypoth\u00e8ses. La premi\u00e8re, lin\u00e9aire, est la plus optimiste. En gros, il s&rsquo;agit de continuer la courbe telle qu&rsquo;elle est lanc\u00e9e. La date d&rsquo;extinction est alors la plus lointaine. La seconde, la plus pessimiste est exponentielle ; la tendance s&rsquo;accentue. La date d&rsquo;extinction est la plus proche.<\/p>\n<p><em><strong>Employ\u00e9s ou ouvriers ?<\/strong><\/em><\/p>\n<p>Les cinq m\u00e9tiers identifi\u00e9s par l&rsquo;Institut vont-ils confirmer les intuitions r\u00e9pandues au sein de nos organisations. Pas forc\u00e9ment; Ce sont dans un premier temps les fonctions d&#8217;employ\u00e9s qui sont concern\u00e9es.<\/p>\n<p><strong><em>1. Employ\u00e9s de banque et d&rsquo;assurance &#8211;\u00a0<\/em><\/strong>les plus menac\u00e9s selon l&rsquo;Institut Sapiens! Leurs effectifs sont pass\u00e9s de 356.000 en 1986 \u00e0 221.000 en 2016 soit une diminution de 39 % en France.Place \u00e0 l&rsquo;internet ! <em>\u00ab\u00a0La banque et les assurances [&#8230;] risquent de ne plus compter aucun [employ\u00e9] d&rsquo;ici 2038 \u00e0 2051, soit une v\u00e9ritable extinction prochaine et rapide\u00a0\u00bb<\/em>, indique l&rsquo;\u00e9tude.<\/p>\n<p><em><strong>2. Comptables<\/strong> <\/em>&#8211; Fini le temps des petites mains (les aides-comptables) qui entraient sur papier les montants des ch\u00e8ques. Si les effectifs ont augment\u00e9 durant les ann\u00e9es 2000, ils sont d\u00e9sormais 10 % de moins qu&rsquo;en 1986. <em>\u00ab\u00a0La tendance est depuis quelques ann\u00e9es \u00e0 l&rsquo;externalisation du m\u00e9tier\u00a0\u00bb<\/em>, note le rapport, qui pr\u00e9voit une extinction entre 2041 et 2056.<\/p>\n<p><strong><em>3. Secr\u00e9taire de direction<\/em><\/strong> &#8211; leur extinction est pr\u00e9vue entre 2053 et 2072. Toutefois, ce n&rsquo;est pas la premi\u00e8re fois que l&rsquo;on proph\u00e9tise la disparition de ce m\u00e9tier ; d\u00e9j\u00e0 dans les ann\u00e9es 1980, l&rsquo;arriv\u00e9e de l&rsquo;informatique semblait les condamner.<\/p>\n<p><strong><em>4. Caissiers et employ\u00e9s de libre-service<\/em> <\/strong>&#8211; <em>les caisses automatiques qui permettent de diminuer drastiquement la masse salariale fleurissent depuis plusieurs ann\u00e9es dans les supermarch\u00e9s<\/em>, remarquent les auteurs de l&rsquo;\u00e9tude, qui projettent une extinction du m\u00e9tier \u00e0 2050 ou 2066.<\/p>\n<p><strong><em>5. Ouvriers de la manutention<\/em><\/strong> &#8211; la disparition de ce m\u00e9tier est estim\u00e9e au plus t\u00f4t en 2071 et au plus tard en&#8230; 2091. Force est de constater que l&rsquo;objectif des g\u00e9ants de la distribution comme Amazon ou Baidu est bien d&rsquo;automatiser leurs entrep\u00f4ts autant que faire se peut.<\/p>\n<p>Comme le rappelle les Echos, les auteurs de l&rsquo;\u00e9tude ne cachent pas \u00a0que l&rsquo;art de la pr\u00e9vision est un exercice risqu\u00e9. Les param\u00e8tres \/ donn\u00e9es de contexte sont d&rsquo;une telle importance qu&rsquo;il est impossible de garantir que l&rsquo;exercice d&rsquo;anticipation reste valable, &lsquo;toutes choses \u00e9gales par ailleurs&rsquo;&#8230;<\/p>\n<p><em>Source : LesEchos.fr &#8211; R\u00e9my Demichelis<\/em><\/p>\n","protected":false},"excerpt":{"rendered":"<p>L&rsquo;Institut Sapiens, think tank qui se concentre sur des probl\u00e9matiques li\u00e9es aux nouvelles technologies, a identifi\u00e9 cinq cinq m\u00e9tiers qui semblent plus menac\u00e9s que les autres par l&rsquo;intelligence artificielle et l&rsquo;automatisation. Ceux-ci pourraient dispara\u00eetre dans le courant du XXIe si\u00e8cle.<\/p>\n","protected":false},"author":2,"featured_media":0,"comment_status":"closed","ping_status":"open","sticky":false,"template":"","format":"standard","meta":[],"categories":[65,10],"tags":[2192,2191,837,1551,2194,1171,815,2193],"yoast_head":"<!-- This site is optimized with the Yoast SEO plugin v21.0 - https:\/\/yoast.com\/wordpress\/plugins\/seo\/ -->\n<title>Quels sont les m\u00e9tiers menac\u00e9s de disparition \u00e0 moyen terme via la g\u00e9n\u00e9ralisation des intelligences artificielles? - Peoplesphere<\/title>\n<meta name=\"robots\" content=\"index, follow, max-snippet:-1, max-image-preview:large, max-video-preview:-1\" \/>\n<link rel=\"canonical\" href=\"https:\/\/peoplesphere.be\/fr\/metiers-menaces-de-disparition-a-moyen-terme-via-generalisation-intelligences-artificielles\/\" \/>\n<meta property=\"og:locale\" content=\"fr_FR\" \/>\n<meta property=\"og:type\" content=\"article\" \/>\n<meta property=\"og:title\" content=\"Quels sont les m\u00e9tiers menac\u00e9s de disparition \u00e0 moyen terme via la g\u00e9n\u00e9ralisation des intelligences artificielles? - Peoplesphere\" \/>\n<meta property=\"og:description\" content=\"L&rsquo;Institut Sapiens, think tank qui se concentre sur des probl\u00e9matiques li\u00e9es aux nouvelles technologies, a identifi\u00e9 cinq cinq m\u00e9tiers qui semblent plus menac\u00e9s que les autres par l&rsquo;intelligence artificielle et l&rsquo;automatisation. Ceux-ci pourraient dispara\u00eetre dans le courant du XXIe si\u00e8cle.\" \/>\n<meta property=\"og:url\" content=\"https:\/\/peoplesphere.be\/fr\/metiers-menaces-de-disparition-a-moyen-terme-via-generalisation-intelligences-artificielles\/\" \/>\n<meta property=\"og:site_name\" content=\"Peoplesphere\" \/>\n<meta property=\"article:publisher\" content=\"https:\/\/www.facebook.com\/peoplesphere\" \/>\n<meta property=\"article:published_time\" content=\"2018-08-22T12:10:08+00:00\" \/>\n<meta property=\"og:image\" content=\"http:\/\/www.peoplesphere.be\/fr\/wp-content\/uploads\/2016\/07\/facebook-default-posting-1200x628px.jpg\" \/>\n<meta name=\"author\" content=\"Jean-Paul Erhard\" \/>\n<meta name=\"twitter:card\" content=\"summary_large_image\" \/>\n<meta name=\"twitter:creator\" content=\"@PeoplesphereMag\" \/>\n<meta name=\"twitter:site\" content=\"@PeoplesphereMag\" \/>\n<meta name=\"twitter:label1\" content=\"\u00c9crit par\" \/>\n\t<meta name=\"twitter:data1\" content=\"Jean-Paul Erhard\" \/>\n\t<meta name=\"twitter:label2\" content=\"Dur\u00e9e de lecture estim\u00e9e\" \/>\n\t<meta name=\"twitter:data2\" content=\"3 minutes\" \/>\n<script type=\"application\/ld+json\" class=\"yoast-schema-graph\">{\"@context\":\"https:\/\/schema.org\",\"@graph\":[{\"@type\":\"Article\",\"@id\":\"https:\/\/peoplesphere.be\/fr\/metiers-menaces-de-disparition-a-moyen-terme-via-generalisation-intelligences-artificielles\/#article\",\"isPartOf\":{\"@id\":\"https:\/\/peoplesphere.be\/fr\/metiers-menaces-de-disparition-a-moyen-terme-via-generalisation-intelligences-artificielles\/\"},\"author\":{\"name\":\"Jean-Paul Erhard\",\"@id\":\"https:\/\/peoplesphere.be\/fr\/#\/schema\/person\/7976225ff17988604334abb7b3536a7e\"},\"headline\":\"Quels sont les m\u00e9tiers menac\u00e9s de disparition \u00e0 moyen terme via la g\u00e9n\u00e9ralisation des intelligences artificielles?\",\"datePublished\":\"2018-08-22T12:10:08+00:00\",\"dateModified\":\"2018-08-22T12:10:08+00:00\",\"mainEntityOfPage\":{\"@id\":\"https:\/\/peoplesphere.be\/fr\/metiers-menaces-de-disparition-a-moyen-terme-via-generalisation-intelligences-artificielles\/\"},\"wordCount\":626,\"publisher\":{\"@id\":\"https:\/\/peoplesphere.be\/fr\/#organization\"},\"keywords\":[\"comptabilit\u00e9\",\"fonctions administratives\",\"fonctions support\",\"IA\",\"Institut Sapiens\",\"intelligence artificielle\",\"m\u00e9tiers\",\"secr\u00e9taire de direction\"],\"articleSection\":[\"Actualit\u00e9s\",\"Digital\"],\"inLanguage\":\"fr-FR\"},{\"@type\":\"WebPage\",\"@id\":\"https:\/\/peoplesphere.be\/fr\/metiers-menaces-de-disparition-a-moyen-terme-via-generalisation-intelligences-artificielles\/\",\"url\":\"https:\/\/peoplesphere.be\/fr\/metiers-menaces-de-disparition-a-moyen-terme-via-generalisation-intelligences-artificielles\/\",\"name\":\"Quels sont les m\u00e9tiers menac\u00e9s de disparition \u00e0 moyen terme via la g\u00e9n\u00e9ralisation des intelligences artificielles? - Peoplesphere\",\"isPartOf\":{\"@id\":\"https:\/\/peoplesphere.be\/fr\/#website\"},\"datePublished\":\"2018-08-22T12:10:08+00:00\",\"dateModified\":\"2018-08-22T12:10:08+00:00\",\"breadcrumb\":{\"@id\":\"https:\/\/peoplesphere.be\/fr\/metiers-menaces-de-disparition-a-moyen-terme-via-generalisation-intelligences-artificielles\/#breadcrumb\"},\"inLanguage\":\"fr-FR\",\"potentialAction\":[{\"@type\":\"ReadAction\",\"target\":[\"https:\/\/peoplesphere.be\/fr\/metiers-menaces-de-disparition-a-moyen-terme-via-generalisation-intelligences-artificielles\/\"]}]},{\"@type\":\"BreadcrumbList\",\"@id\":\"https:\/\/peoplesphere.be\/fr\/metiers-menaces-de-disparition-a-moyen-terme-via-generalisation-intelligences-artificielles\/#breadcrumb\",\"itemListElement\":[{\"@type\":\"ListItem\",\"position\":1,\"name\":\"Accueil\",\"item\":\"https:\/\/peoplesphere.be\/fr\/\"},{\"@type\":\"ListItem\",\"position\":2,\"name\":\"Quels sont les m\u00e9tiers menac\u00e9s de disparition \u00e0 moyen terme via la g\u00e9n\u00e9ralisation des intelligences artificielles?\"}]},{\"@type\":\"WebSite\",\"@id\":\"https:\/\/peoplesphere.be\/fr\/#website\",\"url\":\"https:\/\/peoplesphere.be\/fr\/\",\"name\":\"Peoplesphere\",\"description\":\"The People Managers Magazine\",\"publisher\":{\"@id\":\"https:\/\/peoplesphere.be\/fr\/#organization\"},\"potentialAction\":[{\"@type\":\"SearchAction\",\"target\":{\"@type\":\"EntryPoint\",\"urlTemplate\":\"https:\/\/peoplesphere.be\/fr\/?s={search_term_string}\"},\"query-input\":\"required name=search_term_string\"}],\"inLanguage\":\"fr-FR\"},{\"@type\":\"Organization\",\"@id\":\"https:\/\/peoplesphere.be\/fr\/#organization\",\"name\":\"Peoplesphere Company srl\",\"url\":\"https:\/\/peoplesphere.be\/fr\/\",\"logo\":{\"@type\":\"ImageObject\",\"inLanguage\":\"fr-FR\",\"@id\":\"https:\/\/peoplesphere.be\/fr\/#\/schema\/logo\/image\/\",\"url\":\"https:\/\/peoplesphere.be\/fr\/wp-content\/uploads\/2023\/07\/peoplesphere-lgo-new-generik.jpg\",\"contentUrl\":\"https:\/\/peoplesphere.be\/fr\/wp-content\/uploads\/2023\/07\/peoplesphere-lgo-new-generik.jpg\",\"width\":1031,\"height\":1479,\"caption\":\"Peoplesphere Company srl\"},\"image\":{\"@id\":\"https:\/\/peoplesphere.be\/fr\/#\/schema\/logo\/image\/\"},\"sameAs\":[\"https:\/\/www.facebook.com\/peoplesphere\",\"https:\/\/twitter.com\/PeoplesphereMag\",\"https:\/\/www.linkedin.com\/company\/7587361?trk\",\"http:\/\/youtube.com\/peoplesphere\"]},{\"@type\":\"Person\",\"@id\":\"https:\/\/peoplesphere.be\/fr\/#\/schema\/person\/7976225ff17988604334abb7b3536a7e\",\"name\":\"Jean-Paul Erhard\",\"image\":{\"@type\":\"ImageObject\",\"inLanguage\":\"fr-FR\",\"@id\":\"https:\/\/peoplesphere.be\/fr\/#\/schema\/person\/image\/\",\"url\":\"https:\/\/secure.gravatar.com\/avatar\/f941e681460179738071629a51574930?s=96&d=mm&r=g\",\"contentUrl\":\"https:\/\/secure.gravatar.com\/avatar\/f941e681460179738071629a51574930?s=96&d=mm&r=g\",\"caption\":\"Jean-Paul Erhard\"},\"url\":\"https:\/\/peoplesphere.be\/fr\/author\/jpe\/\"}]}<\/script>\n<!-- \/ Yoast SEO plugin. -->","yoast_head_json":{"title":"Quels sont les m\u00e9tiers menac\u00e9s de disparition \u00e0 moyen terme via la g\u00e9n\u00e9ralisation des intelligences artificielles? - Peoplesphere","robots":{"index":"index","follow":"follow","max-snippet":"max-snippet:-1","max-image-preview":"max-image-preview:large","max-video-preview":"max-video-preview:-1"},"canonical":"https:\/\/peoplesphere.be\/fr\/metiers-menaces-de-disparition-a-moyen-terme-via-generalisation-intelligences-artificielles\/","og_locale":"fr_FR","og_type":"article","og_title":"Quels sont les m\u00e9tiers menac\u00e9s de disparition \u00e0 moyen terme via la g\u00e9n\u00e9ralisation des intelligences artificielles? - Peoplesphere","og_description":"L&rsquo;Institut Sapiens, think tank qui se concentre sur des probl\u00e9matiques li\u00e9es aux nouvelles technologies, a identifi\u00e9 cinq cinq m\u00e9tiers qui semblent plus menac\u00e9s que les autres par l&rsquo;intelligence artificielle et l&rsquo;automatisation. Ceux-ci pourraient dispara\u00eetre dans le courant du XXIe si\u00e8cle.","og_url":"https:\/\/peoplesphere.be\/fr\/metiers-menaces-de-disparition-a-moyen-terme-via-generalisation-intelligences-artificielles\/","og_site_name":"Peoplesphere","article_publisher":"https:\/\/www.facebook.com\/peoplesphere","article_published_time":"2018-08-22T12:10:08+00:00","og_image":[{"url":"http:\/\/www.peoplesphere.be\/fr\/wp-content\/uploads\/2016\/07\/facebook-default-posting-1200x628px.jpg"}],"author":"Jean-Paul Erhard","twitter_card":"summary_large_image","twitter_creator":"@PeoplesphereMag","twitter_site":"@PeoplesphereMag","twitter_misc":{"\u00c9crit par":"Jean-Paul Erhard","Dur\u00e9e de lecture estim\u00e9e":"3 minutes"},"schema":{"@context":"https:\/\/schema.org","@graph":[{"@type":"Article","@id":"https:\/\/peoplesphere.be\/fr\/metiers-menaces-de-disparition-a-moyen-terme-via-generalisation-intelligences-artificielles\/#article","isPartOf":{"@id":"https:\/\/peoplesphere.be\/fr\/metiers-menaces-de-disparition-a-moyen-terme-via-generalisation-intelligences-artificielles\/"},"author":{"name":"Jean-Paul Erhard","@id":"https:\/\/peoplesphere.be\/fr\/#\/schema\/person\/7976225ff17988604334abb7b3536a7e"},"headline":"Quels sont les m\u00e9tiers menac\u00e9s de disparition \u00e0 moyen terme via la g\u00e9n\u00e9ralisation des intelligences artificielles?","datePublished":"2018-08-22T12:10:08+00:00","dateModified":"2018-08-22T12:10:08+00:00","mainEntityOfPage":{"@id":"https:\/\/peoplesphere.be\/fr\/metiers-menaces-de-disparition-a-moyen-terme-via-generalisation-intelligences-artificielles\/"},"wordCount":626,"publisher":{"@id":"https:\/\/peoplesphere.be\/fr\/#organization"},"keywords":["comptabilit\u00e9","fonctions administratives","fonctions support","IA","Institut Sapiens","intelligence artificielle","m\u00e9tiers","secr\u00e9taire de direction"],"articleSection":["Actualit\u00e9s","Digital"],"inLanguage":"fr-FR"},{"@type":"WebPage","@id":"https:\/\/peoplesphere.be\/fr\/metiers-menaces-de-disparition-a-moyen-terme-via-generalisation-intelligences-artificielles\/","url":"https:\/\/peoplesphere.be\/fr\/metiers-menaces-de-disparition-a-moyen-terme-via-generalisation-intelligences-artificielles\/","name":"Quels sont les m\u00e9tiers menac\u00e9s de disparition \u00e0 moyen terme via la g\u00e9n\u00e9ralisation des intelligences artificielles? - Peoplesphere","isPartOf":{"@id":"https:\/\/peoplesphere.be\/fr\/#website"},"datePublished":"2018-08-22T12:10:08+00:00","dateModified":"2018-08-22T12:10:08+00:00","breadcrumb":{"@id":"https:\/\/peoplesphere.be\/fr\/metiers-menaces-de-disparition-a-moyen-terme-via-generalisation-intelligences-artificielles\/#breadcrumb"},"inLanguage":"fr-FR","potentialAction":[{"@type":"ReadAction","target":["https:\/\/peoplesphere.be\/fr\/metiers-menaces-de-disparition-a-moyen-terme-via-generalisation-intelligences-artificielles\/"]}]},{"@type":"BreadcrumbList","@id":"https:\/\/peoplesphere.be\/fr\/metiers-menaces-de-disparition-a-moyen-terme-via-generalisation-intelligences-artificielles\/#breadcrumb","itemListElement":[{"@type":"ListItem","position":1,"name":"Accueil","item":"https:\/\/peoplesphere.be\/fr\/"},{"@type":"ListItem","position":2,"name":"Quels sont les m\u00e9tiers menac\u00e9s de disparition \u00e0 moyen terme via la g\u00e9n\u00e9ralisation des intelligences artificielles?"}]},{"@type":"WebSite","@id":"https:\/\/peoplesphere.be\/fr\/#website","url":"https:\/\/peoplesphere.be\/fr\/","name":"Peoplesphere","description":"The People Managers Magazine","publisher":{"@id":"https:\/\/peoplesphere.be\/fr\/#organization"},"potentialAction":[{"@type":"SearchAction","target":{"@type":"EntryPoint","urlTemplate":"https:\/\/peoplesphere.be\/fr\/?s={search_term_string}"},"query-input":"required name=search_term_string"}],"inLanguage":"fr-FR"},{"@type":"Organization","@id":"https:\/\/peoplesphere.be\/fr\/#organization","name":"Peoplesphere Company srl","url":"https:\/\/peoplesphere.be\/fr\/","logo":{"@type":"ImageObject","inLanguage":"fr-FR","@id":"https:\/\/peoplesphere.be\/fr\/#\/schema\/logo\/image\/","url":"https:\/\/peoplesphere.be\/fr\/wp-content\/uploads\/2023\/07\/peoplesphere-lgo-new-generik.jpg","contentUrl":"https:\/\/peoplesphere.be\/fr\/wp-content\/uploads\/2023\/07\/peoplesphere-lgo-new-generik.jpg","width":1031,"height":1479,"caption":"Peoplesphere Company srl"},"image":{"@id":"https:\/\/peoplesphere.be\/fr\/#\/schema\/logo\/image\/"},"sameAs":["https:\/\/www.facebook.com\/peoplesphere","https:\/\/twitter.com\/PeoplesphereMag","https:\/\/www.linkedin.com\/company\/7587361?trk","http:\/\/youtube.com\/peoplesphere"]},{"@type":"Person","@id":"https:\/\/peoplesphere.be\/fr\/#\/schema\/person\/7976225ff17988604334abb7b3536a7e","name":"Jean-Paul Erhard","image":{"@type":"ImageObject","inLanguage":"fr-FR","@id":"https:\/\/peoplesphere.be\/fr\/#\/schema\/person\/image\/","url":"https:\/\/secure.gravatar.com\/avatar\/f941e681460179738071629a51574930?s=96&d=mm&r=g","contentUrl":"https:\/\/secure.gravatar.com\/avatar\/f941e681460179738071629a51574930?s=96&d=mm&r=g","caption":"Jean-Paul Erhard"},"url":"https:\/\/peoplesphere.be\/fr\/author\/jpe\/"}]}},"_links":{"self":[{"href":"https:\/\/peoplesphere.be\/fr\/wp-json\/wp\/v2\/posts\/6446"}],"collection":[{"href":"https:\/\/peoplesphere.be\/fr\/wp-json\/wp\/v2\/posts"}],"about":[{"href":"https:\/\/peoplesphere.be\/fr\/wp-json\/wp\/v2\/types\/post"}],"author":[{"embeddable":true,"href":"https:\/\/peoplesphere.be\/fr\/wp-json\/wp\/v2\/users\/2"}],"replies":[{"embeddable":true,"href":"https:\/\/peoplesphere.be\/fr\/wp-json\/wp\/v2\/comments?post=6446"}],"version-history":[{"count":1,"href":"https:\/\/peoplesphere.be\/fr\/wp-json\/wp\/v2\/posts\/6446\/revisions"}],"predecessor-version":[{"id":6447,"href":"https:\/\/peoplesphere.be\/fr\/wp-json\/wp\/v2\/posts\/6446\/revisions\/6447"}],"wp:attachment":[{"href":"https:\/\/peoplesphere.be\/fr\/wp-json\/wp\/v2\/media?parent=6446"}],"wp:term":[{"taxonomy":"category","embeddable":true,"href":"https:\/\/peoplesphere.be\/fr\/wp-json\/wp\/v2\/categories?post=6446"},{"taxonomy":"post_tag","embeddable":true,"href":"https:\/\/peoplesphere.be\/fr\/wp-json\/wp\/v2\/tags?post=6446"}],"curies":[{"name":"wp","href":"https:\/\/api.w.org\/{rel}","templated":true}]}}