









{"id":6488,"date":"2018-09-05T14:55:30","date_gmt":"2018-09-05T12:55:30","guid":{"rendered":"http:\/\/www.peoplesphere.be\/fr\/?p=6488"},"modified":"2018-09-05T14:55:30","modified_gmt":"2018-09-05T12:55:30","slug":"feb-prepare-argumentation-vue-prochaines-negociations-de-laccord-inter-professionnel-aip","status":"publish","type":"post","link":"https:\/\/peoplesphere.be\/fr\/feb-prepare-argumentation-vue-prochaines-negociations-de-laccord-inter-professionnel-aip\/","title":{"rendered":"LA FEB pr\u00e9pare son argumentation en vue des prochaines n\u00e9gociations de l&rsquo;Accord Inter-Professionnel (AIP)."},"content":{"rendered":"<p>La FEB a voulu sonder les attentes des employeurs en vue du prochain accord inter-professionnel dont les n\u00e9gociations d\u00e9buteront \u00e0 la fin de cette ann\u00e9e. L&rsquo;organisation patronale rappelle sa volont\u00e9 de privil\u00e9gier la concertation sociale et d&rsquo;ouvrir toutes les pistes possibles afin d&rsquo;\u00e9viter le conflit avec les partenaires sociaux.<!--more--><\/p>\n<p>L&rsquo;administrateur d\u00e9l\u00e9gu\u00e9 Pieter Timmermans r\u00e9sume, sur la base de quelques r\u00e9sultats d&rsquo;une enqu\u00eate r\u00e9alis\u00e9e par le bureau d&rsquo;\u00e9tudes IVOX, les attentes de la F\u00e9d\u00e9ration des entreprises de Belgique (FEB) pour cet automne.<em> &lsquo;Une chose est certaine : nous pr\u00e9f\u00e9rons la concertation sociale au conflit social. Si les syndicats viennent \u00e0 la table des n\u00e9gociations avec le m\u00eame \u00e9tat d&rsquo;esprit, on obtiendra des r\u00e9sultats.&rsquo;<\/em><\/p>\n<p>Au premier trimestre de 2018, on d\u00e9nombrait en Belgique plus de 140.000 postes vacants. Le taux de vacance d\u2019emploi s&rsquo;\u00e9l\u00e8ve actuellement \u00e0 3,47%, ce qui signifie que sur 1000 emplois disponibles, 35 environ restent inoccup\u00e9s. Dans une enqu\u00eate repr\u00e9sentative men\u00e9e aupr\u00e8s de 1000 travailleurs et 462 employeurs, la FEB s&rsquo;est interrog\u00e9e sur les raisons pour lesquelles les jeunes et les demandeurs d&#8217;emploi plus exp\u00e9riment\u00e9s \u00e9prouvent plus de difficult\u00e9s \u00e0 trouver un emploi :<\/p>\n<p>&#8211; Les employeurs indiquent que l&#8217;embauche d\u2019une personne engendre des co\u00fbts importants (56%), que l&rsquo;enseignement est trop peu ax\u00e9 sur les besoins du march\u00e9 du travail (49%) et que les demandeurs d&#8217;emploi sont trop exigeants (47%). Les travailleurs pour leur part pointent le fait que certains clich\u00e9s (comme &lsquo;les jeunes ne sont pas directement rentables&rsquo; ou &lsquo;les travailleurs exp\u00e9riment\u00e9s sont peu flexibles&rsquo;) perdurent (48%) et que l&rsquo;accent est encore trop mis sur l&rsquo;\u00e2ge (41%). Les travailleurs indiquent plus souvent que les employeurs que ces derniers ne sont pas assez ouverts \u00e0 des candidats envisageant un changement de carri\u00e8re (employeurs : 16% ; travailleurs : 32%).<\/p>\n<p>L&rsquo;administrateur d\u00e9l\u00e9gu\u00e9 de la FEB estime <em>\u00ab\u00a0qu&rsquo;il serait positif que l&rsquo;on veille effectivement entre autres \u00e0 renforcer la d\u00e9gressivit\u00e9 des allocations de ch\u00f4mage, \u00e0 inciter les demandeurs d&#8217;emploi \u00e0 suivre une formation pour les m\u00e9tiers en p\u00e9nurie, \u00e0 acc\u00e9l\u00e9rer l&rsquo;inscription aupr\u00e8s des services r\u00e9gionaux de l&#8217;emploi et \u00e0 adapter la r\u00e9mun\u00e9ration \u00e0 l&rsquo;anciennet\u00e9.\u00a0\u00bb<\/em><\/p>\n<p>Affirmer que l\u2019enseignement joue aussi un r\u00f4le important dans la solution de l\u2019\u00e9conomie de p\u00e9nurie, c\u2019est enfoncer une porte ouverte. Pourtant, employeurs et travailleurs estiment qu\u2019il faut encourager plut\u00f4t qu\u2019obliger les jeunes \u00e0 suivre une formation qui les pr\u00e9pare \u00e0 exercer un m\u00e9tier en p\u00e9nurie :<\/p>\n<p>&#8211; Encourager les jeunes \u00e0 opter pour une orientation qui offre plus d&rsquo;opportunit\u00e9s sur le march\u00e9 du travail est une bonne id\u00e9e pour 54% des employeurs et pour 41% des travailleurs. Les travailleurs (20%) sont plus nombreux que les employeurs (9%) \u00e0 ne pas avoir d&rsquo;avis concernant cette proposition.<\/p>\n<p>&#8211; La proposition visant \u00e0 obliger les jeunes \u00e0 suivre certaines orientations lorsque le march\u00e9 du travail en a besoin rencontre moins de succ\u00e8s. 35% des employeurs y sont favorables, contre 25% seulement des travailleurs.<\/p>\n<p><em><strong>Le droit de gr\u00e8ve menac\u00e9 ?<\/strong><\/em><\/p>\n<p>Au cours des prochains mois, de nombreux dossiers sociaux seront aussi \u00e0 l\u2019ordre du jour, dont le droit de gr\u00e8ve. L&rsquo;enqu\u00eate r\u00e9alis\u00e9e par IVOX a montr\u00e9 qu&rsquo;il existe un grand consensus soci\u00e9tal pour mieux d\u00e9limiter le droit de gr\u00e8ve :<\/p>\n<p>&#8211; 97% des employeurs sont d&rsquo;avis que le droit de gr\u00e8ve ne peut pas emp\u00eacher les non-gr\u00e9vistes de travailler et que les employeurs et les syndicats doivent conclure des accords clairs \u00e0 ce sujet. 85% des travailleurs partagent cet avis.<\/p>\n<p>&#8211; S&rsquo;agissant de l&rsquo;utilisation du droit de gr\u00e8ve, nous voyons qu&rsquo;une grande majorit\u00e9 d&#8217;employeurs (89%) indique que les travailleurs utilisent le droit de gr\u00e8ve \u00e0 tort et \u00e0 travers. La majorit\u00e9 des travailleurs est \u00e9galement de cet avis (69%).<\/p>\n<p>&#8211; Une minorit\u00e9 d&#8217;employeurs (26%) et de travailleurs (26%) juge d\u00e8s lors un r\u00e9gime l\u00e9gal du droit de gr\u00e8ve superflu. Dans le m\u00eame esprit, 92% des employeurs indiquent qu&rsquo;il serait pr\u00e9f\u00e9rable qu&rsquo;une loi d\u00e9limite l&rsquo;exercice du droit de gr\u00e8ve. Les travailleurs (69%) sont du m\u00eame avis.<\/p>\n<p><em>\u00ab\u00a0Nous voulons am\u00e9liorer le gentlemen&rsquo;s agreement de 2002 au nom du principe, reconnu internationalement, que le droit de gr\u00e8ve n&rsquo;est pas absolu, mais qu&rsquo;il doit \u00eatre en \u00e9quilibre avec le droit de travailler. Quelles actions sont permises et lesquelles pas ? Quelles proc\u00e9dures faut-il suivre en cas de gr\u00e8ve ? Quelles responsabilit\u00e9s doivent \u00eatre prises en cas de gr\u00e8ve ? Ce sont quelques-unes des questions qui devront \u00eatre clarifi\u00e9es \u00e0 la table des n\u00e9gociations. Une loi sur le droit de gr\u00e8ve est envisageable, mais un accord au sein du Groupe des 10 est souhaitable.\u00a0\u00bb<\/em><\/p>\n<p><strong><em>Et le menu du prochain accord interprofessionnel?<\/em><\/strong><\/p>\n<p>La FEB a sond\u00e9 les attentes des employeurs et des travailleurs vis-\u00e0-vis des prochaines n\u00e9gociations interprofessionnelles. Les r\u00e9sultats sont quelque peu surprenants :<\/p>\n<p>&#8211; Ainsi, 35% des travailleurs souhaitent que l\u2019on mise davantage sur les aspects qualitatifs du travail, plut\u00f4t que sur une augmentation salariale pour tous les travailleurs (25%). 13% optent pour plus de flexibilit\u00e9 dans l\u2019organisation du travail.<\/p>\n<p>&#8211; Les entreprises quant \u00e0 elles veulent miser sur plus de flexibilit\u00e9 sur le lieu de travail (42,6%), mais elles \u00e9voquent aussi les aspects qualitatifs du travail (30%) et la concr\u00e9tisation de la marge salariale autrement qu&rsquo;en cash (11,5% : via le 2e pilier de pension ou un budget mobilit\u00e9). Sans surprise, une minorit\u00e9 plaide pour une augmentation salariale g\u00e9n\u00e9ralis\u00e9e (2,8%).<\/p>\n<p>Pieter Timmermans :<em> \u2018La FEB a deux objectifs pour les prochaines n\u00e9gociations interprofessionnelles : premi\u00e8rement, nous voulons conclure un accord qui ne compromet pas la comp\u00e9titivit\u00e9 de nos entreprises. Nous ne pouvons an\u00e9antir des efforts des derni\u00e8res ann\u00e9es. Par ailleurs, je trouve important de conclure un accord entre partenaires sociaux. Je suis totalement partisan de la concertation sociale et pas du conflit social.\u2019<\/em><\/p>\n<p><em>Source : FEB<\/em><\/p>\n","protected":false},"excerpt":{"rendered":"<p>La FEB a voulu sonder les attentes des employeurs en vue du prochain accord inter-professionnel dont les n\u00e9gociations d\u00e9buteront \u00e0 la fin de cette ann\u00e9e. L&rsquo;organisation patronale rappelle sa volont\u00e9 de privil\u00e9gier la concertation sociale et d&rsquo;ouvrir toutes les pistes [&hellip;]<\/p>\n","protected":false},"author":2,"featured_media":0,"comment_status":"closed","ping_status":"open","sticky":false,"template":"","format":"standard","meta":[],"categories":[65,10],"tags":[1082,1081,96,332,220,2205,752,157,2204],"yoast_head":"<!-- This site is optimized with the Yoast SEO plugin v21.0 - https:\/\/yoast.com\/wordpress\/plugins\/seo\/ -->\n<title>LA FEB pr\u00e9pare son argumentation en vue des prochaines n\u00e9gociations de l&#039;Accord Inter-Professionnel (AIP). - Peoplesphere<\/title>\n<meta name=\"robots\" content=\"index, follow, max-snippet:-1, max-image-preview:large, max-video-preview:-1\" \/>\n<link rel=\"canonical\" href=\"https:\/\/peoplesphere.be\/fr\/feb-prepare-argumentation-vue-prochaines-negociations-de-laccord-inter-professionnel-aip\/\" \/>\n<meta property=\"og:locale\" content=\"fr_FR\" \/>\n<meta property=\"og:type\" content=\"article\" \/>\n<meta property=\"og:title\" content=\"LA FEB pr\u00e9pare son argumentation en vue des prochaines n\u00e9gociations de l&#039;Accord Inter-Professionnel (AIP). - Peoplesphere\" \/>\n<meta property=\"og:description\" content=\"La FEB a voulu sonder les attentes des employeurs en vue du prochain accord inter-professionnel dont les n\u00e9gociations d\u00e9buteront \u00e0 la fin de cette ann\u00e9e. L&rsquo;organisation patronale rappelle sa volont\u00e9 de privil\u00e9gier la concertation sociale et d&rsquo;ouvrir toutes les pistes [&hellip;]\" \/>\n<meta property=\"og:url\" content=\"https:\/\/peoplesphere.be\/fr\/feb-prepare-argumentation-vue-prochaines-negociations-de-laccord-inter-professionnel-aip\/\" \/>\n<meta property=\"og:site_name\" content=\"Peoplesphere\" \/>\n<meta property=\"article:publisher\" content=\"https:\/\/www.facebook.com\/peoplesphere\" \/>\n<meta property=\"article:published_time\" content=\"2018-09-05T12:55:30+00:00\" \/>\n<meta property=\"og:image\" content=\"http:\/\/www.peoplesphere.be\/fr\/wp-content\/uploads\/2016\/07\/facebook-default-posting-1200x628px.jpg\" \/>\n<meta name=\"author\" content=\"Jean-Paul Erhard\" \/>\n<meta name=\"twitter:card\" content=\"summary_large_image\" \/>\n<meta name=\"twitter:creator\" content=\"@PeoplesphereMag\" \/>\n<meta name=\"twitter:site\" content=\"@PeoplesphereMag\" \/>\n<meta name=\"twitter:label1\" content=\"\u00c9crit par\" \/>\n\t<meta name=\"twitter:data1\" content=\"Jean-Paul Erhard\" \/>\n\t<meta name=\"twitter:label2\" content=\"Dur\u00e9e de lecture estim\u00e9e\" \/>\n\t<meta name=\"twitter:data2\" content=\"5 minutes\" \/>\n<script type=\"application\/ld+json\" class=\"yoast-schema-graph\">{\"@context\":\"https:\/\/schema.org\",\"@graph\":[{\"@type\":\"Article\",\"@id\":\"https:\/\/peoplesphere.be\/fr\/feb-prepare-argumentation-vue-prochaines-negociations-de-laccord-inter-professionnel-aip\/#article\",\"isPartOf\":{\"@id\":\"https:\/\/peoplesphere.be\/fr\/feb-prepare-argumentation-vue-prochaines-negociations-de-laccord-inter-professionnel-aip\/\"},\"author\":{\"name\":\"Jean-Paul Erhard\",\"@id\":\"https:\/\/peoplesphere.be\/fr\/#\/schema\/person\/7976225ff17988604334abb7b3536a7e\"},\"headline\":\"LA FEB pr\u00e9pare son argumentation en vue des prochaines n\u00e9gociations de l&rsquo;Accord Inter-Professionnel (AIP).\",\"datePublished\":\"2018-09-05T12:55:30+00:00\",\"dateModified\":\"2018-09-05T12:55:30+00:00\",\"mainEntityOfPage\":{\"@id\":\"https:\/\/peoplesphere.be\/fr\/feb-prepare-argumentation-vue-prochaines-negociations-de-laccord-inter-professionnel-aip\/\"},\"wordCount\":988,\"publisher\":{\"@id\":\"https:\/\/peoplesphere.be\/fr\/#organization\"},\"keywords\":[\"accord interprofessionnel\",\"AIP\",\"bien-\u00eatre\",\"concertation sociale\",\"flexibilit\u00e9\",\"marge salariale\",\"n\u00e9gociation\",\"partenaires sociaux\",\"pi\u00e9ter timmermans\"],\"articleSection\":[\"Actualit\u00e9s\",\"Digital\"],\"inLanguage\":\"fr-FR\"},{\"@type\":\"WebPage\",\"@id\":\"https:\/\/peoplesphere.be\/fr\/feb-prepare-argumentation-vue-prochaines-negociations-de-laccord-inter-professionnel-aip\/\",\"url\":\"https:\/\/peoplesphere.be\/fr\/feb-prepare-argumentation-vue-prochaines-negociations-de-laccord-inter-professionnel-aip\/\",\"name\":\"LA FEB pr\u00e9pare son argumentation en vue des prochaines n\u00e9gociations de l'Accord Inter-Professionnel (AIP). - Peoplesphere\",\"isPartOf\":{\"@id\":\"https:\/\/peoplesphere.be\/fr\/#website\"},\"datePublished\":\"2018-09-05T12:55:30+00:00\",\"dateModified\":\"2018-09-05T12:55:30+00:00\",\"breadcrumb\":{\"@id\":\"https:\/\/peoplesphere.be\/fr\/feb-prepare-argumentation-vue-prochaines-negociations-de-laccord-inter-professionnel-aip\/#breadcrumb\"},\"inLanguage\":\"fr-FR\",\"potentialAction\":[{\"@type\":\"ReadAction\",\"target\":[\"https:\/\/peoplesphere.be\/fr\/feb-prepare-argumentation-vue-prochaines-negociations-de-laccord-inter-professionnel-aip\/\"]}]},{\"@type\":\"BreadcrumbList\",\"@id\":\"https:\/\/peoplesphere.be\/fr\/feb-prepare-argumentation-vue-prochaines-negociations-de-laccord-inter-professionnel-aip\/#breadcrumb\",\"itemListElement\":[{\"@type\":\"ListItem\",\"position\":1,\"name\":\"Accueil\",\"item\":\"https:\/\/peoplesphere.be\/fr\/\"},{\"@type\":\"ListItem\",\"position\":2,\"name\":\"LA FEB pr\u00e9pare son argumentation en vue des prochaines n\u00e9gociations de l&rsquo;Accord Inter-Professionnel (AIP).\"}]},{\"@type\":\"WebSite\",\"@id\":\"https:\/\/peoplesphere.be\/fr\/#website\",\"url\":\"https:\/\/peoplesphere.be\/fr\/\",\"name\":\"Peoplesphere\",\"description\":\"The People Managers Magazine\",\"publisher\":{\"@id\":\"https:\/\/peoplesphere.be\/fr\/#organization\"},\"potentialAction\":[{\"@type\":\"SearchAction\",\"target\":{\"@type\":\"EntryPoint\",\"urlTemplate\":\"https:\/\/peoplesphere.be\/fr\/?s={search_term_string}\"},\"query-input\":\"required name=search_term_string\"}],\"inLanguage\":\"fr-FR\"},{\"@type\":\"Organization\",\"@id\":\"https:\/\/peoplesphere.be\/fr\/#organization\",\"name\":\"Peoplesphere Company srl\",\"url\":\"https:\/\/peoplesphere.be\/fr\/\",\"logo\":{\"@type\":\"ImageObject\",\"inLanguage\":\"fr-FR\",\"@id\":\"https:\/\/peoplesphere.be\/fr\/#\/schema\/logo\/image\/\",\"url\":\"https:\/\/peoplesphere.be\/fr\/wp-content\/uploads\/2023\/07\/peoplesphere-lgo-new-generik.jpg\",\"contentUrl\":\"https:\/\/peoplesphere.be\/fr\/wp-content\/uploads\/2023\/07\/peoplesphere-lgo-new-generik.jpg\",\"width\":1031,\"height\":1479,\"caption\":\"Peoplesphere Company srl\"},\"image\":{\"@id\":\"https:\/\/peoplesphere.be\/fr\/#\/schema\/logo\/image\/\"},\"sameAs\":[\"https:\/\/www.facebook.com\/peoplesphere\",\"https:\/\/twitter.com\/PeoplesphereMag\",\"https:\/\/www.linkedin.com\/company\/7587361?trk\",\"http:\/\/youtube.com\/peoplesphere\"]},{\"@type\":\"Person\",\"@id\":\"https:\/\/peoplesphere.be\/fr\/#\/schema\/person\/7976225ff17988604334abb7b3536a7e\",\"name\":\"Jean-Paul Erhard\",\"image\":{\"@type\":\"ImageObject\",\"inLanguage\":\"fr-FR\",\"@id\":\"https:\/\/peoplesphere.be\/fr\/#\/schema\/person\/image\/\",\"url\":\"https:\/\/secure.gravatar.com\/avatar\/f941e681460179738071629a51574930?s=96&d=mm&r=g\",\"contentUrl\":\"https:\/\/secure.gravatar.com\/avatar\/f941e681460179738071629a51574930?s=96&d=mm&r=g\",\"caption\":\"Jean-Paul Erhard\"},\"url\":\"https:\/\/peoplesphere.be\/fr\/author\/jpe\/\"}]}<\/script>\n<!-- \/ Yoast SEO plugin. -->","yoast_head_json":{"title":"LA FEB pr\u00e9pare son argumentation en vue des prochaines n\u00e9gociations de l'Accord Inter-Professionnel (AIP). - Peoplesphere","robots":{"index":"index","follow":"follow","max-snippet":"max-snippet:-1","max-image-preview":"max-image-preview:large","max-video-preview":"max-video-preview:-1"},"canonical":"https:\/\/peoplesphere.be\/fr\/feb-prepare-argumentation-vue-prochaines-negociations-de-laccord-inter-professionnel-aip\/","og_locale":"fr_FR","og_type":"article","og_title":"LA FEB pr\u00e9pare son argumentation en vue des prochaines n\u00e9gociations de l'Accord Inter-Professionnel (AIP). - Peoplesphere","og_description":"La FEB a voulu sonder les attentes des employeurs en vue du prochain accord inter-professionnel dont les n\u00e9gociations d\u00e9buteront \u00e0 la fin de cette ann\u00e9e. L&rsquo;organisation patronale rappelle sa volont\u00e9 de privil\u00e9gier la concertation sociale et d&rsquo;ouvrir toutes les pistes [&hellip;]","og_url":"https:\/\/peoplesphere.be\/fr\/feb-prepare-argumentation-vue-prochaines-negociations-de-laccord-inter-professionnel-aip\/","og_site_name":"Peoplesphere","article_publisher":"https:\/\/www.facebook.com\/peoplesphere","article_published_time":"2018-09-05T12:55:30+00:00","og_image":[{"url":"http:\/\/www.peoplesphere.be\/fr\/wp-content\/uploads\/2016\/07\/facebook-default-posting-1200x628px.jpg"}],"author":"Jean-Paul Erhard","twitter_card":"summary_large_image","twitter_creator":"@PeoplesphereMag","twitter_site":"@PeoplesphereMag","twitter_misc":{"\u00c9crit par":"Jean-Paul Erhard","Dur\u00e9e de lecture estim\u00e9e":"5 minutes"},"schema":{"@context":"https:\/\/schema.org","@graph":[{"@type":"Article","@id":"https:\/\/peoplesphere.be\/fr\/feb-prepare-argumentation-vue-prochaines-negociations-de-laccord-inter-professionnel-aip\/#article","isPartOf":{"@id":"https:\/\/peoplesphere.be\/fr\/feb-prepare-argumentation-vue-prochaines-negociations-de-laccord-inter-professionnel-aip\/"},"author":{"name":"Jean-Paul Erhard","@id":"https:\/\/peoplesphere.be\/fr\/#\/schema\/person\/7976225ff17988604334abb7b3536a7e"},"headline":"LA FEB pr\u00e9pare son argumentation en vue des prochaines n\u00e9gociations de l&rsquo;Accord Inter-Professionnel (AIP).","datePublished":"2018-09-05T12:55:30+00:00","dateModified":"2018-09-05T12:55:30+00:00","mainEntityOfPage":{"@id":"https:\/\/peoplesphere.be\/fr\/feb-prepare-argumentation-vue-prochaines-negociations-de-laccord-inter-professionnel-aip\/"},"wordCount":988,"publisher":{"@id":"https:\/\/peoplesphere.be\/fr\/#organization"},"keywords":["accord interprofessionnel","AIP","bien-\u00eatre","concertation sociale","flexibilit\u00e9","marge salariale","n\u00e9gociation","partenaires sociaux","pi\u00e9ter timmermans"],"articleSection":["Actualit\u00e9s","Digital"],"inLanguage":"fr-FR"},{"@type":"WebPage","@id":"https:\/\/peoplesphere.be\/fr\/feb-prepare-argumentation-vue-prochaines-negociations-de-laccord-inter-professionnel-aip\/","url":"https:\/\/peoplesphere.be\/fr\/feb-prepare-argumentation-vue-prochaines-negociations-de-laccord-inter-professionnel-aip\/","name":"LA FEB pr\u00e9pare son argumentation en vue des prochaines n\u00e9gociations de l'Accord Inter-Professionnel (AIP). - Peoplesphere","isPartOf":{"@id":"https:\/\/peoplesphere.be\/fr\/#website"},"datePublished":"2018-09-05T12:55:30+00:00","dateModified":"2018-09-05T12:55:30+00:00","breadcrumb":{"@id":"https:\/\/peoplesphere.be\/fr\/feb-prepare-argumentation-vue-prochaines-negociations-de-laccord-inter-professionnel-aip\/#breadcrumb"},"inLanguage":"fr-FR","potentialAction":[{"@type":"ReadAction","target":["https:\/\/peoplesphere.be\/fr\/feb-prepare-argumentation-vue-prochaines-negociations-de-laccord-inter-professionnel-aip\/"]}]},{"@type":"BreadcrumbList","@id":"https:\/\/peoplesphere.be\/fr\/feb-prepare-argumentation-vue-prochaines-negociations-de-laccord-inter-professionnel-aip\/#breadcrumb","itemListElement":[{"@type":"ListItem","position":1,"name":"Accueil","item":"https:\/\/peoplesphere.be\/fr\/"},{"@type":"ListItem","position":2,"name":"LA FEB pr\u00e9pare son argumentation en vue des prochaines n\u00e9gociations de l&rsquo;Accord Inter-Professionnel (AIP)."}]},{"@type":"WebSite","@id":"https:\/\/peoplesphere.be\/fr\/#website","url":"https:\/\/peoplesphere.be\/fr\/","name":"Peoplesphere","description":"The People Managers Magazine","publisher":{"@id":"https:\/\/peoplesphere.be\/fr\/#organization"},"potentialAction":[{"@type":"SearchAction","target":{"@type":"EntryPoint","urlTemplate":"https:\/\/peoplesphere.be\/fr\/?s={search_term_string}"},"query-input":"required name=search_term_string"}],"inLanguage":"fr-FR"},{"@type":"Organization","@id":"https:\/\/peoplesphere.be\/fr\/#organization","name":"Peoplesphere Company srl","url":"https:\/\/peoplesphere.be\/fr\/","logo":{"@type":"ImageObject","inLanguage":"fr-FR","@id":"https:\/\/peoplesphere.be\/fr\/#\/schema\/logo\/image\/","url":"https:\/\/peoplesphere.be\/fr\/wp-content\/uploads\/2023\/07\/peoplesphere-lgo-new-generik.jpg","contentUrl":"https:\/\/peoplesphere.be\/fr\/wp-content\/uploads\/2023\/07\/peoplesphere-lgo-new-generik.jpg","width":1031,"height":1479,"caption":"Peoplesphere Company srl"},"image":{"@id":"https:\/\/peoplesphere.be\/fr\/#\/schema\/logo\/image\/"},"sameAs":["https:\/\/www.facebook.com\/peoplesphere","https:\/\/twitter.com\/PeoplesphereMag","https:\/\/www.linkedin.com\/company\/7587361?trk","http:\/\/youtube.com\/peoplesphere"]},{"@type":"Person","@id":"https:\/\/peoplesphere.be\/fr\/#\/schema\/person\/7976225ff17988604334abb7b3536a7e","name":"Jean-Paul Erhard","image":{"@type":"ImageObject","inLanguage":"fr-FR","@id":"https:\/\/peoplesphere.be\/fr\/#\/schema\/person\/image\/","url":"https:\/\/secure.gravatar.com\/avatar\/f941e681460179738071629a51574930?s=96&d=mm&r=g","contentUrl":"https:\/\/secure.gravatar.com\/avatar\/f941e681460179738071629a51574930?s=96&d=mm&r=g","caption":"Jean-Paul Erhard"},"url":"https:\/\/peoplesphere.be\/fr\/author\/jpe\/"}]}},"_links":{"self":[{"href":"https:\/\/peoplesphere.be\/fr\/wp-json\/wp\/v2\/posts\/6488"}],"collection":[{"href":"https:\/\/peoplesphere.be\/fr\/wp-json\/wp\/v2\/posts"}],"about":[{"href":"https:\/\/peoplesphere.be\/fr\/wp-json\/wp\/v2\/types\/post"}],"author":[{"embeddable":true,"href":"https:\/\/peoplesphere.be\/fr\/wp-json\/wp\/v2\/users\/2"}],"replies":[{"embeddable":true,"href":"https:\/\/peoplesphere.be\/fr\/wp-json\/wp\/v2\/comments?post=6488"}],"version-history":[{"count":1,"href":"https:\/\/peoplesphere.be\/fr\/wp-json\/wp\/v2\/posts\/6488\/revisions"}],"predecessor-version":[{"id":6489,"href":"https:\/\/peoplesphere.be\/fr\/wp-json\/wp\/v2\/posts\/6488\/revisions\/6489"}],"wp:attachment":[{"href":"https:\/\/peoplesphere.be\/fr\/wp-json\/wp\/v2\/media?parent=6488"}],"wp:term":[{"taxonomy":"category","embeddable":true,"href":"https:\/\/peoplesphere.be\/fr\/wp-json\/wp\/v2\/categories?post=6488"},{"taxonomy":"post_tag","embeddable":true,"href":"https:\/\/peoplesphere.be\/fr\/wp-json\/wp\/v2\/tags?post=6488"}],"curies":[{"name":"wp","href":"https:\/\/api.w.org\/{rel}","templated":true}]}}