









{"id":6490,"date":"2018-09-05T17:54:31","date_gmt":"2018-09-05T15:54:31","guid":{"rendered":"http:\/\/www.peoplesphere.be\/fr\/?p=6490"},"modified":"2018-09-06T07:16:36","modified_gmt":"2018-09-06T05:16:36","slug":"interim-hyper-flexibilite-employeurs-ont-2-ans-reduire-de-20-part-contrats-journaliers-nombre-total-contrats-interimaires","status":"publish","type":"post","link":"https:\/\/peoplesphere.be\/fr\/interim-hyper-flexibilite-employeurs-ont-2-ans-reduire-de-20-part-contrats-journaliers-nombre-total-contrats-interimaires\/","title":{"rendered":"Int\u00e9rim et hyper flexibilit\u00e9: les employeurs ont 2 ans pour r\u00e9duire de 20% la part des contrats journaliers dans le nombre total des contrats int\u00e9rimaires."},"content":{"rendered":"<p>Les contrats journaliers successifs constituent un important instrument \u00e9conomique pour les entreprises en cas de fluctuations impr\u00e9visibles du volume de travail.\u00a0\u00c0 la demande du ministre de l&rsquo;Emploi Kris Peeters, les partenaires sociaux r\u00e9unis au sein du Conseil National du Travail (CNT) ont men\u00e9 une \u00e9valuation approfondie du syst\u00e8me des contrats journaliers successifs dans le secteur du travail int\u00e9rimaire.<!--more--><\/p>\n<p>Compte tenu du manque de s\u00e9curit\u00e9 pour les int\u00e9rimaires concern\u00e9s, il importe \u00a0que l\u2019instrument ne soit utilis\u00e9 qu&rsquo;\u00e0 cette fin. Pour lutter contre le recours inappropri\u00e9 \u00e0 ce type de contrat, les utilisateurs et les entreprises de travail int\u00e9rimaire s&rsquo;engagent \u00e0 parvenir, sur une p\u00e9riode de deux ans (2018-2019), \u00e0 une r\u00e9duction macro\u00e9conomique de 20% de la part de contrats journaliers successifs dans le nombre total de contrats de travail int\u00e9rimaire.<\/p>\n<p>Le rapport du CNT pr\u00e9cise que les conditions et modalit\u00e9s du recours aux contrats journaliers successifs, d\u00e9j\u00e0 contenues dans la CCT 108, sont affin\u00e9es. Le \u2018besoin de flexibilit\u00e9\u2019 doit \u00eatre d\u00e9montr\u00e9 par l\u2019utilisateur. Ce n&rsquo;est pas nouveau. Mais la CCT pr\u00e9cise d\u00e9sormais \u00e9galement que celui-ci est prouv\u00e9 pour autant que et dans la mesure o\u00f9 le volume de travail d\u00e9pend de facteurs externes, fluctue fortement ou est li\u00e9 \u00e0 la nature de la mission.<\/p>\n<p>Les obligations d&rsquo;information existantes en cas de recours aux contrats journaliers successifs sont \u00e9tendues. Au d\u00e9but de chaque semestre, les informations suivantes doivent d\u00e9sormais \u00eatre mises \u00e0 la disposition du conseil d\u2019entreprise ou, \u00e0 d\u00e9faut, de la d\u00e9l\u00e9gation syndicale :<\/p>\n<p>&#8211; Des informations d\u00e9taill\u00e9es sur le nombre de contrats journaliers successifs au cours du semestre pr\u00e9c\u00e9dent et le nombre de travailleurs int\u00e9rimaires qui ont \u00e9t\u00e9 occup\u00e9s avec un contrat journalier successif au cours du semestre pr\u00e9c\u00e9dent ;<\/p>\n<p>&#8211; La preuve du besoin de flexibilit\u00e9 ;<\/p>\n<p>&#8211; \u00c0 la demande expresse des repr\u00e9sentants des travailleurs, le nombre de travailleurs int\u00e9rimaires par tranche de contrats journaliers successifs.<\/p>\n<p>\u00c0 d\u00e9faut de conseil d&rsquo;entreprise ou de d\u00e9l\u00e9gation syndicale dans l&rsquo;entreprise, ces informations doivent \u00eatre mises \u00e0 la disposition du Fonds de s\u00e9curit\u00e9 d\u2019existence pour les int\u00e9rimaires par l\u2019entreprise de travail int\u00e9rimaire, selon la m\u00eame p\u00e9riodicit\u00e9. Nous soulignons que l\u2019utilisateur devra, \u00e0 tout moment, \u00eatre en capacit\u00e9 de prouver son besoin en flexibilit\u00e9, y compris dans les entreprises sans d\u00e9l\u00e9gation syndicale.<\/p>\n<p>La premi\u00e8re communication d\u2019informations \u00e9tendue portera sur le quatri\u00e8me trimestre de l\u2019ann\u00e9e 2018.<\/p>\n<p>Par ailleurs, le conseil d\u2019entreprise ou, \u00e0 d\u00e9faut, la d\u00e9l\u00e9gation syndicale sera consult\u00e9(e) chaque ann\u00e9e sur le recours aux contrats journaliers successifs et sur la motivation pour continuer d\u2019y avoir recours.<\/p>\n<div class=\"paragraph\">L&rsquo;organisation syndicale CSC a r\u00e9agi d&#8217;embl\u00e9e : \u00ab<em>Les contrats journaliers sont une source d\u2019ins\u00e9curit\u00e9 accablante pour le travailleur. Vous ne savez jamais si et quand vous aurez du travail. Vous n\u2019\u00eates jamais certain de vos revenus. Vous ne pouvez rien planifier. M\u00eame la recherche d\u2019un meilleur emploi est extr\u00eamement compliqu\u00e9e puisque vous devez toujours rester disponible<\/em>, explique Mathieu Verjans de la CSC.\u00a0<em>Cet accord constitue par cons\u00e9quent un important pas en avant. La CSC aurait \u00e9videmment voulu aller encore beaucoup plus loin, mais c\u2019est une premi\u00e8re perc\u00e9e importante.<\/em>\u00bb<\/div>\n<div class=\"paragraph\">\u00ab<em>La forte am\u00e9lioration de l\u2019obligation d\u2019informer sur le nombre de contrats journaliers et l\u2019obligation pour les entreprises de justifier le recours aux contrats journaliers au moyen de chiffres vont permettre \u00e0 nos repr\u00e9sentants de lancer pleinement le d\u00e9bat sur le recours aux contrats journaliers<\/em>, poursuit Mathieu Verjans.\u00a0<em>Nous pourrons citer les entreprises qui refusent le d\u00e9bat devant le tribunal du travail. Dans le m\u00eame temps, nous sommes conscients que nous faisons peser une lourde t\u00e2che sur les \u00e9paules de nos repr\u00e9sentants. La suite logique de cet accord sera le droit de vote des int\u00e9rimaires aux \u00e9lections sociales. Il est tout \u00e0 fait logique que les int\u00e9rimaires puissent voter pour les repr\u00e9sentants qui d\u00e9fendront au mieux leurs int\u00e9r\u00eats dans les entreprises. La CSC entend d\u00e9fendre pleinement le droit de vote des travailleurs int\u00e9rimaires pour les \u00e9lections sociales de 202<\/em>0.\u00bb<\/div>\n<p><em>Source : Centre de comp\u00e9tence Emploi &amp; S\u00e9curit\u00e9 Sociale de la FEB &#8211; CSC<\/em><\/p>\n","protected":false},"excerpt":{"rendered":"<p>Les contrats journaliers successifs constituent un important instrument \u00e9conomique pour les entreprises en cas de fluctuations impr\u00e9visibles du volume de travail.\u00a0\u00c0 la demande du ministre de l&rsquo;Emploi Kris Peeters, les partenaires sociaux r\u00e9unis au sein du Conseil National du Travail [&hellip;]<\/p>\n","protected":false},"author":2,"featured_media":0,"comment_status":"closed","ping_status":"open","sticky":false,"template":"","format":"standard","meta":[],"categories":[65,10],"tags":[1132,332,1078,2159,220,12],"yoast_head":"<!-- This site is optimized with the Yoast SEO plugin v21.0 - https:\/\/yoast.com\/wordpress\/plugins\/seo\/ -->\n<title>Int\u00e9rim et hyper flexibilit\u00e9: les employeurs ont 2 ans pour r\u00e9duire de 20% la part des contrats journaliers dans le nombre total des contrats int\u00e9rimaires. - Peoplesphere<\/title>\n<meta name=\"robots\" content=\"index, follow, max-snippet:-1, max-image-preview:large, max-video-preview:-1\" \/>\n<link rel=\"canonical\" href=\"https:\/\/peoplesphere.be\/fr\/interim-hyper-flexibilite-employeurs-ont-2-ans-reduire-de-20-part-contrats-journaliers-nombre-total-contrats-interimaires\/\" \/>\n<meta property=\"og:locale\" content=\"fr_FR\" \/>\n<meta property=\"og:type\" content=\"article\" \/>\n<meta property=\"og:title\" content=\"Int\u00e9rim et hyper flexibilit\u00e9: les employeurs ont 2 ans pour r\u00e9duire de 20% la part des contrats journaliers dans le nombre total des contrats int\u00e9rimaires. - Peoplesphere\" \/>\n<meta property=\"og:description\" content=\"Les contrats journaliers successifs constituent un important instrument \u00e9conomique pour les entreprises en cas de fluctuations impr\u00e9visibles du volume de travail.\u00a0\u00c0 la demande du ministre de l&rsquo;Emploi Kris Peeters, les partenaires sociaux r\u00e9unis au sein du Conseil National du Travail [&hellip;]\" \/>\n<meta property=\"og:url\" content=\"https:\/\/peoplesphere.be\/fr\/interim-hyper-flexibilite-employeurs-ont-2-ans-reduire-de-20-part-contrats-journaliers-nombre-total-contrats-interimaires\/\" \/>\n<meta property=\"og:site_name\" content=\"Peoplesphere\" \/>\n<meta property=\"article:publisher\" content=\"https:\/\/www.facebook.com\/peoplesphere\" \/>\n<meta property=\"article:published_time\" content=\"2018-09-05T15:54:31+00:00\" \/>\n<meta property=\"article:modified_time\" content=\"2018-09-06T05:16:36+00:00\" \/>\n<meta property=\"og:image\" content=\"http:\/\/www.peoplesphere.be\/fr\/wp-content\/uploads\/2016\/07\/facebook-default-posting-1200x628px.jpg\" \/>\n<meta name=\"author\" content=\"Jean-Paul Erhard\" \/>\n<meta name=\"twitter:card\" content=\"summary_large_image\" \/>\n<meta name=\"twitter:creator\" content=\"@PeoplesphereMag\" \/>\n<meta name=\"twitter:site\" content=\"@PeoplesphereMag\" \/>\n<meta name=\"twitter:label1\" content=\"\u00c9crit par\" \/>\n\t<meta name=\"twitter:data1\" content=\"Jean-Paul Erhard\" \/>\n\t<meta name=\"twitter:label2\" content=\"Dur\u00e9e de lecture estim\u00e9e\" \/>\n\t<meta name=\"twitter:data2\" content=\"4 minutes\" \/>\n<script type=\"application\/ld+json\" class=\"yoast-schema-graph\">{\"@context\":\"https:\/\/schema.org\",\"@graph\":[{\"@type\":\"Article\",\"@id\":\"https:\/\/peoplesphere.be\/fr\/interim-hyper-flexibilite-employeurs-ont-2-ans-reduire-de-20-part-contrats-journaliers-nombre-total-contrats-interimaires\/#article\",\"isPartOf\":{\"@id\":\"https:\/\/peoplesphere.be\/fr\/interim-hyper-flexibilite-employeurs-ont-2-ans-reduire-de-20-part-contrats-journaliers-nombre-total-contrats-interimaires\/\"},\"author\":{\"name\":\"Jean-Paul Erhard\",\"@id\":\"https:\/\/peoplesphere.be\/fr\/#\/schema\/person\/7976225ff17988604334abb7b3536a7e\"},\"headline\":\"Int\u00e9rim et hyper flexibilit\u00e9: les employeurs ont 2 ans pour r\u00e9duire de 20% la part des contrats journaliers dans le nombre total des contrats int\u00e9rimaires.\",\"datePublished\":\"2018-09-05T15:54:31+00:00\",\"dateModified\":\"2018-09-06T05:16:36+00:00\",\"mainEntityOfPage\":{\"@id\":\"https:\/\/peoplesphere.be\/fr\/interim-hyper-flexibilite-employeurs-ont-2-ans-reduire-de-20-part-contrats-journaliers-nombre-total-contrats-interimaires\/\"},\"wordCount\":753,\"publisher\":{\"@id\":\"https:\/\/peoplesphere.be\/fr\/#organization\"},\"keywords\":[\"CNT\",\"concertation sociale\",\"Conseil National du Travail\",\"contrats journaliers\",\"flexibilit\u00e9\",\"int\u00e9rim\"],\"articleSection\":[\"Actualit\u00e9s\",\"Digital\"],\"inLanguage\":\"fr-FR\"},{\"@type\":\"WebPage\",\"@id\":\"https:\/\/peoplesphere.be\/fr\/interim-hyper-flexibilite-employeurs-ont-2-ans-reduire-de-20-part-contrats-journaliers-nombre-total-contrats-interimaires\/\",\"url\":\"https:\/\/peoplesphere.be\/fr\/interim-hyper-flexibilite-employeurs-ont-2-ans-reduire-de-20-part-contrats-journaliers-nombre-total-contrats-interimaires\/\",\"name\":\"Int\u00e9rim et hyper flexibilit\u00e9: les employeurs ont 2 ans pour r\u00e9duire de 20% la part des contrats journaliers dans le nombre total des contrats int\u00e9rimaires. - Peoplesphere\",\"isPartOf\":{\"@id\":\"https:\/\/peoplesphere.be\/fr\/#website\"},\"datePublished\":\"2018-09-05T15:54:31+00:00\",\"dateModified\":\"2018-09-06T05:16:36+00:00\",\"breadcrumb\":{\"@id\":\"https:\/\/peoplesphere.be\/fr\/interim-hyper-flexibilite-employeurs-ont-2-ans-reduire-de-20-part-contrats-journaliers-nombre-total-contrats-interimaires\/#breadcrumb\"},\"inLanguage\":\"fr-FR\",\"potentialAction\":[{\"@type\":\"ReadAction\",\"target\":[\"https:\/\/peoplesphere.be\/fr\/interim-hyper-flexibilite-employeurs-ont-2-ans-reduire-de-20-part-contrats-journaliers-nombre-total-contrats-interimaires\/\"]}]},{\"@type\":\"BreadcrumbList\",\"@id\":\"https:\/\/peoplesphere.be\/fr\/interim-hyper-flexibilite-employeurs-ont-2-ans-reduire-de-20-part-contrats-journaliers-nombre-total-contrats-interimaires\/#breadcrumb\",\"itemListElement\":[{\"@type\":\"ListItem\",\"position\":1,\"name\":\"Accueil\",\"item\":\"https:\/\/peoplesphere.be\/fr\/\"},{\"@type\":\"ListItem\",\"position\":2,\"name\":\"Int\u00e9rim et hyper flexibilit\u00e9: les employeurs ont 2 ans pour r\u00e9duire de 20% la part des contrats journaliers dans le nombre total des contrats int\u00e9rimaires.\"}]},{\"@type\":\"WebSite\",\"@id\":\"https:\/\/peoplesphere.be\/fr\/#website\",\"url\":\"https:\/\/peoplesphere.be\/fr\/\",\"name\":\"Peoplesphere\",\"description\":\"The People Managers Magazine\",\"publisher\":{\"@id\":\"https:\/\/peoplesphere.be\/fr\/#organization\"},\"potentialAction\":[{\"@type\":\"SearchAction\",\"target\":{\"@type\":\"EntryPoint\",\"urlTemplate\":\"https:\/\/peoplesphere.be\/fr\/?s={search_term_string}\"},\"query-input\":\"required name=search_term_string\"}],\"inLanguage\":\"fr-FR\"},{\"@type\":\"Organization\",\"@id\":\"https:\/\/peoplesphere.be\/fr\/#organization\",\"name\":\"Peoplesphere Company srl\",\"url\":\"https:\/\/peoplesphere.be\/fr\/\",\"logo\":{\"@type\":\"ImageObject\",\"inLanguage\":\"fr-FR\",\"@id\":\"https:\/\/peoplesphere.be\/fr\/#\/schema\/logo\/image\/\",\"url\":\"https:\/\/peoplesphere.be\/fr\/wp-content\/uploads\/2023\/07\/peoplesphere-lgo-new-generik.jpg\",\"contentUrl\":\"https:\/\/peoplesphere.be\/fr\/wp-content\/uploads\/2023\/07\/peoplesphere-lgo-new-generik.jpg\",\"width\":1031,\"height\":1479,\"caption\":\"Peoplesphere Company srl\"},\"image\":{\"@id\":\"https:\/\/peoplesphere.be\/fr\/#\/schema\/logo\/image\/\"},\"sameAs\":[\"https:\/\/www.facebook.com\/peoplesphere\",\"https:\/\/twitter.com\/PeoplesphereMag\",\"https:\/\/www.linkedin.com\/company\/7587361?trk\",\"http:\/\/youtube.com\/peoplesphere\"]},{\"@type\":\"Person\",\"@id\":\"https:\/\/peoplesphere.be\/fr\/#\/schema\/person\/7976225ff17988604334abb7b3536a7e\",\"name\":\"Jean-Paul Erhard\",\"image\":{\"@type\":\"ImageObject\",\"inLanguage\":\"fr-FR\",\"@id\":\"https:\/\/peoplesphere.be\/fr\/#\/schema\/person\/image\/\",\"url\":\"https:\/\/secure.gravatar.com\/avatar\/f941e681460179738071629a51574930?s=96&d=mm&r=g\",\"contentUrl\":\"https:\/\/secure.gravatar.com\/avatar\/f941e681460179738071629a51574930?s=96&d=mm&r=g\",\"caption\":\"Jean-Paul Erhard\"},\"url\":\"https:\/\/peoplesphere.be\/fr\/author\/jpe\/\"}]}<\/script>\n<!-- \/ Yoast SEO plugin. -->","yoast_head_json":{"title":"Int\u00e9rim et hyper flexibilit\u00e9: les employeurs ont 2 ans pour r\u00e9duire de 20% la part des contrats journaliers dans le nombre total des contrats int\u00e9rimaires. - Peoplesphere","robots":{"index":"index","follow":"follow","max-snippet":"max-snippet:-1","max-image-preview":"max-image-preview:large","max-video-preview":"max-video-preview:-1"},"canonical":"https:\/\/peoplesphere.be\/fr\/interim-hyper-flexibilite-employeurs-ont-2-ans-reduire-de-20-part-contrats-journaliers-nombre-total-contrats-interimaires\/","og_locale":"fr_FR","og_type":"article","og_title":"Int\u00e9rim et hyper flexibilit\u00e9: les employeurs ont 2 ans pour r\u00e9duire de 20% la part des contrats journaliers dans le nombre total des contrats int\u00e9rimaires. - Peoplesphere","og_description":"Les contrats journaliers successifs constituent un important instrument \u00e9conomique pour les entreprises en cas de fluctuations impr\u00e9visibles du volume de travail.\u00a0\u00c0 la demande du ministre de l&rsquo;Emploi Kris Peeters, les partenaires sociaux r\u00e9unis au sein du Conseil National du Travail [&hellip;]","og_url":"https:\/\/peoplesphere.be\/fr\/interim-hyper-flexibilite-employeurs-ont-2-ans-reduire-de-20-part-contrats-journaliers-nombre-total-contrats-interimaires\/","og_site_name":"Peoplesphere","article_publisher":"https:\/\/www.facebook.com\/peoplesphere","article_published_time":"2018-09-05T15:54:31+00:00","article_modified_time":"2018-09-06T05:16:36+00:00","og_image":[{"url":"http:\/\/www.peoplesphere.be\/fr\/wp-content\/uploads\/2016\/07\/facebook-default-posting-1200x628px.jpg"}],"author":"Jean-Paul Erhard","twitter_card":"summary_large_image","twitter_creator":"@PeoplesphereMag","twitter_site":"@PeoplesphereMag","twitter_misc":{"\u00c9crit par":"Jean-Paul Erhard","Dur\u00e9e de lecture estim\u00e9e":"4 minutes"},"schema":{"@context":"https:\/\/schema.org","@graph":[{"@type":"Article","@id":"https:\/\/peoplesphere.be\/fr\/interim-hyper-flexibilite-employeurs-ont-2-ans-reduire-de-20-part-contrats-journaliers-nombre-total-contrats-interimaires\/#article","isPartOf":{"@id":"https:\/\/peoplesphere.be\/fr\/interim-hyper-flexibilite-employeurs-ont-2-ans-reduire-de-20-part-contrats-journaliers-nombre-total-contrats-interimaires\/"},"author":{"name":"Jean-Paul Erhard","@id":"https:\/\/peoplesphere.be\/fr\/#\/schema\/person\/7976225ff17988604334abb7b3536a7e"},"headline":"Int\u00e9rim et hyper flexibilit\u00e9: les employeurs ont 2 ans pour r\u00e9duire de 20% la part des contrats journaliers dans le nombre total des contrats int\u00e9rimaires.","datePublished":"2018-09-05T15:54:31+00:00","dateModified":"2018-09-06T05:16:36+00:00","mainEntityOfPage":{"@id":"https:\/\/peoplesphere.be\/fr\/interim-hyper-flexibilite-employeurs-ont-2-ans-reduire-de-20-part-contrats-journaliers-nombre-total-contrats-interimaires\/"},"wordCount":753,"publisher":{"@id":"https:\/\/peoplesphere.be\/fr\/#organization"},"keywords":["CNT","concertation sociale","Conseil National du Travail","contrats journaliers","flexibilit\u00e9","int\u00e9rim"],"articleSection":["Actualit\u00e9s","Digital"],"inLanguage":"fr-FR"},{"@type":"WebPage","@id":"https:\/\/peoplesphere.be\/fr\/interim-hyper-flexibilite-employeurs-ont-2-ans-reduire-de-20-part-contrats-journaliers-nombre-total-contrats-interimaires\/","url":"https:\/\/peoplesphere.be\/fr\/interim-hyper-flexibilite-employeurs-ont-2-ans-reduire-de-20-part-contrats-journaliers-nombre-total-contrats-interimaires\/","name":"Int\u00e9rim et hyper flexibilit\u00e9: les employeurs ont 2 ans pour r\u00e9duire de 20% la part des contrats journaliers dans le nombre total des contrats int\u00e9rimaires. - Peoplesphere","isPartOf":{"@id":"https:\/\/peoplesphere.be\/fr\/#website"},"datePublished":"2018-09-05T15:54:31+00:00","dateModified":"2018-09-06T05:16:36+00:00","breadcrumb":{"@id":"https:\/\/peoplesphere.be\/fr\/interim-hyper-flexibilite-employeurs-ont-2-ans-reduire-de-20-part-contrats-journaliers-nombre-total-contrats-interimaires\/#breadcrumb"},"inLanguage":"fr-FR","potentialAction":[{"@type":"ReadAction","target":["https:\/\/peoplesphere.be\/fr\/interim-hyper-flexibilite-employeurs-ont-2-ans-reduire-de-20-part-contrats-journaliers-nombre-total-contrats-interimaires\/"]}]},{"@type":"BreadcrumbList","@id":"https:\/\/peoplesphere.be\/fr\/interim-hyper-flexibilite-employeurs-ont-2-ans-reduire-de-20-part-contrats-journaliers-nombre-total-contrats-interimaires\/#breadcrumb","itemListElement":[{"@type":"ListItem","position":1,"name":"Accueil","item":"https:\/\/peoplesphere.be\/fr\/"},{"@type":"ListItem","position":2,"name":"Int\u00e9rim et hyper flexibilit\u00e9: les employeurs ont 2 ans pour r\u00e9duire de 20% la part des contrats journaliers dans le nombre total des contrats int\u00e9rimaires."}]},{"@type":"WebSite","@id":"https:\/\/peoplesphere.be\/fr\/#website","url":"https:\/\/peoplesphere.be\/fr\/","name":"Peoplesphere","description":"The People Managers Magazine","publisher":{"@id":"https:\/\/peoplesphere.be\/fr\/#organization"},"potentialAction":[{"@type":"SearchAction","target":{"@type":"EntryPoint","urlTemplate":"https:\/\/peoplesphere.be\/fr\/?s={search_term_string}"},"query-input":"required name=search_term_string"}],"inLanguage":"fr-FR"},{"@type":"Organization","@id":"https:\/\/peoplesphere.be\/fr\/#organization","name":"Peoplesphere Company srl","url":"https:\/\/peoplesphere.be\/fr\/","logo":{"@type":"ImageObject","inLanguage":"fr-FR","@id":"https:\/\/peoplesphere.be\/fr\/#\/schema\/logo\/image\/","url":"https:\/\/peoplesphere.be\/fr\/wp-content\/uploads\/2023\/07\/peoplesphere-lgo-new-generik.jpg","contentUrl":"https:\/\/peoplesphere.be\/fr\/wp-content\/uploads\/2023\/07\/peoplesphere-lgo-new-generik.jpg","width":1031,"height":1479,"caption":"Peoplesphere Company srl"},"image":{"@id":"https:\/\/peoplesphere.be\/fr\/#\/schema\/logo\/image\/"},"sameAs":["https:\/\/www.facebook.com\/peoplesphere","https:\/\/twitter.com\/PeoplesphereMag","https:\/\/www.linkedin.com\/company\/7587361?trk","http:\/\/youtube.com\/peoplesphere"]},{"@type":"Person","@id":"https:\/\/peoplesphere.be\/fr\/#\/schema\/person\/7976225ff17988604334abb7b3536a7e","name":"Jean-Paul Erhard","image":{"@type":"ImageObject","inLanguage":"fr-FR","@id":"https:\/\/peoplesphere.be\/fr\/#\/schema\/person\/image\/","url":"https:\/\/secure.gravatar.com\/avatar\/f941e681460179738071629a51574930?s=96&d=mm&r=g","contentUrl":"https:\/\/secure.gravatar.com\/avatar\/f941e681460179738071629a51574930?s=96&d=mm&r=g","caption":"Jean-Paul Erhard"},"url":"https:\/\/peoplesphere.be\/fr\/author\/jpe\/"}]}},"_links":{"self":[{"href":"https:\/\/peoplesphere.be\/fr\/wp-json\/wp\/v2\/posts\/6490"}],"collection":[{"href":"https:\/\/peoplesphere.be\/fr\/wp-json\/wp\/v2\/posts"}],"about":[{"href":"https:\/\/peoplesphere.be\/fr\/wp-json\/wp\/v2\/types\/post"}],"author":[{"embeddable":true,"href":"https:\/\/peoplesphere.be\/fr\/wp-json\/wp\/v2\/users\/2"}],"replies":[{"embeddable":true,"href":"https:\/\/peoplesphere.be\/fr\/wp-json\/wp\/v2\/comments?post=6490"}],"version-history":[{"count":2,"href":"https:\/\/peoplesphere.be\/fr\/wp-json\/wp\/v2\/posts\/6490\/revisions"}],"predecessor-version":[{"id":6500,"href":"https:\/\/peoplesphere.be\/fr\/wp-json\/wp\/v2\/posts\/6490\/revisions\/6500"}],"wp:attachment":[{"href":"https:\/\/peoplesphere.be\/fr\/wp-json\/wp\/v2\/media?parent=6490"}],"wp:term":[{"taxonomy":"category","embeddable":true,"href":"https:\/\/peoplesphere.be\/fr\/wp-json\/wp\/v2\/categories?post=6490"},{"taxonomy":"post_tag","embeddable":true,"href":"https:\/\/peoplesphere.be\/fr\/wp-json\/wp\/v2\/tags?post=6490"}],"curies":[{"name":"wp","href":"https:\/\/api.w.org\/{rel}","templated":true}]}}