









{"id":6657,"date":"2018-10-02T13:29:31","date_gmt":"2018-10-02T11:29:31","guid":{"rendered":"http:\/\/www.peoplesphere.be\/fr\/?p=6657"},"modified":"2018-10-02T13:29:31","modified_gmt":"2018-10-02T11:29:31","slug":"nombre-de-conges-parentaux-sollicites-hommes-augmente-fortement-impact-cependant-repartition-taches-sphere-privee","status":"publish","type":"post","link":"https:\/\/peoplesphere.be\/fr\/nombre-de-conges-parentaux-sollicites-hommes-augmente-fortement-impact-cependant-repartition-taches-sphere-privee\/","title":{"rendered":"Le nombre de cong\u00e9s parentaux sollicit\u00e9s par les hommes augmente fortement, sans impact cependant sur la r\u00e9partition des t\u00e2ches dans la sph\u00e8re priv\u00e9e."},"content":{"rendered":"<p>Revoir le syst\u00e8me de cong\u00e9s sous l\u2019angle de l\u2019\u00e9galit\u00e9 de genre et de la parentalit\u00e9 permettrait de changer l\u2019organisation de la sph\u00e8re familiale afin de renforcer la pr\u00e9sence des femmes sur le march\u00e9 du travail et de r\u00e9pondre \u00e0 la demande des hommes de s\u2019impliquer davantage dans leur vie de famille.<!--more--><\/p>\n<p>Aujourd\u2019hui, le syst\u00e8me des cong\u00e9s est devenu un pilier de la conciliation entre vie familiale et vie professionnelle et de l\u2019\u00e9galit\u00e9 des femmes et des hommes. Tel est le constat que l\u2019Institut pour l\u2019\u00e9galit\u00e9 des femmes et des hommes a tir\u00e9 de son \u00e9tude sur la dimension de genre et le syst\u00e8me de cong\u00e9s en Belgique.<\/p>\n<p>L\u2019enjeu aujourd\u2019hui tant pour les hommes que pour les femmes est de pouvoir concilier vie familiale et vie professionnelle. Pour l\u2019Institut, le syst\u00e8me de cong\u00e9s actuel doit \u00eatre revu sous une nouvelle perspective d\u2019\u00e9galit\u00e9 de genre et de parentalit\u00e9. Historiquement, la plupart des syst\u00e8mes de cong\u00e9 et d\u2019am\u00e9nagements du temps de travail ont \u00e9t\u00e9 cr\u00e9\u00e9s sous l&rsquo;influence d&rsquo;une repr\u00e9sentation traditionnelle de la maternit\u00e9. C\u2019est une des raisons pour laquelle les femmes sont encore les principales utilisatrices des diff\u00e9rentes formules de cong\u00e9s (67%). Les femmes prennent aussi plus facilement que les hommes des cong\u00e9s \u00e0 mi-temps ou temps plein (80% de femmes contre 20% d\u2019hommes), cependant le nombre d\u2019hommes diminuant leur temps de travail pour s\u2019impliquer davantage dans leur vie familiale est en constante augmentation. Les deux \u00e9volutions les plus marquantes concernent le cong\u00e9 parental. Entre 2004 et 2017, le nombre d\u2019utilisateurs\/-trices a quasiment tripl\u00e9, passant de 24 000 \u00e0 pr\u00e8s de 70 000 utilisateurs\/-trices. La plus forte progression est enregistr\u00e9e chez les p\u00e8res dont le nombre a augment\u00e9 de 500% en moins de 15 ans.<\/p>\n<p>Le syst\u00e8me actuel pr\u00e9sente l\u2019avantage de proposer des formules presque sur-mesure pour tous les travailleurs et travailleuses mais a le d\u00e9savantage d\u2019\u00eatre complexe et peu transparent. L\u2019Institut souhaiterait r\u00e9fl\u00e9chir \u00e0 une r\u00e9forme globale et centralis\u00e9e des diff\u00e9rentes formules de cong\u00e9 tout en assurant le maintien des acquis sociaux. Ce syst\u00e8me de cong\u00e9 devrait poursuivre trois objectifs : faciliter la conciliation de la vie familiale et professionnelle des parents; renforcer la pr\u00e9sence des femmes sur le march\u00e9 du travail ; et renforcer l\u2019\u00e9galit\u00e9 des femmes et des hommes dans la sph\u00e8re priv\u00e9e.<\/p>\n<p><em>\u00ab Il est indispensable d\u2019induire un changement dans l\u2019organisation de la sph\u00e8re familiale afin de permettre aux femmes et aux hommes de mener une carri\u00e8re professionnelle tout en prenant soins de leurs enfants ou de proches d\u00e9pendants. Plus d&rsquo;\u00e9galit\u00e9 dans la sph\u00e8re professionnelle passe par plus d&rsquo;\u00e9galit\u00e9 dans la sph\u00e8re priv\u00e9e. \u00bb<\/em> d\u00e9clare Liesbet Stevens, directrice-adjointe de l\u2019Institut pour l\u2019\u00e9galit\u00e9 des femmes et des hommes.<\/p>\n<p><strong><em>La parentalit\u00e9 comme crit\u00e8re prot\u00e9g\u00e9<\/em><\/strong><\/p>\n<p>L\u2019Institut recommande \u00e0 l\u2019\u00c9tat belge d\u2019ajouter la \u00ab parentalit\u00e9 \u00bb \u00e0 la liste des crit\u00e8res prot\u00e9g\u00e9s contre les discriminations fond\u00e9es sur le sexe, comme le sont d\u00e9j\u00e0 la grossesse et la maternit\u00e9. Cet ajout est n\u00e9cessaire pour promouvoir l\u2019\u00e9galit\u00e9 des femmes et des hommes et combattre les discriminations li\u00e9es \u00e0 la parentalit\u00e9 sur le lieu de travail. Actuellement, seules les femmes sont prot\u00e9g\u00e9es contre un traitement d\u00e9favorable suite \u00e0 la demande ou \u00e0 la prise d\u2019un cong\u00e9 parental. Un traitement d\u00e9favorable peut \u00eatre par exemple l\u2019exclusion progressive du ou de la travailleur\/-euse, le retour \u00e0 une fonction diff\u00e9rente que celle exerc\u00e9e avant la prise du cong\u00e9, etc. L\u2019introduction du crit\u00e8re \u00ab parentalit\u00e9 \u00bb offrirait donc la m\u00eame protection aux hommes et aux femmes.<\/p>\n<p><em>Source : Institut pour l&rsquo;\u00e9galit\u00e9 des femmes et des hommes.<\/em><\/p>\n","protected":false},"excerpt":{"rendered":"<p>Revoir le syst\u00e8me de cong\u00e9s sous l\u2019angle de l\u2019\u00e9galit\u00e9 de genre et de la parentalit\u00e9 permettrait de changer l\u2019organisation de la sph\u00e8re familiale afin de renforcer la pr\u00e9sence des femmes sur le march\u00e9 du travail et de r\u00e9pondre \u00e0 la [&hellip;]<\/p>\n","protected":false},"author":2,"featured_media":0,"comment_status":"closed","ping_status":"open","sticky":false,"template":"","format":"standard","meta":[],"categories":[65,10],"tags":[474,292,647,2121,1983],"yoast_head":"<!-- This site is optimized with the Yoast SEO plugin v21.0 - https:\/\/yoast.com\/wordpress\/plugins\/seo\/ -->\n<title>Le nombre de cong\u00e9s parentaux sollicit\u00e9s par les hommes augmente fortement, sans impact cependant sur la r\u00e9partition des t\u00e2ches dans la sph\u00e8re priv\u00e9e. - Peoplesphere<\/title>\n<meta name=\"robots\" content=\"index, follow, max-snippet:-1, max-image-preview:large, max-video-preview:-1\" \/>\n<link rel=\"canonical\" href=\"https:\/\/peoplesphere.be\/fr\/nombre-de-conges-parentaux-sollicites-hommes-augmente-fortement-impact-cependant-repartition-taches-sphere-privee\/\" \/>\n<meta property=\"og:locale\" content=\"fr_FR\" \/>\n<meta property=\"og:type\" content=\"article\" \/>\n<meta property=\"og:title\" content=\"Le nombre de cong\u00e9s parentaux sollicit\u00e9s par les hommes augmente fortement, sans impact cependant sur la r\u00e9partition des t\u00e2ches dans la sph\u00e8re priv\u00e9e. - Peoplesphere\" \/>\n<meta property=\"og:description\" content=\"Revoir le syst\u00e8me de cong\u00e9s sous l\u2019angle de l\u2019\u00e9galit\u00e9 de genre et de la parentalit\u00e9 permettrait de changer l\u2019organisation de la sph\u00e8re familiale afin de renforcer la pr\u00e9sence des femmes sur le march\u00e9 du travail et de r\u00e9pondre \u00e0 la [&hellip;]\" \/>\n<meta property=\"og:url\" content=\"https:\/\/peoplesphere.be\/fr\/nombre-de-conges-parentaux-sollicites-hommes-augmente-fortement-impact-cependant-repartition-taches-sphere-privee\/\" \/>\n<meta property=\"og:site_name\" content=\"Peoplesphere\" \/>\n<meta property=\"article:publisher\" content=\"https:\/\/www.facebook.com\/peoplesphere\" \/>\n<meta property=\"article:published_time\" content=\"2018-10-02T11:29:31+00:00\" \/>\n<meta property=\"og:image\" content=\"http:\/\/www.peoplesphere.be\/fr\/wp-content\/uploads\/2016\/07\/facebook-default-posting-1200x628px.jpg\" \/>\n<meta name=\"author\" content=\"Jean-Paul Erhard\" \/>\n<meta name=\"twitter:card\" content=\"summary_large_image\" \/>\n<meta name=\"twitter:creator\" content=\"@PeoplesphereMag\" \/>\n<meta name=\"twitter:site\" content=\"@PeoplesphereMag\" \/>\n<meta name=\"twitter:label1\" content=\"\u00c9crit par\" \/>\n\t<meta name=\"twitter:data1\" content=\"Jean-Paul Erhard\" \/>\n\t<meta name=\"twitter:label2\" content=\"Dur\u00e9e de lecture estim\u00e9e\" \/>\n\t<meta name=\"twitter:data2\" content=\"3 minutes\" \/>\n<script type=\"application\/ld+json\" class=\"yoast-schema-graph\">{\"@context\":\"https:\/\/schema.org\",\"@graph\":[{\"@type\":\"Article\",\"@id\":\"https:\/\/peoplesphere.be\/fr\/nombre-de-conges-parentaux-sollicites-hommes-augmente-fortement-impact-cependant-repartition-taches-sphere-privee\/#article\",\"isPartOf\":{\"@id\":\"https:\/\/peoplesphere.be\/fr\/nombre-de-conges-parentaux-sollicites-hommes-augmente-fortement-impact-cependant-repartition-taches-sphere-privee\/\"},\"author\":{\"name\":\"Jean-Paul Erhard\",\"@id\":\"https:\/\/peoplesphere.be\/fr\/#\/schema\/person\/7976225ff17988604334abb7b3536a7e\"},\"headline\":\"Le nombre de cong\u00e9s parentaux sollicit\u00e9s par les hommes augmente fortement, sans impact cependant sur la r\u00e9partition des t\u00e2ches dans la sph\u00e8re priv\u00e9e.\",\"datePublished\":\"2018-10-02T11:29:31+00:00\",\"dateModified\":\"2018-10-02T11:29:31+00:00\",\"mainEntityOfPage\":{\"@id\":\"https:\/\/peoplesphere.be\/fr\/nombre-de-conges-parentaux-sollicites-hommes-augmente-fortement-impact-cependant-repartition-taches-sphere-privee\/\"},\"wordCount\":671,\"publisher\":{\"@id\":\"https:\/\/peoplesphere.be\/fr\/#organization\"},\"keywords\":[\"cong\u00e9 parental\",\"\u00e9galit\u00e9 des genres\",\"\u00e9quilibre priv\u00e9\/professionnel\",\"gestion du temps de travail\",\"parentalit\u00e9\"],\"articleSection\":[\"Actualit\u00e9s\",\"Digital\"],\"inLanguage\":\"fr-FR\"},{\"@type\":\"WebPage\",\"@id\":\"https:\/\/peoplesphere.be\/fr\/nombre-de-conges-parentaux-sollicites-hommes-augmente-fortement-impact-cependant-repartition-taches-sphere-privee\/\",\"url\":\"https:\/\/peoplesphere.be\/fr\/nombre-de-conges-parentaux-sollicites-hommes-augmente-fortement-impact-cependant-repartition-taches-sphere-privee\/\",\"name\":\"Le nombre de cong\u00e9s parentaux sollicit\u00e9s par les hommes augmente fortement, sans impact cependant sur la r\u00e9partition des t\u00e2ches dans la sph\u00e8re priv\u00e9e. - Peoplesphere\",\"isPartOf\":{\"@id\":\"https:\/\/peoplesphere.be\/fr\/#website\"},\"datePublished\":\"2018-10-02T11:29:31+00:00\",\"dateModified\":\"2018-10-02T11:29:31+00:00\",\"breadcrumb\":{\"@id\":\"https:\/\/peoplesphere.be\/fr\/nombre-de-conges-parentaux-sollicites-hommes-augmente-fortement-impact-cependant-repartition-taches-sphere-privee\/#breadcrumb\"},\"inLanguage\":\"fr-FR\",\"potentialAction\":[{\"@type\":\"ReadAction\",\"target\":[\"https:\/\/peoplesphere.be\/fr\/nombre-de-conges-parentaux-sollicites-hommes-augmente-fortement-impact-cependant-repartition-taches-sphere-privee\/\"]}]},{\"@type\":\"BreadcrumbList\",\"@id\":\"https:\/\/peoplesphere.be\/fr\/nombre-de-conges-parentaux-sollicites-hommes-augmente-fortement-impact-cependant-repartition-taches-sphere-privee\/#breadcrumb\",\"itemListElement\":[{\"@type\":\"ListItem\",\"position\":1,\"name\":\"Accueil\",\"item\":\"https:\/\/peoplesphere.be\/fr\/\"},{\"@type\":\"ListItem\",\"position\":2,\"name\":\"Le nombre de cong\u00e9s parentaux sollicit\u00e9s par les hommes augmente fortement, sans impact cependant sur la r\u00e9partition des t\u00e2ches dans la sph\u00e8re priv\u00e9e.\"}]},{\"@type\":\"WebSite\",\"@id\":\"https:\/\/peoplesphere.be\/fr\/#website\",\"url\":\"https:\/\/peoplesphere.be\/fr\/\",\"name\":\"Peoplesphere\",\"description\":\"The People Managers Magazine\",\"publisher\":{\"@id\":\"https:\/\/peoplesphere.be\/fr\/#organization\"},\"potentialAction\":[{\"@type\":\"SearchAction\",\"target\":{\"@type\":\"EntryPoint\",\"urlTemplate\":\"https:\/\/peoplesphere.be\/fr\/?s={search_term_string}\"},\"query-input\":\"required name=search_term_string\"}],\"inLanguage\":\"fr-FR\"},{\"@type\":\"Organization\",\"@id\":\"https:\/\/peoplesphere.be\/fr\/#organization\",\"name\":\"Peoplesphere Company srl\",\"url\":\"https:\/\/peoplesphere.be\/fr\/\",\"logo\":{\"@type\":\"ImageObject\",\"inLanguage\":\"fr-FR\",\"@id\":\"https:\/\/peoplesphere.be\/fr\/#\/schema\/logo\/image\/\",\"url\":\"https:\/\/peoplesphere.be\/fr\/wp-content\/uploads\/2023\/07\/peoplesphere-lgo-new-generik.jpg\",\"contentUrl\":\"https:\/\/peoplesphere.be\/fr\/wp-content\/uploads\/2023\/07\/peoplesphere-lgo-new-generik.jpg\",\"width\":1031,\"height\":1479,\"caption\":\"Peoplesphere Company srl\"},\"image\":{\"@id\":\"https:\/\/peoplesphere.be\/fr\/#\/schema\/logo\/image\/\"},\"sameAs\":[\"https:\/\/www.facebook.com\/peoplesphere\",\"https:\/\/twitter.com\/PeoplesphereMag\",\"https:\/\/www.linkedin.com\/company\/7587361?trk\",\"http:\/\/youtube.com\/peoplesphere\"]},{\"@type\":\"Person\",\"@id\":\"https:\/\/peoplesphere.be\/fr\/#\/schema\/person\/7976225ff17988604334abb7b3536a7e\",\"name\":\"Jean-Paul Erhard\",\"image\":{\"@type\":\"ImageObject\",\"inLanguage\":\"fr-FR\",\"@id\":\"https:\/\/peoplesphere.be\/fr\/#\/schema\/person\/image\/\",\"url\":\"https:\/\/secure.gravatar.com\/avatar\/f941e681460179738071629a51574930?s=96&d=mm&r=g\",\"contentUrl\":\"https:\/\/secure.gravatar.com\/avatar\/f941e681460179738071629a51574930?s=96&d=mm&r=g\",\"caption\":\"Jean-Paul Erhard\"},\"url\":\"https:\/\/peoplesphere.be\/fr\/author\/jpe\/\"}]}<\/script>\n<!-- \/ Yoast SEO plugin. -->","yoast_head_json":{"title":"Le nombre de cong\u00e9s parentaux sollicit\u00e9s par les hommes augmente fortement, sans impact cependant sur la r\u00e9partition des t\u00e2ches dans la sph\u00e8re priv\u00e9e. - Peoplesphere","robots":{"index":"index","follow":"follow","max-snippet":"max-snippet:-1","max-image-preview":"max-image-preview:large","max-video-preview":"max-video-preview:-1"},"canonical":"https:\/\/peoplesphere.be\/fr\/nombre-de-conges-parentaux-sollicites-hommes-augmente-fortement-impact-cependant-repartition-taches-sphere-privee\/","og_locale":"fr_FR","og_type":"article","og_title":"Le nombre de cong\u00e9s parentaux sollicit\u00e9s par les hommes augmente fortement, sans impact cependant sur la r\u00e9partition des t\u00e2ches dans la sph\u00e8re priv\u00e9e. - Peoplesphere","og_description":"Revoir le syst\u00e8me de cong\u00e9s sous l\u2019angle de l\u2019\u00e9galit\u00e9 de genre et de la parentalit\u00e9 permettrait de changer l\u2019organisation de la sph\u00e8re familiale afin de renforcer la pr\u00e9sence des femmes sur le march\u00e9 du travail et de r\u00e9pondre \u00e0 la [&hellip;]","og_url":"https:\/\/peoplesphere.be\/fr\/nombre-de-conges-parentaux-sollicites-hommes-augmente-fortement-impact-cependant-repartition-taches-sphere-privee\/","og_site_name":"Peoplesphere","article_publisher":"https:\/\/www.facebook.com\/peoplesphere","article_published_time":"2018-10-02T11:29:31+00:00","og_image":[{"url":"http:\/\/www.peoplesphere.be\/fr\/wp-content\/uploads\/2016\/07\/facebook-default-posting-1200x628px.jpg"}],"author":"Jean-Paul Erhard","twitter_card":"summary_large_image","twitter_creator":"@PeoplesphereMag","twitter_site":"@PeoplesphereMag","twitter_misc":{"\u00c9crit par":"Jean-Paul Erhard","Dur\u00e9e de lecture estim\u00e9e":"3 minutes"},"schema":{"@context":"https:\/\/schema.org","@graph":[{"@type":"Article","@id":"https:\/\/peoplesphere.be\/fr\/nombre-de-conges-parentaux-sollicites-hommes-augmente-fortement-impact-cependant-repartition-taches-sphere-privee\/#article","isPartOf":{"@id":"https:\/\/peoplesphere.be\/fr\/nombre-de-conges-parentaux-sollicites-hommes-augmente-fortement-impact-cependant-repartition-taches-sphere-privee\/"},"author":{"name":"Jean-Paul Erhard","@id":"https:\/\/peoplesphere.be\/fr\/#\/schema\/person\/7976225ff17988604334abb7b3536a7e"},"headline":"Le nombre de cong\u00e9s parentaux sollicit\u00e9s par les hommes augmente fortement, sans impact cependant sur la r\u00e9partition des t\u00e2ches dans la sph\u00e8re priv\u00e9e.","datePublished":"2018-10-02T11:29:31+00:00","dateModified":"2018-10-02T11:29:31+00:00","mainEntityOfPage":{"@id":"https:\/\/peoplesphere.be\/fr\/nombre-de-conges-parentaux-sollicites-hommes-augmente-fortement-impact-cependant-repartition-taches-sphere-privee\/"},"wordCount":671,"publisher":{"@id":"https:\/\/peoplesphere.be\/fr\/#organization"},"keywords":["cong\u00e9 parental","\u00e9galit\u00e9 des genres","\u00e9quilibre priv\u00e9\/professionnel","gestion du temps de travail","parentalit\u00e9"],"articleSection":["Actualit\u00e9s","Digital"],"inLanguage":"fr-FR"},{"@type":"WebPage","@id":"https:\/\/peoplesphere.be\/fr\/nombre-de-conges-parentaux-sollicites-hommes-augmente-fortement-impact-cependant-repartition-taches-sphere-privee\/","url":"https:\/\/peoplesphere.be\/fr\/nombre-de-conges-parentaux-sollicites-hommes-augmente-fortement-impact-cependant-repartition-taches-sphere-privee\/","name":"Le nombre de cong\u00e9s parentaux sollicit\u00e9s par les hommes augmente fortement, sans impact cependant sur la r\u00e9partition des t\u00e2ches dans la sph\u00e8re priv\u00e9e. - Peoplesphere","isPartOf":{"@id":"https:\/\/peoplesphere.be\/fr\/#website"},"datePublished":"2018-10-02T11:29:31+00:00","dateModified":"2018-10-02T11:29:31+00:00","breadcrumb":{"@id":"https:\/\/peoplesphere.be\/fr\/nombre-de-conges-parentaux-sollicites-hommes-augmente-fortement-impact-cependant-repartition-taches-sphere-privee\/#breadcrumb"},"inLanguage":"fr-FR","potentialAction":[{"@type":"ReadAction","target":["https:\/\/peoplesphere.be\/fr\/nombre-de-conges-parentaux-sollicites-hommes-augmente-fortement-impact-cependant-repartition-taches-sphere-privee\/"]}]},{"@type":"BreadcrumbList","@id":"https:\/\/peoplesphere.be\/fr\/nombre-de-conges-parentaux-sollicites-hommes-augmente-fortement-impact-cependant-repartition-taches-sphere-privee\/#breadcrumb","itemListElement":[{"@type":"ListItem","position":1,"name":"Accueil","item":"https:\/\/peoplesphere.be\/fr\/"},{"@type":"ListItem","position":2,"name":"Le nombre de cong\u00e9s parentaux sollicit\u00e9s par les hommes augmente fortement, sans impact cependant sur la r\u00e9partition des t\u00e2ches dans la sph\u00e8re priv\u00e9e."}]},{"@type":"WebSite","@id":"https:\/\/peoplesphere.be\/fr\/#website","url":"https:\/\/peoplesphere.be\/fr\/","name":"Peoplesphere","description":"The People Managers Magazine","publisher":{"@id":"https:\/\/peoplesphere.be\/fr\/#organization"},"potentialAction":[{"@type":"SearchAction","target":{"@type":"EntryPoint","urlTemplate":"https:\/\/peoplesphere.be\/fr\/?s={search_term_string}"},"query-input":"required name=search_term_string"}],"inLanguage":"fr-FR"},{"@type":"Organization","@id":"https:\/\/peoplesphere.be\/fr\/#organization","name":"Peoplesphere Company srl","url":"https:\/\/peoplesphere.be\/fr\/","logo":{"@type":"ImageObject","inLanguage":"fr-FR","@id":"https:\/\/peoplesphere.be\/fr\/#\/schema\/logo\/image\/","url":"https:\/\/peoplesphere.be\/fr\/wp-content\/uploads\/2023\/07\/peoplesphere-lgo-new-generik.jpg","contentUrl":"https:\/\/peoplesphere.be\/fr\/wp-content\/uploads\/2023\/07\/peoplesphere-lgo-new-generik.jpg","width":1031,"height":1479,"caption":"Peoplesphere Company srl"},"image":{"@id":"https:\/\/peoplesphere.be\/fr\/#\/schema\/logo\/image\/"},"sameAs":["https:\/\/www.facebook.com\/peoplesphere","https:\/\/twitter.com\/PeoplesphereMag","https:\/\/www.linkedin.com\/company\/7587361?trk","http:\/\/youtube.com\/peoplesphere"]},{"@type":"Person","@id":"https:\/\/peoplesphere.be\/fr\/#\/schema\/person\/7976225ff17988604334abb7b3536a7e","name":"Jean-Paul Erhard","image":{"@type":"ImageObject","inLanguage":"fr-FR","@id":"https:\/\/peoplesphere.be\/fr\/#\/schema\/person\/image\/","url":"https:\/\/secure.gravatar.com\/avatar\/f941e681460179738071629a51574930?s=96&d=mm&r=g","contentUrl":"https:\/\/secure.gravatar.com\/avatar\/f941e681460179738071629a51574930?s=96&d=mm&r=g","caption":"Jean-Paul Erhard"},"url":"https:\/\/peoplesphere.be\/fr\/author\/jpe\/"}]}},"_links":{"self":[{"href":"https:\/\/peoplesphere.be\/fr\/wp-json\/wp\/v2\/posts\/6657"}],"collection":[{"href":"https:\/\/peoplesphere.be\/fr\/wp-json\/wp\/v2\/posts"}],"about":[{"href":"https:\/\/peoplesphere.be\/fr\/wp-json\/wp\/v2\/types\/post"}],"author":[{"embeddable":true,"href":"https:\/\/peoplesphere.be\/fr\/wp-json\/wp\/v2\/users\/2"}],"replies":[{"embeddable":true,"href":"https:\/\/peoplesphere.be\/fr\/wp-json\/wp\/v2\/comments?post=6657"}],"version-history":[{"count":1,"href":"https:\/\/peoplesphere.be\/fr\/wp-json\/wp\/v2\/posts\/6657\/revisions"}],"predecessor-version":[{"id":6658,"href":"https:\/\/peoplesphere.be\/fr\/wp-json\/wp\/v2\/posts\/6657\/revisions\/6658"}],"wp:attachment":[{"href":"https:\/\/peoplesphere.be\/fr\/wp-json\/wp\/v2\/media?parent=6657"}],"wp:term":[{"taxonomy":"category","embeddable":true,"href":"https:\/\/peoplesphere.be\/fr\/wp-json\/wp\/v2\/categories?post=6657"},{"taxonomy":"post_tag","embeddable":true,"href":"https:\/\/peoplesphere.be\/fr\/wp-json\/wp\/v2\/tags?post=6657"}],"curies":[{"name":"wp","href":"https:\/\/api.w.org\/{rel}","templated":true}]}}