









{"id":6788,"date":"2018-11-27T16:52:28","date_gmt":"2018-11-27T14:52:28","guid":{"rendered":"http:\/\/www.peoplesphere.be\/fr\/?p=6788"},"modified":"2018-11-29T12:44:12","modified_gmt":"2018-11-29T10:44:12","slug":"worklab-4-decembre-a-charleroi-monde-travail-change-etes-pret","status":"publish","type":"post","link":"https:\/\/peoplesphere.be\/fr\/worklab-4-decembre-a-charleroi-monde-travail-change-etes-pret\/","title":{"rendered":"WORKLAB le 4 d\u00e9cembre \u00e0 Charleroi: le monde du travail change. Etes-vous pr\u00eat?"},"content":{"rendered":"<p>Les nouvelles pratiques du monde du travail invitent \u00e0 se questionner sur l\u2019\u00e9quilibre entre une performance durable et un environnement viable au sein des organisations. Wings For Work s&rsquo;associe \u00e0 Switch Coworking (Charleroi) afin de vous permettre de d\u00e9couvrir les facettes du Nouveau Monde du Travail et de vous situer dans le r\u00e9seau local. Rendez-vous le 4 d\u00e9cembre de 13h30 \u00e0 19h00 \u00e0 Charleroi.<!--more--><\/p>\n<p>Les travailleurs et leurs leaders doivent jongler avec le bien-\u00eatre au travail, la motivation des collaborateurs et en atteignant des r\u00e9sultats ou des impacts effectifs. Entreprise \u00ab\u202flib\u00e9r\u00e9e\u202f\u00bb, travail flexible, alternatives au fonctionnement pyramidal hi\u00e9rarchique constituent des opportunit\u00e9s pour r\u00e9inventer le monde du travail et n\u00e9cessitent quelques pr\u00e9cautions.<\/p>\n<p>Ce Work Lab a pour objectifs\u202f:<br \/>\n&#8211; de partager les perspectives innovantes du Nouveau Monde du Travail\u202f;<br \/>\n&#8211; d&rsquo;y situer votre \u00e9quipe et\/ou votre organisation dans ce nouveau contexte en \u00e9volution\u202f;<br \/>\n&#8211; d\u2019enclencher les premi\u00e8res \u00e9tapes de ces changements dans votre organisation.<\/p>\n<p>Les participants pourront \u00e9changer avec des pairs et b\u00e9n\u00e9ficier du t\u00e9moignage d\u2019entrepreneurs.<\/p>\n<p>Pour d\u00e9couvrir le programme complet et vous inscrire, rendez-vous ici :<\/p>\n<p><a href=\"https:\/\/www.eventbrite.be\/e\/billets-worklab-le-monde-du-travail-change-etes-vous-pret-50480231732\">https:\/\/www.eventbrite.be\/e\/billets-worklab-le-monde-du-travail-change-etes-vous-pret-50480231732<\/a><\/p>\n","protected":false},"excerpt":{"rendered":"<p>Les nouvelles pratiques du monde du travail invitent \u00e0 se questionner sur l\u2019\u00e9quilibre entre une performance durable et un environnement viable au sein des organisations. Wings For Work s&rsquo;associe \u00e0 Switch Coworking (Charleroi) afin de vous permettre de d\u00e9couvrir les [&hellip;]<\/p>\n","protected":false},"author":2,"featured_media":6821,"comment_status":"closed","ping_status":"open","sticky":false,"template":"","format":"standard","meta":[],"categories":[67,8],"tags":[353,2299,155,219,370],"yoast_head":"<!-- This site is optimized with the Yoast SEO plugin v21.0 - https:\/\/yoast.com\/wordpress\/plugins\/seo\/ -->\n<title>WORKLAB le 4 d\u00e9cembre \u00e0 Charleroi: le monde du travail change. Etes-vous pr\u00eat? - Peoplesphere<\/title>\n<meta name=\"robots\" content=\"index, follow, max-snippet:-1, max-image-preview:large, max-video-preview:-1\" \/>\n<link rel=\"canonical\" href=\"https:\/\/peoplesphere.be\/fr\/worklab-4-decembre-a-charleroi-monde-travail-change-etes-pret\/\" \/>\n<meta property=\"og:locale\" content=\"fr_FR\" \/>\n<meta property=\"og:type\" content=\"article\" \/>\n<meta property=\"og:title\" content=\"WORKLAB le 4 d\u00e9cembre \u00e0 Charleroi: le monde du travail change. Etes-vous pr\u00eat? - Peoplesphere\" \/>\n<meta property=\"og:description\" content=\"Les nouvelles pratiques du monde du travail invitent \u00e0 se questionner sur l\u2019\u00e9quilibre entre une performance durable et un environnement viable au sein des organisations. Wings For Work s&rsquo;associe \u00e0 Switch Coworking (Charleroi) afin de vous permettre de d\u00e9couvrir les [&hellip;]\" \/>\n<meta property=\"og:url\" content=\"https:\/\/peoplesphere.be\/fr\/worklab-4-decembre-a-charleroi-monde-travail-change-etes-pret\/\" \/>\n<meta property=\"og:site_name\" content=\"Peoplesphere\" \/>\n<meta property=\"article:publisher\" content=\"https:\/\/www.facebook.com\/peoplesphere\" \/>\n<meta property=\"article:published_time\" content=\"2018-11-27T14:52:28+00:00\" \/>\n<meta property=\"article:modified_time\" content=\"2018-11-29T10:44:12+00:00\" \/>\n<meta property=\"og:image\" content=\"https:\/\/peoplesphere.be\/fr\/wp-content\/uploads\/2018\/10\/logo-wongs-for-work.png\" \/>\n\t<meta property=\"og:image:width\" content=\"438\" \/>\n\t<meta property=\"og:image:height\" content=\"258\" \/>\n\t<meta property=\"og:image:type\" content=\"image\/png\" \/>\n<meta name=\"author\" content=\"Jean-Paul Erhard\" \/>\n<meta name=\"twitter:card\" content=\"summary_large_image\" \/>\n<meta name=\"twitter:creator\" content=\"@PeoplesphereMag\" \/>\n<meta name=\"twitter:site\" content=\"@PeoplesphereMag\" \/>\n<meta name=\"twitter:label1\" content=\"\u00c9crit par\" \/>\n\t<meta name=\"twitter:data1\" content=\"Jean-Paul Erhard\" \/>\n\t<meta name=\"twitter:label2\" content=\"Dur\u00e9e de lecture estim\u00e9e\" \/>\n\t<meta name=\"twitter:data2\" content=\"1 minute\" \/>\n<script type=\"application\/ld+json\" class=\"yoast-schema-graph\">{\"@context\":\"https:\/\/schema.org\",\"@graph\":[{\"@type\":\"Article\",\"@id\":\"https:\/\/peoplesphere.be\/fr\/worklab-4-decembre-a-charleroi-monde-travail-change-etes-pret\/#article\",\"isPartOf\":{\"@id\":\"https:\/\/peoplesphere.be\/fr\/worklab-4-decembre-a-charleroi-monde-travail-change-etes-pret\/\"},\"author\":{\"name\":\"Jean-Paul Erhard\",\"@id\":\"https:\/\/peoplesphere.be\/fr\/#\/schema\/person\/7976225ff17988604334abb7b3536a7e\"},\"headline\":\"WORKLAB le 4 d\u00e9cembre \u00e0 Charleroi: le monde du travail change. Etes-vous pr\u00eat?\",\"datePublished\":\"2018-11-27T14:52:28+00:00\",\"dateModified\":\"2018-11-29T10:44:12+00:00\",\"mainEntityOfPage\":{\"@id\":\"https:\/\/peoplesphere.be\/fr\/worklab-4-decembre-a-charleroi-monde-travail-change-etes-pret\/\"},\"wordCount\":210,\"publisher\":{\"@id\":\"https:\/\/peoplesphere.be\/fr\/#organization\"},\"keywords\":[\"coworking\",\"nouveaumonde du travail\",\"nwow\",\"t\u00e9l\u00e9travail\",\"travail flexible\"],\"articleSection\":[\"Calendrier\",\"Events\"],\"inLanguage\":\"fr-FR\"},{\"@type\":\"WebPage\",\"@id\":\"https:\/\/peoplesphere.be\/fr\/worklab-4-decembre-a-charleroi-monde-travail-change-etes-pret\/\",\"url\":\"https:\/\/peoplesphere.be\/fr\/worklab-4-decembre-a-charleroi-monde-travail-change-etes-pret\/\",\"name\":\"WORKLAB le 4 d\u00e9cembre \u00e0 Charleroi: le monde du travail change. Etes-vous pr\u00eat? - Peoplesphere\",\"isPartOf\":{\"@id\":\"https:\/\/peoplesphere.be\/fr\/#website\"},\"datePublished\":\"2018-11-27T14:52:28+00:00\",\"dateModified\":\"2018-11-29T10:44:12+00:00\",\"breadcrumb\":{\"@id\":\"https:\/\/peoplesphere.be\/fr\/worklab-4-decembre-a-charleroi-monde-travail-change-etes-pret\/#breadcrumb\"},\"inLanguage\":\"fr-FR\",\"potentialAction\":[{\"@type\":\"ReadAction\",\"target\":[\"https:\/\/peoplesphere.be\/fr\/worklab-4-decembre-a-charleroi-monde-travail-change-etes-pret\/\"]}]},{\"@type\":\"BreadcrumbList\",\"@id\":\"https:\/\/peoplesphere.be\/fr\/worklab-4-decembre-a-charleroi-monde-travail-change-etes-pret\/#breadcrumb\",\"itemListElement\":[{\"@type\":\"ListItem\",\"position\":1,\"name\":\"Accueil\",\"item\":\"https:\/\/peoplesphere.be\/fr\/\"},{\"@type\":\"ListItem\",\"position\":2,\"name\":\"WORKLAB le 4 d\u00e9cembre \u00e0 Charleroi: le monde du travail change. Etes-vous pr\u00eat?\"}]},{\"@type\":\"WebSite\",\"@id\":\"https:\/\/peoplesphere.be\/fr\/#website\",\"url\":\"https:\/\/peoplesphere.be\/fr\/\",\"name\":\"Peoplesphere\",\"description\":\"The People Managers Magazine\",\"publisher\":{\"@id\":\"https:\/\/peoplesphere.be\/fr\/#organization\"},\"potentialAction\":[{\"@type\":\"SearchAction\",\"target\":{\"@type\":\"EntryPoint\",\"urlTemplate\":\"https:\/\/peoplesphere.be\/fr\/?s={search_term_string}\"},\"query-input\":\"required name=search_term_string\"}],\"inLanguage\":\"fr-FR\"},{\"@type\":\"Organization\",\"@id\":\"https:\/\/peoplesphere.be\/fr\/#organization\",\"name\":\"Peoplesphere Company srl\",\"url\":\"https:\/\/peoplesphere.be\/fr\/\",\"logo\":{\"@type\":\"ImageObject\",\"inLanguage\":\"fr-FR\",\"@id\":\"https:\/\/peoplesphere.be\/fr\/#\/schema\/logo\/image\/\",\"url\":\"https:\/\/peoplesphere.be\/fr\/wp-content\/uploads\/2023\/07\/peoplesphere-lgo-new-generik.jpg\",\"contentUrl\":\"https:\/\/peoplesphere.be\/fr\/wp-content\/uploads\/2023\/07\/peoplesphere-lgo-new-generik.jpg\",\"width\":1031,\"height\":1479,\"caption\":\"Peoplesphere Company srl\"},\"image\":{\"@id\":\"https:\/\/peoplesphere.be\/fr\/#\/schema\/logo\/image\/\"},\"sameAs\":[\"https:\/\/www.facebook.com\/peoplesphere\",\"https:\/\/twitter.com\/PeoplesphereMag\",\"https:\/\/www.linkedin.com\/company\/7587361?trk\",\"http:\/\/youtube.com\/peoplesphere\"]},{\"@type\":\"Person\",\"@id\":\"https:\/\/peoplesphere.be\/fr\/#\/schema\/person\/7976225ff17988604334abb7b3536a7e\",\"name\":\"Jean-Paul Erhard\",\"image\":{\"@type\":\"ImageObject\",\"inLanguage\":\"fr-FR\",\"@id\":\"https:\/\/peoplesphere.be\/fr\/#\/schema\/person\/image\/\",\"url\":\"https:\/\/secure.gravatar.com\/avatar\/f941e681460179738071629a51574930?s=96&d=mm&r=g\",\"contentUrl\":\"https:\/\/secure.gravatar.com\/avatar\/f941e681460179738071629a51574930?s=96&d=mm&r=g\",\"caption\":\"Jean-Paul Erhard\"},\"url\":\"https:\/\/peoplesphere.be\/fr\/author\/jpe\/\"}]}<\/script>\n<!-- \/ Yoast SEO plugin. -->","yoast_head_json":{"title":"WORKLAB le 4 d\u00e9cembre \u00e0 Charleroi: le monde du travail change. Etes-vous pr\u00eat? - Peoplesphere","robots":{"index":"index","follow":"follow","max-snippet":"max-snippet:-1","max-image-preview":"max-image-preview:large","max-video-preview":"max-video-preview:-1"},"canonical":"https:\/\/peoplesphere.be\/fr\/worklab-4-decembre-a-charleroi-monde-travail-change-etes-pret\/","og_locale":"fr_FR","og_type":"article","og_title":"WORKLAB le 4 d\u00e9cembre \u00e0 Charleroi: le monde du travail change. Etes-vous pr\u00eat? - Peoplesphere","og_description":"Les nouvelles pratiques du monde du travail invitent \u00e0 se questionner sur l\u2019\u00e9quilibre entre une performance durable et un environnement viable au sein des organisations. Wings For Work s&rsquo;associe \u00e0 Switch Coworking (Charleroi) afin de vous permettre de d\u00e9couvrir les [&hellip;]","og_url":"https:\/\/peoplesphere.be\/fr\/worklab-4-decembre-a-charleroi-monde-travail-change-etes-pret\/","og_site_name":"Peoplesphere","article_publisher":"https:\/\/www.facebook.com\/peoplesphere","article_published_time":"2018-11-27T14:52:28+00:00","article_modified_time":"2018-11-29T10:44:12+00:00","og_image":[{"width":438,"height":258,"url":"https:\/\/peoplesphere.be\/fr\/wp-content\/uploads\/2018\/10\/logo-wongs-for-work.png","type":"image\/png"}],"author":"Jean-Paul Erhard","twitter_card":"summary_large_image","twitter_creator":"@PeoplesphereMag","twitter_site":"@PeoplesphereMag","twitter_misc":{"\u00c9crit par":"Jean-Paul Erhard","Dur\u00e9e de lecture estim\u00e9e":"1 minute"},"schema":{"@context":"https:\/\/schema.org","@graph":[{"@type":"Article","@id":"https:\/\/peoplesphere.be\/fr\/worklab-4-decembre-a-charleroi-monde-travail-change-etes-pret\/#article","isPartOf":{"@id":"https:\/\/peoplesphere.be\/fr\/worklab-4-decembre-a-charleroi-monde-travail-change-etes-pret\/"},"author":{"name":"Jean-Paul Erhard","@id":"https:\/\/peoplesphere.be\/fr\/#\/schema\/person\/7976225ff17988604334abb7b3536a7e"},"headline":"WORKLAB le 4 d\u00e9cembre \u00e0 Charleroi: le monde du travail change. Etes-vous pr\u00eat?","datePublished":"2018-11-27T14:52:28+00:00","dateModified":"2018-11-29T10:44:12+00:00","mainEntityOfPage":{"@id":"https:\/\/peoplesphere.be\/fr\/worklab-4-decembre-a-charleroi-monde-travail-change-etes-pret\/"},"wordCount":210,"publisher":{"@id":"https:\/\/peoplesphere.be\/fr\/#organization"},"keywords":["coworking","nouveaumonde du travail","nwow","t\u00e9l\u00e9travail","travail flexible"],"articleSection":["Calendrier","Events"],"inLanguage":"fr-FR"},{"@type":"WebPage","@id":"https:\/\/peoplesphere.be\/fr\/worklab-4-decembre-a-charleroi-monde-travail-change-etes-pret\/","url":"https:\/\/peoplesphere.be\/fr\/worklab-4-decembre-a-charleroi-monde-travail-change-etes-pret\/","name":"WORKLAB le 4 d\u00e9cembre \u00e0 Charleroi: le monde du travail change. Etes-vous pr\u00eat? - Peoplesphere","isPartOf":{"@id":"https:\/\/peoplesphere.be\/fr\/#website"},"datePublished":"2018-11-27T14:52:28+00:00","dateModified":"2018-11-29T10:44:12+00:00","breadcrumb":{"@id":"https:\/\/peoplesphere.be\/fr\/worklab-4-decembre-a-charleroi-monde-travail-change-etes-pret\/#breadcrumb"},"inLanguage":"fr-FR","potentialAction":[{"@type":"ReadAction","target":["https:\/\/peoplesphere.be\/fr\/worklab-4-decembre-a-charleroi-monde-travail-change-etes-pret\/"]}]},{"@type":"BreadcrumbList","@id":"https:\/\/peoplesphere.be\/fr\/worklab-4-decembre-a-charleroi-monde-travail-change-etes-pret\/#breadcrumb","itemListElement":[{"@type":"ListItem","position":1,"name":"Accueil","item":"https:\/\/peoplesphere.be\/fr\/"},{"@type":"ListItem","position":2,"name":"WORKLAB le 4 d\u00e9cembre \u00e0 Charleroi: le monde du travail change. Etes-vous pr\u00eat?"}]},{"@type":"WebSite","@id":"https:\/\/peoplesphere.be\/fr\/#website","url":"https:\/\/peoplesphere.be\/fr\/","name":"Peoplesphere","description":"The People Managers Magazine","publisher":{"@id":"https:\/\/peoplesphere.be\/fr\/#organization"},"potentialAction":[{"@type":"SearchAction","target":{"@type":"EntryPoint","urlTemplate":"https:\/\/peoplesphere.be\/fr\/?s={search_term_string}"},"query-input":"required name=search_term_string"}],"inLanguage":"fr-FR"},{"@type":"Organization","@id":"https:\/\/peoplesphere.be\/fr\/#organization","name":"Peoplesphere Company srl","url":"https:\/\/peoplesphere.be\/fr\/","logo":{"@type":"ImageObject","inLanguage":"fr-FR","@id":"https:\/\/peoplesphere.be\/fr\/#\/schema\/logo\/image\/","url":"https:\/\/peoplesphere.be\/fr\/wp-content\/uploads\/2023\/07\/peoplesphere-lgo-new-generik.jpg","contentUrl":"https:\/\/peoplesphere.be\/fr\/wp-content\/uploads\/2023\/07\/peoplesphere-lgo-new-generik.jpg","width":1031,"height":1479,"caption":"Peoplesphere Company srl"},"image":{"@id":"https:\/\/peoplesphere.be\/fr\/#\/schema\/logo\/image\/"},"sameAs":["https:\/\/www.facebook.com\/peoplesphere","https:\/\/twitter.com\/PeoplesphereMag","https:\/\/www.linkedin.com\/company\/7587361?trk","http:\/\/youtube.com\/peoplesphere"]},{"@type":"Person","@id":"https:\/\/peoplesphere.be\/fr\/#\/schema\/person\/7976225ff17988604334abb7b3536a7e","name":"Jean-Paul Erhard","image":{"@type":"ImageObject","inLanguage":"fr-FR","@id":"https:\/\/peoplesphere.be\/fr\/#\/schema\/person\/image\/","url":"https:\/\/secure.gravatar.com\/avatar\/f941e681460179738071629a51574930?s=96&d=mm&r=g","contentUrl":"https:\/\/secure.gravatar.com\/avatar\/f941e681460179738071629a51574930?s=96&d=mm&r=g","caption":"Jean-Paul Erhard"},"url":"https:\/\/peoplesphere.be\/fr\/author\/jpe\/"}]}},"_links":{"self":[{"href":"https:\/\/peoplesphere.be\/fr\/wp-json\/wp\/v2\/posts\/6788"}],"collection":[{"href":"https:\/\/peoplesphere.be\/fr\/wp-json\/wp\/v2\/posts"}],"about":[{"href":"https:\/\/peoplesphere.be\/fr\/wp-json\/wp\/v2\/types\/post"}],"author":[{"embeddable":true,"href":"https:\/\/peoplesphere.be\/fr\/wp-json\/wp\/v2\/users\/2"}],"replies":[{"embeddable":true,"href":"https:\/\/peoplesphere.be\/fr\/wp-json\/wp\/v2\/comments?post=6788"}],"version-history":[{"count":4,"href":"https:\/\/peoplesphere.be\/fr\/wp-json\/wp\/v2\/posts\/6788\/revisions"}],"predecessor-version":[{"id":6963,"href":"https:\/\/peoplesphere.be\/fr\/wp-json\/wp\/v2\/posts\/6788\/revisions\/6963"}],"wp:featuredmedia":[{"embeddable":true,"href":"https:\/\/peoplesphere.be\/fr\/wp-json\/wp\/v2\/media\/6821"}],"wp:attachment":[{"href":"https:\/\/peoplesphere.be\/fr\/wp-json\/wp\/v2\/media?parent=6788"}],"wp:term":[{"taxonomy":"category","embeddable":true,"href":"https:\/\/peoplesphere.be\/fr\/wp-json\/wp\/v2\/categories?post=6788"},{"taxonomy":"post_tag","embeddable":true,"href":"https:\/\/peoplesphere.be\/fr\/wp-json\/wp\/v2\/tags?post=6788"}],"curies":[{"name":"wp","href":"https:\/\/api.w.org\/{rel}","templated":true}]}}