









{"id":6829,"date":"2018-12-13T09:58:45","date_gmt":"2018-12-13T07:58:45","guid":{"rendered":"http:\/\/www.peoplesphere.be\/fr\/?p=6829"},"modified":"2018-12-13T10:57:45","modified_gmt":"2018-12-13T08:57:45","slug":"lancement-premier-certificat-interuniversitaire-ingenierie-de-formation-janvier-2019","status":"publish","type":"post","link":"https:\/\/peoplesphere.be\/fr\/lancement-premier-certificat-interuniversitaire-ingenierie-de-formation-janvier-2019\/","title":{"rendered":"Lancement du premier certificat interuniversitaire en Ing\u00e9nierie de formation en janvier 2019!"},"content":{"rendered":"<p>Le 17 janvier prochain, les trois principales universit\u00e9s francophones inaugurent la premi\u00e8re \u00e9dition du Certificat Interuniversitaire en \u00ab\u00a0Ing\u00e9nierie de formation: conception et gestion des syst\u00e8me de formation en organisation\u00a0\u00bb. L\u2019Universit\u00e9 catholique de Louvain (UCLouvain), en collaboration avec l\u2019Universit\u00e9 de Li\u00e8ge (ULi\u00e8ge) et l\u2019Universit\u00e9 libre de Bruxelles (ULB) veulent offrir une solide formation permettant aux professionnels de la formation de concevoir, d\u00e9velopper et \u00e9valuer les projets de formation dans leur organisation.<!--more--><\/p>\n<p>Le programme con\u00e7u par la Facult\u00e9 de psychologie et des sciences de l\u2019\u00e9ducation de l\u2019UCLouvain, en partenariat avec l\u2019ULB et l\u2019ULi\u00e8ge, s\u2019adresse aux responsables ou gestionnaires de formation, aux praticiens RH impliqu\u00e9s dans le processus de formation ainsi qu\u2019\u00e0 toute personne d\u00e9sireuse d\u2019exercer ces fonctions \u00e0 l\u2019avenir. La formation est dispens\u00e9e par des sp\u00e9cialistes acad\u00e9miques et de terrain.<\/p>\n<p>Ce certificat interuniversitaire demeure ax\u00e9 sur la pratique et favorise les \u00e9changes entre professionnels. La formation est d\u2019ailleurs organis\u00e9e pour demeurer compatible avec une activit\u00e9 professionnelle. Les participants qui r\u00e9ussissent les \u00e9preuves certificatives se verront d\u00e9livrer un certificat interuniversitaire d\u2019une ampleur de 12 cr\u00e9dits potentiellement valorisables dans la poursuite d\u2019une formation acad\u00e9mique.<\/p>\n<p>Le programme est organis\u00e9 en 6 modules alliant fondements conceptuels, m\u00e9thodologiques et mise en pratique. Il constitue une formation compl\u00e8te et compacte, r\u00e9partie sur 15 jours \u00e0 raison d\u2019une journ\u00e9e par semaine (le vendredi) de janvier \u00e0 juin 2019. La formation se donnera \u00e0 Louvain-la-Neuve.<\/p>\n<p>Pour d\u00e9couvrir le programme complet du certificat et s\u2019inscrire en ligne, rendez-vous ici : <a href=\"http:\/\/www.certificat-ingenierie-formation.be\">www.certificat-ingenierie-formation.be<\/a><\/p>\n<p>N\u2019h\u00e9sitez pas \u00e0 prendre contact avec Mme Val\u00e9rie Henry, personne de contact pour ce certificat via t\u00e9l\u00e9phone +32(0)10\/478622 ou via email : <a href=\"mailto:valerie.henry@uclouvain.be\">valerie.henry@uclouvain.be<\/a><\/p>\n","protected":false},"excerpt":{"rendered":"<p>Le 17 janvier prochain, les trois principales universit\u00e9s francophones inaugurent la premi\u00e8re \u00e9dition du Certificat Interuniversitaire en \u00ab\u00a0Ing\u00e9nierie de formation: conception et gestion des syst\u00e8me de formation en organisation\u00a0\u00bb. L\u2019Universit\u00e9 catholique de Louvain (UCLouvain), en collaboration avec l\u2019Universit\u00e9 de Li\u00e8ge [&hellip;]<\/p>\n","protected":false},"author":2,"featured_media":6830,"comment_status":"closed","ping_status":"open","sticky":false,"template":"","format":"standard","meta":[],"categories":[67,8],"tags":[47,2308,48,2309,1905,2310,1451],"yoast_head":"<!-- This site is optimized with the Yoast SEO plugin v21.0 - https:\/\/yoast.com\/wordpress\/plugins\/seo\/ -->\n<title>Lancement du premier certificat interuniversitaire en Ing\u00e9nierie de formation en janvier 2019! - Peoplesphere<\/title>\n<meta name=\"robots\" content=\"index, follow, max-snippet:-1, max-image-preview:large, max-video-preview:-1\" \/>\n<link rel=\"canonical\" href=\"https:\/\/peoplesphere.be\/fr\/lancement-premier-certificat-interuniversitaire-ingenierie-de-formation-janvier-2019\/\" \/>\n<meta property=\"og:locale\" content=\"fr_FR\" \/>\n<meta property=\"og:type\" content=\"article\" \/>\n<meta property=\"og:title\" content=\"Lancement du premier certificat interuniversitaire en Ing\u00e9nierie de formation en janvier 2019! - Peoplesphere\" \/>\n<meta property=\"og:description\" content=\"Le 17 janvier prochain, les trois principales universit\u00e9s francophones inaugurent la premi\u00e8re \u00e9dition du Certificat Interuniversitaire en \u00ab\u00a0Ing\u00e9nierie de formation: conception et gestion des syst\u00e8me de formation en organisation\u00a0\u00bb. L\u2019Universit\u00e9 catholique de Louvain (UCLouvain), en collaboration avec l\u2019Universit\u00e9 de Li\u00e8ge [&hellip;]\" \/>\n<meta property=\"og:url\" content=\"https:\/\/peoplesphere.be\/fr\/lancement-premier-certificat-interuniversitaire-ingenierie-de-formation-janvier-2019\/\" \/>\n<meta property=\"og:site_name\" content=\"Peoplesphere\" \/>\n<meta property=\"article:publisher\" content=\"https:\/\/www.facebook.com\/peoplesphere\" \/>\n<meta property=\"article:published_time\" content=\"2018-12-13T07:58:45+00:00\" \/>\n<meta property=\"article:modified_time\" content=\"2018-12-13T08:57:45+00:00\" \/>\n<meta property=\"og:image\" content=\"https:\/\/peoplesphere.be\/fr\/wp-content\/uploads\/2018\/10\/shutterstock_655318024-1024x569.jpg\" \/>\n\t<meta property=\"og:image:width\" content=\"1024\" \/>\n\t<meta property=\"og:image:height\" content=\"569\" \/>\n\t<meta property=\"og:image:type\" content=\"image\/jpeg\" \/>\n<meta name=\"author\" content=\"Jean-Paul Erhard\" \/>\n<meta name=\"twitter:card\" content=\"summary_large_image\" \/>\n<meta name=\"twitter:creator\" content=\"@PeoplesphereMag\" \/>\n<meta name=\"twitter:site\" content=\"@PeoplesphereMag\" \/>\n<meta name=\"twitter:label1\" content=\"\u00c9crit par\" \/>\n\t<meta name=\"twitter:data1\" content=\"Jean-Paul Erhard\" \/>\n\t<meta name=\"twitter:label2\" content=\"Dur\u00e9e de lecture estim\u00e9e\" \/>\n\t<meta name=\"twitter:data2\" content=\"1 minute\" \/>\n<script type=\"application\/ld+json\" class=\"yoast-schema-graph\">{\"@context\":\"https:\/\/schema.org\",\"@graph\":[{\"@type\":\"Article\",\"@id\":\"https:\/\/peoplesphere.be\/fr\/lancement-premier-certificat-interuniversitaire-ingenierie-de-formation-janvier-2019\/#article\",\"isPartOf\":{\"@id\":\"https:\/\/peoplesphere.be\/fr\/lancement-premier-certificat-interuniversitaire-ingenierie-de-formation-janvier-2019\/\"},\"author\":{\"name\":\"Jean-Paul Erhard\",\"@id\":\"https:\/\/peoplesphere.be\/fr\/#\/schema\/person\/7976225ff17988604334abb7b3536a7e\"},\"headline\":\"Lancement du premier certificat interuniversitaire en Ing\u00e9nierie de formation en janvier 2019!\",\"datePublished\":\"2018-12-13T07:58:45+00:00\",\"dateModified\":\"2018-12-13T08:57:45+00:00\",\"mainEntityOfPage\":{\"@id\":\"https:\/\/peoplesphere.be\/fr\/lancement-premier-certificat-interuniversitaire-ingenierie-de-formation-janvier-2019\/\"},\"wordCount\":311,\"publisher\":{\"@id\":\"https:\/\/peoplesphere.be\/fr\/#organization\"},\"keywords\":[\"Apprentissage\",\"certificat interuniversitaire\",\"Formation\",\"UCLouvain\",\"ULB\",\"ULi\u00e8ge\",\"universit\u00e9s\"],\"articleSection\":[\"Calendrier\",\"Events\"],\"inLanguage\":\"fr-FR\"},{\"@type\":\"WebPage\",\"@id\":\"https:\/\/peoplesphere.be\/fr\/lancement-premier-certificat-interuniversitaire-ingenierie-de-formation-janvier-2019\/\",\"url\":\"https:\/\/peoplesphere.be\/fr\/lancement-premier-certificat-interuniversitaire-ingenierie-de-formation-janvier-2019\/\",\"name\":\"Lancement du premier certificat interuniversitaire en Ing\u00e9nierie de formation en janvier 2019! - Peoplesphere\",\"isPartOf\":{\"@id\":\"https:\/\/peoplesphere.be\/fr\/#website\"},\"datePublished\":\"2018-12-13T07:58:45+00:00\",\"dateModified\":\"2018-12-13T08:57:45+00:00\",\"breadcrumb\":{\"@id\":\"https:\/\/peoplesphere.be\/fr\/lancement-premier-certificat-interuniversitaire-ingenierie-de-formation-janvier-2019\/#breadcrumb\"},\"inLanguage\":\"fr-FR\",\"potentialAction\":[{\"@type\":\"ReadAction\",\"target\":[\"https:\/\/peoplesphere.be\/fr\/lancement-premier-certificat-interuniversitaire-ingenierie-de-formation-janvier-2019\/\"]}]},{\"@type\":\"BreadcrumbList\",\"@id\":\"https:\/\/peoplesphere.be\/fr\/lancement-premier-certificat-interuniversitaire-ingenierie-de-formation-janvier-2019\/#breadcrumb\",\"itemListElement\":[{\"@type\":\"ListItem\",\"position\":1,\"name\":\"Accueil\",\"item\":\"https:\/\/peoplesphere.be\/fr\/\"},{\"@type\":\"ListItem\",\"position\":2,\"name\":\"Lancement du premier certificat interuniversitaire en Ing\u00e9nierie de formation en janvier 2019!\"}]},{\"@type\":\"WebSite\",\"@id\":\"https:\/\/peoplesphere.be\/fr\/#website\",\"url\":\"https:\/\/peoplesphere.be\/fr\/\",\"name\":\"Peoplesphere\",\"description\":\"The People Managers Magazine\",\"publisher\":{\"@id\":\"https:\/\/peoplesphere.be\/fr\/#organization\"},\"potentialAction\":[{\"@type\":\"SearchAction\",\"target\":{\"@type\":\"EntryPoint\",\"urlTemplate\":\"https:\/\/peoplesphere.be\/fr\/?s={search_term_string}\"},\"query-input\":\"required name=search_term_string\"}],\"inLanguage\":\"fr-FR\"},{\"@type\":\"Organization\",\"@id\":\"https:\/\/peoplesphere.be\/fr\/#organization\",\"name\":\"Peoplesphere Company srl\",\"url\":\"https:\/\/peoplesphere.be\/fr\/\",\"logo\":{\"@type\":\"ImageObject\",\"inLanguage\":\"fr-FR\",\"@id\":\"https:\/\/peoplesphere.be\/fr\/#\/schema\/logo\/image\/\",\"url\":\"https:\/\/peoplesphere.be\/fr\/wp-content\/uploads\/2023\/07\/peoplesphere-lgo-new-generik.jpg\",\"contentUrl\":\"https:\/\/peoplesphere.be\/fr\/wp-content\/uploads\/2023\/07\/peoplesphere-lgo-new-generik.jpg\",\"width\":1031,\"height\":1479,\"caption\":\"Peoplesphere Company srl\"},\"image\":{\"@id\":\"https:\/\/peoplesphere.be\/fr\/#\/schema\/logo\/image\/\"},\"sameAs\":[\"https:\/\/www.facebook.com\/peoplesphere\",\"https:\/\/twitter.com\/PeoplesphereMag\",\"https:\/\/www.linkedin.com\/company\/7587361?trk\",\"http:\/\/youtube.com\/peoplesphere\"]},{\"@type\":\"Person\",\"@id\":\"https:\/\/peoplesphere.be\/fr\/#\/schema\/person\/7976225ff17988604334abb7b3536a7e\",\"name\":\"Jean-Paul Erhard\",\"image\":{\"@type\":\"ImageObject\",\"inLanguage\":\"fr-FR\",\"@id\":\"https:\/\/peoplesphere.be\/fr\/#\/schema\/person\/image\/\",\"url\":\"https:\/\/secure.gravatar.com\/avatar\/f941e681460179738071629a51574930?s=96&d=mm&r=g\",\"contentUrl\":\"https:\/\/secure.gravatar.com\/avatar\/f941e681460179738071629a51574930?s=96&d=mm&r=g\",\"caption\":\"Jean-Paul Erhard\"},\"url\":\"https:\/\/peoplesphere.be\/fr\/author\/jpe\/\"}]}<\/script>\n<!-- \/ Yoast SEO plugin. -->","yoast_head_json":{"title":"Lancement du premier certificat interuniversitaire en Ing\u00e9nierie de formation en janvier 2019! - Peoplesphere","robots":{"index":"index","follow":"follow","max-snippet":"max-snippet:-1","max-image-preview":"max-image-preview:large","max-video-preview":"max-video-preview:-1"},"canonical":"https:\/\/peoplesphere.be\/fr\/lancement-premier-certificat-interuniversitaire-ingenierie-de-formation-janvier-2019\/","og_locale":"fr_FR","og_type":"article","og_title":"Lancement du premier certificat interuniversitaire en Ing\u00e9nierie de formation en janvier 2019! - Peoplesphere","og_description":"Le 17 janvier prochain, les trois principales universit\u00e9s francophones inaugurent la premi\u00e8re \u00e9dition du Certificat Interuniversitaire en \u00ab\u00a0Ing\u00e9nierie de formation: conception et gestion des syst\u00e8me de formation en organisation\u00a0\u00bb. L\u2019Universit\u00e9 catholique de Louvain (UCLouvain), en collaboration avec l\u2019Universit\u00e9 de Li\u00e8ge [&hellip;]","og_url":"https:\/\/peoplesphere.be\/fr\/lancement-premier-certificat-interuniversitaire-ingenierie-de-formation-janvier-2019\/","og_site_name":"Peoplesphere","article_publisher":"https:\/\/www.facebook.com\/peoplesphere","article_published_time":"2018-12-13T07:58:45+00:00","article_modified_time":"2018-12-13T08:57:45+00:00","og_image":[{"width":1024,"height":569,"url":"https:\/\/peoplesphere.be\/fr\/wp-content\/uploads\/2018\/10\/shutterstock_655318024-1024x569.jpg","type":"image\/jpeg"}],"author":"Jean-Paul Erhard","twitter_card":"summary_large_image","twitter_creator":"@PeoplesphereMag","twitter_site":"@PeoplesphereMag","twitter_misc":{"\u00c9crit par":"Jean-Paul Erhard","Dur\u00e9e de lecture estim\u00e9e":"1 minute"},"schema":{"@context":"https:\/\/schema.org","@graph":[{"@type":"Article","@id":"https:\/\/peoplesphere.be\/fr\/lancement-premier-certificat-interuniversitaire-ingenierie-de-formation-janvier-2019\/#article","isPartOf":{"@id":"https:\/\/peoplesphere.be\/fr\/lancement-premier-certificat-interuniversitaire-ingenierie-de-formation-janvier-2019\/"},"author":{"name":"Jean-Paul Erhard","@id":"https:\/\/peoplesphere.be\/fr\/#\/schema\/person\/7976225ff17988604334abb7b3536a7e"},"headline":"Lancement du premier certificat interuniversitaire en Ing\u00e9nierie de formation en janvier 2019!","datePublished":"2018-12-13T07:58:45+00:00","dateModified":"2018-12-13T08:57:45+00:00","mainEntityOfPage":{"@id":"https:\/\/peoplesphere.be\/fr\/lancement-premier-certificat-interuniversitaire-ingenierie-de-formation-janvier-2019\/"},"wordCount":311,"publisher":{"@id":"https:\/\/peoplesphere.be\/fr\/#organization"},"keywords":["Apprentissage","certificat interuniversitaire","Formation","UCLouvain","ULB","ULi\u00e8ge","universit\u00e9s"],"articleSection":["Calendrier","Events"],"inLanguage":"fr-FR"},{"@type":"WebPage","@id":"https:\/\/peoplesphere.be\/fr\/lancement-premier-certificat-interuniversitaire-ingenierie-de-formation-janvier-2019\/","url":"https:\/\/peoplesphere.be\/fr\/lancement-premier-certificat-interuniversitaire-ingenierie-de-formation-janvier-2019\/","name":"Lancement du premier certificat interuniversitaire en Ing\u00e9nierie de formation en janvier 2019! - Peoplesphere","isPartOf":{"@id":"https:\/\/peoplesphere.be\/fr\/#website"},"datePublished":"2018-12-13T07:58:45+00:00","dateModified":"2018-12-13T08:57:45+00:00","breadcrumb":{"@id":"https:\/\/peoplesphere.be\/fr\/lancement-premier-certificat-interuniversitaire-ingenierie-de-formation-janvier-2019\/#breadcrumb"},"inLanguage":"fr-FR","potentialAction":[{"@type":"ReadAction","target":["https:\/\/peoplesphere.be\/fr\/lancement-premier-certificat-interuniversitaire-ingenierie-de-formation-janvier-2019\/"]}]},{"@type":"BreadcrumbList","@id":"https:\/\/peoplesphere.be\/fr\/lancement-premier-certificat-interuniversitaire-ingenierie-de-formation-janvier-2019\/#breadcrumb","itemListElement":[{"@type":"ListItem","position":1,"name":"Accueil","item":"https:\/\/peoplesphere.be\/fr\/"},{"@type":"ListItem","position":2,"name":"Lancement du premier certificat interuniversitaire en Ing\u00e9nierie de formation en janvier 2019!"}]},{"@type":"WebSite","@id":"https:\/\/peoplesphere.be\/fr\/#website","url":"https:\/\/peoplesphere.be\/fr\/","name":"Peoplesphere","description":"The People Managers Magazine","publisher":{"@id":"https:\/\/peoplesphere.be\/fr\/#organization"},"potentialAction":[{"@type":"SearchAction","target":{"@type":"EntryPoint","urlTemplate":"https:\/\/peoplesphere.be\/fr\/?s={search_term_string}"},"query-input":"required name=search_term_string"}],"inLanguage":"fr-FR"},{"@type":"Organization","@id":"https:\/\/peoplesphere.be\/fr\/#organization","name":"Peoplesphere Company srl","url":"https:\/\/peoplesphere.be\/fr\/","logo":{"@type":"ImageObject","inLanguage":"fr-FR","@id":"https:\/\/peoplesphere.be\/fr\/#\/schema\/logo\/image\/","url":"https:\/\/peoplesphere.be\/fr\/wp-content\/uploads\/2023\/07\/peoplesphere-lgo-new-generik.jpg","contentUrl":"https:\/\/peoplesphere.be\/fr\/wp-content\/uploads\/2023\/07\/peoplesphere-lgo-new-generik.jpg","width":1031,"height":1479,"caption":"Peoplesphere Company srl"},"image":{"@id":"https:\/\/peoplesphere.be\/fr\/#\/schema\/logo\/image\/"},"sameAs":["https:\/\/www.facebook.com\/peoplesphere","https:\/\/twitter.com\/PeoplesphereMag","https:\/\/www.linkedin.com\/company\/7587361?trk","http:\/\/youtube.com\/peoplesphere"]},{"@type":"Person","@id":"https:\/\/peoplesphere.be\/fr\/#\/schema\/person\/7976225ff17988604334abb7b3536a7e","name":"Jean-Paul Erhard","image":{"@type":"ImageObject","inLanguage":"fr-FR","@id":"https:\/\/peoplesphere.be\/fr\/#\/schema\/person\/image\/","url":"https:\/\/secure.gravatar.com\/avatar\/f941e681460179738071629a51574930?s=96&d=mm&r=g","contentUrl":"https:\/\/secure.gravatar.com\/avatar\/f941e681460179738071629a51574930?s=96&d=mm&r=g","caption":"Jean-Paul Erhard"},"url":"https:\/\/peoplesphere.be\/fr\/author\/jpe\/"}]}},"_links":{"self":[{"href":"https:\/\/peoplesphere.be\/fr\/wp-json\/wp\/v2\/posts\/6829"}],"collection":[{"href":"https:\/\/peoplesphere.be\/fr\/wp-json\/wp\/v2\/posts"}],"about":[{"href":"https:\/\/peoplesphere.be\/fr\/wp-json\/wp\/v2\/types\/post"}],"author":[{"embeddable":true,"href":"https:\/\/peoplesphere.be\/fr\/wp-json\/wp\/v2\/users\/2"}],"replies":[{"embeddable":true,"href":"https:\/\/peoplesphere.be\/fr\/wp-json\/wp\/v2\/comments?post=6829"}],"version-history":[{"count":2,"href":"https:\/\/peoplesphere.be\/fr\/wp-json\/wp\/v2\/posts\/6829\/revisions"}],"predecessor-version":[{"id":6832,"href":"https:\/\/peoplesphere.be\/fr\/wp-json\/wp\/v2\/posts\/6829\/revisions\/6832"}],"wp:featuredmedia":[{"embeddable":true,"href":"https:\/\/peoplesphere.be\/fr\/wp-json\/wp\/v2\/media\/6830"}],"wp:attachment":[{"href":"https:\/\/peoplesphere.be\/fr\/wp-json\/wp\/v2\/media?parent=6829"}],"wp:term":[{"taxonomy":"category","embeddable":true,"href":"https:\/\/peoplesphere.be\/fr\/wp-json\/wp\/v2\/categories?post=6829"},{"taxonomy":"post_tag","embeddable":true,"href":"https:\/\/peoplesphere.be\/fr\/wp-json\/wp\/v2\/tags?post=6829"}],"curies":[{"name":"wp","href":"https:\/\/api.w.org\/{rel}","templated":true}]}}