









{"id":6899,"date":"2018-11-19T07:56:18","date_gmt":"2018-11-19T05:56:18","guid":{"rendered":"http:\/\/www.peoplesphere.be\/fr\/?p=6899"},"modified":"2018-11-19T08:09:00","modified_gmt":"2018-11-19T06:09:00","slug":"jobsdeal-modifie-regime-de-chomage-complement-dentreprise","status":"publish","type":"post","link":"https:\/\/peoplesphere.be\/fr\/jobsdeal-modifie-regime-de-chomage-complement-dentreprise\/","title":{"rendered":"Le Jobsdeal modifie le r\u00e9gime de ch\u00f4mage avec compl\u00e9ment d&rsquo;entreprise et l&rsquo;accessibilit\u00e9 \u00e0 deux formules de cr\u00e9dit-temps."},"content":{"rendered":"<p>Sur proposition du ministre de l&rsquo;Emploi Kris Peeters, le Conseil des ministres a approuv\u00e9 vendredi dernier un projet d&rsquo;arr\u00eat\u00e9 royal modifiant l\u2019arr\u00eat\u00e9 royal du 3 mai 2007 fixant le r\u00e9gime de ch\u00f4mage avec compl\u00e9ment d\u2019entreprise (RCC).<!--more--><\/p>\n<p>Ce projet donne ex\u00e9cution aux d\u00e9cisions du Jobsdeal et de la notification du budget du 26 juillet 2018.<\/p>\n<p>Il s\u2019agit des adaptations suivantes :<\/p>\n<p>&#8211; rel\u00e8vement des conditions de carri\u00e8re \u00e0 41 ans pour les RCC individuels;<br \/>\n&#8211; obligation pour l\u2019employeur de prendre en charge pour un minimum de 3600 euros le co\u00fbt pour une formation professionnelle dans un m\u00e9tier en p\u00e9nurie en tant qu\u2019 entreprise en restructuration;<br \/>\n&#8211; rel\u00e8vement de l&rsquo;\u00e2ge d\u2019acc\u00e8s au RCC \u00e0 59 ans en cas d\u2019une entreprise en difficult\u00e9 ou en restructuration;<br \/>\n&#8211; adaptation des conditions de l\u2019obligation de disponibilit\u00e9 adapt\u00e9e en cas de RCC.<\/p>\n<p>Dans le m\u00eame temps, et toujours sur proposition du ministre de l&rsquo;Emploi, le Conseil des ministres a approuv\u00e9 un projet d&rsquo;arr\u00eat\u00e9 royal qui modifie le \u00ab\u00a0cr\u00e9dit-temps de fin de carri\u00e8re\u00a0\u00bb et le \u00ab\u00a0cr\u00e9dit-temps th\u00e9matique motiv\u00e9 par la poursuite d\u2019une formation\u00a0\u00bb.<\/p>\n<p>Parmi ces mesures figurent notamment l&rsquo;accessibilit\u00e9 du cr\u00e9dit-temps de fin de carri\u00e8re qui est port\u00e9e \u00e0 60 ans contre 55 ans actuellement, ainsi que\u00a0le cr\u00e9dit-temps th\u00e9matique motiv\u00e9 par la poursuite d\u2019une formation dans un m\u00e9tier en p\u00e9nurie qui est port\u00e9 de 36 \u00e0 48 mois.<br \/>\nLe projet d\u2019arr\u00eat\u00e9 royal introduit ces deux mesures, lesquelles entrent en vigueur le 1er janvier 2019.<\/p>\n<p>Les deux projets sont\u00a0transmis pour avis au Conseil d&rsquo;Etat.<\/p>\n<p><em>Note &#8211; Projet d\u2019arr\u00eat\u00e9 royal modifiant l\u2019arr\u00eat\u00e9 royal du 12 d\u00e9cembre 2001 pris en ex\u00e9cution du chapitre IV de la loi du 10 ao\u00fbt 2001 relative \u00e0 la conciliation entre l\u2019emploi et la qualit\u00e9 de vie concernant le syst\u00e8me du cr\u00e9dit-temps, la diminution de carri\u00e8re et la r\u00e9duction des prestations de travail \u00e0 mi-temps<\/em><\/p>\n<p><em>Source : SPF Chancellerie du Premier Ministre<\/em><\/p>\n","protected":false},"excerpt":{"rendered":"<p>Sur proposition du ministre de l&rsquo;Emploi Kris Peeters, le Conseil des ministres a approuv\u00e9 vendredi dernier un projet d&rsquo;arr\u00eat\u00e9 royal modifiant l\u2019arr\u00eat\u00e9 royal du 3 mai 2007 fixant le r\u00e9gime de ch\u00f4mage avec compl\u00e9ment d\u2019entreprise (RCC).<\/p>\n","protected":false},"author":2,"featured_media":0,"comment_status":"closed","ping_status":"open","sticky":false,"template":"","format":"standard","meta":[],"categories":[65,10],"tags":[1687,2334,739,1101,342],"yoast_head":"<!-- This site is optimized with the Yoast SEO plugin v21.0 - https:\/\/yoast.com\/wordpress\/plugins\/seo\/ -->\n<title>Le Jobsdeal modifie le r\u00e9gime de ch\u00f4mage avec compl\u00e9ment d&#039;entreprise et l&#039;accessibilit\u00e9 \u00e0 deux formules de cr\u00e9dit-temps. - Peoplesphere<\/title>\n<meta name=\"robots\" content=\"index, follow, max-snippet:-1, max-image-preview:large, max-video-preview:-1\" \/>\n<link rel=\"canonical\" href=\"https:\/\/peoplesphere.be\/fr\/jobsdeal-modifie-regime-de-chomage-complement-dentreprise\/\" \/>\n<meta property=\"og:locale\" content=\"fr_FR\" \/>\n<meta property=\"og:type\" content=\"article\" \/>\n<meta property=\"og:title\" content=\"Le Jobsdeal modifie le r\u00e9gime de ch\u00f4mage avec compl\u00e9ment d&#039;entreprise et l&#039;accessibilit\u00e9 \u00e0 deux formules de cr\u00e9dit-temps. - Peoplesphere\" \/>\n<meta property=\"og:description\" content=\"Sur proposition du ministre de l&rsquo;Emploi Kris Peeters, le Conseil des ministres a approuv\u00e9 vendredi dernier un projet d&rsquo;arr\u00eat\u00e9 royal modifiant l\u2019arr\u00eat\u00e9 royal du 3 mai 2007 fixant le r\u00e9gime de ch\u00f4mage avec compl\u00e9ment d\u2019entreprise (RCC).\" \/>\n<meta property=\"og:url\" content=\"https:\/\/peoplesphere.be\/fr\/jobsdeal-modifie-regime-de-chomage-complement-dentreprise\/\" \/>\n<meta property=\"og:site_name\" content=\"Peoplesphere\" \/>\n<meta property=\"article:publisher\" content=\"https:\/\/www.facebook.com\/peoplesphere\" \/>\n<meta property=\"article:published_time\" content=\"2018-11-19T05:56:18+00:00\" \/>\n<meta property=\"article:modified_time\" content=\"2018-11-19T06:09:00+00:00\" \/>\n<meta property=\"og:image\" content=\"http:\/\/www.peoplesphere.be\/fr\/wp-content\/uploads\/2016\/07\/facebook-default-posting-1200x628px.jpg\" \/>\n<meta name=\"author\" content=\"Jean-Paul Erhard\" \/>\n<meta name=\"twitter:card\" content=\"summary_large_image\" \/>\n<meta name=\"twitter:creator\" content=\"@PeoplesphereMag\" \/>\n<meta name=\"twitter:site\" content=\"@PeoplesphereMag\" \/>\n<meta name=\"twitter:label1\" content=\"\u00c9crit par\" \/>\n\t<meta name=\"twitter:data1\" content=\"Jean-Paul Erhard\" \/>\n\t<meta name=\"twitter:label2\" content=\"Dur\u00e9e de lecture estim\u00e9e\" \/>\n\t<meta name=\"twitter:data2\" content=\"2 minutes\" \/>\n<script type=\"application\/ld+json\" class=\"yoast-schema-graph\">{\"@context\":\"https:\/\/schema.org\",\"@graph\":[{\"@type\":\"Article\",\"@id\":\"https:\/\/peoplesphere.be\/fr\/jobsdeal-modifie-regime-de-chomage-complement-dentreprise\/#article\",\"isPartOf\":{\"@id\":\"https:\/\/peoplesphere.be\/fr\/jobsdeal-modifie-regime-de-chomage-complement-dentreprise\/\"},\"author\":{\"name\":\"Jean-Paul Erhard\",\"@id\":\"https:\/\/peoplesphere.be\/fr\/#\/schema\/person\/7976225ff17988604334abb7b3536a7e\"},\"headline\":\"Le Jobsdeal modifie le r\u00e9gime de ch\u00f4mage avec compl\u00e9ment d&rsquo;entreprise et l&rsquo;accessibilit\u00e9 \u00e0 deux formules de cr\u00e9dit-temps.\",\"datePublished\":\"2018-11-19T05:56:18+00:00\",\"dateModified\":\"2018-11-19T06:09:00+00:00\",\"mainEntityOfPage\":{\"@id\":\"https:\/\/peoplesphere.be\/fr\/jobsdeal-modifie-regime-de-chomage-complement-dentreprise\/\"},\"wordCount\":357,\"publisher\":{\"@id\":\"https:\/\/peoplesphere.be\/fr\/#organization\"},\"keywords\":[\"arr\u00eat\u00e9 royal\",\"jobsdeal\",\"pr\u00e9pension\",\"RCC\",\"restructuration\"],\"articleSection\":[\"Actualit\u00e9s\",\"Digital\"],\"inLanguage\":\"fr-FR\"},{\"@type\":\"WebPage\",\"@id\":\"https:\/\/peoplesphere.be\/fr\/jobsdeal-modifie-regime-de-chomage-complement-dentreprise\/\",\"url\":\"https:\/\/peoplesphere.be\/fr\/jobsdeal-modifie-regime-de-chomage-complement-dentreprise\/\",\"name\":\"Le Jobsdeal modifie le r\u00e9gime de ch\u00f4mage avec compl\u00e9ment d'entreprise et l'accessibilit\u00e9 \u00e0 deux formules de cr\u00e9dit-temps. - Peoplesphere\",\"isPartOf\":{\"@id\":\"https:\/\/peoplesphere.be\/fr\/#website\"},\"datePublished\":\"2018-11-19T05:56:18+00:00\",\"dateModified\":\"2018-11-19T06:09:00+00:00\",\"breadcrumb\":{\"@id\":\"https:\/\/peoplesphere.be\/fr\/jobsdeal-modifie-regime-de-chomage-complement-dentreprise\/#breadcrumb\"},\"inLanguage\":\"fr-FR\",\"potentialAction\":[{\"@type\":\"ReadAction\",\"target\":[\"https:\/\/peoplesphere.be\/fr\/jobsdeal-modifie-regime-de-chomage-complement-dentreprise\/\"]}]},{\"@type\":\"BreadcrumbList\",\"@id\":\"https:\/\/peoplesphere.be\/fr\/jobsdeal-modifie-regime-de-chomage-complement-dentreprise\/#breadcrumb\",\"itemListElement\":[{\"@type\":\"ListItem\",\"position\":1,\"name\":\"Accueil\",\"item\":\"https:\/\/peoplesphere.be\/fr\/\"},{\"@type\":\"ListItem\",\"position\":2,\"name\":\"Le Jobsdeal modifie le r\u00e9gime de ch\u00f4mage avec compl\u00e9ment d&rsquo;entreprise et l&rsquo;accessibilit\u00e9 \u00e0 deux formules de cr\u00e9dit-temps.\"}]},{\"@type\":\"WebSite\",\"@id\":\"https:\/\/peoplesphere.be\/fr\/#website\",\"url\":\"https:\/\/peoplesphere.be\/fr\/\",\"name\":\"Peoplesphere\",\"description\":\"The People Managers Magazine\",\"publisher\":{\"@id\":\"https:\/\/peoplesphere.be\/fr\/#organization\"},\"potentialAction\":[{\"@type\":\"SearchAction\",\"target\":{\"@type\":\"EntryPoint\",\"urlTemplate\":\"https:\/\/peoplesphere.be\/fr\/?s={search_term_string}\"},\"query-input\":\"required name=search_term_string\"}],\"inLanguage\":\"fr-FR\"},{\"@type\":\"Organization\",\"@id\":\"https:\/\/peoplesphere.be\/fr\/#organization\",\"name\":\"Peoplesphere Company srl\",\"url\":\"https:\/\/peoplesphere.be\/fr\/\",\"logo\":{\"@type\":\"ImageObject\",\"inLanguage\":\"fr-FR\",\"@id\":\"https:\/\/peoplesphere.be\/fr\/#\/schema\/logo\/image\/\",\"url\":\"https:\/\/peoplesphere.be\/fr\/wp-content\/uploads\/2023\/07\/peoplesphere-lgo-new-generik.jpg\",\"contentUrl\":\"https:\/\/peoplesphere.be\/fr\/wp-content\/uploads\/2023\/07\/peoplesphere-lgo-new-generik.jpg\",\"width\":1031,\"height\":1479,\"caption\":\"Peoplesphere Company srl\"},\"image\":{\"@id\":\"https:\/\/peoplesphere.be\/fr\/#\/schema\/logo\/image\/\"},\"sameAs\":[\"https:\/\/www.facebook.com\/peoplesphere\",\"https:\/\/twitter.com\/PeoplesphereMag\",\"https:\/\/www.linkedin.com\/company\/7587361?trk\",\"http:\/\/youtube.com\/peoplesphere\"]},{\"@type\":\"Person\",\"@id\":\"https:\/\/peoplesphere.be\/fr\/#\/schema\/person\/7976225ff17988604334abb7b3536a7e\",\"name\":\"Jean-Paul Erhard\",\"image\":{\"@type\":\"ImageObject\",\"inLanguage\":\"fr-FR\",\"@id\":\"https:\/\/peoplesphere.be\/fr\/#\/schema\/person\/image\/\",\"url\":\"https:\/\/secure.gravatar.com\/avatar\/f941e681460179738071629a51574930?s=96&d=mm&r=g\",\"contentUrl\":\"https:\/\/secure.gravatar.com\/avatar\/f941e681460179738071629a51574930?s=96&d=mm&r=g\",\"caption\":\"Jean-Paul Erhard\"},\"url\":\"https:\/\/peoplesphere.be\/fr\/author\/jpe\/\"}]}<\/script>\n<!-- \/ Yoast SEO plugin. -->","yoast_head_json":{"title":"Le Jobsdeal modifie le r\u00e9gime de ch\u00f4mage avec compl\u00e9ment d'entreprise et l'accessibilit\u00e9 \u00e0 deux formules de cr\u00e9dit-temps. - Peoplesphere","robots":{"index":"index","follow":"follow","max-snippet":"max-snippet:-1","max-image-preview":"max-image-preview:large","max-video-preview":"max-video-preview:-1"},"canonical":"https:\/\/peoplesphere.be\/fr\/jobsdeal-modifie-regime-de-chomage-complement-dentreprise\/","og_locale":"fr_FR","og_type":"article","og_title":"Le Jobsdeal modifie le r\u00e9gime de ch\u00f4mage avec compl\u00e9ment d'entreprise et l'accessibilit\u00e9 \u00e0 deux formules de cr\u00e9dit-temps. - Peoplesphere","og_description":"Sur proposition du ministre de l&rsquo;Emploi Kris Peeters, le Conseil des ministres a approuv\u00e9 vendredi dernier un projet d&rsquo;arr\u00eat\u00e9 royal modifiant l\u2019arr\u00eat\u00e9 royal du 3 mai 2007 fixant le r\u00e9gime de ch\u00f4mage avec compl\u00e9ment d\u2019entreprise (RCC).","og_url":"https:\/\/peoplesphere.be\/fr\/jobsdeal-modifie-regime-de-chomage-complement-dentreprise\/","og_site_name":"Peoplesphere","article_publisher":"https:\/\/www.facebook.com\/peoplesphere","article_published_time":"2018-11-19T05:56:18+00:00","article_modified_time":"2018-11-19T06:09:00+00:00","og_image":[{"url":"http:\/\/www.peoplesphere.be\/fr\/wp-content\/uploads\/2016\/07\/facebook-default-posting-1200x628px.jpg"}],"author":"Jean-Paul Erhard","twitter_card":"summary_large_image","twitter_creator":"@PeoplesphereMag","twitter_site":"@PeoplesphereMag","twitter_misc":{"\u00c9crit par":"Jean-Paul Erhard","Dur\u00e9e de lecture estim\u00e9e":"2 minutes"},"schema":{"@context":"https:\/\/schema.org","@graph":[{"@type":"Article","@id":"https:\/\/peoplesphere.be\/fr\/jobsdeal-modifie-regime-de-chomage-complement-dentreprise\/#article","isPartOf":{"@id":"https:\/\/peoplesphere.be\/fr\/jobsdeal-modifie-regime-de-chomage-complement-dentreprise\/"},"author":{"name":"Jean-Paul Erhard","@id":"https:\/\/peoplesphere.be\/fr\/#\/schema\/person\/7976225ff17988604334abb7b3536a7e"},"headline":"Le Jobsdeal modifie le r\u00e9gime de ch\u00f4mage avec compl\u00e9ment d&rsquo;entreprise et l&rsquo;accessibilit\u00e9 \u00e0 deux formules de cr\u00e9dit-temps.","datePublished":"2018-11-19T05:56:18+00:00","dateModified":"2018-11-19T06:09:00+00:00","mainEntityOfPage":{"@id":"https:\/\/peoplesphere.be\/fr\/jobsdeal-modifie-regime-de-chomage-complement-dentreprise\/"},"wordCount":357,"publisher":{"@id":"https:\/\/peoplesphere.be\/fr\/#organization"},"keywords":["arr\u00eat\u00e9 royal","jobsdeal","pr\u00e9pension","RCC","restructuration"],"articleSection":["Actualit\u00e9s","Digital"],"inLanguage":"fr-FR"},{"@type":"WebPage","@id":"https:\/\/peoplesphere.be\/fr\/jobsdeal-modifie-regime-de-chomage-complement-dentreprise\/","url":"https:\/\/peoplesphere.be\/fr\/jobsdeal-modifie-regime-de-chomage-complement-dentreprise\/","name":"Le Jobsdeal modifie le r\u00e9gime de ch\u00f4mage avec compl\u00e9ment d'entreprise et l'accessibilit\u00e9 \u00e0 deux formules de cr\u00e9dit-temps. - Peoplesphere","isPartOf":{"@id":"https:\/\/peoplesphere.be\/fr\/#website"},"datePublished":"2018-11-19T05:56:18+00:00","dateModified":"2018-11-19T06:09:00+00:00","breadcrumb":{"@id":"https:\/\/peoplesphere.be\/fr\/jobsdeal-modifie-regime-de-chomage-complement-dentreprise\/#breadcrumb"},"inLanguage":"fr-FR","potentialAction":[{"@type":"ReadAction","target":["https:\/\/peoplesphere.be\/fr\/jobsdeal-modifie-regime-de-chomage-complement-dentreprise\/"]}]},{"@type":"BreadcrumbList","@id":"https:\/\/peoplesphere.be\/fr\/jobsdeal-modifie-regime-de-chomage-complement-dentreprise\/#breadcrumb","itemListElement":[{"@type":"ListItem","position":1,"name":"Accueil","item":"https:\/\/peoplesphere.be\/fr\/"},{"@type":"ListItem","position":2,"name":"Le Jobsdeal modifie le r\u00e9gime de ch\u00f4mage avec compl\u00e9ment d&rsquo;entreprise et l&rsquo;accessibilit\u00e9 \u00e0 deux formules de cr\u00e9dit-temps."}]},{"@type":"WebSite","@id":"https:\/\/peoplesphere.be\/fr\/#website","url":"https:\/\/peoplesphere.be\/fr\/","name":"Peoplesphere","description":"The People Managers Magazine","publisher":{"@id":"https:\/\/peoplesphere.be\/fr\/#organization"},"potentialAction":[{"@type":"SearchAction","target":{"@type":"EntryPoint","urlTemplate":"https:\/\/peoplesphere.be\/fr\/?s={search_term_string}"},"query-input":"required name=search_term_string"}],"inLanguage":"fr-FR"},{"@type":"Organization","@id":"https:\/\/peoplesphere.be\/fr\/#organization","name":"Peoplesphere Company srl","url":"https:\/\/peoplesphere.be\/fr\/","logo":{"@type":"ImageObject","inLanguage":"fr-FR","@id":"https:\/\/peoplesphere.be\/fr\/#\/schema\/logo\/image\/","url":"https:\/\/peoplesphere.be\/fr\/wp-content\/uploads\/2023\/07\/peoplesphere-lgo-new-generik.jpg","contentUrl":"https:\/\/peoplesphere.be\/fr\/wp-content\/uploads\/2023\/07\/peoplesphere-lgo-new-generik.jpg","width":1031,"height":1479,"caption":"Peoplesphere Company srl"},"image":{"@id":"https:\/\/peoplesphere.be\/fr\/#\/schema\/logo\/image\/"},"sameAs":["https:\/\/www.facebook.com\/peoplesphere","https:\/\/twitter.com\/PeoplesphereMag","https:\/\/www.linkedin.com\/company\/7587361?trk","http:\/\/youtube.com\/peoplesphere"]},{"@type":"Person","@id":"https:\/\/peoplesphere.be\/fr\/#\/schema\/person\/7976225ff17988604334abb7b3536a7e","name":"Jean-Paul Erhard","image":{"@type":"ImageObject","inLanguage":"fr-FR","@id":"https:\/\/peoplesphere.be\/fr\/#\/schema\/person\/image\/","url":"https:\/\/secure.gravatar.com\/avatar\/f941e681460179738071629a51574930?s=96&d=mm&r=g","contentUrl":"https:\/\/secure.gravatar.com\/avatar\/f941e681460179738071629a51574930?s=96&d=mm&r=g","caption":"Jean-Paul Erhard"},"url":"https:\/\/peoplesphere.be\/fr\/author\/jpe\/"}]}},"_links":{"self":[{"href":"https:\/\/peoplesphere.be\/fr\/wp-json\/wp\/v2\/posts\/6899"}],"collection":[{"href":"https:\/\/peoplesphere.be\/fr\/wp-json\/wp\/v2\/posts"}],"about":[{"href":"https:\/\/peoplesphere.be\/fr\/wp-json\/wp\/v2\/types\/post"}],"author":[{"embeddable":true,"href":"https:\/\/peoplesphere.be\/fr\/wp-json\/wp\/v2\/users\/2"}],"replies":[{"embeddable":true,"href":"https:\/\/peoplesphere.be\/fr\/wp-json\/wp\/v2\/comments?post=6899"}],"version-history":[{"count":3,"href":"https:\/\/peoplesphere.be\/fr\/wp-json\/wp\/v2\/posts\/6899\/revisions"}],"predecessor-version":[{"id":6902,"href":"https:\/\/peoplesphere.be\/fr\/wp-json\/wp\/v2\/posts\/6899\/revisions\/6902"}],"wp:attachment":[{"href":"https:\/\/peoplesphere.be\/fr\/wp-json\/wp\/v2\/media?parent=6899"}],"wp:term":[{"taxonomy":"category","embeddable":true,"href":"https:\/\/peoplesphere.be\/fr\/wp-json\/wp\/v2\/categories?post=6899"},{"taxonomy":"post_tag","embeddable":true,"href":"https:\/\/peoplesphere.be\/fr\/wp-json\/wp\/v2\/tags?post=6899"}],"curies":[{"name":"wp","href":"https:\/\/api.w.org\/{rel}","templated":true}]}}