









{"id":6906,"date":"2018-11-19T18:03:56","date_gmt":"2018-11-19T16:03:56","guid":{"rendered":"http:\/\/www.peoplesphere.be\/fr\/?p=6906"},"modified":"2018-11-20T09:15:53","modified_gmt":"2018-11-20T07:15:53","slug":"janvier-participez-a-formation-ligne-gratuite-mooc-integrer-savoir-faire-comportementaux","status":"publish","type":"post","link":"https:\/\/peoplesphere.be\/fr\/janvier-participez-a-formation-ligne-gratuite-mooc-integrer-savoir-faire-comportementaux\/","title":{"rendered":"D\u00e8s janvier, participez \u00e0 la formation en ligne gratuite (MOOC) pour int\u00e9grer les savoir-faire comportementaux."},"content":{"rendered":"<p>D\u00e9but janvier, un MOOC (Massive Open Online Course) sur les savoir-faire comportementaux (SFC) va d\u00e9buter. Durant quatre \u00e0 cinq semaines, cette formation en ligne permettra de s&rsquo;apprivoiser \u00e0 une m\u00e9thodologie et \u00e0 des outils pour travailler les comportements professionnels. Les inscriptions sont d&rsquo;ores et d\u00e9j\u00e0 ouvertes.<!--more--><\/p>\n<p>Dans une logique de comp\u00e9tences m\u00e9tiers, tous les secteurs d\u2019activit\u00e9s s\u2019accordent pour reconna\u00eetre que les comp\u00e9tences non techniques sont fondamentales et compl\u00e9mentaires aux comp\u00e9tences techniques, mais \u00e9pinglent souvent la difficult\u00e9 d\u2019aborder cette dimension.<\/p>\n<p>Ce MOOC (Massive Open Online Course) de quatre \u00e0 cinq semaines, propos\u00e9 par FormaForm entre autres partenaires \u00e0 l&rsquo;origine de l&rsquo;initiative, a pour objectif de permettre \u00e0 tout acteur de la formation, de l\u2019enseignement, de l\u2019orientation socio-professionnelle ou au simple curieux de se former \u00e0 une m\u00e9thodologie et \u00e0 des outils pour travailler les comportements professionnels.<\/p>\n<p>Envie d\u2019en savoir plus sur cette formation ? <a href=\"https:\/\/player.vimeo.com\/video\/291858477?autoplay=1&amp;loop=1&amp;app_id=122963\">Visionnez la vid\u00e9o teaser du Mooc !<\/a><\/p>\n<p>Int\u00e9ress\u00e9 par l\u2019int\u00e9gration des savoir-faire comportementaux dans vos pratiques professionnelles? <a href=\"https:\/\/mooc-forem-sfc.eu\">Inscrivez-vous d\u00e8s \u00e0 pr\u00e9sent<\/a> \u00e0 la formation qui d\u00e9butera en janvier.<\/p>\n","protected":false},"excerpt":{"rendered":"<p>D\u00e9but janvier, un MOOC (Massive Open Online Course) sur les savoir-faire comportementaux (SFC) va d\u00e9buter. Durant quatre \u00e0 cinq semaines, cette formation en ligne permettra de s&rsquo;apprivoiser \u00e0 une m\u00e9thodologie et \u00e0 des outils pour travailler les comportements professionnels. Les [&hellip;]<\/p>\n","protected":false},"author":2,"featured_media":6909,"comment_status":"closed","ping_status":"open","sticky":false,"template":"","format":"standard","meta":[],"categories":[67,8],"tags":[1006,735,48,773],"yoast_head":"<!-- This site is optimized with the Yoast SEO plugin v21.0 - https:\/\/yoast.com\/wordpress\/plugins\/seo\/ -->\n<title>D\u00e8s janvier, participez \u00e0 la formation en ligne gratuite (MOOC) pour int\u00e9grer les savoir-faire comportementaux. - Peoplesphere<\/title>\n<meta name=\"robots\" content=\"index, follow, max-snippet:-1, max-image-preview:large, max-video-preview:-1\" \/>\n<link rel=\"canonical\" href=\"https:\/\/peoplesphere.be\/fr\/janvier-participez-a-formation-ligne-gratuite-mooc-integrer-savoir-faire-comportementaux\/\" \/>\n<meta property=\"og:locale\" content=\"fr_FR\" \/>\n<meta property=\"og:type\" content=\"article\" \/>\n<meta property=\"og:title\" content=\"D\u00e8s janvier, participez \u00e0 la formation en ligne gratuite (MOOC) pour int\u00e9grer les savoir-faire comportementaux. - Peoplesphere\" \/>\n<meta property=\"og:description\" content=\"D\u00e9but janvier, un MOOC (Massive Open Online Course) sur les savoir-faire comportementaux (SFC) va d\u00e9buter. Durant quatre \u00e0 cinq semaines, cette formation en ligne permettra de s&rsquo;apprivoiser \u00e0 une m\u00e9thodologie et \u00e0 des outils pour travailler les comportements professionnels. Les [&hellip;]\" \/>\n<meta property=\"og:url\" content=\"https:\/\/peoplesphere.be\/fr\/janvier-participez-a-formation-ligne-gratuite-mooc-integrer-savoir-faire-comportementaux\/\" \/>\n<meta property=\"og:site_name\" content=\"Peoplesphere\" \/>\n<meta property=\"article:publisher\" content=\"https:\/\/www.facebook.com\/peoplesphere\" \/>\n<meta property=\"article:published_time\" content=\"2018-11-19T16:03:56+00:00\" \/>\n<meta property=\"article:modified_time\" content=\"2018-11-20T07:15:53+00:00\" \/>\n<meta property=\"og:image\" content=\"https:\/\/peoplesphere.be\/fr\/wp-content\/uploads\/2018\/11\/Capture-d\u2019\u00e9cran-2018-11-19-\u00e0-17.04.48.png\" \/>\n\t<meta property=\"og:image:width\" content=\"555\" \/>\n\t<meta property=\"og:image:height\" content=\"569\" \/>\n\t<meta property=\"og:image:type\" content=\"image\/png\" \/>\n<meta name=\"author\" content=\"Jean-Paul Erhard\" \/>\n<meta name=\"twitter:card\" content=\"summary_large_image\" \/>\n<meta name=\"twitter:creator\" content=\"@PeoplesphereMag\" \/>\n<meta name=\"twitter:site\" content=\"@PeoplesphereMag\" \/>\n<meta name=\"twitter:label1\" content=\"\u00c9crit par\" \/>\n\t<meta name=\"twitter:data1\" content=\"Jean-Paul Erhard\" \/>\n\t<meta name=\"twitter:label2\" content=\"Dur\u00e9e de lecture estim\u00e9e\" \/>\n\t<meta name=\"twitter:data2\" content=\"1 minute\" \/>\n<script type=\"application\/ld+json\" class=\"yoast-schema-graph\">{\"@context\":\"https:\/\/schema.org\",\"@graph\":[{\"@type\":\"Article\",\"@id\":\"https:\/\/peoplesphere.be\/fr\/janvier-participez-a-formation-ligne-gratuite-mooc-integrer-savoir-faire-comportementaux\/#article\",\"isPartOf\":{\"@id\":\"https:\/\/peoplesphere.be\/fr\/janvier-participez-a-formation-ligne-gratuite-mooc-integrer-savoir-faire-comportementaux\/\"},\"author\":{\"name\":\"Jean-Paul Erhard\",\"@id\":\"https:\/\/peoplesphere.be\/fr\/#\/schema\/person\/7976225ff17988604334abb7b3536a7e\"},\"headline\":\"D\u00e8s janvier, participez \u00e0 la formation en ligne gratuite (MOOC) pour int\u00e9grer les savoir-faire comportementaux.\",\"datePublished\":\"2018-11-19T16:03:56+00:00\",\"dateModified\":\"2018-11-20T07:15:53+00:00\",\"mainEntityOfPage\":{\"@id\":\"https:\/\/peoplesphere.be\/fr\/janvier-participez-a-formation-ligne-gratuite-mooc-integrer-savoir-faire-comportementaux\/\"},\"wordCount\":200,\"publisher\":{\"@id\":\"https:\/\/peoplesphere.be\/fr\/#organization\"},\"keywords\":[\"comportements\",\"formaform\",\"Formation\",\"MOOC\"],\"articleSection\":[\"Calendrier\",\"Events\"],\"inLanguage\":\"fr-FR\"},{\"@type\":\"WebPage\",\"@id\":\"https:\/\/peoplesphere.be\/fr\/janvier-participez-a-formation-ligne-gratuite-mooc-integrer-savoir-faire-comportementaux\/\",\"url\":\"https:\/\/peoplesphere.be\/fr\/janvier-participez-a-formation-ligne-gratuite-mooc-integrer-savoir-faire-comportementaux\/\",\"name\":\"D\u00e8s janvier, participez \u00e0 la formation en ligne gratuite (MOOC) pour int\u00e9grer les savoir-faire comportementaux. - Peoplesphere\",\"isPartOf\":{\"@id\":\"https:\/\/peoplesphere.be\/fr\/#website\"},\"datePublished\":\"2018-11-19T16:03:56+00:00\",\"dateModified\":\"2018-11-20T07:15:53+00:00\",\"breadcrumb\":{\"@id\":\"https:\/\/peoplesphere.be\/fr\/janvier-participez-a-formation-ligne-gratuite-mooc-integrer-savoir-faire-comportementaux\/#breadcrumb\"},\"inLanguage\":\"fr-FR\",\"potentialAction\":[{\"@type\":\"ReadAction\",\"target\":[\"https:\/\/peoplesphere.be\/fr\/janvier-participez-a-formation-ligne-gratuite-mooc-integrer-savoir-faire-comportementaux\/\"]}]},{\"@type\":\"BreadcrumbList\",\"@id\":\"https:\/\/peoplesphere.be\/fr\/janvier-participez-a-formation-ligne-gratuite-mooc-integrer-savoir-faire-comportementaux\/#breadcrumb\",\"itemListElement\":[{\"@type\":\"ListItem\",\"position\":1,\"name\":\"Accueil\",\"item\":\"https:\/\/peoplesphere.be\/fr\/\"},{\"@type\":\"ListItem\",\"position\":2,\"name\":\"D\u00e8s janvier, participez \u00e0 la formation en ligne gratuite (MOOC) pour int\u00e9grer les savoir-faire comportementaux.\"}]},{\"@type\":\"WebSite\",\"@id\":\"https:\/\/peoplesphere.be\/fr\/#website\",\"url\":\"https:\/\/peoplesphere.be\/fr\/\",\"name\":\"Peoplesphere\",\"description\":\"The People Managers Magazine\",\"publisher\":{\"@id\":\"https:\/\/peoplesphere.be\/fr\/#organization\"},\"potentialAction\":[{\"@type\":\"SearchAction\",\"target\":{\"@type\":\"EntryPoint\",\"urlTemplate\":\"https:\/\/peoplesphere.be\/fr\/?s={search_term_string}\"},\"query-input\":\"required name=search_term_string\"}],\"inLanguage\":\"fr-FR\"},{\"@type\":\"Organization\",\"@id\":\"https:\/\/peoplesphere.be\/fr\/#organization\",\"name\":\"Peoplesphere Company srl\",\"url\":\"https:\/\/peoplesphere.be\/fr\/\",\"logo\":{\"@type\":\"ImageObject\",\"inLanguage\":\"fr-FR\",\"@id\":\"https:\/\/peoplesphere.be\/fr\/#\/schema\/logo\/image\/\",\"url\":\"https:\/\/peoplesphere.be\/fr\/wp-content\/uploads\/2023\/07\/peoplesphere-lgo-new-generik.jpg\",\"contentUrl\":\"https:\/\/peoplesphere.be\/fr\/wp-content\/uploads\/2023\/07\/peoplesphere-lgo-new-generik.jpg\",\"width\":1031,\"height\":1479,\"caption\":\"Peoplesphere Company srl\"},\"image\":{\"@id\":\"https:\/\/peoplesphere.be\/fr\/#\/schema\/logo\/image\/\"},\"sameAs\":[\"https:\/\/www.facebook.com\/peoplesphere\",\"https:\/\/twitter.com\/PeoplesphereMag\",\"https:\/\/www.linkedin.com\/company\/7587361?trk\",\"http:\/\/youtube.com\/peoplesphere\"]},{\"@type\":\"Person\",\"@id\":\"https:\/\/peoplesphere.be\/fr\/#\/schema\/person\/7976225ff17988604334abb7b3536a7e\",\"name\":\"Jean-Paul Erhard\",\"image\":{\"@type\":\"ImageObject\",\"inLanguage\":\"fr-FR\",\"@id\":\"https:\/\/peoplesphere.be\/fr\/#\/schema\/person\/image\/\",\"url\":\"https:\/\/secure.gravatar.com\/avatar\/f941e681460179738071629a51574930?s=96&d=mm&r=g\",\"contentUrl\":\"https:\/\/secure.gravatar.com\/avatar\/f941e681460179738071629a51574930?s=96&d=mm&r=g\",\"caption\":\"Jean-Paul Erhard\"},\"url\":\"https:\/\/peoplesphere.be\/fr\/author\/jpe\/\"}]}<\/script>\n<!-- \/ Yoast SEO plugin. -->","yoast_head_json":{"title":"D\u00e8s janvier, participez \u00e0 la formation en ligne gratuite (MOOC) pour int\u00e9grer les savoir-faire comportementaux. - Peoplesphere","robots":{"index":"index","follow":"follow","max-snippet":"max-snippet:-1","max-image-preview":"max-image-preview:large","max-video-preview":"max-video-preview:-1"},"canonical":"https:\/\/peoplesphere.be\/fr\/janvier-participez-a-formation-ligne-gratuite-mooc-integrer-savoir-faire-comportementaux\/","og_locale":"fr_FR","og_type":"article","og_title":"D\u00e8s janvier, participez \u00e0 la formation en ligne gratuite (MOOC) pour int\u00e9grer les savoir-faire comportementaux. - Peoplesphere","og_description":"D\u00e9but janvier, un MOOC (Massive Open Online Course) sur les savoir-faire comportementaux (SFC) va d\u00e9buter. Durant quatre \u00e0 cinq semaines, cette formation en ligne permettra de s&rsquo;apprivoiser \u00e0 une m\u00e9thodologie et \u00e0 des outils pour travailler les comportements professionnels. Les [&hellip;]","og_url":"https:\/\/peoplesphere.be\/fr\/janvier-participez-a-formation-ligne-gratuite-mooc-integrer-savoir-faire-comportementaux\/","og_site_name":"Peoplesphere","article_publisher":"https:\/\/www.facebook.com\/peoplesphere","article_published_time":"2018-11-19T16:03:56+00:00","article_modified_time":"2018-11-20T07:15:53+00:00","og_image":[{"width":555,"height":569,"url":"https:\/\/peoplesphere.be\/fr\/wp-content\/uploads\/2018\/11\/Capture-d\u2019\u00e9cran-2018-11-19-\u00e0-17.04.48.png","type":"image\/png"}],"author":"Jean-Paul Erhard","twitter_card":"summary_large_image","twitter_creator":"@PeoplesphereMag","twitter_site":"@PeoplesphereMag","twitter_misc":{"\u00c9crit par":"Jean-Paul Erhard","Dur\u00e9e de lecture estim\u00e9e":"1 minute"},"schema":{"@context":"https:\/\/schema.org","@graph":[{"@type":"Article","@id":"https:\/\/peoplesphere.be\/fr\/janvier-participez-a-formation-ligne-gratuite-mooc-integrer-savoir-faire-comportementaux\/#article","isPartOf":{"@id":"https:\/\/peoplesphere.be\/fr\/janvier-participez-a-formation-ligne-gratuite-mooc-integrer-savoir-faire-comportementaux\/"},"author":{"name":"Jean-Paul Erhard","@id":"https:\/\/peoplesphere.be\/fr\/#\/schema\/person\/7976225ff17988604334abb7b3536a7e"},"headline":"D\u00e8s janvier, participez \u00e0 la formation en ligne gratuite (MOOC) pour int\u00e9grer les savoir-faire comportementaux.","datePublished":"2018-11-19T16:03:56+00:00","dateModified":"2018-11-20T07:15:53+00:00","mainEntityOfPage":{"@id":"https:\/\/peoplesphere.be\/fr\/janvier-participez-a-formation-ligne-gratuite-mooc-integrer-savoir-faire-comportementaux\/"},"wordCount":200,"publisher":{"@id":"https:\/\/peoplesphere.be\/fr\/#organization"},"keywords":["comportements","formaform","Formation","MOOC"],"articleSection":["Calendrier","Events"],"inLanguage":"fr-FR"},{"@type":"WebPage","@id":"https:\/\/peoplesphere.be\/fr\/janvier-participez-a-formation-ligne-gratuite-mooc-integrer-savoir-faire-comportementaux\/","url":"https:\/\/peoplesphere.be\/fr\/janvier-participez-a-formation-ligne-gratuite-mooc-integrer-savoir-faire-comportementaux\/","name":"D\u00e8s janvier, participez \u00e0 la formation en ligne gratuite (MOOC) pour int\u00e9grer les savoir-faire comportementaux. - Peoplesphere","isPartOf":{"@id":"https:\/\/peoplesphere.be\/fr\/#website"},"datePublished":"2018-11-19T16:03:56+00:00","dateModified":"2018-11-20T07:15:53+00:00","breadcrumb":{"@id":"https:\/\/peoplesphere.be\/fr\/janvier-participez-a-formation-ligne-gratuite-mooc-integrer-savoir-faire-comportementaux\/#breadcrumb"},"inLanguage":"fr-FR","potentialAction":[{"@type":"ReadAction","target":["https:\/\/peoplesphere.be\/fr\/janvier-participez-a-formation-ligne-gratuite-mooc-integrer-savoir-faire-comportementaux\/"]}]},{"@type":"BreadcrumbList","@id":"https:\/\/peoplesphere.be\/fr\/janvier-participez-a-formation-ligne-gratuite-mooc-integrer-savoir-faire-comportementaux\/#breadcrumb","itemListElement":[{"@type":"ListItem","position":1,"name":"Accueil","item":"https:\/\/peoplesphere.be\/fr\/"},{"@type":"ListItem","position":2,"name":"D\u00e8s janvier, participez \u00e0 la formation en ligne gratuite (MOOC) pour int\u00e9grer les savoir-faire comportementaux."}]},{"@type":"WebSite","@id":"https:\/\/peoplesphere.be\/fr\/#website","url":"https:\/\/peoplesphere.be\/fr\/","name":"Peoplesphere","description":"The People Managers Magazine","publisher":{"@id":"https:\/\/peoplesphere.be\/fr\/#organization"},"potentialAction":[{"@type":"SearchAction","target":{"@type":"EntryPoint","urlTemplate":"https:\/\/peoplesphere.be\/fr\/?s={search_term_string}"},"query-input":"required name=search_term_string"}],"inLanguage":"fr-FR"},{"@type":"Organization","@id":"https:\/\/peoplesphere.be\/fr\/#organization","name":"Peoplesphere Company srl","url":"https:\/\/peoplesphere.be\/fr\/","logo":{"@type":"ImageObject","inLanguage":"fr-FR","@id":"https:\/\/peoplesphere.be\/fr\/#\/schema\/logo\/image\/","url":"https:\/\/peoplesphere.be\/fr\/wp-content\/uploads\/2023\/07\/peoplesphere-lgo-new-generik.jpg","contentUrl":"https:\/\/peoplesphere.be\/fr\/wp-content\/uploads\/2023\/07\/peoplesphere-lgo-new-generik.jpg","width":1031,"height":1479,"caption":"Peoplesphere Company srl"},"image":{"@id":"https:\/\/peoplesphere.be\/fr\/#\/schema\/logo\/image\/"},"sameAs":["https:\/\/www.facebook.com\/peoplesphere","https:\/\/twitter.com\/PeoplesphereMag","https:\/\/www.linkedin.com\/company\/7587361?trk","http:\/\/youtube.com\/peoplesphere"]},{"@type":"Person","@id":"https:\/\/peoplesphere.be\/fr\/#\/schema\/person\/7976225ff17988604334abb7b3536a7e","name":"Jean-Paul Erhard","image":{"@type":"ImageObject","inLanguage":"fr-FR","@id":"https:\/\/peoplesphere.be\/fr\/#\/schema\/person\/image\/","url":"https:\/\/secure.gravatar.com\/avatar\/f941e681460179738071629a51574930?s=96&d=mm&r=g","contentUrl":"https:\/\/secure.gravatar.com\/avatar\/f941e681460179738071629a51574930?s=96&d=mm&r=g","caption":"Jean-Paul Erhard"},"url":"https:\/\/peoplesphere.be\/fr\/author\/jpe\/"}]}},"_links":{"self":[{"href":"https:\/\/peoplesphere.be\/fr\/wp-json\/wp\/v2\/posts\/6906"}],"collection":[{"href":"https:\/\/peoplesphere.be\/fr\/wp-json\/wp\/v2\/posts"}],"about":[{"href":"https:\/\/peoplesphere.be\/fr\/wp-json\/wp\/v2\/types\/post"}],"author":[{"embeddable":true,"href":"https:\/\/peoplesphere.be\/fr\/wp-json\/wp\/v2\/users\/2"}],"replies":[{"embeddable":true,"href":"https:\/\/peoplesphere.be\/fr\/wp-json\/wp\/v2\/comments?post=6906"}],"version-history":[{"count":2,"href":"https:\/\/peoplesphere.be\/fr\/wp-json\/wp\/v2\/posts\/6906\/revisions"}],"predecessor-version":[{"id":6910,"href":"https:\/\/peoplesphere.be\/fr\/wp-json\/wp\/v2\/posts\/6906\/revisions\/6910"}],"wp:featuredmedia":[{"embeddable":true,"href":"https:\/\/peoplesphere.be\/fr\/wp-json\/wp\/v2\/media\/6909"}],"wp:attachment":[{"href":"https:\/\/peoplesphere.be\/fr\/wp-json\/wp\/v2\/media?parent=6906"}],"wp:term":[{"taxonomy":"category","embeddable":true,"href":"https:\/\/peoplesphere.be\/fr\/wp-json\/wp\/v2\/categories?post=6906"},{"taxonomy":"post_tag","embeddable":true,"href":"https:\/\/peoplesphere.be\/fr\/wp-json\/wp\/v2\/tags?post=6906"}],"curies":[{"name":"wp","href":"https:\/\/api.w.org\/{rel}","templated":true}]}}