









{"id":6914,"date":"2018-11-20T11:38:34","date_gmt":"2018-11-20T09:38:34","guid":{"rendered":"http:\/\/www.peoplesphere.be\/fr\/?p=6914"},"modified":"2018-11-22T05:53:45","modified_gmt":"2018-11-22T03:53:45","slug":"croissance-de-lemploi-pme-wallonie-poursuit-redeploiement-flandre-confrontee-a-rarete-talents","status":"publish","type":"post","link":"https:\/\/peoplesphere.be\/fr\/croissance-de-lemploi-pme-wallonie-poursuit-redeploiement-flandre-confrontee-a-rarete-talents\/","title":{"rendered":"Croissance de l&#8217;emploi dans les PME: la Wallonie poursuit son red\u00e9ploiement tandis que la Flandre est confront\u00e9e \u00e0 la raret\u00e9 des talents."},"content":{"rendered":"<p>L\u2019emploi est rest\u00e9 stable \u00e0 Bruxelles et a l\u00e9g\u00e8rement progress\u00e9 en Wallonie. Pourtant, \u00e0 l&rsquo;\u00e9chelle nationale, l\u2019indice emploi PME de SD Worx a l\u00e9g\u00e8rement baiss\u00e9 au troisi\u00e8me trimestre de 2018, apr\u00e8s deux hausses trimestrielles cons\u00e9cutives (+0,2% et +0,9%) et la hausse record du premier trimestre. Cl\u00f4turant \u00e0 115,8 points, l\u2019indice de l\u2019emploi dans les entreprises belges de maximum 100 travailleurs a diminu\u00e9 de 0,3% par rapport au trimestre pr\u00e9c\u00e9dent. Cette baisse est due au d\u00e9faut de cr\u00e9ation d\u2019emplois en Flandre pendant les mois d\u2019\u00e9t\u00e9 de juillet et ao\u00fbt.\u00a0<!--more--><\/p>\n<p>La croissance de l\u2019emploi au T3 2018 diff\u00e8re dans les trois r\u00e9gions belges : comme lors des trimestres pr\u00e9c\u00e9dents, Bruxelles et la Wallonie progressent toutes les deux, cette fois de respectivement 0,1 % et 0,3 %. En revanche, la Flandre a connu une baisse de 0,7 % au cours du dernier trimestre.<br \/>\n\ufffc\ufffc<br \/>\n<em><strong>\ufffcJuillet et ao\u00fbt ont un impact n\u00e9gatif sur la cr\u00e9ation d\u2019emplois.<\/strong><\/em><\/p>\n<p>Cette ann\u00e9e, les mois de juillet et ao\u00fbt ont eu un impact n\u00e9gatif sur la cr\u00e9ation d\u2019emplois. En Flandre, cette influence a \u00e9t\u00e9 plus importante qu\u2019en Wallonie et \u00e0 Bruxelles.\u00a0Vassilios Skarlidis, Directeur R\u00e9gional PME chez SD Worx, explique : <em>\u00ab Un recul en juillet et en ao\u00fbt n\u2019est pas rare. Cette ann\u00e9e, cet effet vacances ou \u201c\u00e9t\u00e9\u201d a cependant jou\u00e9 deux fois plus longtemps en Flandre qu\u2019\u00e0 Bruxelles et en Wallonie. La croissance de l\u2019emploi de septembre nous permet en tout cas d\u2019\u00eatre optimistes. Si la hausse de septembre se poursuit au quatri\u00e8me trimestre, nous esp\u00e9rons que 2018 enregistrera malgr\u00e9 tout une \u00e9volution annuelle positive pour nos PME dans toutes les r\u00e9gions. Notre enqu\u00eate sur les intentions de recrutement nous apprend que les PME voulaient bien recruter cet \u00e9t\u00e9, mais nous constatons maintenant que cela ne s\u2019est pas imm\u00e9diatement traduit par un pourvoi des postes vacants. La &lsquo;guerre pour le talent&rsquo; pose un double d\u00e9fi aux PME : trouver plus rapidement du personnel qualifi\u00e9 et conserver la main-d\u2019\u0153uvre au moyen d\u2019une r\u00e9mun\u00e9ration attrayante. Il y a encore un monde de diff\u00e9rence entre le r\u00eave et la r\u00e9alit\u00e9. \u00bb<\/em><\/p>\n<p>L\u2019\u00e9volution annuelle, ou l\u2019\u00e9volution sur les quatre derniers trimestres, s\u2019\u00e9l\u00e8ve \u00e0 2,8% de croissance pour Bruxelles, 0,6% de croissance pour la Wallonie et -0,2% pour la Flandre. L\u2019emploi en Wallonie a d\u00e9marr\u00e9 lentement cette ann\u00e9e, mais a n\u00e9anmoins progress\u00e9 de 0,6% au cours des douze derniers mois. \u00c0 l\u2019instar de la Flandre (+1,2%), Bruxelles a connu une forte croissance de l\u2019emploi de 1,5% au premier trimestre, tandis que la R\u00e9gion wallonne est rest\u00e9e stable (+0,0%).\u00a0En moyenne, cela revient \u00e0 une \u00e9volution annuelle positive de 0,5% pour la Belgique.<br \/>\n\ufffc\ufffc\ufffc<br \/>\n<em><strong>\ufffc\ufffcL\u00e9ger recul de l\u2019\u00e9volution totale de la Belgique<\/strong><\/em><\/p>\n<p>L\u2019indice cl\u00f4ture actuellement \u00e0 115,8, ce qui signifie que depuis le 1er janvier 2005, 15,8% de collaborateurs en plus sont occup\u00e9s par les PME belges.<br \/>\n<em>\u00ab Il est frappant de constater que la croissance de l\u2019emploi par rapport au deuxi\u00e8me trimestre ne concerne pas seulement les plus de 55 ans, mais aussi les moins de 25 ans (la croissance de l\u2019emploi des moins de 25 ans est d\u2019un quart sup\u00e9rieure \u00e0 celle des plus de 55 ans), et qu\u2019elle est plus marqu\u00e9e pour les ouvriers \u00e0 Bruxelles et les employ\u00e9s en Flandre. La croissance \u00e0 temps plein domine, mais en Wallonie, nous constatons surtout une croissance des emplois \u00e0 temps partiel. En Wallonie, l\u2019impact est positif pour les PME de moins de 20 travailleurs et les PME l\u00e9g\u00e8rement plus grandes (jusqu\u2019\u00e0 50 travailleurs). \u00c0 Bruxelles, c\u2019est surtout le cas pour les PME de moins de 20 travailleurs \u00bb.<\/em><br \/>\n\ufffc\ufffc<br \/>\n\ufffcPar rapport au trimestre pr\u00e9c\u00e9dent, l\u2019emploi dans les secteurs primaire et secondaire en Flandre et en Wallonie est en baisse, tandis que les services dans les secteurs commerciaux et non commerciaux sont encore en hausse. Pour la Wallonie, il s\u2019agit notamment des services en lien avec le b\u00e2timent et l\u2019am\u00e9nagement paysager, les architectes et les ing\u00e9nieurs, ainsi que la conception et la programmation de logiciels informatiques, les services financiers, mais aussi la restauration.<\/p>\n<p>\u00c0 Bruxelles, cependant, nous constatons que l\u2019emploi dans l\u2019industrie (principalement la construction) est en hausse, tandis que le secteur quaternaire (les services dans les secteurs non commerciaux) n\u2019a pas connu de croissance. \u00c0 Bruxelles toujours, l\u2019embauche a augment\u00e9 par rapport au trimestre pr\u00e9c\u00e9dent dans des secteurs tels que la conception et la programmation de logiciels informatiques, les t\u00e9l\u00e9communications, les services financiers, les services en lien avec le b\u00e2timent et l\u2019am\u00e9nagement paysager, les architectes et les ing\u00e9nieurs. Le taux d\u2019emploi dans le secteur de l\u2019h\u00e9bergement s\u2019est \u00e9galement am\u00e9lior\u00e9, ainsi que les activit\u00e9s administratives et de soutien pour les bureaux et la mise \u00e0 disposition de personnel.<\/p>\n<p><em>L\u2019indice emploi PME de SD Worx suit depuis 2006 l\u2019\u00e9volution de l\u2019emploi structurel dans les PME (jusqu\u2019\u00e0 cent collaborateurs). Cet emploi structurel ne prend pas en compte les emplois temporaires, tels que l\u2019int\u00e9rim et les jobs d\u2019\u00e9tudiant. L\u2019indice est bas\u00e9 sur un \u00e9chantillon de 20.000 entreprises qui emploient ensemble plus de 200.000 personnes.<\/em><\/p>\n","protected":false},"excerpt":{"rendered":"<p>L\u2019emploi est rest\u00e9 stable \u00e0 Bruxelles et a l\u00e9g\u00e8rement progress\u00e9 en Wallonie. Pourtant, \u00e0 l&rsquo;\u00e9chelle nationale, l\u2019indice emploi PME de SD Worx a l\u00e9g\u00e8rement baiss\u00e9 au troisi\u00e8me trimestre de 2018, apr\u00e8s deux hausses trimestrielles cons\u00e9cutives (+0,2% et +0,9%) et la [&hellip;]<\/p>\n","protected":false},"author":2,"featured_media":0,"comment_status":"closed","ping_status":"open","sticky":false,"template":"","format":"standard","meta":[],"categories":[65,10],"tags":[218,27,72,1956],"yoast_head":"<!-- This site is optimized with the Yoast SEO plugin v21.0 - https:\/\/yoast.com\/wordpress\/plugins\/seo\/ -->\n<title>Croissance de l&#039;emploi dans les PME: la Wallonie poursuit son red\u00e9ploiement tandis que la Flandre est confront\u00e9e \u00e0 la raret\u00e9 des talents. - Peoplesphere<\/title>\n<meta name=\"robots\" content=\"index, follow, max-snippet:-1, max-image-preview:large, max-video-preview:-1\" \/>\n<link rel=\"canonical\" href=\"https:\/\/peoplesphere.be\/fr\/croissance-de-lemploi-pme-wallonie-poursuit-redeploiement-flandre-confrontee-a-rarete-talents\/\" \/>\n<meta property=\"og:locale\" content=\"fr_FR\" \/>\n<meta property=\"og:type\" content=\"article\" \/>\n<meta property=\"og:title\" content=\"Croissance de l&#039;emploi dans les PME: la Wallonie poursuit son red\u00e9ploiement tandis que la Flandre est confront\u00e9e \u00e0 la raret\u00e9 des talents. - Peoplesphere\" \/>\n<meta property=\"og:description\" content=\"L\u2019emploi est rest\u00e9 stable \u00e0 Bruxelles et a l\u00e9g\u00e8rement progress\u00e9 en Wallonie. Pourtant, \u00e0 l&rsquo;\u00e9chelle nationale, l\u2019indice emploi PME de SD Worx a l\u00e9g\u00e8rement baiss\u00e9 au troisi\u00e8me trimestre de 2018, apr\u00e8s deux hausses trimestrielles cons\u00e9cutives (+0,2% et +0,9%) et la [&hellip;]\" \/>\n<meta property=\"og:url\" content=\"https:\/\/peoplesphere.be\/fr\/croissance-de-lemploi-pme-wallonie-poursuit-redeploiement-flandre-confrontee-a-rarete-talents\/\" \/>\n<meta property=\"og:site_name\" content=\"Peoplesphere\" \/>\n<meta property=\"article:publisher\" content=\"https:\/\/www.facebook.com\/peoplesphere\" \/>\n<meta property=\"article:published_time\" content=\"2018-11-20T09:38:34+00:00\" \/>\n<meta property=\"article:modified_time\" content=\"2018-11-22T03:53:45+00:00\" \/>\n<meta property=\"og:image\" content=\"http:\/\/www.peoplesphere.be\/fr\/wp-content\/uploads\/2016\/07\/facebook-default-posting-1200x628px.jpg\" \/>\n<meta name=\"author\" content=\"Jean-Paul Erhard\" \/>\n<meta name=\"twitter:card\" content=\"summary_large_image\" \/>\n<meta name=\"twitter:creator\" content=\"@PeoplesphereMag\" \/>\n<meta name=\"twitter:site\" content=\"@PeoplesphereMag\" \/>\n<meta name=\"twitter:label1\" content=\"\u00c9crit par\" \/>\n\t<meta name=\"twitter:data1\" content=\"Jean-Paul Erhard\" \/>\n\t<meta name=\"twitter:label2\" content=\"Dur\u00e9e de lecture estim\u00e9e\" \/>\n\t<meta name=\"twitter:data2\" content=\"4 minutes\" \/>\n<script type=\"application\/ld+json\" class=\"yoast-schema-graph\">{\"@context\":\"https:\/\/schema.org\",\"@graph\":[{\"@type\":\"Article\",\"@id\":\"https:\/\/peoplesphere.be\/fr\/croissance-de-lemploi-pme-wallonie-poursuit-redeploiement-flandre-confrontee-a-rarete-talents\/#article\",\"isPartOf\":{\"@id\":\"https:\/\/peoplesphere.be\/fr\/croissance-de-lemploi-pme-wallonie-poursuit-redeploiement-flandre-confrontee-a-rarete-talents\/\"},\"author\":{\"name\":\"Jean-Paul Erhard\",\"@id\":\"https:\/\/peoplesphere.be\/fr\/#\/schema\/person\/7976225ff17988604334abb7b3536a7e\"},\"headline\":\"Croissance de l&#8217;emploi dans les PME: la Wallonie poursuit son red\u00e9ploiement tandis que la Flandre est confront\u00e9e \u00e0 la raret\u00e9 des talents.\",\"datePublished\":\"2018-11-20T09:38:34+00:00\",\"dateModified\":\"2018-11-22T03:53:45+00:00\",\"mainEntityOfPage\":{\"@id\":\"https:\/\/peoplesphere.be\/fr\/croissance-de-lemploi-pme-wallonie-poursuit-redeploiement-flandre-confrontee-a-rarete-talents\/\"},\"wordCount\":899,\"publisher\":{\"@id\":\"https:\/\/peoplesphere.be\/fr\/#organization\"},\"keywords\":[\"guerre des talents\",\"PME\",\"recrutement\",\"SDWorx\"],\"articleSection\":[\"Actualit\u00e9s\",\"Digital\"],\"inLanguage\":\"fr-FR\"},{\"@type\":\"WebPage\",\"@id\":\"https:\/\/peoplesphere.be\/fr\/croissance-de-lemploi-pme-wallonie-poursuit-redeploiement-flandre-confrontee-a-rarete-talents\/\",\"url\":\"https:\/\/peoplesphere.be\/fr\/croissance-de-lemploi-pme-wallonie-poursuit-redeploiement-flandre-confrontee-a-rarete-talents\/\",\"name\":\"Croissance de l'emploi dans les PME: la Wallonie poursuit son red\u00e9ploiement tandis que la Flandre est confront\u00e9e \u00e0 la raret\u00e9 des talents. - Peoplesphere\",\"isPartOf\":{\"@id\":\"https:\/\/peoplesphere.be\/fr\/#website\"},\"datePublished\":\"2018-11-20T09:38:34+00:00\",\"dateModified\":\"2018-11-22T03:53:45+00:00\",\"breadcrumb\":{\"@id\":\"https:\/\/peoplesphere.be\/fr\/croissance-de-lemploi-pme-wallonie-poursuit-redeploiement-flandre-confrontee-a-rarete-talents\/#breadcrumb\"},\"inLanguage\":\"fr-FR\",\"potentialAction\":[{\"@type\":\"ReadAction\",\"target\":[\"https:\/\/peoplesphere.be\/fr\/croissance-de-lemploi-pme-wallonie-poursuit-redeploiement-flandre-confrontee-a-rarete-talents\/\"]}]},{\"@type\":\"BreadcrumbList\",\"@id\":\"https:\/\/peoplesphere.be\/fr\/croissance-de-lemploi-pme-wallonie-poursuit-redeploiement-flandre-confrontee-a-rarete-talents\/#breadcrumb\",\"itemListElement\":[{\"@type\":\"ListItem\",\"position\":1,\"name\":\"Accueil\",\"item\":\"https:\/\/peoplesphere.be\/fr\/\"},{\"@type\":\"ListItem\",\"position\":2,\"name\":\"Croissance de l&#8217;emploi dans les PME: la Wallonie poursuit son red\u00e9ploiement tandis que la Flandre est confront\u00e9e \u00e0 la raret\u00e9 des talents.\"}]},{\"@type\":\"WebSite\",\"@id\":\"https:\/\/peoplesphere.be\/fr\/#website\",\"url\":\"https:\/\/peoplesphere.be\/fr\/\",\"name\":\"Peoplesphere\",\"description\":\"The People Managers Magazine\",\"publisher\":{\"@id\":\"https:\/\/peoplesphere.be\/fr\/#organization\"},\"potentialAction\":[{\"@type\":\"SearchAction\",\"target\":{\"@type\":\"EntryPoint\",\"urlTemplate\":\"https:\/\/peoplesphere.be\/fr\/?s={search_term_string}\"},\"query-input\":\"required name=search_term_string\"}],\"inLanguage\":\"fr-FR\"},{\"@type\":\"Organization\",\"@id\":\"https:\/\/peoplesphere.be\/fr\/#organization\",\"name\":\"Peoplesphere Company srl\",\"url\":\"https:\/\/peoplesphere.be\/fr\/\",\"logo\":{\"@type\":\"ImageObject\",\"inLanguage\":\"fr-FR\",\"@id\":\"https:\/\/peoplesphere.be\/fr\/#\/schema\/logo\/image\/\",\"url\":\"https:\/\/peoplesphere.be\/fr\/wp-content\/uploads\/2023\/07\/peoplesphere-lgo-new-generik.jpg\",\"contentUrl\":\"https:\/\/peoplesphere.be\/fr\/wp-content\/uploads\/2023\/07\/peoplesphere-lgo-new-generik.jpg\",\"width\":1031,\"height\":1479,\"caption\":\"Peoplesphere Company srl\"},\"image\":{\"@id\":\"https:\/\/peoplesphere.be\/fr\/#\/schema\/logo\/image\/\"},\"sameAs\":[\"https:\/\/www.facebook.com\/peoplesphere\",\"https:\/\/twitter.com\/PeoplesphereMag\",\"https:\/\/www.linkedin.com\/company\/7587361?trk\",\"http:\/\/youtube.com\/peoplesphere\"]},{\"@type\":\"Person\",\"@id\":\"https:\/\/peoplesphere.be\/fr\/#\/schema\/person\/7976225ff17988604334abb7b3536a7e\",\"name\":\"Jean-Paul Erhard\",\"image\":{\"@type\":\"ImageObject\",\"inLanguage\":\"fr-FR\",\"@id\":\"https:\/\/peoplesphere.be\/fr\/#\/schema\/person\/image\/\",\"url\":\"https:\/\/secure.gravatar.com\/avatar\/f941e681460179738071629a51574930?s=96&d=mm&r=g\",\"contentUrl\":\"https:\/\/secure.gravatar.com\/avatar\/f941e681460179738071629a51574930?s=96&d=mm&r=g\",\"caption\":\"Jean-Paul Erhard\"},\"url\":\"https:\/\/peoplesphere.be\/fr\/author\/jpe\/\"}]}<\/script>\n<!-- \/ Yoast SEO plugin. -->","yoast_head_json":{"title":"Croissance de l'emploi dans les PME: la Wallonie poursuit son red\u00e9ploiement tandis que la Flandre est confront\u00e9e \u00e0 la raret\u00e9 des talents. - Peoplesphere","robots":{"index":"index","follow":"follow","max-snippet":"max-snippet:-1","max-image-preview":"max-image-preview:large","max-video-preview":"max-video-preview:-1"},"canonical":"https:\/\/peoplesphere.be\/fr\/croissance-de-lemploi-pme-wallonie-poursuit-redeploiement-flandre-confrontee-a-rarete-talents\/","og_locale":"fr_FR","og_type":"article","og_title":"Croissance de l'emploi dans les PME: la Wallonie poursuit son red\u00e9ploiement tandis que la Flandre est confront\u00e9e \u00e0 la raret\u00e9 des talents. - Peoplesphere","og_description":"L\u2019emploi est rest\u00e9 stable \u00e0 Bruxelles et a l\u00e9g\u00e8rement progress\u00e9 en Wallonie. Pourtant, \u00e0 l&rsquo;\u00e9chelle nationale, l\u2019indice emploi PME de SD Worx a l\u00e9g\u00e8rement baiss\u00e9 au troisi\u00e8me trimestre de 2018, apr\u00e8s deux hausses trimestrielles cons\u00e9cutives (+0,2% et +0,9%) et la [&hellip;]","og_url":"https:\/\/peoplesphere.be\/fr\/croissance-de-lemploi-pme-wallonie-poursuit-redeploiement-flandre-confrontee-a-rarete-talents\/","og_site_name":"Peoplesphere","article_publisher":"https:\/\/www.facebook.com\/peoplesphere","article_published_time":"2018-11-20T09:38:34+00:00","article_modified_time":"2018-11-22T03:53:45+00:00","og_image":[{"url":"http:\/\/www.peoplesphere.be\/fr\/wp-content\/uploads\/2016\/07\/facebook-default-posting-1200x628px.jpg"}],"author":"Jean-Paul Erhard","twitter_card":"summary_large_image","twitter_creator":"@PeoplesphereMag","twitter_site":"@PeoplesphereMag","twitter_misc":{"\u00c9crit par":"Jean-Paul Erhard","Dur\u00e9e de lecture estim\u00e9e":"4 minutes"},"schema":{"@context":"https:\/\/schema.org","@graph":[{"@type":"Article","@id":"https:\/\/peoplesphere.be\/fr\/croissance-de-lemploi-pme-wallonie-poursuit-redeploiement-flandre-confrontee-a-rarete-talents\/#article","isPartOf":{"@id":"https:\/\/peoplesphere.be\/fr\/croissance-de-lemploi-pme-wallonie-poursuit-redeploiement-flandre-confrontee-a-rarete-talents\/"},"author":{"name":"Jean-Paul Erhard","@id":"https:\/\/peoplesphere.be\/fr\/#\/schema\/person\/7976225ff17988604334abb7b3536a7e"},"headline":"Croissance de l&#8217;emploi dans les PME: la Wallonie poursuit son red\u00e9ploiement tandis que la Flandre est confront\u00e9e \u00e0 la raret\u00e9 des talents.","datePublished":"2018-11-20T09:38:34+00:00","dateModified":"2018-11-22T03:53:45+00:00","mainEntityOfPage":{"@id":"https:\/\/peoplesphere.be\/fr\/croissance-de-lemploi-pme-wallonie-poursuit-redeploiement-flandre-confrontee-a-rarete-talents\/"},"wordCount":899,"publisher":{"@id":"https:\/\/peoplesphere.be\/fr\/#organization"},"keywords":["guerre des talents","PME","recrutement","SDWorx"],"articleSection":["Actualit\u00e9s","Digital"],"inLanguage":"fr-FR"},{"@type":"WebPage","@id":"https:\/\/peoplesphere.be\/fr\/croissance-de-lemploi-pme-wallonie-poursuit-redeploiement-flandre-confrontee-a-rarete-talents\/","url":"https:\/\/peoplesphere.be\/fr\/croissance-de-lemploi-pme-wallonie-poursuit-redeploiement-flandre-confrontee-a-rarete-talents\/","name":"Croissance de l'emploi dans les PME: la Wallonie poursuit son red\u00e9ploiement tandis que la Flandre est confront\u00e9e \u00e0 la raret\u00e9 des talents. - Peoplesphere","isPartOf":{"@id":"https:\/\/peoplesphere.be\/fr\/#website"},"datePublished":"2018-11-20T09:38:34+00:00","dateModified":"2018-11-22T03:53:45+00:00","breadcrumb":{"@id":"https:\/\/peoplesphere.be\/fr\/croissance-de-lemploi-pme-wallonie-poursuit-redeploiement-flandre-confrontee-a-rarete-talents\/#breadcrumb"},"inLanguage":"fr-FR","potentialAction":[{"@type":"ReadAction","target":["https:\/\/peoplesphere.be\/fr\/croissance-de-lemploi-pme-wallonie-poursuit-redeploiement-flandre-confrontee-a-rarete-talents\/"]}]},{"@type":"BreadcrumbList","@id":"https:\/\/peoplesphere.be\/fr\/croissance-de-lemploi-pme-wallonie-poursuit-redeploiement-flandre-confrontee-a-rarete-talents\/#breadcrumb","itemListElement":[{"@type":"ListItem","position":1,"name":"Accueil","item":"https:\/\/peoplesphere.be\/fr\/"},{"@type":"ListItem","position":2,"name":"Croissance de l&#8217;emploi dans les PME: la Wallonie poursuit son red\u00e9ploiement tandis que la Flandre est confront\u00e9e \u00e0 la raret\u00e9 des talents."}]},{"@type":"WebSite","@id":"https:\/\/peoplesphere.be\/fr\/#website","url":"https:\/\/peoplesphere.be\/fr\/","name":"Peoplesphere","description":"The People Managers Magazine","publisher":{"@id":"https:\/\/peoplesphere.be\/fr\/#organization"},"potentialAction":[{"@type":"SearchAction","target":{"@type":"EntryPoint","urlTemplate":"https:\/\/peoplesphere.be\/fr\/?s={search_term_string}"},"query-input":"required name=search_term_string"}],"inLanguage":"fr-FR"},{"@type":"Organization","@id":"https:\/\/peoplesphere.be\/fr\/#organization","name":"Peoplesphere Company srl","url":"https:\/\/peoplesphere.be\/fr\/","logo":{"@type":"ImageObject","inLanguage":"fr-FR","@id":"https:\/\/peoplesphere.be\/fr\/#\/schema\/logo\/image\/","url":"https:\/\/peoplesphere.be\/fr\/wp-content\/uploads\/2023\/07\/peoplesphere-lgo-new-generik.jpg","contentUrl":"https:\/\/peoplesphere.be\/fr\/wp-content\/uploads\/2023\/07\/peoplesphere-lgo-new-generik.jpg","width":1031,"height":1479,"caption":"Peoplesphere Company srl"},"image":{"@id":"https:\/\/peoplesphere.be\/fr\/#\/schema\/logo\/image\/"},"sameAs":["https:\/\/www.facebook.com\/peoplesphere","https:\/\/twitter.com\/PeoplesphereMag","https:\/\/www.linkedin.com\/company\/7587361?trk","http:\/\/youtube.com\/peoplesphere"]},{"@type":"Person","@id":"https:\/\/peoplesphere.be\/fr\/#\/schema\/person\/7976225ff17988604334abb7b3536a7e","name":"Jean-Paul Erhard","image":{"@type":"ImageObject","inLanguage":"fr-FR","@id":"https:\/\/peoplesphere.be\/fr\/#\/schema\/person\/image\/","url":"https:\/\/secure.gravatar.com\/avatar\/f941e681460179738071629a51574930?s=96&d=mm&r=g","contentUrl":"https:\/\/secure.gravatar.com\/avatar\/f941e681460179738071629a51574930?s=96&d=mm&r=g","caption":"Jean-Paul Erhard"},"url":"https:\/\/peoplesphere.be\/fr\/author\/jpe\/"}]}},"_links":{"self":[{"href":"https:\/\/peoplesphere.be\/fr\/wp-json\/wp\/v2\/posts\/6914"}],"collection":[{"href":"https:\/\/peoplesphere.be\/fr\/wp-json\/wp\/v2\/posts"}],"about":[{"href":"https:\/\/peoplesphere.be\/fr\/wp-json\/wp\/v2\/types\/post"}],"author":[{"embeddable":true,"href":"https:\/\/peoplesphere.be\/fr\/wp-json\/wp\/v2\/users\/2"}],"replies":[{"embeddable":true,"href":"https:\/\/peoplesphere.be\/fr\/wp-json\/wp\/v2\/comments?post=6914"}],"version-history":[{"count":2,"href":"https:\/\/peoplesphere.be\/fr\/wp-json\/wp\/v2\/posts\/6914\/revisions"}],"predecessor-version":[{"id":6923,"href":"https:\/\/peoplesphere.be\/fr\/wp-json\/wp\/v2\/posts\/6914\/revisions\/6923"}],"wp:attachment":[{"href":"https:\/\/peoplesphere.be\/fr\/wp-json\/wp\/v2\/media?parent=6914"}],"wp:term":[{"taxonomy":"category","embeddable":true,"href":"https:\/\/peoplesphere.be\/fr\/wp-json\/wp\/v2\/categories?post=6914"},{"taxonomy":"post_tag","embeddable":true,"href":"https:\/\/peoplesphere.be\/fr\/wp-json\/wp\/v2\/tags?post=6914"}],"curies":[{"name":"wp","href":"https:\/\/api.w.org\/{rel}","templated":true}]}}