









{"id":6960,"date":"2018-11-29T09:55:51","date_gmt":"2018-11-29T07:55:51","guid":{"rendered":"http:\/\/www.peoplesphere.be\/fr\/?p=6960"},"modified":"2018-11-29T09:55:51","modified_gmt":"2018-11-29T07:55:51","slug":"france-belgique-danemark-trio-de-tete-pays-europeens-matiere-de-pression-fiscale","status":"publish","type":"post","link":"https:\/\/peoplesphere.be\/fr\/france-belgique-danemark-trio-de-tete-pays-europeens-matiere-de-pression-fiscale\/","title":{"rendered":"France, Belgique, Danemark: le trio de t\u00eate des pays europ\u00e9ens en mati\u00e8re de pression fiscale."},"content":{"rendered":"<p>Le ratio global recettes fiscales\/PIB, autrement dit la somme des imp\u00f4ts et des cotisations sociales nettes en pourcentage du produit int\u00e9rieur brut, s&rsquo;est \u00e9lev\u00e9 \u00e0 40,2% dans l\u2019Union europ\u00e9enne (UE) en 2017, en hausse par rapport \u00e0 2016 (39,9%). Dans la zone euro, les recettes fiscales repr\u00e9sentaient 41,4% du PIB en 2017, soit l\u00e9g\u00e8rement au-dessus du taux de 41,2% de 2016. A noter la grande disparit\u00e9 observ\u00e9e au sein de l&rsquo;Union Europ\u00e9enne, un \u00e9l\u00e9ment sans doute perturbant pour la coh\u00e9sion n\u00e9cessaire entre pays europ\u00e9ens face au contexte international incertain.<!--more--><\/p>\n<p>Ces informations sont issues d\u2019une publication d\u2019Eurostat, l\u2019office statistique de l\u2019Union europ\u00e9enne. Les indicateurs fiscaux sont compil\u00e9s dans un cadre harmonis\u00e9 sur la base du syst\u00e8me europ\u00e9en des comptes (SEC 2010), permettant une comparaison pr\u00e9cise des syst\u00e8mes fiscaux et politiques fiscales entre \u00c9tats membres de l\u2019UE.<\/p>\n<p><em><strong>\ufffc\ufffc\ufffc\ufffc\ufffc\ufffcRatio le plus \u00e9lev\u00e9 en France, en Belgique et au Danemark<\/strong><\/em><\/p>\n<p>Le ratio recettes fiscales\/PIB varie sensiblement d\u2019un \u00c9tat membre \u00e0 l\u2019autre, les parts les plus importantes d\u2019imp\u00f4ts et de cotisations sociales en pourcentage du PIB en 2017 ayant \u00e9t\u00e9 enregistr\u00e9es en France (48,4%), en Belgique (47,3%) et au Danemark (46,5%), suivis de la Su\u00e8de (44,9%), de la Finlande (43,4%), de l\u2019Autriche et de l&rsquo;Italie (42,4% chacun) ainsi que de la Gr\u00e8ce (41,8%). \u00c0 l\u2019autre extr\u00e9mit\u00e9 de l\u2019\u00e9chelle, l&rsquo;Irlande (23,5%) et la Roumanie (25,8%), devant la Bulgarie (29,5%), la Lituanie (29,8%) et la Lettonie (31,4%) ont enregistr\u00e9 les ratios les plus faibles.<\/p>\n<p>Par rapport \u00e0 2016, le ratio des recettes fiscales rapport\u00e9es au PIB a augment\u00e9 en 2017 dans quinze \u00c9tats membres, la hausse la plus marqu\u00e9e \u00e9tant observ\u00e9e \u00e0 Chypre (o\u00f9 il est pass\u00e9 de 32,9% en 2016 \u00e0 34,0% en 2017), devant le Luxembourg (de 39,4% \u00e0 40,3%) et la Slovaquie (de 32,4% \u00e0 33,2%). En revanche, ce ratio a diminu\u00e9 dans treize \u00c9tats membres, notamment en Hongrie (o\u00f9 il est pass\u00e9 de 39,3% en 2016 \u00e0 38,4% en 2017), en Roumanie (de 26,5% \u00e0 25,8%) ainsi qu&rsquo;en Estonie (de 33,8% \u00e0 33,0%).<\/p>\n<p><em><strong>Les politiques fiscales varient selon les \u00c9tats membres.<\/strong><\/em><\/p>\n<p>En 2017, les imp\u00f4ts sur la production et sur les importations repr\u00e9sentaient la plus grande partie des recettes fiscales dans l\u2019UE (comptant pour 13,6% du PIB), suivis de pr\u00e8s par les cotisations sociales nettes (13,3%) et les imp\u00f4ts sur le revenu et le patrimoine (13,1%). L\u2019ordre d\u2019importance des cat\u00e9gories fiscales \u00e9tait l\u00e9g\u00e8rement diff\u00e9rent dans la zone euro. La plus grande partie des recettes fiscales y provenait des cotisations sociales nettes (15,2%), devant les imp\u00f4ts sur la production et sur les importations (13,2%) et les imp\u00f4ts sur le revenu et le patrimoine (12,8%).<\/p>\n<p>Si l\u2019on examine les principales cat\u00e9gories fiscales, une nette diversit\u00e9 existe entre les \u00c9tats membres de l\u2019UE. En 2017, la part des imp\u00f4ts sur la production et sur les importations \u00e9tait la plus \u00e9lev\u00e9e en Su\u00e8de (o\u00f9 ils repr\u00e9sentaient 22,7% du PIB), en Croatie (19,6%) et en Hongrie (18,2%), tandis qu\u2019elle \u00e9tait la plus faible en Irlande (8,5%), en Allemagne (10,7%) et en Slovaquie (11,1%).<\/p>\n<p>S&rsquo;agissant des imp\u00f4ts sur le revenu et le patrimoine, la part de loin la plus \u00e9lev\u00e9e a \u00e9t\u00e9 enregistr\u00e9e au Danemark (29,7% du PIB), devant la Su\u00e8de (18,9%), la Belgique (16,9%) et la Finlande (16,6%). \u00c0 l\u2019inverse, la Lituanie (5,4%), la Bulgarie (5,7%), la Roumanie (6,1%) et la Croatie (6,3%) ont enregistr\u00e9 les imp\u00f4ts sur le revenu et le patrimoine les plus faibles en pourcentage du PIB. Les cotisations sociales nettes repr\u00e9sentaient une proportion significative du PIB en France (18,8%), en Allemagne (16,7%) ainsi qu&rsquo;en Belgique (16,1%), tandis que les taux les plus bas ont \u00e9t\u00e9 observ\u00e9s au Danemark (0,9% du PIB) et en Su\u00e8de (3,3%).<\/p>\n<p><em>Source : Eurostat<\/em><\/p>\n","protected":false},"excerpt":{"rendered":"<p>Le ratio global recettes fiscales\/PIB, autrement dit la somme des imp\u00f4ts et des cotisations sociales nettes en pourcentage du produit int\u00e9rieur brut, s&rsquo;est \u00e9lev\u00e9 \u00e0 40,2% dans l\u2019Union europ\u00e9enne (UE) en 2017, en hausse par rapport \u00e0 2016 (39,9%). Dans [&hellip;]<\/p>\n","protected":false},"author":2,"featured_media":0,"comment_status":"closed","ping_status":"open","sticky":false,"template":"","format":"standard","meta":[],"categories":[65,10],"tags":[305,98,853,1598],"yoast_head":"<!-- This site is optimized with the Yoast SEO plugin v21.0 - https:\/\/yoast.com\/wordpress\/plugins\/seo\/ -->\n<title>France, Belgique, Danemark: le trio de t\u00eate des pays europ\u00e9ens en mati\u00e8re de pression fiscale. - Peoplesphere<\/title>\n<meta name=\"robots\" content=\"index, follow, max-snippet:-1, max-image-preview:large, max-video-preview:-1\" \/>\n<link rel=\"canonical\" href=\"https:\/\/peoplesphere.be\/fr\/france-belgique-danemark-trio-de-tete-pays-europeens-matiere-de-pression-fiscale\/\" \/>\n<meta property=\"og:locale\" content=\"fr_FR\" \/>\n<meta property=\"og:type\" content=\"article\" \/>\n<meta property=\"og:title\" content=\"France, Belgique, Danemark: le trio de t\u00eate des pays europ\u00e9ens en mati\u00e8re de pression fiscale. - Peoplesphere\" \/>\n<meta property=\"og:description\" content=\"Le ratio global recettes fiscales\/PIB, autrement dit la somme des imp\u00f4ts et des cotisations sociales nettes en pourcentage du produit int\u00e9rieur brut, s&rsquo;est \u00e9lev\u00e9 \u00e0 40,2% dans l\u2019Union europ\u00e9enne (UE) en 2017, en hausse par rapport \u00e0 2016 (39,9%). Dans [&hellip;]\" \/>\n<meta property=\"og:url\" content=\"https:\/\/peoplesphere.be\/fr\/france-belgique-danemark-trio-de-tete-pays-europeens-matiere-de-pression-fiscale\/\" \/>\n<meta property=\"og:site_name\" content=\"Peoplesphere\" \/>\n<meta property=\"article:publisher\" content=\"https:\/\/www.facebook.com\/peoplesphere\" \/>\n<meta property=\"article:published_time\" content=\"2018-11-29T07:55:51+00:00\" \/>\n<meta property=\"og:image\" content=\"http:\/\/www.peoplesphere.be\/fr\/wp-content\/uploads\/2016\/07\/facebook-default-posting-1200x628px.jpg\" \/>\n<meta name=\"author\" content=\"Jean-Paul Erhard\" \/>\n<meta name=\"twitter:card\" content=\"summary_large_image\" \/>\n<meta name=\"twitter:creator\" content=\"@PeoplesphereMag\" \/>\n<meta name=\"twitter:site\" content=\"@PeoplesphereMag\" \/>\n<meta name=\"twitter:label1\" content=\"\u00c9crit par\" \/>\n\t<meta name=\"twitter:data1\" content=\"Jean-Paul Erhard\" \/>\n\t<meta name=\"twitter:label2\" content=\"Dur\u00e9e de lecture estim\u00e9e\" \/>\n\t<meta name=\"twitter:data2\" content=\"3 minutes\" \/>\n<script type=\"application\/ld+json\" class=\"yoast-schema-graph\">{\"@context\":\"https:\/\/schema.org\",\"@graph\":[{\"@type\":\"Article\",\"@id\":\"https:\/\/peoplesphere.be\/fr\/france-belgique-danemark-trio-de-tete-pays-europeens-matiere-de-pression-fiscale\/#article\",\"isPartOf\":{\"@id\":\"https:\/\/peoplesphere.be\/fr\/france-belgique-danemark-trio-de-tete-pays-europeens-matiere-de-pression-fiscale\/\"},\"author\":{\"name\":\"Jean-Paul Erhard\",\"@id\":\"https:\/\/peoplesphere.be\/fr\/#\/schema\/person\/7976225ff17988604334abb7b3536a7e\"},\"headline\":\"France, Belgique, Danemark: le trio de t\u00eate des pays europ\u00e9ens en mati\u00e8re de pression fiscale.\",\"datePublished\":\"2018-11-29T07:55:51+00:00\",\"dateModified\":\"2018-11-29T07:55:51+00:00\",\"mainEntityOfPage\":{\"@id\":\"https:\/\/peoplesphere.be\/fr\/france-belgique-danemark-trio-de-tete-pays-europeens-matiere-de-pression-fiscale\/\"},\"wordCount\":611,\"publisher\":{\"@id\":\"https:\/\/peoplesphere.be\/fr\/#organization\"},\"keywords\":[\"eurostat\",\"fiscalit\u00e9\",\"taxation\",\"UE\"],\"articleSection\":[\"Actualit\u00e9s\",\"Digital\"],\"inLanguage\":\"fr-FR\"},{\"@type\":\"WebPage\",\"@id\":\"https:\/\/peoplesphere.be\/fr\/france-belgique-danemark-trio-de-tete-pays-europeens-matiere-de-pression-fiscale\/\",\"url\":\"https:\/\/peoplesphere.be\/fr\/france-belgique-danemark-trio-de-tete-pays-europeens-matiere-de-pression-fiscale\/\",\"name\":\"France, Belgique, Danemark: le trio de t\u00eate des pays europ\u00e9ens en mati\u00e8re de pression fiscale. - Peoplesphere\",\"isPartOf\":{\"@id\":\"https:\/\/peoplesphere.be\/fr\/#website\"},\"datePublished\":\"2018-11-29T07:55:51+00:00\",\"dateModified\":\"2018-11-29T07:55:51+00:00\",\"breadcrumb\":{\"@id\":\"https:\/\/peoplesphere.be\/fr\/france-belgique-danemark-trio-de-tete-pays-europeens-matiere-de-pression-fiscale\/#breadcrumb\"},\"inLanguage\":\"fr-FR\",\"potentialAction\":[{\"@type\":\"ReadAction\",\"target\":[\"https:\/\/peoplesphere.be\/fr\/france-belgique-danemark-trio-de-tete-pays-europeens-matiere-de-pression-fiscale\/\"]}]},{\"@type\":\"BreadcrumbList\",\"@id\":\"https:\/\/peoplesphere.be\/fr\/france-belgique-danemark-trio-de-tete-pays-europeens-matiere-de-pression-fiscale\/#breadcrumb\",\"itemListElement\":[{\"@type\":\"ListItem\",\"position\":1,\"name\":\"Accueil\",\"item\":\"https:\/\/peoplesphere.be\/fr\/\"},{\"@type\":\"ListItem\",\"position\":2,\"name\":\"France, Belgique, Danemark: le trio de t\u00eate des pays europ\u00e9ens en mati\u00e8re de pression fiscale.\"}]},{\"@type\":\"WebSite\",\"@id\":\"https:\/\/peoplesphere.be\/fr\/#website\",\"url\":\"https:\/\/peoplesphere.be\/fr\/\",\"name\":\"Peoplesphere\",\"description\":\"The People Managers Magazine\",\"publisher\":{\"@id\":\"https:\/\/peoplesphere.be\/fr\/#organization\"},\"potentialAction\":[{\"@type\":\"SearchAction\",\"target\":{\"@type\":\"EntryPoint\",\"urlTemplate\":\"https:\/\/peoplesphere.be\/fr\/?s={search_term_string}\"},\"query-input\":\"required name=search_term_string\"}],\"inLanguage\":\"fr-FR\"},{\"@type\":\"Organization\",\"@id\":\"https:\/\/peoplesphere.be\/fr\/#organization\",\"name\":\"Peoplesphere Company srl\",\"url\":\"https:\/\/peoplesphere.be\/fr\/\",\"logo\":{\"@type\":\"ImageObject\",\"inLanguage\":\"fr-FR\",\"@id\":\"https:\/\/peoplesphere.be\/fr\/#\/schema\/logo\/image\/\",\"url\":\"https:\/\/peoplesphere.be\/fr\/wp-content\/uploads\/2023\/07\/peoplesphere-lgo-new-generik.jpg\",\"contentUrl\":\"https:\/\/peoplesphere.be\/fr\/wp-content\/uploads\/2023\/07\/peoplesphere-lgo-new-generik.jpg\",\"width\":1031,\"height\":1479,\"caption\":\"Peoplesphere Company srl\"},\"image\":{\"@id\":\"https:\/\/peoplesphere.be\/fr\/#\/schema\/logo\/image\/\"},\"sameAs\":[\"https:\/\/www.facebook.com\/peoplesphere\",\"https:\/\/twitter.com\/PeoplesphereMag\",\"https:\/\/www.linkedin.com\/company\/7587361?trk\",\"http:\/\/youtube.com\/peoplesphere\"]},{\"@type\":\"Person\",\"@id\":\"https:\/\/peoplesphere.be\/fr\/#\/schema\/person\/7976225ff17988604334abb7b3536a7e\",\"name\":\"Jean-Paul Erhard\",\"image\":{\"@type\":\"ImageObject\",\"inLanguage\":\"fr-FR\",\"@id\":\"https:\/\/peoplesphere.be\/fr\/#\/schema\/person\/image\/\",\"url\":\"https:\/\/secure.gravatar.com\/avatar\/f941e681460179738071629a51574930?s=96&d=mm&r=g\",\"contentUrl\":\"https:\/\/secure.gravatar.com\/avatar\/f941e681460179738071629a51574930?s=96&d=mm&r=g\",\"caption\":\"Jean-Paul Erhard\"},\"url\":\"https:\/\/peoplesphere.be\/fr\/author\/jpe\/\"}]}<\/script>\n<!-- \/ Yoast SEO plugin. -->","yoast_head_json":{"title":"France, Belgique, Danemark: le trio de t\u00eate des pays europ\u00e9ens en mati\u00e8re de pression fiscale. - Peoplesphere","robots":{"index":"index","follow":"follow","max-snippet":"max-snippet:-1","max-image-preview":"max-image-preview:large","max-video-preview":"max-video-preview:-1"},"canonical":"https:\/\/peoplesphere.be\/fr\/france-belgique-danemark-trio-de-tete-pays-europeens-matiere-de-pression-fiscale\/","og_locale":"fr_FR","og_type":"article","og_title":"France, Belgique, Danemark: le trio de t\u00eate des pays europ\u00e9ens en mati\u00e8re de pression fiscale. - Peoplesphere","og_description":"Le ratio global recettes fiscales\/PIB, autrement dit la somme des imp\u00f4ts et des cotisations sociales nettes en pourcentage du produit int\u00e9rieur brut, s&rsquo;est \u00e9lev\u00e9 \u00e0 40,2% dans l\u2019Union europ\u00e9enne (UE) en 2017, en hausse par rapport \u00e0 2016 (39,9%). Dans [&hellip;]","og_url":"https:\/\/peoplesphere.be\/fr\/france-belgique-danemark-trio-de-tete-pays-europeens-matiere-de-pression-fiscale\/","og_site_name":"Peoplesphere","article_publisher":"https:\/\/www.facebook.com\/peoplesphere","article_published_time":"2018-11-29T07:55:51+00:00","og_image":[{"url":"http:\/\/www.peoplesphere.be\/fr\/wp-content\/uploads\/2016\/07\/facebook-default-posting-1200x628px.jpg"}],"author":"Jean-Paul Erhard","twitter_card":"summary_large_image","twitter_creator":"@PeoplesphereMag","twitter_site":"@PeoplesphereMag","twitter_misc":{"\u00c9crit par":"Jean-Paul Erhard","Dur\u00e9e de lecture estim\u00e9e":"3 minutes"},"schema":{"@context":"https:\/\/schema.org","@graph":[{"@type":"Article","@id":"https:\/\/peoplesphere.be\/fr\/france-belgique-danemark-trio-de-tete-pays-europeens-matiere-de-pression-fiscale\/#article","isPartOf":{"@id":"https:\/\/peoplesphere.be\/fr\/france-belgique-danemark-trio-de-tete-pays-europeens-matiere-de-pression-fiscale\/"},"author":{"name":"Jean-Paul Erhard","@id":"https:\/\/peoplesphere.be\/fr\/#\/schema\/person\/7976225ff17988604334abb7b3536a7e"},"headline":"France, Belgique, Danemark: le trio de t\u00eate des pays europ\u00e9ens en mati\u00e8re de pression fiscale.","datePublished":"2018-11-29T07:55:51+00:00","dateModified":"2018-11-29T07:55:51+00:00","mainEntityOfPage":{"@id":"https:\/\/peoplesphere.be\/fr\/france-belgique-danemark-trio-de-tete-pays-europeens-matiere-de-pression-fiscale\/"},"wordCount":611,"publisher":{"@id":"https:\/\/peoplesphere.be\/fr\/#organization"},"keywords":["eurostat","fiscalit\u00e9","taxation","UE"],"articleSection":["Actualit\u00e9s","Digital"],"inLanguage":"fr-FR"},{"@type":"WebPage","@id":"https:\/\/peoplesphere.be\/fr\/france-belgique-danemark-trio-de-tete-pays-europeens-matiere-de-pression-fiscale\/","url":"https:\/\/peoplesphere.be\/fr\/france-belgique-danemark-trio-de-tete-pays-europeens-matiere-de-pression-fiscale\/","name":"France, Belgique, Danemark: le trio de t\u00eate des pays europ\u00e9ens en mati\u00e8re de pression fiscale. - Peoplesphere","isPartOf":{"@id":"https:\/\/peoplesphere.be\/fr\/#website"},"datePublished":"2018-11-29T07:55:51+00:00","dateModified":"2018-11-29T07:55:51+00:00","breadcrumb":{"@id":"https:\/\/peoplesphere.be\/fr\/france-belgique-danemark-trio-de-tete-pays-europeens-matiere-de-pression-fiscale\/#breadcrumb"},"inLanguage":"fr-FR","potentialAction":[{"@type":"ReadAction","target":["https:\/\/peoplesphere.be\/fr\/france-belgique-danemark-trio-de-tete-pays-europeens-matiere-de-pression-fiscale\/"]}]},{"@type":"BreadcrumbList","@id":"https:\/\/peoplesphere.be\/fr\/france-belgique-danemark-trio-de-tete-pays-europeens-matiere-de-pression-fiscale\/#breadcrumb","itemListElement":[{"@type":"ListItem","position":1,"name":"Accueil","item":"https:\/\/peoplesphere.be\/fr\/"},{"@type":"ListItem","position":2,"name":"France, Belgique, Danemark: le trio de t\u00eate des pays europ\u00e9ens en mati\u00e8re de pression fiscale."}]},{"@type":"WebSite","@id":"https:\/\/peoplesphere.be\/fr\/#website","url":"https:\/\/peoplesphere.be\/fr\/","name":"Peoplesphere","description":"The People Managers Magazine","publisher":{"@id":"https:\/\/peoplesphere.be\/fr\/#organization"},"potentialAction":[{"@type":"SearchAction","target":{"@type":"EntryPoint","urlTemplate":"https:\/\/peoplesphere.be\/fr\/?s={search_term_string}"},"query-input":"required name=search_term_string"}],"inLanguage":"fr-FR"},{"@type":"Organization","@id":"https:\/\/peoplesphere.be\/fr\/#organization","name":"Peoplesphere Company srl","url":"https:\/\/peoplesphere.be\/fr\/","logo":{"@type":"ImageObject","inLanguage":"fr-FR","@id":"https:\/\/peoplesphere.be\/fr\/#\/schema\/logo\/image\/","url":"https:\/\/peoplesphere.be\/fr\/wp-content\/uploads\/2023\/07\/peoplesphere-lgo-new-generik.jpg","contentUrl":"https:\/\/peoplesphere.be\/fr\/wp-content\/uploads\/2023\/07\/peoplesphere-lgo-new-generik.jpg","width":1031,"height":1479,"caption":"Peoplesphere Company srl"},"image":{"@id":"https:\/\/peoplesphere.be\/fr\/#\/schema\/logo\/image\/"},"sameAs":["https:\/\/www.facebook.com\/peoplesphere","https:\/\/twitter.com\/PeoplesphereMag","https:\/\/www.linkedin.com\/company\/7587361?trk","http:\/\/youtube.com\/peoplesphere"]},{"@type":"Person","@id":"https:\/\/peoplesphere.be\/fr\/#\/schema\/person\/7976225ff17988604334abb7b3536a7e","name":"Jean-Paul Erhard","image":{"@type":"ImageObject","inLanguage":"fr-FR","@id":"https:\/\/peoplesphere.be\/fr\/#\/schema\/person\/image\/","url":"https:\/\/secure.gravatar.com\/avatar\/f941e681460179738071629a51574930?s=96&d=mm&r=g","contentUrl":"https:\/\/secure.gravatar.com\/avatar\/f941e681460179738071629a51574930?s=96&d=mm&r=g","caption":"Jean-Paul Erhard"},"url":"https:\/\/peoplesphere.be\/fr\/author\/jpe\/"}]}},"_links":{"self":[{"href":"https:\/\/peoplesphere.be\/fr\/wp-json\/wp\/v2\/posts\/6960"}],"collection":[{"href":"https:\/\/peoplesphere.be\/fr\/wp-json\/wp\/v2\/posts"}],"about":[{"href":"https:\/\/peoplesphere.be\/fr\/wp-json\/wp\/v2\/types\/post"}],"author":[{"embeddable":true,"href":"https:\/\/peoplesphere.be\/fr\/wp-json\/wp\/v2\/users\/2"}],"replies":[{"embeddable":true,"href":"https:\/\/peoplesphere.be\/fr\/wp-json\/wp\/v2\/comments?post=6960"}],"version-history":[{"count":1,"href":"https:\/\/peoplesphere.be\/fr\/wp-json\/wp\/v2\/posts\/6960\/revisions"}],"predecessor-version":[{"id":6961,"href":"https:\/\/peoplesphere.be\/fr\/wp-json\/wp\/v2\/posts\/6960\/revisions\/6961"}],"wp:attachment":[{"href":"https:\/\/peoplesphere.be\/fr\/wp-json\/wp\/v2\/media?parent=6960"}],"wp:term":[{"taxonomy":"category","embeddable":true,"href":"https:\/\/peoplesphere.be\/fr\/wp-json\/wp\/v2\/categories?post=6960"},{"taxonomy":"post_tag","embeddable":true,"href":"https:\/\/peoplesphere.be\/fr\/wp-json\/wp\/v2\/tags?post=6960"}],"curies":[{"name":"wp","href":"https:\/\/api.w.org\/{rel}","templated":true}]}}