









{"id":6987,"date":"2018-12-04T10:11:22","date_gmt":"2018-12-04T08:11:22","guid":{"rendered":"http:\/\/www.peoplesphere.be\/fr\/?p=6987"},"modified":"2018-12-04T10:11:22","modified_gmt":"2018-12-04T08:11:22","slug":"23-personnes-handicapees-ont-emploi-dont-moitie-beneficie-dun-amenagement-adapte","status":"publish","type":"post","link":"https:\/\/peoplesphere.be\/fr\/23-personnes-handicapees-ont-emploi-dont-moitie-beneficie-dun-amenagement-adapte\/","title":{"rendered":"23% des personnes handicap\u00e9es ont un emploi, dont la moiti\u00e9 b\u00e9n\u00e9ficie d&rsquo;un am\u00e9nagement adapt\u00e9."},"content":{"rendered":"<p>A l&rsquo;occasion de la Journ\u00e9e internationale des personnes handicap\u00e9es qui s&rsquo;est tenue ce 3 d\u00e9cembre, Statbel, l\u2019office belge de statistique, s&rsquo;est pench\u00e9 sur l&#8217;emploi des personnes handicap\u00e9es. Constat n\u00b01: 9% des 15-64 ans souffrent d\u2019un handicap ou de probl\u00e8mes de sant\u00e9 les limitant fortement dans leurs activit\u00e9s quotidiennes. 23% d\u2019entre eux ont un emploi. La moiti\u00e9 (51%) de ces jobs sont adapt\u00e9s \u00e0 leurs besoins sp\u00e9cifiques.<!--more--><\/p>\n<p>En Belgique, 9% de la population entre 15 et 64 ans se d\u00e9clare fortement limit\u00e9e dans ses activit\u00e9s quotidiennes en raison d&rsquo;un handicap, d&rsquo;une affection ou d&rsquo;une maladie de longue dur\u00e9e <em>(source : Enqu\u00eate sur les forces de travail 2017)<\/em>. Cette limitation est l\u00e9g\u00e8rement plus pr\u00e9sente chez les femmes.<\/p>\n<p>56% de cette population fortement limit\u00e9e a entre 50 et 64 ans. La moiti\u00e9 n\u2019a pas obtenu de dipl\u00f4me plus \u00e9lev\u00e9 que celui de l\u2019enseignement secondaire inf\u00e9rieur, et seuls 13% ont d\u00e9croch\u00e9 un dipl\u00f4me de l\u2019enseignement sup\u00e9rieur alors que c\u2019est le cas pour un tiers de la population totale en Belgique.<\/p>\n<p>Ces limitations ont \u00e9galement un impact sur le travail de cette population : seuls 23% d\u2019entre eux ont un emploi. Leur taux de ch\u00f4mage est 3 points de pourcentage sup\u00e9rieur \u00e0 la population totale et 74% d\u2019entre eux sont inactifs, c\u2019est-\u00e0-dire sans emploi et n\u2019en cherchant pas ou n\u2019\u00e9tant pas disponible pour travailler.<\/p>\n<p>Plus de la moiti\u00e9 (51%) de ces travailleurs b\u00e9n\u00e9ficient d&rsquo;assistance ou d&rsquo;am\u00e9nagement sp\u00e9cifiques sur leur lieu de travail. Ainsi, le type et le volume des t\u00e2ches demand\u00e9es est adapt\u00e9 pour un tiers des travailleurs fortement limit\u00e9s (respectivement 34% et 32%), 13% re\u00e7oit de l\u2019assistance de la part des coll\u00e8gues et 9% b\u00e9n\u00e9ficie d\u2019un \u00e9quipement adapt\u00e9.<\/p>\n<p>Pour trouver un emploi, 57% des ch\u00f4meurs s\u00e9v\u00e8rement limit\u00e9s estiment n\u00e9cessaire que le type de t\u00e2ches leur soit adapt\u00e9. Ils sont un tiers \u00e0 estimer que la quantit\u00e9 des t\u00e2ches doit \u00e9galement \u00eatre ajust\u00e9e pour qu\u2019ils puissent retravailler.<\/p>\n<p><em><strong>La pauvret\u00e9, en plus du handicap<\/strong><\/em><\/p>\n<p>L\u2019enqu\u00eate sur les revenus et conditions de vie (SILC) 2017 contient \u00e9galement des chiffres concernant les personnes de 16 ans et plus se d\u00e9clarant fortement limit\u00e9es dans leurs activit\u00e9s quotidiennes en raison d&rsquo;un handicap, d&rsquo;une affection ou d&rsquo;une maladie de longue dur\u00e9e. 22% d\u2019entre elles encourent un risque de pauvret\u00e9 mon\u00e9taire. Une sur 10 souffre par ailleurs de privation mat\u00e9rielle s\u00e9v\u00e8re. Enfin, 38% d\u2019entre elles vivent dans un m\u00e9nage n\u2019\u00e9tant pas propri\u00e9taire de son logement, l\u00e0 o\u00f9 ce n\u2019est le cas que pour 26% de la population belge.<\/p>\n<p><em>Source : Statbel<\/em><\/p>\n","protected":false},"excerpt":{"rendered":"<p>A l&rsquo;occasion de la Journ\u00e9e internationale des personnes handicap\u00e9es qui s&rsquo;est tenue ce 3 d\u00e9cembre, Statbel, l\u2019office belge de statistique, s&rsquo;est pench\u00e9 sur l&#8217;emploi des personnes handicap\u00e9es. Constat n\u00b01: 9% des 15-64 ans souffrent d\u2019un handicap ou de probl\u00e8mes de [&hellip;]<\/p>\n","protected":false},"author":2,"featured_media":0,"comment_status":"closed","ping_status":"open","sticky":false,"template":"","format":"standard","meta":[],"categories":[65,10],"tags":[11,391,544,1494],"yoast_head":"<!-- This site is optimized with the Yoast SEO plugin v21.0 - https:\/\/yoast.com\/wordpress\/plugins\/seo\/ -->\n<title>23% des personnes handicap\u00e9es ont un emploi, dont la moiti\u00e9 b\u00e9n\u00e9ficie d&#039;un am\u00e9nagement adapt\u00e9. - Peoplesphere<\/title>\n<meta name=\"robots\" content=\"index, follow, max-snippet:-1, max-image-preview:large, max-video-preview:-1\" \/>\n<link rel=\"canonical\" href=\"https:\/\/peoplesphere.be\/fr\/23-personnes-handicapees-ont-emploi-dont-moitie-beneficie-dun-amenagement-adapte\/\" \/>\n<meta property=\"og:locale\" content=\"fr_FR\" \/>\n<meta property=\"og:type\" content=\"article\" \/>\n<meta property=\"og:title\" content=\"23% des personnes handicap\u00e9es ont un emploi, dont la moiti\u00e9 b\u00e9n\u00e9ficie d&#039;un am\u00e9nagement adapt\u00e9. - Peoplesphere\" \/>\n<meta property=\"og:description\" content=\"A l&rsquo;occasion de la Journ\u00e9e internationale des personnes handicap\u00e9es qui s&rsquo;est tenue ce 3 d\u00e9cembre, Statbel, l\u2019office belge de statistique, s&rsquo;est pench\u00e9 sur l&#8217;emploi des personnes handicap\u00e9es. Constat n\u00b01: 9% des 15-64 ans souffrent d\u2019un handicap ou de probl\u00e8mes de [&hellip;]\" \/>\n<meta property=\"og:url\" content=\"https:\/\/peoplesphere.be\/fr\/23-personnes-handicapees-ont-emploi-dont-moitie-beneficie-dun-amenagement-adapte\/\" \/>\n<meta property=\"og:site_name\" content=\"Peoplesphere\" \/>\n<meta property=\"article:publisher\" content=\"https:\/\/www.facebook.com\/peoplesphere\" \/>\n<meta property=\"article:published_time\" content=\"2018-12-04T08:11:22+00:00\" \/>\n<meta property=\"og:image\" content=\"http:\/\/www.peoplesphere.be\/fr\/wp-content\/uploads\/2016\/07\/facebook-default-posting-1200x628px.jpg\" \/>\n<meta name=\"author\" content=\"Jean-Paul Erhard\" \/>\n<meta name=\"twitter:card\" content=\"summary_large_image\" \/>\n<meta name=\"twitter:creator\" content=\"@PeoplesphereMag\" \/>\n<meta name=\"twitter:site\" content=\"@PeoplesphereMag\" \/>\n<meta name=\"twitter:label1\" content=\"\u00c9crit par\" \/>\n\t<meta name=\"twitter:data1\" content=\"Jean-Paul Erhard\" \/>\n\t<meta name=\"twitter:label2\" content=\"Dur\u00e9e de lecture estim\u00e9e\" \/>\n\t<meta name=\"twitter:data2\" content=\"2 minutes\" \/>\n<script type=\"application\/ld+json\" class=\"yoast-schema-graph\">{\"@context\":\"https:\/\/schema.org\",\"@graph\":[{\"@type\":\"Article\",\"@id\":\"https:\/\/peoplesphere.be\/fr\/23-personnes-handicapees-ont-emploi-dont-moitie-beneficie-dun-amenagement-adapte\/#article\",\"isPartOf\":{\"@id\":\"https:\/\/peoplesphere.be\/fr\/23-personnes-handicapees-ont-emploi-dont-moitie-beneficie-dun-amenagement-adapte\/\"},\"author\":{\"name\":\"Jean-Paul Erhard\",\"@id\":\"https:\/\/peoplesphere.be\/fr\/#\/schema\/person\/7976225ff17988604334abb7b3536a7e\"},\"headline\":\"23% des personnes handicap\u00e9es ont un emploi, dont la moiti\u00e9 b\u00e9n\u00e9ficie d&rsquo;un am\u00e9nagement adapt\u00e9.\",\"datePublished\":\"2018-12-04T08:11:22+00:00\",\"dateModified\":\"2018-12-04T08:11:22+00:00\",\"mainEntityOfPage\":{\"@id\":\"https:\/\/peoplesphere.be\/fr\/23-personnes-handicapees-ont-emploi-dont-moitie-beneficie-dun-amenagement-adapte\/\"},\"wordCount\":468,\"publisher\":{\"@id\":\"https:\/\/peoplesphere.be\/fr\/#organization\"},\"keywords\":[\"emploi\",\"handicap\",\"inclusion\",\"travail adapt\u00e9\"],\"articleSection\":[\"Actualit\u00e9s\",\"Digital\"],\"inLanguage\":\"fr-FR\"},{\"@type\":\"WebPage\",\"@id\":\"https:\/\/peoplesphere.be\/fr\/23-personnes-handicapees-ont-emploi-dont-moitie-beneficie-dun-amenagement-adapte\/\",\"url\":\"https:\/\/peoplesphere.be\/fr\/23-personnes-handicapees-ont-emploi-dont-moitie-beneficie-dun-amenagement-adapte\/\",\"name\":\"23% des personnes handicap\u00e9es ont un emploi, dont la moiti\u00e9 b\u00e9n\u00e9ficie d'un am\u00e9nagement adapt\u00e9. - Peoplesphere\",\"isPartOf\":{\"@id\":\"https:\/\/peoplesphere.be\/fr\/#website\"},\"datePublished\":\"2018-12-04T08:11:22+00:00\",\"dateModified\":\"2018-12-04T08:11:22+00:00\",\"breadcrumb\":{\"@id\":\"https:\/\/peoplesphere.be\/fr\/23-personnes-handicapees-ont-emploi-dont-moitie-beneficie-dun-amenagement-adapte\/#breadcrumb\"},\"inLanguage\":\"fr-FR\",\"potentialAction\":[{\"@type\":\"ReadAction\",\"target\":[\"https:\/\/peoplesphere.be\/fr\/23-personnes-handicapees-ont-emploi-dont-moitie-beneficie-dun-amenagement-adapte\/\"]}]},{\"@type\":\"BreadcrumbList\",\"@id\":\"https:\/\/peoplesphere.be\/fr\/23-personnes-handicapees-ont-emploi-dont-moitie-beneficie-dun-amenagement-adapte\/#breadcrumb\",\"itemListElement\":[{\"@type\":\"ListItem\",\"position\":1,\"name\":\"Accueil\",\"item\":\"https:\/\/peoplesphere.be\/fr\/\"},{\"@type\":\"ListItem\",\"position\":2,\"name\":\"23% des personnes handicap\u00e9es ont un emploi, dont la moiti\u00e9 b\u00e9n\u00e9ficie d&rsquo;un am\u00e9nagement adapt\u00e9.\"}]},{\"@type\":\"WebSite\",\"@id\":\"https:\/\/peoplesphere.be\/fr\/#website\",\"url\":\"https:\/\/peoplesphere.be\/fr\/\",\"name\":\"Peoplesphere\",\"description\":\"The People Managers Magazine\",\"publisher\":{\"@id\":\"https:\/\/peoplesphere.be\/fr\/#organization\"},\"potentialAction\":[{\"@type\":\"SearchAction\",\"target\":{\"@type\":\"EntryPoint\",\"urlTemplate\":\"https:\/\/peoplesphere.be\/fr\/?s={search_term_string}\"},\"query-input\":\"required name=search_term_string\"}],\"inLanguage\":\"fr-FR\"},{\"@type\":\"Organization\",\"@id\":\"https:\/\/peoplesphere.be\/fr\/#organization\",\"name\":\"Peoplesphere Company srl\",\"url\":\"https:\/\/peoplesphere.be\/fr\/\",\"logo\":{\"@type\":\"ImageObject\",\"inLanguage\":\"fr-FR\",\"@id\":\"https:\/\/peoplesphere.be\/fr\/#\/schema\/logo\/image\/\",\"url\":\"https:\/\/peoplesphere.be\/fr\/wp-content\/uploads\/2023\/07\/peoplesphere-lgo-new-generik.jpg\",\"contentUrl\":\"https:\/\/peoplesphere.be\/fr\/wp-content\/uploads\/2023\/07\/peoplesphere-lgo-new-generik.jpg\",\"width\":1031,\"height\":1479,\"caption\":\"Peoplesphere Company srl\"},\"image\":{\"@id\":\"https:\/\/peoplesphere.be\/fr\/#\/schema\/logo\/image\/\"},\"sameAs\":[\"https:\/\/www.facebook.com\/peoplesphere\",\"https:\/\/twitter.com\/PeoplesphereMag\",\"https:\/\/www.linkedin.com\/company\/7587361?trk\",\"http:\/\/youtube.com\/peoplesphere\"]},{\"@type\":\"Person\",\"@id\":\"https:\/\/peoplesphere.be\/fr\/#\/schema\/person\/7976225ff17988604334abb7b3536a7e\",\"name\":\"Jean-Paul Erhard\",\"image\":{\"@type\":\"ImageObject\",\"inLanguage\":\"fr-FR\",\"@id\":\"https:\/\/peoplesphere.be\/fr\/#\/schema\/person\/image\/\",\"url\":\"https:\/\/secure.gravatar.com\/avatar\/f941e681460179738071629a51574930?s=96&d=mm&r=g\",\"contentUrl\":\"https:\/\/secure.gravatar.com\/avatar\/f941e681460179738071629a51574930?s=96&d=mm&r=g\",\"caption\":\"Jean-Paul Erhard\"},\"url\":\"https:\/\/peoplesphere.be\/fr\/author\/jpe\/\"}]}<\/script>\n<!-- \/ Yoast SEO plugin. -->","yoast_head_json":{"title":"23% des personnes handicap\u00e9es ont un emploi, dont la moiti\u00e9 b\u00e9n\u00e9ficie d'un am\u00e9nagement adapt\u00e9. - Peoplesphere","robots":{"index":"index","follow":"follow","max-snippet":"max-snippet:-1","max-image-preview":"max-image-preview:large","max-video-preview":"max-video-preview:-1"},"canonical":"https:\/\/peoplesphere.be\/fr\/23-personnes-handicapees-ont-emploi-dont-moitie-beneficie-dun-amenagement-adapte\/","og_locale":"fr_FR","og_type":"article","og_title":"23% des personnes handicap\u00e9es ont un emploi, dont la moiti\u00e9 b\u00e9n\u00e9ficie d'un am\u00e9nagement adapt\u00e9. - Peoplesphere","og_description":"A l&rsquo;occasion de la Journ\u00e9e internationale des personnes handicap\u00e9es qui s&rsquo;est tenue ce 3 d\u00e9cembre, Statbel, l\u2019office belge de statistique, s&rsquo;est pench\u00e9 sur l&#8217;emploi des personnes handicap\u00e9es. Constat n\u00b01: 9% des 15-64 ans souffrent d\u2019un handicap ou de probl\u00e8mes de [&hellip;]","og_url":"https:\/\/peoplesphere.be\/fr\/23-personnes-handicapees-ont-emploi-dont-moitie-beneficie-dun-amenagement-adapte\/","og_site_name":"Peoplesphere","article_publisher":"https:\/\/www.facebook.com\/peoplesphere","article_published_time":"2018-12-04T08:11:22+00:00","og_image":[{"url":"http:\/\/www.peoplesphere.be\/fr\/wp-content\/uploads\/2016\/07\/facebook-default-posting-1200x628px.jpg"}],"author":"Jean-Paul Erhard","twitter_card":"summary_large_image","twitter_creator":"@PeoplesphereMag","twitter_site":"@PeoplesphereMag","twitter_misc":{"\u00c9crit par":"Jean-Paul Erhard","Dur\u00e9e de lecture estim\u00e9e":"2 minutes"},"schema":{"@context":"https:\/\/schema.org","@graph":[{"@type":"Article","@id":"https:\/\/peoplesphere.be\/fr\/23-personnes-handicapees-ont-emploi-dont-moitie-beneficie-dun-amenagement-adapte\/#article","isPartOf":{"@id":"https:\/\/peoplesphere.be\/fr\/23-personnes-handicapees-ont-emploi-dont-moitie-beneficie-dun-amenagement-adapte\/"},"author":{"name":"Jean-Paul Erhard","@id":"https:\/\/peoplesphere.be\/fr\/#\/schema\/person\/7976225ff17988604334abb7b3536a7e"},"headline":"23% des personnes handicap\u00e9es ont un emploi, dont la moiti\u00e9 b\u00e9n\u00e9ficie d&rsquo;un am\u00e9nagement adapt\u00e9.","datePublished":"2018-12-04T08:11:22+00:00","dateModified":"2018-12-04T08:11:22+00:00","mainEntityOfPage":{"@id":"https:\/\/peoplesphere.be\/fr\/23-personnes-handicapees-ont-emploi-dont-moitie-beneficie-dun-amenagement-adapte\/"},"wordCount":468,"publisher":{"@id":"https:\/\/peoplesphere.be\/fr\/#organization"},"keywords":["emploi","handicap","inclusion","travail adapt\u00e9"],"articleSection":["Actualit\u00e9s","Digital"],"inLanguage":"fr-FR"},{"@type":"WebPage","@id":"https:\/\/peoplesphere.be\/fr\/23-personnes-handicapees-ont-emploi-dont-moitie-beneficie-dun-amenagement-adapte\/","url":"https:\/\/peoplesphere.be\/fr\/23-personnes-handicapees-ont-emploi-dont-moitie-beneficie-dun-amenagement-adapte\/","name":"23% des personnes handicap\u00e9es ont un emploi, dont la moiti\u00e9 b\u00e9n\u00e9ficie d'un am\u00e9nagement adapt\u00e9. - Peoplesphere","isPartOf":{"@id":"https:\/\/peoplesphere.be\/fr\/#website"},"datePublished":"2018-12-04T08:11:22+00:00","dateModified":"2018-12-04T08:11:22+00:00","breadcrumb":{"@id":"https:\/\/peoplesphere.be\/fr\/23-personnes-handicapees-ont-emploi-dont-moitie-beneficie-dun-amenagement-adapte\/#breadcrumb"},"inLanguage":"fr-FR","potentialAction":[{"@type":"ReadAction","target":["https:\/\/peoplesphere.be\/fr\/23-personnes-handicapees-ont-emploi-dont-moitie-beneficie-dun-amenagement-adapte\/"]}]},{"@type":"BreadcrumbList","@id":"https:\/\/peoplesphere.be\/fr\/23-personnes-handicapees-ont-emploi-dont-moitie-beneficie-dun-amenagement-adapte\/#breadcrumb","itemListElement":[{"@type":"ListItem","position":1,"name":"Accueil","item":"https:\/\/peoplesphere.be\/fr\/"},{"@type":"ListItem","position":2,"name":"23% des personnes handicap\u00e9es ont un emploi, dont la moiti\u00e9 b\u00e9n\u00e9ficie d&rsquo;un am\u00e9nagement adapt\u00e9."}]},{"@type":"WebSite","@id":"https:\/\/peoplesphere.be\/fr\/#website","url":"https:\/\/peoplesphere.be\/fr\/","name":"Peoplesphere","description":"The People Managers Magazine","publisher":{"@id":"https:\/\/peoplesphere.be\/fr\/#organization"},"potentialAction":[{"@type":"SearchAction","target":{"@type":"EntryPoint","urlTemplate":"https:\/\/peoplesphere.be\/fr\/?s={search_term_string}"},"query-input":"required name=search_term_string"}],"inLanguage":"fr-FR"},{"@type":"Organization","@id":"https:\/\/peoplesphere.be\/fr\/#organization","name":"Peoplesphere Company srl","url":"https:\/\/peoplesphere.be\/fr\/","logo":{"@type":"ImageObject","inLanguage":"fr-FR","@id":"https:\/\/peoplesphere.be\/fr\/#\/schema\/logo\/image\/","url":"https:\/\/peoplesphere.be\/fr\/wp-content\/uploads\/2023\/07\/peoplesphere-lgo-new-generik.jpg","contentUrl":"https:\/\/peoplesphere.be\/fr\/wp-content\/uploads\/2023\/07\/peoplesphere-lgo-new-generik.jpg","width":1031,"height":1479,"caption":"Peoplesphere Company srl"},"image":{"@id":"https:\/\/peoplesphere.be\/fr\/#\/schema\/logo\/image\/"},"sameAs":["https:\/\/www.facebook.com\/peoplesphere","https:\/\/twitter.com\/PeoplesphereMag","https:\/\/www.linkedin.com\/company\/7587361?trk","http:\/\/youtube.com\/peoplesphere"]},{"@type":"Person","@id":"https:\/\/peoplesphere.be\/fr\/#\/schema\/person\/7976225ff17988604334abb7b3536a7e","name":"Jean-Paul Erhard","image":{"@type":"ImageObject","inLanguage":"fr-FR","@id":"https:\/\/peoplesphere.be\/fr\/#\/schema\/person\/image\/","url":"https:\/\/secure.gravatar.com\/avatar\/f941e681460179738071629a51574930?s=96&d=mm&r=g","contentUrl":"https:\/\/secure.gravatar.com\/avatar\/f941e681460179738071629a51574930?s=96&d=mm&r=g","caption":"Jean-Paul Erhard"},"url":"https:\/\/peoplesphere.be\/fr\/author\/jpe\/"}]}},"_links":{"self":[{"href":"https:\/\/peoplesphere.be\/fr\/wp-json\/wp\/v2\/posts\/6987"}],"collection":[{"href":"https:\/\/peoplesphere.be\/fr\/wp-json\/wp\/v2\/posts"}],"about":[{"href":"https:\/\/peoplesphere.be\/fr\/wp-json\/wp\/v2\/types\/post"}],"author":[{"embeddable":true,"href":"https:\/\/peoplesphere.be\/fr\/wp-json\/wp\/v2\/users\/2"}],"replies":[{"embeddable":true,"href":"https:\/\/peoplesphere.be\/fr\/wp-json\/wp\/v2\/comments?post=6987"}],"version-history":[{"count":1,"href":"https:\/\/peoplesphere.be\/fr\/wp-json\/wp\/v2\/posts\/6987\/revisions"}],"predecessor-version":[{"id":6988,"href":"https:\/\/peoplesphere.be\/fr\/wp-json\/wp\/v2\/posts\/6987\/revisions\/6988"}],"wp:attachment":[{"href":"https:\/\/peoplesphere.be\/fr\/wp-json\/wp\/v2\/media?parent=6987"}],"wp:term":[{"taxonomy":"category","embeddable":true,"href":"https:\/\/peoplesphere.be\/fr\/wp-json\/wp\/v2\/categories?post=6987"},{"taxonomy":"post_tag","embeddable":true,"href":"https:\/\/peoplesphere.be\/fr\/wp-json\/wp\/v2\/tags?post=6987"}],"curies":[{"name":"wp","href":"https:\/\/api.w.org\/{rel}","templated":true}]}}