









{"id":7033,"date":"2018-12-12T08:55:52","date_gmt":"2018-12-12T06:55:52","guid":{"rendered":"http:\/\/www.peoplesphere.be\/fr\/?p=7033"},"modified":"2018-12-12T08:55:52","modified_gmt":"2018-12-12T06:55:52","slug":"flexibilite-retention-digitalisation-equilibre-4-mots-cles-strategie-rh-de-nos-entreprises","status":"publish","type":"post","link":"https:\/\/peoplesphere.be\/fr\/flexibilite-retention-digitalisation-equilibre-4-mots-cles-strategie-rh-de-nos-entreprises\/","title":{"rendered":"Flexibilit\u00e9, r\u00e9tention, digitalisation, \u00e9quilibre: 4 mots-cl\u00e9s pour la strat\u00e9gie RH de nos entreprises?"},"content":{"rendered":"<p>Exercice traditionnel de fin d&rsquo;ann\u00e9e: tenter de d\u00e9finir les contours de l&rsquo;ann\u00e9e prochaine en ce qui concerne les priorit\u00e9s RH \u00e0 promouvoir au sein de nos organisations. Le groupe Attentia, positionn\u00e9 en tant que sp\u00e9cialiste RH et Bien-\u00eatre a dress\u00e9 ses tendances RH pour 2019. R\u00e9sum\u00e9 : travailler de mani\u00e8re flexible et durable dans un environnement num\u00e9rique.<!--more--><\/p>\n<p>En 2019, les entreprises devront plus que jamais se concentrer sur la guerre des talents. Le maintien des collaborateurs propres est crucial pour les d\u00e9partements RH. Attentia, sp\u00e9cialiste RH et Bien-\u00eatre, fait le point sur les principales tendances RH pour les grandes entreprises.<\/p>\n<p><strong><em>2019, ann\u00e9e de la flexibilit\u00e9.<\/em><\/strong><\/p>\n<p>Les collaborateurs vont d\u00e9finir eux-m\u00eames leurs temps de travail en fonction de la situation sp\u00e9cifique, et ce tant sur le plan professionnel que personnel. Un enfant devra parfois \u00eatre r\u00e9cup\u00e9r\u00e9 plus t\u00f4t \u00e0 l\u2019\u00e9cole, une r\u00e9union sera parfois planifi\u00e9e plus tard. Les collaborateurs ne d\u00e9sapprouvent pas l\u2019horaire 09h-17h, mais pr\u00e9f\u00e8rent la flexibilit\u00e9, qui contribue \u00e0 leur \u00e9quilibre entre vie priv\u00e9e et vie professionnelle.<\/p>\n<p>Le lieu de travail devient \u00e9galement flexible. Les collaborateurs d\u00e9cident eux-m\u00eames de l\u2019endroit o\u00f9 ils sont le plus fonctionnels : au domicile, au bureau, dans un bureau satellite ou dans un espace de coworking. Et sur le lieu de travail, ils veulent pouvoir choisir entre un espace de concentration calme, un espace d\u2019appel ferm\u00e9 ou une salle de r\u00e9union pour une r\u00e9union d&rsquo;\u00e9quipe. La mobilit\u00e9 devient l\u2019un des param\u00e8tres cruciaux. Si l\u2019accessibilit\u00e9 de l\u2019entreprise n\u2019est pas optimale, elle sera consid\u00e9r\u00e9e comme moins attrayante aux yeux de nouveaux collaborateurs potentiels.<\/p>\n<p>Attentia estime donc qu\u2019en 2019, la flexibilit\u00e9 occupera une plus grande place dans la composition du package de r\u00e9mun\u00e9ration. Gr\u00e2ce \u00e0 la r\u00e9mun\u00e9ration flexible ou \u00e0 un plan caf\u00e9t\u00e9ria, les collaborateurs peuvent choisir eux-m\u00eames la composition de leur package salarial (voiture ou v\u00e9lo d\u2019entreprise, cong\u00e9s suppl\u00e9mentaires, bons d\u2019achat, allocations familiales suppl\u00e9mentaires, etc.), selon l\u2019offre de l\u2019employeur.<\/p>\n<p><strong><em>Apprendre pour pouvoir durer.<\/em><\/strong><\/p>\n<p>L\u2019entrepreneuriat durable ne se limite pas \u00e0 se pencher sur l\u2019impact environnemental de l\u2019entreprise. En 2019, il portera \u00e9galement sur l\u2019employabilit\u00e9 durable des collaborateurs. Nous allons tous devoir travailler plus longtemps. Il est important qu\u2019en tant qu\u2019employeur, vous accordiez suffisamment d&rsquo;importance \u00e0 l\u2019implication, l\u2019engagement, la motivation et la sant\u00e9 de vos collaborateurs \u00e0 long terme (p. ex. CCT 104, etc.).<\/p>\n<p>Il est important que les collaborateurs soient pr\u00e9par\u00e9s \u00e0 l\u2019avenir changeant du travail. Le life long learning peut \u00eatre utilis\u00e9 \u00e0 cet \u00e9gard. Les entreprises vont devoir offrir aux collaborateurs les formations, ateliers et trajets d\u2019apprentissage n\u00e9cessaires, afin qu&rsquo;ils restent \u00e0 jour et soient pr\u00e9par\u00e9s \u00e0 ce que l\u2019avenir leur demandera. L\u2019apprentissage tout au long de la vie ne se limite par ailleurs pas au paiement d&rsquo;une formation ou d&rsquo;un MBA. Les collaborateurs doivent pouvoir prendre eux-m\u00eames l\u2019initiative.<\/p>\n<p><strong><em>Digitalisation &amp; IA<\/em><\/strong><\/p>\n<p>Pour offrir de la flexibilit\u00e9, vous devez, en tant qu\u2019entreprise, pr\u00e9voir les solutions n\u00e9cessaires \u00e0 une collaboration efficace dans le cloud. Mais le d\u00e9partement RH tire \u00e9galement profit de la digitalisation et de l\u2019automatisation. En 2019, des bots (programmes informatiques autonomes) apporteront une r\u00e9ponse automatique \u00e0 des questions \u00e9videntes et fr\u00e9quentes : <em>\u00ab Combien de jours de cong\u00e9 ai-je encore ? \u00bb, \u00ab Quelle est la proc\u00e9dure \u00e0 suivre en cas de maladie ? \u00bb<\/em> Cette automatisation de certains processus permet aux collaborateurs RH d\u2019avoir plus de temps \u00e0 consacrer aux d\u00e9cisions strat\u00e9giques et \u00e0 l\u2019adaptation de la politique RH.<\/p>\n<p>\u00c0 c\u00f4t\u00e9 de cela, l\u2019intelligence artificielle (IA) fait son entr\u00e9e dans le monde des RH. L\u2019utilisation des bons outils d\u2019IA permet de faire des pr\u00e9dictions, de prendre des d\u00e9cisions et de proc\u00e9der \u00e0 des adaptations sur la base de donn\u00e9es disponibles. Lors de recrutements, le d\u00e9partement RH peut, en utilisant des outils d\u2019IA, v\u00e9rifier si le candidat est ad\u00e9quat et comp\u00e9tent pour la fonction qu\u2019il exercera dans les deux ans, au lieu de se limiter \u00e0 la fonction de demain.<\/p>\n<p><strong><em>L&rsquo;enjeu de la vitalit\u00e9 et de l&rsquo;\u00e9quilibre priv\u00e9\/professionnel.<\/em><\/strong><\/p>\n<p>Mais la plus grande tendance de 2019 sera la qu\u00eate d&rsquo;un \u00e9quilibre sain. Un \u00e9quilibre entre int\u00e9r\u00eats de l\u2019employeur et du travailleur, entre int\u00e9r\u00eats et valeurs de collaborateurs jeunes et moins jeunes, et l\u2019impact de la digitalisation.<br \/>\nEn 2019, une plus grande attention sera \u00e9galement accord\u00e9e \u00e0 l\u2019\u00e9quilibre mental. Car mieux les collaborateurs se sentiront, moins ils auront tendance \u00e0 partir. En 2019, nombre d\u2019entreprises accorderont sur le plan des RH la priorit\u00e9 au bien-\u00eatre de leurs collaborateurs. Elles le feront en misant de mani\u00e8re plus structur\u00e9e encore sur le bien-\u00eatre, une chose encore utilis\u00e9e de mani\u00e8re trop arbitraire par de nombreuses soci\u00e9t\u00e9s.<\/p>\n","protected":false},"excerpt":{"rendered":"<p>Exercice traditionnel de fin d&rsquo;ann\u00e9e: tenter de d\u00e9finir les contours de l&rsquo;ann\u00e9e prochaine en ce qui concerne les priorit\u00e9s RH \u00e0 promouvoir au sein de nos organisations. Le groupe Attentia, positionn\u00e9 en tant que sp\u00e9cialiste RH et Bien-\u00eatre a dress\u00e9 [&hellip;]<\/p>\n","protected":false},"author":2,"featured_media":0,"comment_status":"closed","ping_status":"open","sticky":false,"template":"","format":"standard","meta":[],"categories":[65,10],"tags":[1700,96,220,2357,30,633],"yoast_head":"<!-- This site is optimized with the Yoast SEO plugin v21.0 - https:\/\/yoast.com\/wordpress\/plugins\/seo\/ -->\n<title>Flexibilit\u00e9, r\u00e9tention, digitalisation, \u00e9quilibre: 4 mots-cl\u00e9s pour la strat\u00e9gie RH de nos entreprises? - Peoplesphere<\/title>\n<meta name=\"robots\" content=\"index, follow, max-snippet:-1, max-image-preview:large, max-video-preview:-1\" \/>\n<link rel=\"canonical\" href=\"https:\/\/peoplesphere.be\/fr\/flexibilite-retention-digitalisation-equilibre-4-mots-cles-strategie-rh-de-nos-entreprises\/\" \/>\n<meta property=\"og:locale\" content=\"fr_FR\" \/>\n<meta property=\"og:type\" content=\"article\" \/>\n<meta property=\"og:title\" content=\"Flexibilit\u00e9, r\u00e9tention, digitalisation, \u00e9quilibre: 4 mots-cl\u00e9s pour la strat\u00e9gie RH de nos entreprises? - Peoplesphere\" \/>\n<meta property=\"og:description\" content=\"Exercice traditionnel de fin d&rsquo;ann\u00e9e: tenter de d\u00e9finir les contours de l&rsquo;ann\u00e9e prochaine en ce qui concerne les priorit\u00e9s RH \u00e0 promouvoir au sein de nos organisations. Le groupe Attentia, positionn\u00e9 en tant que sp\u00e9cialiste RH et Bien-\u00eatre a dress\u00e9 [&hellip;]\" \/>\n<meta property=\"og:url\" content=\"https:\/\/peoplesphere.be\/fr\/flexibilite-retention-digitalisation-equilibre-4-mots-cles-strategie-rh-de-nos-entreprises\/\" \/>\n<meta property=\"og:site_name\" content=\"Peoplesphere\" \/>\n<meta property=\"article:publisher\" content=\"https:\/\/www.facebook.com\/peoplesphere\" \/>\n<meta property=\"article:published_time\" content=\"2018-12-12T06:55:52+00:00\" \/>\n<meta property=\"og:image\" content=\"http:\/\/www.peoplesphere.be\/fr\/wp-content\/uploads\/2016\/07\/facebook-default-posting-1200x628px.jpg\" \/>\n<meta name=\"author\" content=\"Jean-Paul Erhard\" \/>\n<meta name=\"twitter:card\" content=\"summary_large_image\" \/>\n<meta name=\"twitter:creator\" content=\"@PeoplesphereMag\" \/>\n<meta name=\"twitter:site\" content=\"@PeoplesphereMag\" \/>\n<meta name=\"twitter:label1\" content=\"\u00c9crit par\" \/>\n\t<meta name=\"twitter:data1\" content=\"Jean-Paul Erhard\" \/>\n\t<meta name=\"twitter:label2\" content=\"Dur\u00e9e de lecture estim\u00e9e\" \/>\n\t<meta name=\"twitter:data2\" content=\"4 minutes\" \/>\n<script type=\"application\/ld+json\" class=\"yoast-schema-graph\">{\"@context\":\"https:\/\/schema.org\",\"@graph\":[{\"@type\":\"Article\",\"@id\":\"https:\/\/peoplesphere.be\/fr\/flexibilite-retention-digitalisation-equilibre-4-mots-cles-strategie-rh-de-nos-entreprises\/#article\",\"isPartOf\":{\"@id\":\"https:\/\/peoplesphere.be\/fr\/flexibilite-retention-digitalisation-equilibre-4-mots-cles-strategie-rh-de-nos-entreprises\/\"},\"author\":{\"name\":\"Jean-Paul Erhard\",\"@id\":\"https:\/\/peoplesphere.be\/fr\/#\/schema\/person\/7976225ff17988604334abb7b3536a7e\"},\"headline\":\"Flexibilit\u00e9, r\u00e9tention, digitalisation, \u00e9quilibre: 4 mots-cl\u00e9s pour la strat\u00e9gie RH de nos entreprises?\",\"datePublished\":\"2018-12-12T06:55:52+00:00\",\"dateModified\":\"2018-12-12T06:55:52+00:00\",\"mainEntityOfPage\":{\"@id\":\"https:\/\/peoplesphere.be\/fr\/flexibilite-retention-digitalisation-equilibre-4-mots-cles-strategie-rh-de-nos-entreprises\/\"},\"wordCount\":848,\"publisher\":{\"@id\":\"https:\/\/peoplesphere.be\/fr\/#organization\"},\"keywords\":[\"attentif\",\"bien-\u00eatre\",\"flexibilit\u00e9\",\"lifelong learning\",\"r\u00e9mun\u00e9ration\",\"tendances RH\"],\"articleSection\":[\"Actualit\u00e9s\",\"Digital\"],\"inLanguage\":\"fr-FR\"},{\"@type\":\"WebPage\",\"@id\":\"https:\/\/peoplesphere.be\/fr\/flexibilite-retention-digitalisation-equilibre-4-mots-cles-strategie-rh-de-nos-entreprises\/\",\"url\":\"https:\/\/peoplesphere.be\/fr\/flexibilite-retention-digitalisation-equilibre-4-mots-cles-strategie-rh-de-nos-entreprises\/\",\"name\":\"Flexibilit\u00e9, r\u00e9tention, digitalisation, \u00e9quilibre: 4 mots-cl\u00e9s pour la strat\u00e9gie RH de nos entreprises? - Peoplesphere\",\"isPartOf\":{\"@id\":\"https:\/\/peoplesphere.be\/fr\/#website\"},\"datePublished\":\"2018-12-12T06:55:52+00:00\",\"dateModified\":\"2018-12-12T06:55:52+00:00\",\"breadcrumb\":{\"@id\":\"https:\/\/peoplesphere.be\/fr\/flexibilite-retention-digitalisation-equilibre-4-mots-cles-strategie-rh-de-nos-entreprises\/#breadcrumb\"},\"inLanguage\":\"fr-FR\",\"potentialAction\":[{\"@type\":\"ReadAction\",\"target\":[\"https:\/\/peoplesphere.be\/fr\/flexibilite-retention-digitalisation-equilibre-4-mots-cles-strategie-rh-de-nos-entreprises\/\"]}]},{\"@type\":\"BreadcrumbList\",\"@id\":\"https:\/\/peoplesphere.be\/fr\/flexibilite-retention-digitalisation-equilibre-4-mots-cles-strategie-rh-de-nos-entreprises\/#breadcrumb\",\"itemListElement\":[{\"@type\":\"ListItem\",\"position\":1,\"name\":\"Accueil\",\"item\":\"https:\/\/peoplesphere.be\/fr\/\"},{\"@type\":\"ListItem\",\"position\":2,\"name\":\"Flexibilit\u00e9, r\u00e9tention, digitalisation, \u00e9quilibre: 4 mots-cl\u00e9s pour la strat\u00e9gie RH de nos entreprises?\"}]},{\"@type\":\"WebSite\",\"@id\":\"https:\/\/peoplesphere.be\/fr\/#website\",\"url\":\"https:\/\/peoplesphere.be\/fr\/\",\"name\":\"Peoplesphere\",\"description\":\"The People Managers Magazine\",\"publisher\":{\"@id\":\"https:\/\/peoplesphere.be\/fr\/#organization\"},\"potentialAction\":[{\"@type\":\"SearchAction\",\"target\":{\"@type\":\"EntryPoint\",\"urlTemplate\":\"https:\/\/peoplesphere.be\/fr\/?s={search_term_string}\"},\"query-input\":\"required name=search_term_string\"}],\"inLanguage\":\"fr-FR\"},{\"@type\":\"Organization\",\"@id\":\"https:\/\/peoplesphere.be\/fr\/#organization\",\"name\":\"Peoplesphere Company srl\",\"url\":\"https:\/\/peoplesphere.be\/fr\/\",\"logo\":{\"@type\":\"ImageObject\",\"inLanguage\":\"fr-FR\",\"@id\":\"https:\/\/peoplesphere.be\/fr\/#\/schema\/logo\/image\/\",\"url\":\"https:\/\/peoplesphere.be\/fr\/wp-content\/uploads\/2023\/07\/peoplesphere-lgo-new-generik.jpg\",\"contentUrl\":\"https:\/\/peoplesphere.be\/fr\/wp-content\/uploads\/2023\/07\/peoplesphere-lgo-new-generik.jpg\",\"width\":1031,\"height\":1479,\"caption\":\"Peoplesphere Company srl\"},\"image\":{\"@id\":\"https:\/\/peoplesphere.be\/fr\/#\/schema\/logo\/image\/\"},\"sameAs\":[\"https:\/\/www.facebook.com\/peoplesphere\",\"https:\/\/twitter.com\/PeoplesphereMag\",\"https:\/\/www.linkedin.com\/company\/7587361?trk\",\"http:\/\/youtube.com\/peoplesphere\"]},{\"@type\":\"Person\",\"@id\":\"https:\/\/peoplesphere.be\/fr\/#\/schema\/person\/7976225ff17988604334abb7b3536a7e\",\"name\":\"Jean-Paul Erhard\",\"image\":{\"@type\":\"ImageObject\",\"inLanguage\":\"fr-FR\",\"@id\":\"https:\/\/peoplesphere.be\/fr\/#\/schema\/person\/image\/\",\"url\":\"https:\/\/secure.gravatar.com\/avatar\/f941e681460179738071629a51574930?s=96&d=mm&r=g\",\"contentUrl\":\"https:\/\/secure.gravatar.com\/avatar\/f941e681460179738071629a51574930?s=96&d=mm&r=g\",\"caption\":\"Jean-Paul Erhard\"},\"url\":\"https:\/\/peoplesphere.be\/fr\/author\/jpe\/\"}]}<\/script>\n<!-- \/ Yoast SEO plugin. -->","yoast_head_json":{"title":"Flexibilit\u00e9, r\u00e9tention, digitalisation, \u00e9quilibre: 4 mots-cl\u00e9s pour la strat\u00e9gie RH de nos entreprises? - Peoplesphere","robots":{"index":"index","follow":"follow","max-snippet":"max-snippet:-1","max-image-preview":"max-image-preview:large","max-video-preview":"max-video-preview:-1"},"canonical":"https:\/\/peoplesphere.be\/fr\/flexibilite-retention-digitalisation-equilibre-4-mots-cles-strategie-rh-de-nos-entreprises\/","og_locale":"fr_FR","og_type":"article","og_title":"Flexibilit\u00e9, r\u00e9tention, digitalisation, \u00e9quilibre: 4 mots-cl\u00e9s pour la strat\u00e9gie RH de nos entreprises? - Peoplesphere","og_description":"Exercice traditionnel de fin d&rsquo;ann\u00e9e: tenter de d\u00e9finir les contours de l&rsquo;ann\u00e9e prochaine en ce qui concerne les priorit\u00e9s RH \u00e0 promouvoir au sein de nos organisations. Le groupe Attentia, positionn\u00e9 en tant que sp\u00e9cialiste RH et Bien-\u00eatre a dress\u00e9 [&hellip;]","og_url":"https:\/\/peoplesphere.be\/fr\/flexibilite-retention-digitalisation-equilibre-4-mots-cles-strategie-rh-de-nos-entreprises\/","og_site_name":"Peoplesphere","article_publisher":"https:\/\/www.facebook.com\/peoplesphere","article_published_time":"2018-12-12T06:55:52+00:00","og_image":[{"url":"http:\/\/www.peoplesphere.be\/fr\/wp-content\/uploads\/2016\/07\/facebook-default-posting-1200x628px.jpg"}],"author":"Jean-Paul Erhard","twitter_card":"summary_large_image","twitter_creator":"@PeoplesphereMag","twitter_site":"@PeoplesphereMag","twitter_misc":{"\u00c9crit par":"Jean-Paul Erhard","Dur\u00e9e de lecture estim\u00e9e":"4 minutes"},"schema":{"@context":"https:\/\/schema.org","@graph":[{"@type":"Article","@id":"https:\/\/peoplesphere.be\/fr\/flexibilite-retention-digitalisation-equilibre-4-mots-cles-strategie-rh-de-nos-entreprises\/#article","isPartOf":{"@id":"https:\/\/peoplesphere.be\/fr\/flexibilite-retention-digitalisation-equilibre-4-mots-cles-strategie-rh-de-nos-entreprises\/"},"author":{"name":"Jean-Paul Erhard","@id":"https:\/\/peoplesphere.be\/fr\/#\/schema\/person\/7976225ff17988604334abb7b3536a7e"},"headline":"Flexibilit\u00e9, r\u00e9tention, digitalisation, \u00e9quilibre: 4 mots-cl\u00e9s pour la strat\u00e9gie RH de nos entreprises?","datePublished":"2018-12-12T06:55:52+00:00","dateModified":"2018-12-12T06:55:52+00:00","mainEntityOfPage":{"@id":"https:\/\/peoplesphere.be\/fr\/flexibilite-retention-digitalisation-equilibre-4-mots-cles-strategie-rh-de-nos-entreprises\/"},"wordCount":848,"publisher":{"@id":"https:\/\/peoplesphere.be\/fr\/#organization"},"keywords":["attentif","bien-\u00eatre","flexibilit\u00e9","lifelong learning","r\u00e9mun\u00e9ration","tendances RH"],"articleSection":["Actualit\u00e9s","Digital"],"inLanguage":"fr-FR"},{"@type":"WebPage","@id":"https:\/\/peoplesphere.be\/fr\/flexibilite-retention-digitalisation-equilibre-4-mots-cles-strategie-rh-de-nos-entreprises\/","url":"https:\/\/peoplesphere.be\/fr\/flexibilite-retention-digitalisation-equilibre-4-mots-cles-strategie-rh-de-nos-entreprises\/","name":"Flexibilit\u00e9, r\u00e9tention, digitalisation, \u00e9quilibre: 4 mots-cl\u00e9s pour la strat\u00e9gie RH de nos entreprises? - Peoplesphere","isPartOf":{"@id":"https:\/\/peoplesphere.be\/fr\/#website"},"datePublished":"2018-12-12T06:55:52+00:00","dateModified":"2018-12-12T06:55:52+00:00","breadcrumb":{"@id":"https:\/\/peoplesphere.be\/fr\/flexibilite-retention-digitalisation-equilibre-4-mots-cles-strategie-rh-de-nos-entreprises\/#breadcrumb"},"inLanguage":"fr-FR","potentialAction":[{"@type":"ReadAction","target":["https:\/\/peoplesphere.be\/fr\/flexibilite-retention-digitalisation-equilibre-4-mots-cles-strategie-rh-de-nos-entreprises\/"]}]},{"@type":"BreadcrumbList","@id":"https:\/\/peoplesphere.be\/fr\/flexibilite-retention-digitalisation-equilibre-4-mots-cles-strategie-rh-de-nos-entreprises\/#breadcrumb","itemListElement":[{"@type":"ListItem","position":1,"name":"Accueil","item":"https:\/\/peoplesphere.be\/fr\/"},{"@type":"ListItem","position":2,"name":"Flexibilit\u00e9, r\u00e9tention, digitalisation, \u00e9quilibre: 4 mots-cl\u00e9s pour la strat\u00e9gie RH de nos entreprises?"}]},{"@type":"WebSite","@id":"https:\/\/peoplesphere.be\/fr\/#website","url":"https:\/\/peoplesphere.be\/fr\/","name":"Peoplesphere","description":"The People Managers Magazine","publisher":{"@id":"https:\/\/peoplesphere.be\/fr\/#organization"},"potentialAction":[{"@type":"SearchAction","target":{"@type":"EntryPoint","urlTemplate":"https:\/\/peoplesphere.be\/fr\/?s={search_term_string}"},"query-input":"required name=search_term_string"}],"inLanguage":"fr-FR"},{"@type":"Organization","@id":"https:\/\/peoplesphere.be\/fr\/#organization","name":"Peoplesphere Company srl","url":"https:\/\/peoplesphere.be\/fr\/","logo":{"@type":"ImageObject","inLanguage":"fr-FR","@id":"https:\/\/peoplesphere.be\/fr\/#\/schema\/logo\/image\/","url":"https:\/\/peoplesphere.be\/fr\/wp-content\/uploads\/2023\/07\/peoplesphere-lgo-new-generik.jpg","contentUrl":"https:\/\/peoplesphere.be\/fr\/wp-content\/uploads\/2023\/07\/peoplesphere-lgo-new-generik.jpg","width":1031,"height":1479,"caption":"Peoplesphere Company srl"},"image":{"@id":"https:\/\/peoplesphere.be\/fr\/#\/schema\/logo\/image\/"},"sameAs":["https:\/\/www.facebook.com\/peoplesphere","https:\/\/twitter.com\/PeoplesphereMag","https:\/\/www.linkedin.com\/company\/7587361?trk","http:\/\/youtube.com\/peoplesphere"]},{"@type":"Person","@id":"https:\/\/peoplesphere.be\/fr\/#\/schema\/person\/7976225ff17988604334abb7b3536a7e","name":"Jean-Paul Erhard","image":{"@type":"ImageObject","inLanguage":"fr-FR","@id":"https:\/\/peoplesphere.be\/fr\/#\/schema\/person\/image\/","url":"https:\/\/secure.gravatar.com\/avatar\/f941e681460179738071629a51574930?s=96&d=mm&r=g","contentUrl":"https:\/\/secure.gravatar.com\/avatar\/f941e681460179738071629a51574930?s=96&d=mm&r=g","caption":"Jean-Paul Erhard"},"url":"https:\/\/peoplesphere.be\/fr\/author\/jpe\/"}]}},"_links":{"self":[{"href":"https:\/\/peoplesphere.be\/fr\/wp-json\/wp\/v2\/posts\/7033"}],"collection":[{"href":"https:\/\/peoplesphere.be\/fr\/wp-json\/wp\/v2\/posts"}],"about":[{"href":"https:\/\/peoplesphere.be\/fr\/wp-json\/wp\/v2\/types\/post"}],"author":[{"embeddable":true,"href":"https:\/\/peoplesphere.be\/fr\/wp-json\/wp\/v2\/users\/2"}],"replies":[{"embeddable":true,"href":"https:\/\/peoplesphere.be\/fr\/wp-json\/wp\/v2\/comments?post=7033"}],"version-history":[{"count":1,"href":"https:\/\/peoplesphere.be\/fr\/wp-json\/wp\/v2\/posts\/7033\/revisions"}],"predecessor-version":[{"id":7034,"href":"https:\/\/peoplesphere.be\/fr\/wp-json\/wp\/v2\/posts\/7033\/revisions\/7034"}],"wp:attachment":[{"href":"https:\/\/peoplesphere.be\/fr\/wp-json\/wp\/v2\/media?parent=7033"}],"wp:term":[{"taxonomy":"category","embeddable":true,"href":"https:\/\/peoplesphere.be\/fr\/wp-json\/wp\/v2\/categories?post=7033"},{"taxonomy":"post_tag","embeddable":true,"href":"https:\/\/peoplesphere.be\/fr\/wp-json\/wp\/v2\/tags?post=7033"}],"curies":[{"name":"wp","href":"https:\/\/api.w.org\/{rel}","templated":true}]}}