









{"id":7066,"date":"2018-12-18T10:37:04","date_gmt":"2018-12-18T08:37:04","guid":{"rendered":"http:\/\/www.peoplesphere.be\/fr\/?p=7066"},"modified":"2018-12-18T10:37:04","modified_gmt":"2018-12-18T08:37:04","slug":"multiplication-espaces-de-coworking-vers-espaces-de-vie-entretenir-communautes-inspirantes","status":"publish","type":"post","link":"https:\/\/peoplesphere.be\/fr\/multiplication-espaces-de-coworking-vers-espaces-de-vie-entretenir-communautes-inspirantes\/","title":{"rendered":"Multiplication des espaces de coworking: vers des espaces de vie pour entretenir des communaut\u00e9s inspirantes."},"content":{"rendered":"<p>De nouveaux espaces de coworking fleurissent chaque jour, avec une forte densit\u00e9 sur Bruxelles mais en r\u00e9gion \u00e9galement. Le \u2018Spaces European District Center\u2019 a ouvert r\u00e9cemment ses portes en plein c\u0153ur du quartier europ\u00e9en. Avec ses quelque 4.400 m2 de bureaux au design novateur, ses espaces de coworking et ses salles de r\u00e9union, ce concept de bureau innovant vise aussi bien les startups que les freelances ou encore les entreprises (inter)nationales qui ont besoin d\u2019un espace de travail inspirant, stimulant et aussi agr\u00e9able pour s\u2019y d\u00e9velopper.<!--more--><\/p>\n<p>Acteur de taille mondiale, Spaces a pour objectif de cr\u00e9er un environnement de travail cr\u00e9atif, personnel et stimulant au sein duquel une communaut\u00e9 de startups, d\u2019entrepreneurs, de PME et d\u2019entreprises (inter)nationales visionnaires peuvent se rencontrer et s\u2019inspirer mutuellement.\u00a0Le \u2018Spaces European District Center\u2019 est dispos\u00e9 sur cinq \u00e9tages dans un b\u00e2timent moderne sur la rue Belliard. La lumi\u00e8re naturelle qui p\u00e9n\u00e8tre par les immenses baies vitr\u00e9es et l\u2019am\u00e9nagement int\u00e9rieur en font un espace de coworking\u00a0remarquable.<\/p>\n<p>Dot\u00e9 d&rsquo;un\u00a0restaurant-caf\u00e9 trendy Green Kitchen et d&rsquo;un jardin d&rsquo;environ 400 m2 rehauss\u00e9 par la pr\u00e9sence d&rsquo;un marronnier centenaire, l&rsquo;espace propose un am\u00e9nagement permettant de travailler et de se d\u00e9tendre par beau temps.<\/p>\n<p>William Willems, Directeur G\u00e9n\u00e9ral de Spaces Belgique: <em>\u201cIl s&rsquo;agit aussi un endroit agr\u00e9able pour profiter des moments o\u00f9 on ne doit pas travailler. Parall\u00e8lement, nous d\u00e9sirons d\u00e9velopper et renforcer une communaut\u00e9 de professionnels partageant les m\u00eames id\u00e9es gr\u00e2ce \u00e0 diff\u00e9rentes activit\u00e9s tels que des workshops, des conf\u00e9rences, des lunchs de r\u00e9seautage et autres \u00e9v\u00e9nements.\u201d<\/em><\/p>\n<p><em><strong>20 nouveaux centres\u00a0pour 2020<\/strong><\/em><\/p>\n<p>Afin de r\u00e9pondre \u00e0 la demande croissante d\u2019espaces de coworking, le premier Spaces belge a vu le jour dans le Pegasus Park \u00e0 Diegem. En 2019, le prochain ouvrira ses portes tr\u00e8s bient\u00f4t \u00e0 Malines sur Kardinaal Mercierplein et d\u2019autres suivront \u00e0 Anvers (Post X) et \u00e0 Bruxelles (\u00e0 la Bourse et \u00e0 Tour&amp;Taxis).<br \/>\n<em>\u201cLa demande pour nos espaces de coworking inspirants explose litt\u00e9ralement. Le Spaces Brussels Airport \u00e0 Diegem est d\u00e9j\u00e0 complet et je suis convaincu que notre nouveau bureau \u00e0 Bruxelles va tr\u00e8s vite se remplir. D\u2019ici \u00e0 2020, je cible l\u2019ouverture de pas moins d\u2019une vingtaine de localisations en Belgique \u00bb<\/em> explique William Willems.\u00a0Sur le plan international, le concept de bureaux \u00e9volue \u00e9galement rapidement : aujourd\u2019hui la communaut\u00e9 Spaces compte quelque 250 bureaux dans le monde.<\/p>\n","protected":false},"excerpt":{"rendered":"<p>De nouveaux espaces de coworking fleurissent chaque jour, avec une forte densit\u00e9 sur Bruxelles mais en r\u00e9gion \u00e9galement. Le \u2018Spaces European District Center\u2019 a ouvert r\u00e9cemment ses portes en plein c\u0153ur du quartier europ\u00e9en. Avec ses quelque 4.400 m2 de [&hellip;]<\/p>\n","protected":false},"author":2,"featured_media":0,"comment_status":"closed","ping_status":"open","sticky":false,"template":"","format":"standard","meta":[],"categories":[65,10],"tags":[353,165,2362,155,2361],"yoast_head":"<!-- This site is optimized with the Yoast SEO plugin v21.0 - https:\/\/yoast.com\/wordpress\/plugins\/seo\/ -->\n<title>Multiplication des espaces de coworking: vers des espaces de vie pour entretenir des communaut\u00e9s inspirantes. - Peoplesphere<\/title>\n<meta name=\"robots\" content=\"index, follow, max-snippet:-1, max-image-preview:large, max-video-preview:-1\" \/>\n<link rel=\"canonical\" href=\"https:\/\/peoplesphere.be\/fr\/multiplication-espaces-de-coworking-vers-espaces-de-vie-entretenir-communautes-inspirantes\/\" \/>\n<meta property=\"og:locale\" content=\"fr_FR\" \/>\n<meta property=\"og:type\" content=\"article\" \/>\n<meta property=\"og:title\" content=\"Multiplication des espaces de coworking: vers des espaces de vie pour entretenir des communaut\u00e9s inspirantes. - Peoplesphere\" \/>\n<meta property=\"og:description\" content=\"De nouveaux espaces de coworking fleurissent chaque jour, avec une forte densit\u00e9 sur Bruxelles mais en r\u00e9gion \u00e9galement. Le \u2018Spaces European District Center\u2019 a ouvert r\u00e9cemment ses portes en plein c\u0153ur du quartier europ\u00e9en. Avec ses quelque 4.400 m2 de [&hellip;]\" \/>\n<meta property=\"og:url\" content=\"https:\/\/peoplesphere.be\/fr\/multiplication-espaces-de-coworking-vers-espaces-de-vie-entretenir-communautes-inspirantes\/\" \/>\n<meta property=\"og:site_name\" content=\"Peoplesphere\" \/>\n<meta property=\"article:publisher\" content=\"https:\/\/www.facebook.com\/peoplesphere\" \/>\n<meta property=\"article:published_time\" content=\"2018-12-18T08:37:04+00:00\" \/>\n<meta property=\"og:image\" content=\"http:\/\/www.peoplesphere.be\/fr\/wp-content\/uploads\/2016\/07\/facebook-default-posting-1200x628px.jpg\" \/>\n<meta name=\"author\" content=\"Jean-Paul Erhard\" \/>\n<meta name=\"twitter:card\" content=\"summary_large_image\" \/>\n<meta name=\"twitter:creator\" content=\"@PeoplesphereMag\" \/>\n<meta name=\"twitter:site\" content=\"@PeoplesphereMag\" \/>\n<meta name=\"twitter:label1\" content=\"\u00c9crit par\" \/>\n\t<meta name=\"twitter:data1\" content=\"Jean-Paul Erhard\" \/>\n\t<meta name=\"twitter:label2\" content=\"Dur\u00e9e de lecture estim\u00e9e\" \/>\n\t<meta name=\"twitter:data2\" content=\"2 minutes\" \/>\n<script type=\"application\/ld+json\" class=\"yoast-schema-graph\">{\"@context\":\"https:\/\/schema.org\",\"@graph\":[{\"@type\":\"Article\",\"@id\":\"https:\/\/peoplesphere.be\/fr\/multiplication-espaces-de-coworking-vers-espaces-de-vie-entretenir-communautes-inspirantes\/#article\",\"isPartOf\":{\"@id\":\"https:\/\/peoplesphere.be\/fr\/multiplication-espaces-de-coworking-vers-espaces-de-vie-entretenir-communautes-inspirantes\/\"},\"author\":{\"name\":\"Jean-Paul Erhard\",\"@id\":\"https:\/\/peoplesphere.be\/fr\/#\/schema\/person\/7976225ff17988604334abb7b3536a7e\"},\"headline\":\"Multiplication des espaces de coworking: vers des espaces de vie pour entretenir des communaut\u00e9s inspirantes.\",\"datePublished\":\"2018-12-18T08:37:04+00:00\",\"dateModified\":\"2018-12-18T08:37:04+00:00\",\"mainEntityOfPage\":{\"@id\":\"https:\/\/peoplesphere.be\/fr\/multiplication-espaces-de-coworking-vers-espaces-de-vie-entretenir-communautes-inspirantes\/\"},\"wordCount\":435,\"publisher\":{\"@id\":\"https:\/\/peoplesphere.be\/fr\/#organization\"},\"keywords\":[\"coworking\",\"environnement de travail\",\"inspiration\",\"nwow\",\"spaces\"],\"articleSection\":[\"Actualit\u00e9s\",\"Digital\"],\"inLanguage\":\"fr-FR\"},{\"@type\":\"WebPage\",\"@id\":\"https:\/\/peoplesphere.be\/fr\/multiplication-espaces-de-coworking-vers-espaces-de-vie-entretenir-communautes-inspirantes\/\",\"url\":\"https:\/\/peoplesphere.be\/fr\/multiplication-espaces-de-coworking-vers-espaces-de-vie-entretenir-communautes-inspirantes\/\",\"name\":\"Multiplication des espaces de coworking: vers des espaces de vie pour entretenir des communaut\u00e9s inspirantes. - Peoplesphere\",\"isPartOf\":{\"@id\":\"https:\/\/peoplesphere.be\/fr\/#website\"},\"datePublished\":\"2018-12-18T08:37:04+00:00\",\"dateModified\":\"2018-12-18T08:37:04+00:00\",\"breadcrumb\":{\"@id\":\"https:\/\/peoplesphere.be\/fr\/multiplication-espaces-de-coworking-vers-espaces-de-vie-entretenir-communautes-inspirantes\/#breadcrumb\"},\"inLanguage\":\"fr-FR\",\"potentialAction\":[{\"@type\":\"ReadAction\",\"target\":[\"https:\/\/peoplesphere.be\/fr\/multiplication-espaces-de-coworking-vers-espaces-de-vie-entretenir-communautes-inspirantes\/\"]}]},{\"@type\":\"BreadcrumbList\",\"@id\":\"https:\/\/peoplesphere.be\/fr\/multiplication-espaces-de-coworking-vers-espaces-de-vie-entretenir-communautes-inspirantes\/#breadcrumb\",\"itemListElement\":[{\"@type\":\"ListItem\",\"position\":1,\"name\":\"Accueil\",\"item\":\"https:\/\/peoplesphere.be\/fr\/\"},{\"@type\":\"ListItem\",\"position\":2,\"name\":\"Multiplication des espaces de coworking: vers des espaces de vie pour entretenir des communaut\u00e9s inspirantes.\"}]},{\"@type\":\"WebSite\",\"@id\":\"https:\/\/peoplesphere.be\/fr\/#website\",\"url\":\"https:\/\/peoplesphere.be\/fr\/\",\"name\":\"Peoplesphere\",\"description\":\"The People Managers Magazine\",\"publisher\":{\"@id\":\"https:\/\/peoplesphere.be\/fr\/#organization\"},\"potentialAction\":[{\"@type\":\"SearchAction\",\"target\":{\"@type\":\"EntryPoint\",\"urlTemplate\":\"https:\/\/peoplesphere.be\/fr\/?s={search_term_string}\"},\"query-input\":\"required name=search_term_string\"}],\"inLanguage\":\"fr-FR\"},{\"@type\":\"Organization\",\"@id\":\"https:\/\/peoplesphere.be\/fr\/#organization\",\"name\":\"Peoplesphere Company srl\",\"url\":\"https:\/\/peoplesphere.be\/fr\/\",\"logo\":{\"@type\":\"ImageObject\",\"inLanguage\":\"fr-FR\",\"@id\":\"https:\/\/peoplesphere.be\/fr\/#\/schema\/logo\/image\/\",\"url\":\"https:\/\/peoplesphere.be\/fr\/wp-content\/uploads\/2023\/07\/peoplesphere-lgo-new-generik.jpg\",\"contentUrl\":\"https:\/\/peoplesphere.be\/fr\/wp-content\/uploads\/2023\/07\/peoplesphere-lgo-new-generik.jpg\",\"width\":1031,\"height\":1479,\"caption\":\"Peoplesphere Company srl\"},\"image\":{\"@id\":\"https:\/\/peoplesphere.be\/fr\/#\/schema\/logo\/image\/\"},\"sameAs\":[\"https:\/\/www.facebook.com\/peoplesphere\",\"https:\/\/twitter.com\/PeoplesphereMag\",\"https:\/\/www.linkedin.com\/company\/7587361?trk\",\"http:\/\/youtube.com\/peoplesphere\"]},{\"@type\":\"Person\",\"@id\":\"https:\/\/peoplesphere.be\/fr\/#\/schema\/person\/7976225ff17988604334abb7b3536a7e\",\"name\":\"Jean-Paul Erhard\",\"image\":{\"@type\":\"ImageObject\",\"inLanguage\":\"fr-FR\",\"@id\":\"https:\/\/peoplesphere.be\/fr\/#\/schema\/person\/image\/\",\"url\":\"https:\/\/secure.gravatar.com\/avatar\/f941e681460179738071629a51574930?s=96&d=mm&r=g\",\"contentUrl\":\"https:\/\/secure.gravatar.com\/avatar\/f941e681460179738071629a51574930?s=96&d=mm&r=g\",\"caption\":\"Jean-Paul Erhard\"},\"url\":\"https:\/\/peoplesphere.be\/fr\/author\/jpe\/\"}]}<\/script>\n<!-- \/ Yoast SEO plugin. -->","yoast_head_json":{"title":"Multiplication des espaces de coworking: vers des espaces de vie pour entretenir des communaut\u00e9s inspirantes. - Peoplesphere","robots":{"index":"index","follow":"follow","max-snippet":"max-snippet:-1","max-image-preview":"max-image-preview:large","max-video-preview":"max-video-preview:-1"},"canonical":"https:\/\/peoplesphere.be\/fr\/multiplication-espaces-de-coworking-vers-espaces-de-vie-entretenir-communautes-inspirantes\/","og_locale":"fr_FR","og_type":"article","og_title":"Multiplication des espaces de coworking: vers des espaces de vie pour entretenir des communaut\u00e9s inspirantes. - Peoplesphere","og_description":"De nouveaux espaces de coworking fleurissent chaque jour, avec une forte densit\u00e9 sur Bruxelles mais en r\u00e9gion \u00e9galement. Le \u2018Spaces European District Center\u2019 a ouvert r\u00e9cemment ses portes en plein c\u0153ur du quartier europ\u00e9en. Avec ses quelque 4.400 m2 de [&hellip;]","og_url":"https:\/\/peoplesphere.be\/fr\/multiplication-espaces-de-coworking-vers-espaces-de-vie-entretenir-communautes-inspirantes\/","og_site_name":"Peoplesphere","article_publisher":"https:\/\/www.facebook.com\/peoplesphere","article_published_time":"2018-12-18T08:37:04+00:00","og_image":[{"url":"http:\/\/www.peoplesphere.be\/fr\/wp-content\/uploads\/2016\/07\/facebook-default-posting-1200x628px.jpg"}],"author":"Jean-Paul Erhard","twitter_card":"summary_large_image","twitter_creator":"@PeoplesphereMag","twitter_site":"@PeoplesphereMag","twitter_misc":{"\u00c9crit par":"Jean-Paul Erhard","Dur\u00e9e de lecture estim\u00e9e":"2 minutes"},"schema":{"@context":"https:\/\/schema.org","@graph":[{"@type":"Article","@id":"https:\/\/peoplesphere.be\/fr\/multiplication-espaces-de-coworking-vers-espaces-de-vie-entretenir-communautes-inspirantes\/#article","isPartOf":{"@id":"https:\/\/peoplesphere.be\/fr\/multiplication-espaces-de-coworking-vers-espaces-de-vie-entretenir-communautes-inspirantes\/"},"author":{"name":"Jean-Paul Erhard","@id":"https:\/\/peoplesphere.be\/fr\/#\/schema\/person\/7976225ff17988604334abb7b3536a7e"},"headline":"Multiplication des espaces de coworking: vers des espaces de vie pour entretenir des communaut\u00e9s inspirantes.","datePublished":"2018-12-18T08:37:04+00:00","dateModified":"2018-12-18T08:37:04+00:00","mainEntityOfPage":{"@id":"https:\/\/peoplesphere.be\/fr\/multiplication-espaces-de-coworking-vers-espaces-de-vie-entretenir-communautes-inspirantes\/"},"wordCount":435,"publisher":{"@id":"https:\/\/peoplesphere.be\/fr\/#organization"},"keywords":["coworking","environnement de travail","inspiration","nwow","spaces"],"articleSection":["Actualit\u00e9s","Digital"],"inLanguage":"fr-FR"},{"@type":"WebPage","@id":"https:\/\/peoplesphere.be\/fr\/multiplication-espaces-de-coworking-vers-espaces-de-vie-entretenir-communautes-inspirantes\/","url":"https:\/\/peoplesphere.be\/fr\/multiplication-espaces-de-coworking-vers-espaces-de-vie-entretenir-communautes-inspirantes\/","name":"Multiplication des espaces de coworking: vers des espaces de vie pour entretenir des communaut\u00e9s inspirantes. - Peoplesphere","isPartOf":{"@id":"https:\/\/peoplesphere.be\/fr\/#website"},"datePublished":"2018-12-18T08:37:04+00:00","dateModified":"2018-12-18T08:37:04+00:00","breadcrumb":{"@id":"https:\/\/peoplesphere.be\/fr\/multiplication-espaces-de-coworking-vers-espaces-de-vie-entretenir-communautes-inspirantes\/#breadcrumb"},"inLanguage":"fr-FR","potentialAction":[{"@type":"ReadAction","target":["https:\/\/peoplesphere.be\/fr\/multiplication-espaces-de-coworking-vers-espaces-de-vie-entretenir-communautes-inspirantes\/"]}]},{"@type":"BreadcrumbList","@id":"https:\/\/peoplesphere.be\/fr\/multiplication-espaces-de-coworking-vers-espaces-de-vie-entretenir-communautes-inspirantes\/#breadcrumb","itemListElement":[{"@type":"ListItem","position":1,"name":"Accueil","item":"https:\/\/peoplesphere.be\/fr\/"},{"@type":"ListItem","position":2,"name":"Multiplication des espaces de coworking: vers des espaces de vie pour entretenir des communaut\u00e9s inspirantes."}]},{"@type":"WebSite","@id":"https:\/\/peoplesphere.be\/fr\/#website","url":"https:\/\/peoplesphere.be\/fr\/","name":"Peoplesphere","description":"The People Managers Magazine","publisher":{"@id":"https:\/\/peoplesphere.be\/fr\/#organization"},"potentialAction":[{"@type":"SearchAction","target":{"@type":"EntryPoint","urlTemplate":"https:\/\/peoplesphere.be\/fr\/?s={search_term_string}"},"query-input":"required name=search_term_string"}],"inLanguage":"fr-FR"},{"@type":"Organization","@id":"https:\/\/peoplesphere.be\/fr\/#organization","name":"Peoplesphere Company srl","url":"https:\/\/peoplesphere.be\/fr\/","logo":{"@type":"ImageObject","inLanguage":"fr-FR","@id":"https:\/\/peoplesphere.be\/fr\/#\/schema\/logo\/image\/","url":"https:\/\/peoplesphere.be\/fr\/wp-content\/uploads\/2023\/07\/peoplesphere-lgo-new-generik.jpg","contentUrl":"https:\/\/peoplesphere.be\/fr\/wp-content\/uploads\/2023\/07\/peoplesphere-lgo-new-generik.jpg","width":1031,"height":1479,"caption":"Peoplesphere Company srl"},"image":{"@id":"https:\/\/peoplesphere.be\/fr\/#\/schema\/logo\/image\/"},"sameAs":["https:\/\/www.facebook.com\/peoplesphere","https:\/\/twitter.com\/PeoplesphereMag","https:\/\/www.linkedin.com\/company\/7587361?trk","http:\/\/youtube.com\/peoplesphere"]},{"@type":"Person","@id":"https:\/\/peoplesphere.be\/fr\/#\/schema\/person\/7976225ff17988604334abb7b3536a7e","name":"Jean-Paul Erhard","image":{"@type":"ImageObject","inLanguage":"fr-FR","@id":"https:\/\/peoplesphere.be\/fr\/#\/schema\/person\/image\/","url":"https:\/\/secure.gravatar.com\/avatar\/f941e681460179738071629a51574930?s=96&d=mm&r=g","contentUrl":"https:\/\/secure.gravatar.com\/avatar\/f941e681460179738071629a51574930?s=96&d=mm&r=g","caption":"Jean-Paul Erhard"},"url":"https:\/\/peoplesphere.be\/fr\/author\/jpe\/"}]}},"_links":{"self":[{"href":"https:\/\/peoplesphere.be\/fr\/wp-json\/wp\/v2\/posts\/7066"}],"collection":[{"href":"https:\/\/peoplesphere.be\/fr\/wp-json\/wp\/v2\/posts"}],"about":[{"href":"https:\/\/peoplesphere.be\/fr\/wp-json\/wp\/v2\/types\/post"}],"author":[{"embeddable":true,"href":"https:\/\/peoplesphere.be\/fr\/wp-json\/wp\/v2\/users\/2"}],"replies":[{"embeddable":true,"href":"https:\/\/peoplesphere.be\/fr\/wp-json\/wp\/v2\/comments?post=7066"}],"version-history":[{"count":1,"href":"https:\/\/peoplesphere.be\/fr\/wp-json\/wp\/v2\/posts\/7066\/revisions"}],"predecessor-version":[{"id":7067,"href":"https:\/\/peoplesphere.be\/fr\/wp-json\/wp\/v2\/posts\/7066\/revisions\/7067"}],"wp:attachment":[{"href":"https:\/\/peoplesphere.be\/fr\/wp-json\/wp\/v2\/media?parent=7066"}],"wp:term":[{"taxonomy":"category","embeddable":true,"href":"https:\/\/peoplesphere.be\/fr\/wp-json\/wp\/v2\/categories?post=7066"},{"taxonomy":"post_tag","embeddable":true,"href":"https:\/\/peoplesphere.be\/fr\/wp-json\/wp\/v2\/tags?post=7066"}],"curies":[{"name":"wp","href":"https:\/\/api.w.org\/{rel}","templated":true}]}}