









{"id":7136,"date":"2019-01-03T10:42:03","date_gmt":"2019-01-03T08:42:03","guid":{"rendered":"http:\/\/www.peoplesphere.be\/fr\/?p=7136"},"modified":"2019-01-03T10:42:03","modified_gmt":"2019-01-03T08:42:03","slug":"fins-de-carriere-linami-confirme-craintes-de-fgtb-quant-recours-regime-dinvalidite","status":"publish","type":"post","link":"https:\/\/peoplesphere.be\/fr\/fins-de-carriere-linami-confirme-craintes-de-fgtb-quant-recours-regime-dinvalidite\/","title":{"rendered":"Fins de carri\u00e8re: l&rsquo;INAMI confirme les craintes de la FGTB quant au recours au r\u00e9gime d&rsquo;invalidit\u00e9."},"content":{"rendered":"<p>Le nombre de travailleurs \u00e2g\u00e9s tombant sous le r\u00e9gime d&rsquo;invalidit\u00e9 a doubl\u00e9 depuis 2004. Ils sont plus de 87.000 \u00e0 d\u00e9pendre aujourd\u2019hui de la caisse maladie-invalidit\u00e9, et cela a un co\u00fbt pour l\u2019INAMI : pr\u00e8s de 1.300.000.000 d\u2019euros. Un quart des d\u00e9penses de l\u2019INAMI est li\u00e9 aux 59-64 ans qui d\u00e9pendent de la caisse maladie-invalidit\u00e9. En cause, la disparition progressive des dispositifs de pr\u00e9pensions qui n&rsquo;aurait pas \u00e9t\u00e9 compens\u00e9e par d&rsquo;autres mesures d&rsquo;accompagnement des fins de carri\u00e8re.\u00a0<!--more--><\/p>\n<p>Comme l\u2019explique Fran\u00e7ois Perl, directeur g\u00e9n\u00e9ral du service indemnit\u00e9s \u00e0 l\u2019INAMI, aupr\u00e8s de la RTBF: <em>\u00ab\u00a0Avec les pr\u00e9pensions individuelles ou collectives,\u00a0on avait un outil de gestion de fin de carri\u00e8re qui \u00e9tait certes co\u00fbteux, mais qui fonctionnait bien. Il a \u00e9t\u00e9 supprim\u00e9, et donc forc\u00e9ment, si on n\u2019a pas pris \u00e0 c\u00f4t\u00e9 des mesures en mati\u00e8re de renforcement ou plut\u00f4t d\u2019accompagnement des travailleurs \u00e2g\u00e9s ou de maintien au travail des travailleurs \u00e2g\u00e9s, c\u2019est logique que les travailleurs qui auparavant pouvaient b\u00e9n\u00e9ficier de pr\u00e9pensions, quand ils tombent malades \u2014 je crois que c\u2019est important de le dire \u2014 n\u2019ont plus qu\u2019un seul r\u00e9gime vers lequel se tourner, c\u2019est-\u00e0-dire le r\u00e9gime d\u2019invalidit\u00e9\u00a0\u00bb.<\/em><\/p>\n<p>L&rsquo;occasion pour Jean-Fran\u00e7ois Tamellini, secr\u00e9taire f\u00e9d\u00e9ral de la FGTB de rappeler que point de vue syndical,les seuls gagnants dans ce transfert, ce sont les employeurs: <em>\u00ab\u00a0On constate sur le terrain, sur base des t\u00e9moignages de travailleurs que nous rencontrons tous les jours, des travailleurs et travailleuses qui sont effectivement confront\u00e9s au probl\u00e8me de ne plus \u00eatre en capacit\u00e9 de pouvoir partir en pr\u00e9pension. Ces travailleurs, \u00e9tant forc\u00e9s de devoir travailler plus longtemps, n\u2019en sont pas capables et basculent sur le budget maladie\u00a0\u00bb.<\/em><\/p>\n<p>Outre les transferts importants que l\u2019on constate des pr\u00e9pensions vers le budget de l\u2019INAMI, Jean-Fran\u00e7ois Tamellini rel\u00e8ve un autre effet pervers: <em>\u00ab\u00a0On peut dire clairement que les seuls gagnants dans ce transfert, ce sont les employeurs qui auparavant devaient payer un compl\u00e9ment d\u2019entreprise pour am\u00e9liorer l\u2019indemnit\u00e9 ch\u00f4mage. Ici, cette indemnit\u00e9, ce compl\u00e9ment patronal tombe et c\u2019est une charge exclusive sur l\u2019invalidit\u00e9, c\u2019est-\u00e0-dire \u00e0 charge de la collectivit\u00e9\u00a0\u00bb.<\/em><\/p>\n<p>Source : Belga &#8211; RTBF<\/p>\n","protected":false},"excerpt":{"rendered":"<p>Le nombre de travailleurs \u00e2g\u00e9s tombant sous le r\u00e9gime d&rsquo;invalidit\u00e9 a doubl\u00e9 depuis 2004. Ils sont plus de 87.000 \u00e0 d\u00e9pendre aujourd\u2019hui de la caisse maladie-invalidit\u00e9, et cela a un co\u00fbt pour l\u2019INAMI : pr\u00e8s de 1.300.000.000 d\u2019euros. Un quart [&hellip;]<\/p>\n","protected":false},"author":2,"featured_media":0,"comment_status":"closed","ping_status":"open","sticky":false,"template":"","format":"standard","meta":[],"categories":[65,10],"tags":[1186,2254,1102,2380,2379],"yoast_head":"<!-- This site is optimized with the Yoast SEO plugin v21.0 - https:\/\/yoast.com\/wordpress\/plugins\/seo\/ -->\n<title>Fins de carri\u00e8re: l&#039;INAMI confirme les craintes de la FGTB quant au recours au r\u00e9gime d&#039;invalidit\u00e9. - Peoplesphere<\/title>\n<meta name=\"robots\" content=\"index, follow, max-snippet:-1, max-image-preview:large, max-video-preview:-1\" \/>\n<link rel=\"canonical\" href=\"https:\/\/peoplesphere.be\/fr\/fins-de-carriere-linami-confirme-craintes-de-fgtb-quant-recours-regime-dinvalidite\/\" \/>\n<meta property=\"og:locale\" content=\"fr_FR\" \/>\n<meta property=\"og:type\" content=\"article\" \/>\n<meta property=\"og:title\" content=\"Fins de carri\u00e8re: l&#039;INAMI confirme les craintes de la FGTB quant au recours au r\u00e9gime d&#039;invalidit\u00e9. - Peoplesphere\" \/>\n<meta property=\"og:description\" content=\"Le nombre de travailleurs \u00e2g\u00e9s tombant sous le r\u00e9gime d&rsquo;invalidit\u00e9 a doubl\u00e9 depuis 2004. Ils sont plus de 87.000 \u00e0 d\u00e9pendre aujourd\u2019hui de la caisse maladie-invalidit\u00e9, et cela a un co\u00fbt pour l\u2019INAMI : pr\u00e8s de 1.300.000.000 d\u2019euros. Un quart [&hellip;]\" \/>\n<meta property=\"og:url\" content=\"https:\/\/peoplesphere.be\/fr\/fins-de-carriere-linami-confirme-craintes-de-fgtb-quant-recours-regime-dinvalidite\/\" \/>\n<meta property=\"og:site_name\" content=\"Peoplesphere\" \/>\n<meta property=\"article:publisher\" content=\"https:\/\/www.facebook.com\/peoplesphere\" \/>\n<meta property=\"article:published_time\" content=\"2019-01-03T08:42:03+00:00\" \/>\n<meta property=\"og:image\" content=\"http:\/\/www.peoplesphere.be\/fr\/wp-content\/uploads\/2016\/07\/facebook-default-posting-1200x628px.jpg\" \/>\n<meta name=\"author\" content=\"Jean-Paul Erhard\" \/>\n<meta name=\"twitter:card\" content=\"summary_large_image\" \/>\n<meta name=\"twitter:creator\" content=\"@PeoplesphereMag\" \/>\n<meta name=\"twitter:site\" content=\"@PeoplesphereMag\" \/>\n<meta name=\"twitter:label1\" content=\"\u00c9crit par\" \/>\n\t<meta name=\"twitter:data1\" content=\"Jean-Paul Erhard\" \/>\n\t<meta name=\"twitter:label2\" content=\"Dur\u00e9e de lecture estim\u00e9e\" \/>\n\t<meta name=\"twitter:data2\" content=\"2 minutes\" \/>\n<script type=\"application\/ld+json\" class=\"yoast-schema-graph\">{\"@context\":\"https:\/\/schema.org\",\"@graph\":[{\"@type\":\"Article\",\"@id\":\"https:\/\/peoplesphere.be\/fr\/fins-de-carriere-linami-confirme-craintes-de-fgtb-quant-recours-regime-dinvalidite\/#article\",\"isPartOf\":{\"@id\":\"https:\/\/peoplesphere.be\/fr\/fins-de-carriere-linami-confirme-craintes-de-fgtb-quant-recours-regime-dinvalidite\/\"},\"author\":{\"name\":\"Jean-Paul Erhard\",\"@id\":\"https:\/\/peoplesphere.be\/fr\/#\/schema\/person\/7976225ff17988604334abb7b3536a7e\"},\"headline\":\"Fins de carri\u00e8re: l&rsquo;INAMI confirme les craintes de la FGTB quant au recours au r\u00e9gime d&rsquo;invalidit\u00e9.\",\"datePublished\":\"2019-01-03T08:42:03+00:00\",\"dateModified\":\"2019-01-03T08:42:03+00:00\",\"mainEntityOfPage\":{\"@id\":\"https:\/\/peoplesphere.be\/fr\/fins-de-carriere-linami-confirme-craintes-de-fgtb-quant-recours-regime-dinvalidite\/\"},\"wordCount\":419,\"publisher\":{\"@id\":\"https:\/\/peoplesphere.be\/fr\/#organization\"},\"keywords\":[\"FGTB\",\"fins de carri\u00e8re\",\"inami\",\"invalidt\u00e9\",\"pr\u00e9pensions\"],\"articleSection\":[\"Actualit\u00e9s\",\"Digital\"],\"inLanguage\":\"fr-FR\"},{\"@type\":\"WebPage\",\"@id\":\"https:\/\/peoplesphere.be\/fr\/fins-de-carriere-linami-confirme-craintes-de-fgtb-quant-recours-regime-dinvalidite\/\",\"url\":\"https:\/\/peoplesphere.be\/fr\/fins-de-carriere-linami-confirme-craintes-de-fgtb-quant-recours-regime-dinvalidite\/\",\"name\":\"Fins de carri\u00e8re: l'INAMI confirme les craintes de la FGTB quant au recours au r\u00e9gime d'invalidit\u00e9. - Peoplesphere\",\"isPartOf\":{\"@id\":\"https:\/\/peoplesphere.be\/fr\/#website\"},\"datePublished\":\"2019-01-03T08:42:03+00:00\",\"dateModified\":\"2019-01-03T08:42:03+00:00\",\"breadcrumb\":{\"@id\":\"https:\/\/peoplesphere.be\/fr\/fins-de-carriere-linami-confirme-craintes-de-fgtb-quant-recours-regime-dinvalidite\/#breadcrumb\"},\"inLanguage\":\"fr-FR\",\"potentialAction\":[{\"@type\":\"ReadAction\",\"target\":[\"https:\/\/peoplesphere.be\/fr\/fins-de-carriere-linami-confirme-craintes-de-fgtb-quant-recours-regime-dinvalidite\/\"]}]},{\"@type\":\"BreadcrumbList\",\"@id\":\"https:\/\/peoplesphere.be\/fr\/fins-de-carriere-linami-confirme-craintes-de-fgtb-quant-recours-regime-dinvalidite\/#breadcrumb\",\"itemListElement\":[{\"@type\":\"ListItem\",\"position\":1,\"name\":\"Accueil\",\"item\":\"https:\/\/peoplesphere.be\/fr\/\"},{\"@type\":\"ListItem\",\"position\":2,\"name\":\"Fins de carri\u00e8re: l&rsquo;INAMI confirme les craintes de la FGTB quant au recours au r\u00e9gime d&rsquo;invalidit\u00e9.\"}]},{\"@type\":\"WebSite\",\"@id\":\"https:\/\/peoplesphere.be\/fr\/#website\",\"url\":\"https:\/\/peoplesphere.be\/fr\/\",\"name\":\"Peoplesphere\",\"description\":\"The People Managers Magazine\",\"publisher\":{\"@id\":\"https:\/\/peoplesphere.be\/fr\/#organization\"},\"potentialAction\":[{\"@type\":\"SearchAction\",\"target\":{\"@type\":\"EntryPoint\",\"urlTemplate\":\"https:\/\/peoplesphere.be\/fr\/?s={search_term_string}\"},\"query-input\":\"required name=search_term_string\"}],\"inLanguage\":\"fr-FR\"},{\"@type\":\"Organization\",\"@id\":\"https:\/\/peoplesphere.be\/fr\/#organization\",\"name\":\"Peoplesphere Company srl\",\"url\":\"https:\/\/peoplesphere.be\/fr\/\",\"logo\":{\"@type\":\"ImageObject\",\"inLanguage\":\"fr-FR\",\"@id\":\"https:\/\/peoplesphere.be\/fr\/#\/schema\/logo\/image\/\",\"url\":\"https:\/\/peoplesphere.be\/fr\/wp-content\/uploads\/2023\/07\/peoplesphere-lgo-new-generik.jpg\",\"contentUrl\":\"https:\/\/peoplesphere.be\/fr\/wp-content\/uploads\/2023\/07\/peoplesphere-lgo-new-generik.jpg\",\"width\":1031,\"height\":1479,\"caption\":\"Peoplesphere Company srl\"},\"image\":{\"@id\":\"https:\/\/peoplesphere.be\/fr\/#\/schema\/logo\/image\/\"},\"sameAs\":[\"https:\/\/www.facebook.com\/peoplesphere\",\"https:\/\/twitter.com\/PeoplesphereMag\",\"https:\/\/www.linkedin.com\/company\/7587361?trk\",\"http:\/\/youtube.com\/peoplesphere\"]},{\"@type\":\"Person\",\"@id\":\"https:\/\/peoplesphere.be\/fr\/#\/schema\/person\/7976225ff17988604334abb7b3536a7e\",\"name\":\"Jean-Paul Erhard\",\"image\":{\"@type\":\"ImageObject\",\"inLanguage\":\"fr-FR\",\"@id\":\"https:\/\/peoplesphere.be\/fr\/#\/schema\/person\/image\/\",\"url\":\"https:\/\/secure.gravatar.com\/avatar\/f941e681460179738071629a51574930?s=96&d=mm&r=g\",\"contentUrl\":\"https:\/\/secure.gravatar.com\/avatar\/f941e681460179738071629a51574930?s=96&d=mm&r=g\",\"caption\":\"Jean-Paul Erhard\"},\"url\":\"https:\/\/peoplesphere.be\/fr\/author\/jpe\/\"}]}<\/script>\n<!-- \/ Yoast SEO plugin. -->","yoast_head_json":{"title":"Fins de carri\u00e8re: l'INAMI confirme les craintes de la FGTB quant au recours au r\u00e9gime d'invalidit\u00e9. - Peoplesphere","robots":{"index":"index","follow":"follow","max-snippet":"max-snippet:-1","max-image-preview":"max-image-preview:large","max-video-preview":"max-video-preview:-1"},"canonical":"https:\/\/peoplesphere.be\/fr\/fins-de-carriere-linami-confirme-craintes-de-fgtb-quant-recours-regime-dinvalidite\/","og_locale":"fr_FR","og_type":"article","og_title":"Fins de carri\u00e8re: l'INAMI confirme les craintes de la FGTB quant au recours au r\u00e9gime d'invalidit\u00e9. - Peoplesphere","og_description":"Le nombre de travailleurs \u00e2g\u00e9s tombant sous le r\u00e9gime d&rsquo;invalidit\u00e9 a doubl\u00e9 depuis 2004. Ils sont plus de 87.000 \u00e0 d\u00e9pendre aujourd\u2019hui de la caisse maladie-invalidit\u00e9, et cela a un co\u00fbt pour l\u2019INAMI : pr\u00e8s de 1.300.000.000 d\u2019euros. Un quart [&hellip;]","og_url":"https:\/\/peoplesphere.be\/fr\/fins-de-carriere-linami-confirme-craintes-de-fgtb-quant-recours-regime-dinvalidite\/","og_site_name":"Peoplesphere","article_publisher":"https:\/\/www.facebook.com\/peoplesphere","article_published_time":"2019-01-03T08:42:03+00:00","og_image":[{"url":"http:\/\/www.peoplesphere.be\/fr\/wp-content\/uploads\/2016\/07\/facebook-default-posting-1200x628px.jpg"}],"author":"Jean-Paul Erhard","twitter_card":"summary_large_image","twitter_creator":"@PeoplesphereMag","twitter_site":"@PeoplesphereMag","twitter_misc":{"\u00c9crit par":"Jean-Paul Erhard","Dur\u00e9e de lecture estim\u00e9e":"2 minutes"},"schema":{"@context":"https:\/\/schema.org","@graph":[{"@type":"Article","@id":"https:\/\/peoplesphere.be\/fr\/fins-de-carriere-linami-confirme-craintes-de-fgtb-quant-recours-regime-dinvalidite\/#article","isPartOf":{"@id":"https:\/\/peoplesphere.be\/fr\/fins-de-carriere-linami-confirme-craintes-de-fgtb-quant-recours-regime-dinvalidite\/"},"author":{"name":"Jean-Paul Erhard","@id":"https:\/\/peoplesphere.be\/fr\/#\/schema\/person\/7976225ff17988604334abb7b3536a7e"},"headline":"Fins de carri\u00e8re: l&rsquo;INAMI confirme les craintes de la FGTB quant au recours au r\u00e9gime d&rsquo;invalidit\u00e9.","datePublished":"2019-01-03T08:42:03+00:00","dateModified":"2019-01-03T08:42:03+00:00","mainEntityOfPage":{"@id":"https:\/\/peoplesphere.be\/fr\/fins-de-carriere-linami-confirme-craintes-de-fgtb-quant-recours-regime-dinvalidite\/"},"wordCount":419,"publisher":{"@id":"https:\/\/peoplesphere.be\/fr\/#organization"},"keywords":["FGTB","fins de carri\u00e8re","inami","invalidt\u00e9","pr\u00e9pensions"],"articleSection":["Actualit\u00e9s","Digital"],"inLanguage":"fr-FR"},{"@type":"WebPage","@id":"https:\/\/peoplesphere.be\/fr\/fins-de-carriere-linami-confirme-craintes-de-fgtb-quant-recours-regime-dinvalidite\/","url":"https:\/\/peoplesphere.be\/fr\/fins-de-carriere-linami-confirme-craintes-de-fgtb-quant-recours-regime-dinvalidite\/","name":"Fins de carri\u00e8re: l'INAMI confirme les craintes de la FGTB quant au recours au r\u00e9gime d'invalidit\u00e9. - Peoplesphere","isPartOf":{"@id":"https:\/\/peoplesphere.be\/fr\/#website"},"datePublished":"2019-01-03T08:42:03+00:00","dateModified":"2019-01-03T08:42:03+00:00","breadcrumb":{"@id":"https:\/\/peoplesphere.be\/fr\/fins-de-carriere-linami-confirme-craintes-de-fgtb-quant-recours-regime-dinvalidite\/#breadcrumb"},"inLanguage":"fr-FR","potentialAction":[{"@type":"ReadAction","target":["https:\/\/peoplesphere.be\/fr\/fins-de-carriere-linami-confirme-craintes-de-fgtb-quant-recours-regime-dinvalidite\/"]}]},{"@type":"BreadcrumbList","@id":"https:\/\/peoplesphere.be\/fr\/fins-de-carriere-linami-confirme-craintes-de-fgtb-quant-recours-regime-dinvalidite\/#breadcrumb","itemListElement":[{"@type":"ListItem","position":1,"name":"Accueil","item":"https:\/\/peoplesphere.be\/fr\/"},{"@type":"ListItem","position":2,"name":"Fins de carri\u00e8re: l&rsquo;INAMI confirme les craintes de la FGTB quant au recours au r\u00e9gime d&rsquo;invalidit\u00e9."}]},{"@type":"WebSite","@id":"https:\/\/peoplesphere.be\/fr\/#website","url":"https:\/\/peoplesphere.be\/fr\/","name":"Peoplesphere","description":"The People Managers Magazine","publisher":{"@id":"https:\/\/peoplesphere.be\/fr\/#organization"},"potentialAction":[{"@type":"SearchAction","target":{"@type":"EntryPoint","urlTemplate":"https:\/\/peoplesphere.be\/fr\/?s={search_term_string}"},"query-input":"required name=search_term_string"}],"inLanguage":"fr-FR"},{"@type":"Organization","@id":"https:\/\/peoplesphere.be\/fr\/#organization","name":"Peoplesphere Company srl","url":"https:\/\/peoplesphere.be\/fr\/","logo":{"@type":"ImageObject","inLanguage":"fr-FR","@id":"https:\/\/peoplesphere.be\/fr\/#\/schema\/logo\/image\/","url":"https:\/\/peoplesphere.be\/fr\/wp-content\/uploads\/2023\/07\/peoplesphere-lgo-new-generik.jpg","contentUrl":"https:\/\/peoplesphere.be\/fr\/wp-content\/uploads\/2023\/07\/peoplesphere-lgo-new-generik.jpg","width":1031,"height":1479,"caption":"Peoplesphere Company srl"},"image":{"@id":"https:\/\/peoplesphere.be\/fr\/#\/schema\/logo\/image\/"},"sameAs":["https:\/\/www.facebook.com\/peoplesphere","https:\/\/twitter.com\/PeoplesphereMag","https:\/\/www.linkedin.com\/company\/7587361?trk","http:\/\/youtube.com\/peoplesphere"]},{"@type":"Person","@id":"https:\/\/peoplesphere.be\/fr\/#\/schema\/person\/7976225ff17988604334abb7b3536a7e","name":"Jean-Paul Erhard","image":{"@type":"ImageObject","inLanguage":"fr-FR","@id":"https:\/\/peoplesphere.be\/fr\/#\/schema\/person\/image\/","url":"https:\/\/secure.gravatar.com\/avatar\/f941e681460179738071629a51574930?s=96&d=mm&r=g","contentUrl":"https:\/\/secure.gravatar.com\/avatar\/f941e681460179738071629a51574930?s=96&d=mm&r=g","caption":"Jean-Paul Erhard"},"url":"https:\/\/peoplesphere.be\/fr\/author\/jpe\/"}]}},"_links":{"self":[{"href":"https:\/\/peoplesphere.be\/fr\/wp-json\/wp\/v2\/posts\/7136"}],"collection":[{"href":"https:\/\/peoplesphere.be\/fr\/wp-json\/wp\/v2\/posts"}],"about":[{"href":"https:\/\/peoplesphere.be\/fr\/wp-json\/wp\/v2\/types\/post"}],"author":[{"embeddable":true,"href":"https:\/\/peoplesphere.be\/fr\/wp-json\/wp\/v2\/users\/2"}],"replies":[{"embeddable":true,"href":"https:\/\/peoplesphere.be\/fr\/wp-json\/wp\/v2\/comments?post=7136"}],"version-history":[{"count":1,"href":"https:\/\/peoplesphere.be\/fr\/wp-json\/wp\/v2\/posts\/7136\/revisions"}],"predecessor-version":[{"id":7137,"href":"https:\/\/peoplesphere.be\/fr\/wp-json\/wp\/v2\/posts\/7136\/revisions\/7137"}],"wp:attachment":[{"href":"https:\/\/peoplesphere.be\/fr\/wp-json\/wp\/v2\/media?parent=7136"}],"wp:term":[{"taxonomy":"category","embeddable":true,"href":"https:\/\/peoplesphere.be\/fr\/wp-json\/wp\/v2\/categories?post=7136"},{"taxonomy":"post_tag","embeddable":true,"href":"https:\/\/peoplesphere.be\/fr\/wp-json\/wp\/v2\/tags?post=7136"}],"curies":[{"name":"wp","href":"https:\/\/api.w.org\/{rel}","templated":true}]}}