









{"id":7170,"date":"2019-01-11T11:23:23","date_gmt":"2019-01-11T09:23:23","guid":{"rendered":"http:\/\/www.peoplesphere.be\/fr\/?p=7170"},"modified":"2019-01-11T11:36:13","modified_gmt":"2019-01-11T09:36:13","slug":"dynamise-pme-va-t-compenser-probables-pertes-demplois-grands-groupes","status":"publish","type":"post","link":"https:\/\/peoplesphere.be\/fr\/dynamise-pme-va-t-compenser-probables-pertes-demplois-grands-groupes\/","title":{"rendered":"Le dynamisme des PME va-t-il compenser les probables pertes d&#8217;emplois dans les grands groupes?"},"content":{"rendered":"<p>Les rumeurs se propagent, et certaines se confirment d\u00e9j\u00e0, quant aux projets de nombreux grands groupes de redimensionner leurs effectifs en ce d\u00e9but d&rsquo;ann\u00e9e 2019. Pendant ce temps, il semble que les PME restent quant \u00e0 elles plut\u00f4t optimistes quant \u00e0 leurs perspectives. Elles pr\u00e9voient en cons\u00e9quence d&rsquo;augmenter leurs effectifs, en recherchant\u00a0principalement des personnes qui souhaitent travailler \u00e0 temps plein et sous CDI.<!--more--><\/p>\n<p>Pour le cinqui\u00e8me trimestre cons\u00e9cutif, plus d&rsquo;un tiers des PME belges envisagent de recruter des travailleurs au cours du prochain trimestre. En outre, les deux tiers de ces recrutements consistent en des extensions de l&rsquo;effectif du personnel actuel. Les PME souhaitent \u00e9galement embaucher principalement des personnes pour des postes permanents (74 %) et \u00e0 temps plein (67 %). Depuis septembre 2018, SD Worx mesure \u00e9galement si les intentions de recrutement et de licenciement concernent des postes permanents ou temporaires et s&rsquo;il s&rsquo;agit d&#8217;emplois \u00e0 temps plein ou \u00e0 temps partiel.<\/p>\n<p>Les PME belges, ou entreprises employant entre 1 et 99 salari\u00e9s, souhaitent toujours recruter du personnel. Pour le cinqui\u00e8me trimestre cons\u00e9cutif, ce chiffre est sup\u00e9rieur \u00e0 33 %. Durant le premier trimestre de 2019, 34,4 % des PME interrog\u00e9es envisagent \u00e0 pr\u00e9sent aussi de recruter. En outre, les deux tiers (66 %) de ces emplois repr\u00e9sentent des extensions de l&rsquo;effectif du personnel actuel. Il s&rsquo;agit toutefois d&rsquo;une baisse compar\u00e9 \u00e0 il y a un an, lorsque 74 % des nouveaux emplois constituaient encore des extensions.<\/p>\n<p>En outre, seuls 7% des PME envisagent de licencier des travailleurs au cours du prochain trimestre, ce qui repr\u00e9sente une l\u00e9g\u00e8re baisse en comparaison avec les 10 % du trimestre pr\u00e9c\u00e9dent et les 10,6 % du m\u00eame trimestre de l&rsquo;ann\u00e9e derni\u00e8re. Parmi ces sept pour cent, la majorit\u00e9 (56 %) des entreprises pr\u00e9voient de pourvoir ces fonctions vacantes : Il s&rsquo;agit d&rsquo;une augmentation par rapport au trimestre pr\u00e9c\u00e9dent (39%).<\/p>\n<p><em><strong>Tassement \u00e0 Bruxelles et un r\u00e9el dynamisme en Wallonie.<\/strong><\/em><\/p>\n<p>La forte baisse des projets d&#8217;embauche par les PME bruxelloises est frappante, alors qu&rsquo;au trimestre pr\u00e9c\u00e9dent nous enregistrions un chiffre record de 44,7 % d&rsquo;entreprises qui envisageaient de recruter. Elles ne sont d\u00e9sormais plus que 22,3 %. En revanche, la Wallonie passe de 33,4 % au dernier trimestre 2018 \u00e0 38,6 % au trimestre pr\u00e9c\u00e9dent. En Flandre, avec 35 %, les projets d&#8217;embauche enregistrent un statu quo par rapport au trimestre pr\u00e9c\u00e9dent (33,4 %).<\/p>\n<p><strong><em>Principalement des travailleurs fixes \u00e0 temps plein<\/em><\/strong><\/p>\n<p>Au cours du prochain trimestre, les PME ont l&rsquo;intention d&#8217;embaucher principalement des travailleurs \u00e0 temps plein sous contrat \u00e0 dur\u00e9e ind\u00e9termin\u00e9e. Pas moins de 67 % des PME souhaitent recruter du personnel \u00e0 temps plein ou en 4\/5e au cours des trois prochains mois, tandis que seuls 14 % des\u00a0\ufffcentreprises recherchent des travailleurs \u00e0 temps partiel. 20 % des PME recherchent des travailleurs en free-lance ou saisonniers.<br \/>\nEn outre, trois PME sur quatre recherchent principalement des personnes susceptibles d&rsquo;occuper un poste permanent, contre 10 % un poste temporaire et 6 % en int\u00e9rim.<\/p>\n<p><strong><em>Optimisme\u00a0quant \u00e0 la charge de travail<\/em><\/strong><\/p>\n<p>Les PME demeurent positives quant \u00e0 la charge de travail au cours du prochain trimestre. 34,9 % des PME belges s&rsquo;attendent \u00e0 une augmentation de la charge de travail durant les trois prochains mois, soit une l\u00e9g\u00e8re augmentation par rapport au trimestre pr\u00e9c\u00e9dent (33,7 %).<\/p>\n<p>Il existe \u00e9galement un lien \u00e9vident entre les projets de recrutement pour le prochain trimestre et la vision d&rsquo;une PME concernant la charge de travail au cours du trimestre \u00e0 venir. 65,9 % des entreprises qui pensent recruter au cours du prochain trimestre s&rsquo;attendent \u00e0 une augmentation de la charge de travail durant les trois prochains mois et seul 1,9 % pr\u00e9voient une diminution. Du c\u00f4t\u00e9 des PME qui n\u2019ont pas d\u2019intentions d\u2019embauche, seuls 18,8 % pensent que la charge de travail augmentera et 12,9 % s&rsquo;attendent \u00e0 une diminution de celle-ci.<\/p>\n<p><em>\u00ab Les PME belges sont optimistes pour 2019 \u00bb, <\/em>affirme Vassilios Skarlidis, Directeur R\u00e9gional PME chez SD Worx.<em> \u00ab Nous le d\u00e9duisons du fait qu&rsquo;un tiers d&rsquo;entre elles envisagent de recruter au cours du prochain trimestre et qu&rsquo;un pourcentage \u00e9quivalent s&rsquo;attend \u00e0 davantage de travail d\u00e9but 2019. Reste \u00e0 savoir si les postes vacants seront pourvus et si cette tendance positive se maintiendra au cours de l&rsquo;ann\u00e9e \u00e0 venir. En regard du trimestre pr\u00e9c\u00e9dent (et de la m\u00eame p\u00e9riode l&rsquo;ann\u00e9e derni\u00e8re), nous constatons une nouvelle augmentation dans l&rsquo;industrie et le secteur de la construction. Les secteurs du commerce, des prestations de services et non marchand demeurent stables par rapport au trimestre pr\u00e9c\u00e9dent. En outre : les PME plus grandes ont les attentes les plus \u00e9lev\u00e9es, tant en mati\u00e8re de projets d&#8217;embauche que de volume de travail.\u201d<\/em><\/p>\n<p><em>M\u00e9thodologie : 34e enqu\u00eate sur l\u2019emploi commandit\u00e9e par le prestataire de services RH SD Worx aupr\u00e8s de chefs d&rsquo;entreprise et responsables du personnel en d\u00e9cembre 2018. Pour ses pr\u00e9visions d\u2019emploi trimestrielles, SD Worx a interrog\u00e9 685 entreprises comptant de 1 \u00e0 99 travailleurs. Pour l\u2019ensemble de l\u2019\u00e9chantillonnage, la marge d\u2019erreur est de 3,7 %. L\u2019enqu\u00eate a \u00e9t\u00e9 r\u00e9alis\u00e9e par le bureau d\u2019\u00e9tude WES.<\/em><\/p>\n","protected":false},"excerpt":{"rendered":"<p>Les rumeurs se propagent, et certaines se confirment d\u00e9j\u00e0, quant aux projets de nombreux grands groupes de redimensionner leurs effectifs en ce d\u00e9but d&rsquo;ann\u00e9e 2019. Pendant ce temps, il semble que les PME restent quant \u00e0 elles plut\u00f4t optimistes quant [&hellip;]<\/p>\n","protected":false},"author":2,"featured_media":0,"comment_status":"closed","ping_status":"open","sticky":false,"template":"","format":"standard","meta":[],"categories":[65,10],"tags":[11,27,72,671],"yoast_head":"<!-- This site is optimized with the Yoast SEO plugin v21.0 - https:\/\/yoast.com\/wordpress\/plugins\/seo\/ -->\n<title>Le dynamisme des PME va-t-il compenser les probables pertes d&#039;emplois dans les grands groupes? - Peoplesphere<\/title>\n<meta name=\"robots\" content=\"index, follow, max-snippet:-1, max-image-preview:large, max-video-preview:-1\" \/>\n<link rel=\"canonical\" href=\"https:\/\/peoplesphere.be\/fr\/dynamise-pme-va-t-compenser-probables-pertes-demplois-grands-groupes\/\" \/>\n<meta property=\"og:locale\" content=\"fr_FR\" \/>\n<meta property=\"og:type\" content=\"article\" \/>\n<meta property=\"og:title\" content=\"Le dynamisme des PME va-t-il compenser les probables pertes d&#039;emplois dans les grands groupes? - Peoplesphere\" \/>\n<meta property=\"og:description\" content=\"Les rumeurs se propagent, et certaines se confirment d\u00e9j\u00e0, quant aux projets de nombreux grands groupes de redimensionner leurs effectifs en ce d\u00e9but d&rsquo;ann\u00e9e 2019. Pendant ce temps, il semble que les PME restent quant \u00e0 elles plut\u00f4t optimistes quant [&hellip;]\" \/>\n<meta property=\"og:url\" content=\"https:\/\/peoplesphere.be\/fr\/dynamise-pme-va-t-compenser-probables-pertes-demplois-grands-groupes\/\" \/>\n<meta property=\"og:site_name\" content=\"Peoplesphere\" \/>\n<meta property=\"article:publisher\" content=\"https:\/\/www.facebook.com\/peoplesphere\" \/>\n<meta property=\"article:published_time\" content=\"2019-01-11T09:23:23+00:00\" \/>\n<meta property=\"article:modified_time\" content=\"2019-01-11T09:36:13+00:00\" \/>\n<meta property=\"og:image\" content=\"http:\/\/www.peoplesphere.be\/fr\/wp-content\/uploads\/2016\/07\/facebook-default-posting-1200x628px.jpg\" \/>\n<meta name=\"author\" content=\"Jean-Paul Erhard\" \/>\n<meta name=\"twitter:card\" content=\"summary_large_image\" \/>\n<meta name=\"twitter:creator\" content=\"@PeoplesphereMag\" \/>\n<meta name=\"twitter:site\" content=\"@PeoplesphereMag\" \/>\n<meta name=\"twitter:label1\" content=\"\u00c9crit par\" \/>\n\t<meta name=\"twitter:data1\" content=\"Jean-Paul Erhard\" \/>\n\t<meta name=\"twitter:label2\" content=\"Dur\u00e9e de lecture estim\u00e9e\" \/>\n\t<meta name=\"twitter:data2\" content=\"4 minutes\" \/>\n<script type=\"application\/ld+json\" class=\"yoast-schema-graph\">{\"@context\":\"https:\/\/schema.org\",\"@graph\":[{\"@type\":\"Article\",\"@id\":\"https:\/\/peoplesphere.be\/fr\/dynamise-pme-va-t-compenser-probables-pertes-demplois-grands-groupes\/#article\",\"isPartOf\":{\"@id\":\"https:\/\/peoplesphere.be\/fr\/dynamise-pme-va-t-compenser-probables-pertes-demplois-grands-groupes\/\"},\"author\":{\"name\":\"Jean-Paul Erhard\",\"@id\":\"https:\/\/peoplesphere.be\/fr\/#\/schema\/person\/7976225ff17988604334abb7b3536a7e\"},\"headline\":\"Le dynamisme des PME va-t-il compenser les probables pertes d&#8217;emplois dans les grands groupes?\",\"datePublished\":\"2019-01-11T09:23:23+00:00\",\"dateModified\":\"2019-01-11T09:36:13+00:00\",\"mainEntityOfPage\":{\"@id\":\"https:\/\/peoplesphere.be\/fr\/dynamise-pme-va-t-compenser-probables-pertes-demplois-grands-groupes\/\"},\"wordCount\":826,\"publisher\":{\"@id\":\"https:\/\/peoplesphere.be\/fr\/#organization\"},\"keywords\":[\"emploi\",\"PME\",\"recrutement\",\"SD Worx\"],\"articleSection\":[\"Actualit\u00e9s\",\"Digital\"],\"inLanguage\":\"fr-FR\"},{\"@type\":\"WebPage\",\"@id\":\"https:\/\/peoplesphere.be\/fr\/dynamise-pme-va-t-compenser-probables-pertes-demplois-grands-groupes\/\",\"url\":\"https:\/\/peoplesphere.be\/fr\/dynamise-pme-va-t-compenser-probables-pertes-demplois-grands-groupes\/\",\"name\":\"Le dynamisme des PME va-t-il compenser les probables pertes d'emplois dans les grands groupes? - Peoplesphere\",\"isPartOf\":{\"@id\":\"https:\/\/peoplesphere.be\/fr\/#website\"},\"datePublished\":\"2019-01-11T09:23:23+00:00\",\"dateModified\":\"2019-01-11T09:36:13+00:00\",\"breadcrumb\":{\"@id\":\"https:\/\/peoplesphere.be\/fr\/dynamise-pme-va-t-compenser-probables-pertes-demplois-grands-groupes\/#breadcrumb\"},\"inLanguage\":\"fr-FR\",\"potentialAction\":[{\"@type\":\"ReadAction\",\"target\":[\"https:\/\/peoplesphere.be\/fr\/dynamise-pme-va-t-compenser-probables-pertes-demplois-grands-groupes\/\"]}]},{\"@type\":\"BreadcrumbList\",\"@id\":\"https:\/\/peoplesphere.be\/fr\/dynamise-pme-va-t-compenser-probables-pertes-demplois-grands-groupes\/#breadcrumb\",\"itemListElement\":[{\"@type\":\"ListItem\",\"position\":1,\"name\":\"Accueil\",\"item\":\"https:\/\/peoplesphere.be\/fr\/\"},{\"@type\":\"ListItem\",\"position\":2,\"name\":\"Le dynamisme des PME va-t-il compenser les probables pertes d&#8217;emplois dans les grands groupes?\"}]},{\"@type\":\"WebSite\",\"@id\":\"https:\/\/peoplesphere.be\/fr\/#website\",\"url\":\"https:\/\/peoplesphere.be\/fr\/\",\"name\":\"Peoplesphere\",\"description\":\"The People Managers Magazine\",\"publisher\":{\"@id\":\"https:\/\/peoplesphere.be\/fr\/#organization\"},\"potentialAction\":[{\"@type\":\"SearchAction\",\"target\":{\"@type\":\"EntryPoint\",\"urlTemplate\":\"https:\/\/peoplesphere.be\/fr\/?s={search_term_string}\"},\"query-input\":\"required name=search_term_string\"}],\"inLanguage\":\"fr-FR\"},{\"@type\":\"Organization\",\"@id\":\"https:\/\/peoplesphere.be\/fr\/#organization\",\"name\":\"Peoplesphere Company srl\",\"url\":\"https:\/\/peoplesphere.be\/fr\/\",\"logo\":{\"@type\":\"ImageObject\",\"inLanguage\":\"fr-FR\",\"@id\":\"https:\/\/peoplesphere.be\/fr\/#\/schema\/logo\/image\/\",\"url\":\"https:\/\/peoplesphere.be\/fr\/wp-content\/uploads\/2023\/07\/peoplesphere-lgo-new-generik.jpg\",\"contentUrl\":\"https:\/\/peoplesphere.be\/fr\/wp-content\/uploads\/2023\/07\/peoplesphere-lgo-new-generik.jpg\",\"width\":1031,\"height\":1479,\"caption\":\"Peoplesphere Company srl\"},\"image\":{\"@id\":\"https:\/\/peoplesphere.be\/fr\/#\/schema\/logo\/image\/\"},\"sameAs\":[\"https:\/\/www.facebook.com\/peoplesphere\",\"https:\/\/twitter.com\/PeoplesphereMag\",\"https:\/\/www.linkedin.com\/company\/7587361?trk\",\"http:\/\/youtube.com\/peoplesphere\"]},{\"@type\":\"Person\",\"@id\":\"https:\/\/peoplesphere.be\/fr\/#\/schema\/person\/7976225ff17988604334abb7b3536a7e\",\"name\":\"Jean-Paul Erhard\",\"image\":{\"@type\":\"ImageObject\",\"inLanguage\":\"fr-FR\",\"@id\":\"https:\/\/peoplesphere.be\/fr\/#\/schema\/person\/image\/\",\"url\":\"https:\/\/secure.gravatar.com\/avatar\/f941e681460179738071629a51574930?s=96&d=mm&r=g\",\"contentUrl\":\"https:\/\/secure.gravatar.com\/avatar\/f941e681460179738071629a51574930?s=96&d=mm&r=g\",\"caption\":\"Jean-Paul Erhard\"},\"url\":\"https:\/\/peoplesphere.be\/fr\/author\/jpe\/\"}]}<\/script>\n<!-- \/ Yoast SEO plugin. -->","yoast_head_json":{"title":"Le dynamisme des PME va-t-il compenser les probables pertes d'emplois dans les grands groupes? - Peoplesphere","robots":{"index":"index","follow":"follow","max-snippet":"max-snippet:-1","max-image-preview":"max-image-preview:large","max-video-preview":"max-video-preview:-1"},"canonical":"https:\/\/peoplesphere.be\/fr\/dynamise-pme-va-t-compenser-probables-pertes-demplois-grands-groupes\/","og_locale":"fr_FR","og_type":"article","og_title":"Le dynamisme des PME va-t-il compenser les probables pertes d'emplois dans les grands groupes? - Peoplesphere","og_description":"Les rumeurs se propagent, et certaines se confirment d\u00e9j\u00e0, quant aux projets de nombreux grands groupes de redimensionner leurs effectifs en ce d\u00e9but d&rsquo;ann\u00e9e 2019. Pendant ce temps, il semble que les PME restent quant \u00e0 elles plut\u00f4t optimistes quant [&hellip;]","og_url":"https:\/\/peoplesphere.be\/fr\/dynamise-pme-va-t-compenser-probables-pertes-demplois-grands-groupes\/","og_site_name":"Peoplesphere","article_publisher":"https:\/\/www.facebook.com\/peoplesphere","article_published_time":"2019-01-11T09:23:23+00:00","article_modified_time":"2019-01-11T09:36:13+00:00","og_image":[{"url":"http:\/\/www.peoplesphere.be\/fr\/wp-content\/uploads\/2016\/07\/facebook-default-posting-1200x628px.jpg"}],"author":"Jean-Paul Erhard","twitter_card":"summary_large_image","twitter_creator":"@PeoplesphereMag","twitter_site":"@PeoplesphereMag","twitter_misc":{"\u00c9crit par":"Jean-Paul Erhard","Dur\u00e9e de lecture estim\u00e9e":"4 minutes"},"schema":{"@context":"https:\/\/schema.org","@graph":[{"@type":"Article","@id":"https:\/\/peoplesphere.be\/fr\/dynamise-pme-va-t-compenser-probables-pertes-demplois-grands-groupes\/#article","isPartOf":{"@id":"https:\/\/peoplesphere.be\/fr\/dynamise-pme-va-t-compenser-probables-pertes-demplois-grands-groupes\/"},"author":{"name":"Jean-Paul Erhard","@id":"https:\/\/peoplesphere.be\/fr\/#\/schema\/person\/7976225ff17988604334abb7b3536a7e"},"headline":"Le dynamisme des PME va-t-il compenser les probables pertes d&#8217;emplois dans les grands groupes?","datePublished":"2019-01-11T09:23:23+00:00","dateModified":"2019-01-11T09:36:13+00:00","mainEntityOfPage":{"@id":"https:\/\/peoplesphere.be\/fr\/dynamise-pme-va-t-compenser-probables-pertes-demplois-grands-groupes\/"},"wordCount":826,"publisher":{"@id":"https:\/\/peoplesphere.be\/fr\/#organization"},"keywords":["emploi","PME","recrutement","SD Worx"],"articleSection":["Actualit\u00e9s","Digital"],"inLanguage":"fr-FR"},{"@type":"WebPage","@id":"https:\/\/peoplesphere.be\/fr\/dynamise-pme-va-t-compenser-probables-pertes-demplois-grands-groupes\/","url":"https:\/\/peoplesphere.be\/fr\/dynamise-pme-va-t-compenser-probables-pertes-demplois-grands-groupes\/","name":"Le dynamisme des PME va-t-il compenser les probables pertes d'emplois dans les grands groupes? - Peoplesphere","isPartOf":{"@id":"https:\/\/peoplesphere.be\/fr\/#website"},"datePublished":"2019-01-11T09:23:23+00:00","dateModified":"2019-01-11T09:36:13+00:00","breadcrumb":{"@id":"https:\/\/peoplesphere.be\/fr\/dynamise-pme-va-t-compenser-probables-pertes-demplois-grands-groupes\/#breadcrumb"},"inLanguage":"fr-FR","potentialAction":[{"@type":"ReadAction","target":["https:\/\/peoplesphere.be\/fr\/dynamise-pme-va-t-compenser-probables-pertes-demplois-grands-groupes\/"]}]},{"@type":"BreadcrumbList","@id":"https:\/\/peoplesphere.be\/fr\/dynamise-pme-va-t-compenser-probables-pertes-demplois-grands-groupes\/#breadcrumb","itemListElement":[{"@type":"ListItem","position":1,"name":"Accueil","item":"https:\/\/peoplesphere.be\/fr\/"},{"@type":"ListItem","position":2,"name":"Le dynamisme des PME va-t-il compenser les probables pertes d&#8217;emplois dans les grands groupes?"}]},{"@type":"WebSite","@id":"https:\/\/peoplesphere.be\/fr\/#website","url":"https:\/\/peoplesphere.be\/fr\/","name":"Peoplesphere","description":"The People Managers Magazine","publisher":{"@id":"https:\/\/peoplesphere.be\/fr\/#organization"},"potentialAction":[{"@type":"SearchAction","target":{"@type":"EntryPoint","urlTemplate":"https:\/\/peoplesphere.be\/fr\/?s={search_term_string}"},"query-input":"required name=search_term_string"}],"inLanguage":"fr-FR"},{"@type":"Organization","@id":"https:\/\/peoplesphere.be\/fr\/#organization","name":"Peoplesphere Company srl","url":"https:\/\/peoplesphere.be\/fr\/","logo":{"@type":"ImageObject","inLanguage":"fr-FR","@id":"https:\/\/peoplesphere.be\/fr\/#\/schema\/logo\/image\/","url":"https:\/\/peoplesphere.be\/fr\/wp-content\/uploads\/2023\/07\/peoplesphere-lgo-new-generik.jpg","contentUrl":"https:\/\/peoplesphere.be\/fr\/wp-content\/uploads\/2023\/07\/peoplesphere-lgo-new-generik.jpg","width":1031,"height":1479,"caption":"Peoplesphere Company srl"},"image":{"@id":"https:\/\/peoplesphere.be\/fr\/#\/schema\/logo\/image\/"},"sameAs":["https:\/\/www.facebook.com\/peoplesphere","https:\/\/twitter.com\/PeoplesphereMag","https:\/\/www.linkedin.com\/company\/7587361?trk","http:\/\/youtube.com\/peoplesphere"]},{"@type":"Person","@id":"https:\/\/peoplesphere.be\/fr\/#\/schema\/person\/7976225ff17988604334abb7b3536a7e","name":"Jean-Paul Erhard","image":{"@type":"ImageObject","inLanguage":"fr-FR","@id":"https:\/\/peoplesphere.be\/fr\/#\/schema\/person\/image\/","url":"https:\/\/secure.gravatar.com\/avatar\/f941e681460179738071629a51574930?s=96&d=mm&r=g","contentUrl":"https:\/\/secure.gravatar.com\/avatar\/f941e681460179738071629a51574930?s=96&d=mm&r=g","caption":"Jean-Paul Erhard"},"url":"https:\/\/peoplesphere.be\/fr\/author\/jpe\/"}]}},"_links":{"self":[{"href":"https:\/\/peoplesphere.be\/fr\/wp-json\/wp\/v2\/posts\/7170"}],"collection":[{"href":"https:\/\/peoplesphere.be\/fr\/wp-json\/wp\/v2\/posts"}],"about":[{"href":"https:\/\/peoplesphere.be\/fr\/wp-json\/wp\/v2\/types\/post"}],"author":[{"embeddable":true,"href":"https:\/\/peoplesphere.be\/fr\/wp-json\/wp\/v2\/users\/2"}],"replies":[{"embeddable":true,"href":"https:\/\/peoplesphere.be\/fr\/wp-json\/wp\/v2\/comments?post=7170"}],"version-history":[{"count":3,"href":"https:\/\/peoplesphere.be\/fr\/wp-json\/wp\/v2\/posts\/7170\/revisions"}],"predecessor-version":[{"id":7173,"href":"https:\/\/peoplesphere.be\/fr\/wp-json\/wp\/v2\/posts\/7170\/revisions\/7173"}],"wp:attachment":[{"href":"https:\/\/peoplesphere.be\/fr\/wp-json\/wp\/v2\/media?parent=7170"}],"wp:term":[{"taxonomy":"category","embeddable":true,"href":"https:\/\/peoplesphere.be\/fr\/wp-json\/wp\/v2\/categories?post=7170"},{"taxonomy":"post_tag","embeddable":true,"href":"https:\/\/peoplesphere.be\/fr\/wp-json\/wp\/v2\/tags?post=7170"}],"curies":[{"name":"wp","href":"https:\/\/api.w.org\/{rel}","templated":true}]}}