









{"id":7196,"date":"2019-01-16T17:29:59","date_gmt":"2019-01-16T15:29:59","guid":{"rendered":"http:\/\/www.peoplesphere.be\/fr\/?p=7196"},"modified":"2019-01-16T17:29:59","modified_gmt":"2019-01-16T15:29:59","slug":"comprendre-caractere-multidimensionnel-bien-etre-afin-de-reorienter-nos-politiques-sociales","status":"publish","type":"post","link":"https:\/\/peoplesphere.be\/fr\/comprendre-caractere-multidimensionnel-bien-etre-afin-de-reorienter-nos-politiques-sociales\/","title":{"rendered":"Comprendre le caract\u00e8re multidimensionnel du bien-\u00eatre afin de r\u00e9orienter nos politiques sociales."},"content":{"rendered":"<p>Des \u00e9conomistes de l\u2019UCLouvain, de l\u2019ULB, de la KULeuven et de l\u2019UAntwerpen ont cosign\u00e9 un livre \u00ab En faut-il peu pour \u00eatre heureux\u2009? \u00bb sur le bien-\u00eatre en Belgique. En se basant sur une enqu\u00eate in\u00e9dite, ils ont mis en pratique une nouvelle th\u00e9orie pour mesurer ce bien-\u00eatre. Et jet\u00e9 les bases de l\u2019\u00e9laboration d\u2019un outil pertinent pour guider les politiques sociales.<!--more--><\/p>\n<p>Voil\u00e0 plusieurs ann\u00e9es que des \u00e9conomistes belges travaillent sur la notion de bien-\u00eatre. Tout le monde n\u2019en a pas la m\u00eame d\u00e9finition. D\u00e8s lors, comment le mesurer\u2009? Il existe trois grandes familles de th\u00e9orie : les mesures objectives (revenus par ex.), l\u2019\u00e9valuation subjective du bien-\u00eatre (bonheur par ex.) et l\u2019approche des capabilit\u00e9s. La 3e approche a le m\u00e9rite de combiner param\u00e8tres objectifs et perception subjective mais ne permet pas de synth\u00e9tiser les diff\u00e9rentes dimensions du bien-\u00eatre en un indice unique. Les chercheurs ont donc opt\u00e9 pour une 4e voie pour \u201cchiffrer\u201d le bien-\u00eatre des Belges.<\/p>\n<p><strong><em>\u00c9laborer un indicateur du bien-\u00eatre<\/em><\/strong><\/p>\n<p>L\u2019indicateur du bien-\u00eatre individuel r\u00e9unit les indicateurs objectifs et la perception qu\u2019un individu a des diff\u00e9rentes dimensions de son bien-\u00eatre. Pour ce faire, les chercheurs ont con\u00e7u une enqu\u00eate, MEqIn, men\u00e9e aupr\u00e8s de 3.400 personnes repr\u00e9sentatives de la population belge. Elles ont \u00e9t\u00e9 interrog\u00e9es sur leur situation objective et leur appr\u00e9ciation subjective des diff\u00e9rents aspects de leur vie \u2013 sant\u00e9, travail, logement. \u00ab\u00a0<em>Ensuite, nous leur avons demand\u00e9 \u00e0 quel montant de consommation ils seraient pr\u00eats \u00e0 renoncer mensuellement pour jouir d\u2019une bonne sant\u00e9, d\u2019un meilleur job, d\u2019un beau logement, etc. A revenu \u00e9gal, une personne estimant son \u00e9tat de sant\u00e9 plus probl\u00e9matique sera pr\u00eate \u00e0 renoncer \u00e0 un plus grand montant de consommation. Au final, nous avons agr\u00e9g\u00e9 ces donn\u00e9es dans des mesures chiffr\u00e9es qui permettent de comparer le bien-\u00eatre des gens\u2009\u00a0\u00bb<\/em>\u00a0expliquent les \u00e9conomistes Fran\u00e7ois Maniquet, UCLouvain et Bram De Rock, ULB.<\/p>\n<p>L\u2019enqu\u00eate a \u00e9galement permis aux chercheurs de comparer leurs r\u00e9sultats avec ceux obtenus dans d\u2019autres \u00e9tudes. L\u2019objectif\u2009? Concevoir un outil pour \u00e9valuer l\u2019impact des politiques sociales sur le bien-\u00eatre des individus. \u00ab\u00a0<em>\u00c0 nos yeux, le bien-\u00eatre est une notion multidimensionnelle\u00a0\u00bb<\/em>, estiment les \u00e9conomistes. <em>\u00ab\u00a0C\u2019est plus large et plus global que des facteurs pris individuellement tels que le revenu, la sant\u00e9 ou le logement. Le bonheur ne dit pas tout non plus. Certaines personnes ayant de faibles revenus, des probl\u00e8mes de sant\u00e9 et un logement insatisfaisant se d\u00e9clarent globalement satisfaites de leur vie. Or, ce sont ces personnes qui devraient \u00eatre la priorit\u00e9 des politiques sociales. Contrairement aux indices de bonheur, le revenu \u00e9quivalent permet d\u2019identifier les personnes les plus mal loties dans notre soci\u00e9t\u00e9.\u00a0\u00bb<\/em><\/p>\n<p><strong><em>Les plus mal loti.e.s<\/em><\/strong><\/p>\n<p>Qui sont-ils, ces Belges situ\u00e9s au bas de l\u2019\u00e9chelle du bien-\u00eatre\u2009? Bien que ce groupe soit h\u00e9t\u00e9rog\u00e8ne, certaines cat\u00e9gories de la population y sont surrepr\u00e9sent\u00e9es : les familles monoparentales (dont le parent est tr\u00e8s majoritairement la m\u00e8re), issues de l\u2019immigration et\/ou dont les parents sont peu qualifi\u00e9s et\/ou sans emploi.<br \/>\nSi, sans surprise, ces donn\u00e9es confirment les r\u00e9sultats obtenus dans d\u2019autres \u00e9tudes, l\u2019enqu\u00eate MEqIn a mis en \u00e9vidence certains faits moins \u00e9vidents. <em>\u00ab\u00a0Les personnes \u00e2g\u00e9es ne sont pas n\u00e9cessairement celles qui ont la situation la plus pr\u00e9caire\u00a0\u00bb<\/em>, expliquent Fran\u00e7ois Maniquet et Bram De Rock. <em>\u00ab\u00a0Nous avons aussi pris soin d\u2019interroger s\u00e9par\u00e9ment les diff\u00e9rents membres des quelque 2000 m\u00e9nages inclus dans l\u2019enqu\u00eate. Il s\u2019agissait notamment de v\u00e9rifier comment le bien-\u00eatre est r\u00e9parti au sein du couple. Les in\u00e9galit\u00e9s entre hommes et femmes sont notables et en faveur des premiers. L\u2019\u00e9cart est parfois \u00e9norme : certaines femmes (et quelques hommes \u00e9galement) ne b\u00e9n\u00e9ficient que de 30 % des ressources du m\u00e9nage&#8230;\u00a0\u00bb<\/em><\/p>\n<p><strong><em>Une \u00e9valuation \u00e0 long terme<\/em><\/strong><\/p>\n<p>Le livre \u00ab En faut-il peu pour \u00eatre heureux\u2009? \u00bb est le fruit d\u2019une premi\u00e8re salve d\u2019analyses suite \u00e0 l\u2019enqu\u00eate MEqIn. <em>\u00ab\u00a0Nous aimerions \u00e9tablir des statistiques de base. Nous souhaiterions r\u00e9utiliser le questionnaire de l\u2019enqu\u00eate dans les ann\u00e9es \u00e0 venir. Cela nous permettrait d\u2019\u00e9valuer l\u2019impact des politiques sociales dans la dur\u00e9e.\u00a0\u00bb<\/em>\u00a0Et de donner ainsi des pistes aux pouvoirs publics pour augmenter l\u2019efficacit\u00e9 de ces politiques aupr\u00e8s des cat\u00e9gories les plus vuln\u00e9rables de la soci\u00e9t\u00e9.<\/p>\n<p><strong><em>Source :<\/em><\/strong> Plus d&rsquo;informations quant \u00e0 l&rsquo;ouvrage via le num\u00e9ro 144 de Regards \u00c9conomiques, \u00ab\u00a0<em>En faut-il peu pour \u00eatre heureux ? Conditions de vie, bonheur et bien-\u00eatre en Belgique\u00a0\u00bb<\/em>\u00a0: <a href=\"https:\/\/www.regards-economiques.be\/images\/reco-pdf\/reco_187.pdf\">https:\/\/www.regards-economiques.be\/images\/reco-pdf\/reco_187.pdf<\/a><\/p>\n","protected":false},"excerpt":{"rendered":"<p>Des \u00e9conomistes de l\u2019UCLouvain, de l\u2019ULB, de la KULeuven et de l\u2019UAntwerpen ont cosign\u00e9 un livre \u00ab En faut-il peu pour \u00eatre heureux\u2009? \u00bb sur le bien-\u00eatre en Belgique. En se basant sur une enqu\u00eate in\u00e9dite, ils ont mis en [&hellip;]<\/p>\n","protected":false},"author":2,"featured_media":0,"comment_status":"closed","ping_status":"open","sticky":false,"template":"","format":"standard","meta":[],"categories":[65,10],"tags":[96,185,2393,1467,2392,1047,17,328,1905],"yoast_head":"<!-- This site is optimized with the Yoast SEO plugin v21.0 - https:\/\/yoast.com\/wordpress\/plugins\/seo\/ -->\n<title>Comprendre le caract\u00e8re multidimensionnel du bien-\u00eatre afin de r\u00e9orienter nos politiques sociales. - Peoplesphere<\/title>\n<meta name=\"robots\" content=\"index, follow, max-snippet:-1, max-image-preview:large, max-video-preview:-1\" \/>\n<link rel=\"canonical\" href=\"https:\/\/peoplesphere.be\/fr\/comprendre-caractere-multidimensionnel-bien-etre-afin-de-reorienter-nos-politiques-sociales\/\" \/>\n<meta property=\"og:locale\" content=\"fr_FR\" \/>\n<meta property=\"og:type\" content=\"article\" \/>\n<meta property=\"og:title\" content=\"Comprendre le caract\u00e8re multidimensionnel du bien-\u00eatre afin de r\u00e9orienter nos politiques sociales. - Peoplesphere\" \/>\n<meta property=\"og:description\" content=\"Des \u00e9conomistes de l\u2019UCLouvain, de l\u2019ULB, de la KULeuven et de l\u2019UAntwerpen ont cosign\u00e9 un livre \u00ab En faut-il peu pour \u00eatre heureux\u2009? \u00bb sur le bien-\u00eatre en Belgique. En se basant sur une enqu\u00eate in\u00e9dite, ils ont mis en [&hellip;]\" \/>\n<meta property=\"og:url\" content=\"https:\/\/peoplesphere.be\/fr\/comprendre-caractere-multidimensionnel-bien-etre-afin-de-reorienter-nos-politiques-sociales\/\" \/>\n<meta property=\"og:site_name\" content=\"Peoplesphere\" \/>\n<meta property=\"article:publisher\" content=\"https:\/\/www.facebook.com\/peoplesphere\" \/>\n<meta property=\"article:published_time\" content=\"2019-01-16T15:29:59+00:00\" \/>\n<meta property=\"og:image\" content=\"http:\/\/www.peoplesphere.be\/fr\/wp-content\/uploads\/2016\/07\/facebook-default-posting-1200x628px.jpg\" \/>\n<meta name=\"author\" content=\"Jean-Paul Erhard\" \/>\n<meta name=\"twitter:card\" content=\"summary_large_image\" \/>\n<meta name=\"twitter:creator\" content=\"@PeoplesphereMag\" \/>\n<meta name=\"twitter:site\" content=\"@PeoplesphereMag\" \/>\n<meta name=\"twitter:label1\" content=\"\u00c9crit par\" \/>\n\t<meta name=\"twitter:data1\" content=\"Jean-Paul Erhard\" \/>\n\t<meta name=\"twitter:label2\" content=\"Dur\u00e9e de lecture estim\u00e9e\" \/>\n\t<meta name=\"twitter:data2\" content=\"4 minutes\" \/>\n<script type=\"application\/ld+json\" class=\"yoast-schema-graph\">{\"@context\":\"https:\/\/schema.org\",\"@graph\":[{\"@type\":\"Article\",\"@id\":\"https:\/\/peoplesphere.be\/fr\/comprendre-caractere-multidimensionnel-bien-etre-afin-de-reorienter-nos-politiques-sociales\/#article\",\"isPartOf\":{\"@id\":\"https:\/\/peoplesphere.be\/fr\/comprendre-caractere-multidimensionnel-bien-etre-afin-de-reorienter-nos-politiques-sociales\/\"},\"author\":{\"name\":\"Jean-Paul Erhard\",\"@id\":\"https:\/\/peoplesphere.be\/fr\/#\/schema\/person\/7976225ff17988604334abb7b3536a7e\"},\"headline\":\"Comprendre le caract\u00e8re multidimensionnel du bien-\u00eatre afin de r\u00e9orienter nos politiques sociales.\",\"datePublished\":\"2019-01-16T15:29:59+00:00\",\"dateModified\":\"2019-01-16T15:29:59+00:00\",\"mainEntityOfPage\":{\"@id\":\"https:\/\/peoplesphere.be\/fr\/comprendre-caractere-multidimensionnel-bien-etre-afin-de-reorienter-nos-politiques-sociales\/\"},\"wordCount\":828,\"publisher\":{\"@id\":\"https:\/\/peoplesphere.be\/fr\/#organization\"},\"keywords\":[\"bien-\u00eatre\",\"bonheur\",\"indicateurs de bien-\u00eatre\",\"KUL\",\"politique sociale\",\"revenu\",\"Sant\u00e9\",\"UCL\",\"ULB\"],\"articleSection\":[\"Actualit\u00e9s\",\"Digital\"],\"inLanguage\":\"fr-FR\"},{\"@type\":\"WebPage\",\"@id\":\"https:\/\/peoplesphere.be\/fr\/comprendre-caractere-multidimensionnel-bien-etre-afin-de-reorienter-nos-politiques-sociales\/\",\"url\":\"https:\/\/peoplesphere.be\/fr\/comprendre-caractere-multidimensionnel-bien-etre-afin-de-reorienter-nos-politiques-sociales\/\",\"name\":\"Comprendre le caract\u00e8re multidimensionnel du bien-\u00eatre afin de r\u00e9orienter nos politiques sociales. - Peoplesphere\",\"isPartOf\":{\"@id\":\"https:\/\/peoplesphere.be\/fr\/#website\"},\"datePublished\":\"2019-01-16T15:29:59+00:00\",\"dateModified\":\"2019-01-16T15:29:59+00:00\",\"breadcrumb\":{\"@id\":\"https:\/\/peoplesphere.be\/fr\/comprendre-caractere-multidimensionnel-bien-etre-afin-de-reorienter-nos-politiques-sociales\/#breadcrumb\"},\"inLanguage\":\"fr-FR\",\"potentialAction\":[{\"@type\":\"ReadAction\",\"target\":[\"https:\/\/peoplesphere.be\/fr\/comprendre-caractere-multidimensionnel-bien-etre-afin-de-reorienter-nos-politiques-sociales\/\"]}]},{\"@type\":\"BreadcrumbList\",\"@id\":\"https:\/\/peoplesphere.be\/fr\/comprendre-caractere-multidimensionnel-bien-etre-afin-de-reorienter-nos-politiques-sociales\/#breadcrumb\",\"itemListElement\":[{\"@type\":\"ListItem\",\"position\":1,\"name\":\"Accueil\",\"item\":\"https:\/\/peoplesphere.be\/fr\/\"},{\"@type\":\"ListItem\",\"position\":2,\"name\":\"Comprendre le caract\u00e8re multidimensionnel du bien-\u00eatre afin de r\u00e9orienter nos politiques sociales.\"}]},{\"@type\":\"WebSite\",\"@id\":\"https:\/\/peoplesphere.be\/fr\/#website\",\"url\":\"https:\/\/peoplesphere.be\/fr\/\",\"name\":\"Peoplesphere\",\"description\":\"The People Managers Magazine\",\"publisher\":{\"@id\":\"https:\/\/peoplesphere.be\/fr\/#organization\"},\"potentialAction\":[{\"@type\":\"SearchAction\",\"target\":{\"@type\":\"EntryPoint\",\"urlTemplate\":\"https:\/\/peoplesphere.be\/fr\/?s={search_term_string}\"},\"query-input\":\"required name=search_term_string\"}],\"inLanguage\":\"fr-FR\"},{\"@type\":\"Organization\",\"@id\":\"https:\/\/peoplesphere.be\/fr\/#organization\",\"name\":\"Peoplesphere Company srl\",\"url\":\"https:\/\/peoplesphere.be\/fr\/\",\"logo\":{\"@type\":\"ImageObject\",\"inLanguage\":\"fr-FR\",\"@id\":\"https:\/\/peoplesphere.be\/fr\/#\/schema\/logo\/image\/\",\"url\":\"https:\/\/peoplesphere.be\/fr\/wp-content\/uploads\/2023\/07\/peoplesphere-lgo-new-generik.jpg\",\"contentUrl\":\"https:\/\/peoplesphere.be\/fr\/wp-content\/uploads\/2023\/07\/peoplesphere-lgo-new-generik.jpg\",\"width\":1031,\"height\":1479,\"caption\":\"Peoplesphere Company srl\"},\"image\":{\"@id\":\"https:\/\/peoplesphere.be\/fr\/#\/schema\/logo\/image\/\"},\"sameAs\":[\"https:\/\/www.facebook.com\/peoplesphere\",\"https:\/\/twitter.com\/PeoplesphereMag\",\"https:\/\/www.linkedin.com\/company\/7587361?trk\",\"http:\/\/youtube.com\/peoplesphere\"]},{\"@type\":\"Person\",\"@id\":\"https:\/\/peoplesphere.be\/fr\/#\/schema\/person\/7976225ff17988604334abb7b3536a7e\",\"name\":\"Jean-Paul Erhard\",\"image\":{\"@type\":\"ImageObject\",\"inLanguage\":\"fr-FR\",\"@id\":\"https:\/\/peoplesphere.be\/fr\/#\/schema\/person\/image\/\",\"url\":\"https:\/\/secure.gravatar.com\/avatar\/f941e681460179738071629a51574930?s=96&d=mm&r=g\",\"contentUrl\":\"https:\/\/secure.gravatar.com\/avatar\/f941e681460179738071629a51574930?s=96&d=mm&r=g\",\"caption\":\"Jean-Paul Erhard\"},\"url\":\"https:\/\/peoplesphere.be\/fr\/author\/jpe\/\"}]}<\/script>\n<!-- \/ Yoast SEO plugin. -->","yoast_head_json":{"title":"Comprendre le caract\u00e8re multidimensionnel du bien-\u00eatre afin de r\u00e9orienter nos politiques sociales. - Peoplesphere","robots":{"index":"index","follow":"follow","max-snippet":"max-snippet:-1","max-image-preview":"max-image-preview:large","max-video-preview":"max-video-preview:-1"},"canonical":"https:\/\/peoplesphere.be\/fr\/comprendre-caractere-multidimensionnel-bien-etre-afin-de-reorienter-nos-politiques-sociales\/","og_locale":"fr_FR","og_type":"article","og_title":"Comprendre le caract\u00e8re multidimensionnel du bien-\u00eatre afin de r\u00e9orienter nos politiques sociales. - Peoplesphere","og_description":"Des \u00e9conomistes de l\u2019UCLouvain, de l\u2019ULB, de la KULeuven et de l\u2019UAntwerpen ont cosign\u00e9 un livre \u00ab En faut-il peu pour \u00eatre heureux\u2009? \u00bb sur le bien-\u00eatre en Belgique. En se basant sur une enqu\u00eate in\u00e9dite, ils ont mis en [&hellip;]","og_url":"https:\/\/peoplesphere.be\/fr\/comprendre-caractere-multidimensionnel-bien-etre-afin-de-reorienter-nos-politiques-sociales\/","og_site_name":"Peoplesphere","article_publisher":"https:\/\/www.facebook.com\/peoplesphere","article_published_time":"2019-01-16T15:29:59+00:00","og_image":[{"url":"http:\/\/www.peoplesphere.be\/fr\/wp-content\/uploads\/2016\/07\/facebook-default-posting-1200x628px.jpg"}],"author":"Jean-Paul Erhard","twitter_card":"summary_large_image","twitter_creator":"@PeoplesphereMag","twitter_site":"@PeoplesphereMag","twitter_misc":{"\u00c9crit par":"Jean-Paul Erhard","Dur\u00e9e de lecture estim\u00e9e":"4 minutes"},"schema":{"@context":"https:\/\/schema.org","@graph":[{"@type":"Article","@id":"https:\/\/peoplesphere.be\/fr\/comprendre-caractere-multidimensionnel-bien-etre-afin-de-reorienter-nos-politiques-sociales\/#article","isPartOf":{"@id":"https:\/\/peoplesphere.be\/fr\/comprendre-caractere-multidimensionnel-bien-etre-afin-de-reorienter-nos-politiques-sociales\/"},"author":{"name":"Jean-Paul Erhard","@id":"https:\/\/peoplesphere.be\/fr\/#\/schema\/person\/7976225ff17988604334abb7b3536a7e"},"headline":"Comprendre le caract\u00e8re multidimensionnel du bien-\u00eatre afin de r\u00e9orienter nos politiques sociales.","datePublished":"2019-01-16T15:29:59+00:00","dateModified":"2019-01-16T15:29:59+00:00","mainEntityOfPage":{"@id":"https:\/\/peoplesphere.be\/fr\/comprendre-caractere-multidimensionnel-bien-etre-afin-de-reorienter-nos-politiques-sociales\/"},"wordCount":828,"publisher":{"@id":"https:\/\/peoplesphere.be\/fr\/#organization"},"keywords":["bien-\u00eatre","bonheur","indicateurs de bien-\u00eatre","KUL","politique sociale","revenu","Sant\u00e9","UCL","ULB"],"articleSection":["Actualit\u00e9s","Digital"],"inLanguage":"fr-FR"},{"@type":"WebPage","@id":"https:\/\/peoplesphere.be\/fr\/comprendre-caractere-multidimensionnel-bien-etre-afin-de-reorienter-nos-politiques-sociales\/","url":"https:\/\/peoplesphere.be\/fr\/comprendre-caractere-multidimensionnel-bien-etre-afin-de-reorienter-nos-politiques-sociales\/","name":"Comprendre le caract\u00e8re multidimensionnel du bien-\u00eatre afin de r\u00e9orienter nos politiques sociales. - Peoplesphere","isPartOf":{"@id":"https:\/\/peoplesphere.be\/fr\/#website"},"datePublished":"2019-01-16T15:29:59+00:00","dateModified":"2019-01-16T15:29:59+00:00","breadcrumb":{"@id":"https:\/\/peoplesphere.be\/fr\/comprendre-caractere-multidimensionnel-bien-etre-afin-de-reorienter-nos-politiques-sociales\/#breadcrumb"},"inLanguage":"fr-FR","potentialAction":[{"@type":"ReadAction","target":["https:\/\/peoplesphere.be\/fr\/comprendre-caractere-multidimensionnel-bien-etre-afin-de-reorienter-nos-politiques-sociales\/"]}]},{"@type":"BreadcrumbList","@id":"https:\/\/peoplesphere.be\/fr\/comprendre-caractere-multidimensionnel-bien-etre-afin-de-reorienter-nos-politiques-sociales\/#breadcrumb","itemListElement":[{"@type":"ListItem","position":1,"name":"Accueil","item":"https:\/\/peoplesphere.be\/fr\/"},{"@type":"ListItem","position":2,"name":"Comprendre le caract\u00e8re multidimensionnel du bien-\u00eatre afin de r\u00e9orienter nos politiques sociales."}]},{"@type":"WebSite","@id":"https:\/\/peoplesphere.be\/fr\/#website","url":"https:\/\/peoplesphere.be\/fr\/","name":"Peoplesphere","description":"The People Managers Magazine","publisher":{"@id":"https:\/\/peoplesphere.be\/fr\/#organization"},"potentialAction":[{"@type":"SearchAction","target":{"@type":"EntryPoint","urlTemplate":"https:\/\/peoplesphere.be\/fr\/?s={search_term_string}"},"query-input":"required name=search_term_string"}],"inLanguage":"fr-FR"},{"@type":"Organization","@id":"https:\/\/peoplesphere.be\/fr\/#organization","name":"Peoplesphere Company srl","url":"https:\/\/peoplesphere.be\/fr\/","logo":{"@type":"ImageObject","inLanguage":"fr-FR","@id":"https:\/\/peoplesphere.be\/fr\/#\/schema\/logo\/image\/","url":"https:\/\/peoplesphere.be\/fr\/wp-content\/uploads\/2023\/07\/peoplesphere-lgo-new-generik.jpg","contentUrl":"https:\/\/peoplesphere.be\/fr\/wp-content\/uploads\/2023\/07\/peoplesphere-lgo-new-generik.jpg","width":1031,"height":1479,"caption":"Peoplesphere Company srl"},"image":{"@id":"https:\/\/peoplesphere.be\/fr\/#\/schema\/logo\/image\/"},"sameAs":["https:\/\/www.facebook.com\/peoplesphere","https:\/\/twitter.com\/PeoplesphereMag","https:\/\/www.linkedin.com\/company\/7587361?trk","http:\/\/youtube.com\/peoplesphere"]},{"@type":"Person","@id":"https:\/\/peoplesphere.be\/fr\/#\/schema\/person\/7976225ff17988604334abb7b3536a7e","name":"Jean-Paul Erhard","image":{"@type":"ImageObject","inLanguage":"fr-FR","@id":"https:\/\/peoplesphere.be\/fr\/#\/schema\/person\/image\/","url":"https:\/\/secure.gravatar.com\/avatar\/f941e681460179738071629a51574930?s=96&d=mm&r=g","contentUrl":"https:\/\/secure.gravatar.com\/avatar\/f941e681460179738071629a51574930?s=96&d=mm&r=g","caption":"Jean-Paul Erhard"},"url":"https:\/\/peoplesphere.be\/fr\/author\/jpe\/"}]}},"_links":{"self":[{"href":"https:\/\/peoplesphere.be\/fr\/wp-json\/wp\/v2\/posts\/7196"}],"collection":[{"href":"https:\/\/peoplesphere.be\/fr\/wp-json\/wp\/v2\/posts"}],"about":[{"href":"https:\/\/peoplesphere.be\/fr\/wp-json\/wp\/v2\/types\/post"}],"author":[{"embeddable":true,"href":"https:\/\/peoplesphere.be\/fr\/wp-json\/wp\/v2\/users\/2"}],"replies":[{"embeddable":true,"href":"https:\/\/peoplesphere.be\/fr\/wp-json\/wp\/v2\/comments?post=7196"}],"version-history":[{"count":1,"href":"https:\/\/peoplesphere.be\/fr\/wp-json\/wp\/v2\/posts\/7196\/revisions"}],"predecessor-version":[{"id":7197,"href":"https:\/\/peoplesphere.be\/fr\/wp-json\/wp\/v2\/posts\/7196\/revisions\/7197"}],"wp:attachment":[{"href":"https:\/\/peoplesphere.be\/fr\/wp-json\/wp\/v2\/media?parent=7196"}],"wp:term":[{"taxonomy":"category","embeddable":true,"href":"https:\/\/peoplesphere.be\/fr\/wp-json\/wp\/v2\/categories?post=7196"},{"taxonomy":"post_tag","embeddable":true,"href":"https:\/\/peoplesphere.be\/fr\/wp-json\/wp\/v2\/tags?post=7196"}],"curies":[{"name":"wp","href":"https:\/\/api.w.org\/{rel}","templated":true}]}}