









{"id":7209,"date":"2019-01-17T16:40:35","date_gmt":"2019-01-17T14:40:35","guid":{"rendered":"http:\/\/www.peoplesphere.be\/fr\/?p=7209"},"modified":"2019-01-17T16:40:35","modified_gmt":"2019-01-17T14:40:35","slug":"modernisation-de-fonction-publique-wallonne-gouvernement-regrette-refus-de-cgsp-de-mener-dialogue-constructif","status":"publish","type":"post","link":"https:\/\/peoplesphere.be\/fr\/modernisation-de-fonction-publique-wallonne-gouvernement-regrette-refus-de-cgsp-de-mener-dialogue-constructif\/","title":{"rendered":"Modernisation de la fonction publique wallonne: le Gouvernement regrette le refus de la CGSP de mener un dialogue constructif."},"content":{"rendered":"<p>Le Gouvernement wallon a pris connaissance ce matin du rapport fait par la Ministre de la Fonction publique, Alda GREOLI, concernant les travaux entam\u00e9s depuis plus d\u2019un an avec les syndicats.\u00a0Sur la table se trouvent \u00e0 la fois les revendications des diff\u00e9rentes organisations syndicales et les projets de r\u00e9forme et de modernisation de la fonction publique au b\u00e9n\u00e9fice tant des travailleurs que des usagers.<!--more--><\/p>\n<p>Pour rappel, le Gouvernement souhaite donner une meilleure perspective de carri\u00e8re aux travailleurs contractuels, tout en pr\u00e9servant celle des statutaires. Il \u00e9tait par ailleurs, pr\u00eat, dans le cadre de discussions globales, \u00e0 d\u00e9gager des budgets cons\u00e9quents \u2013 d\u00e9passant au total les 10 millions d\u2019euros \u2013 afin de mettre en \u0153uvre deux mesures qualitatives : la revalorisation des agents de niveau B et l\u2019augmentation de la prime de fin d\u2019ann\u00e9e de l\u2019ensemble des fonctionnaires afin de la rapprocher de celle en vigueur au F\u00e9d\u00e9ral. Sa volont\u00e9 \u00e9tait \u00e9galement d\u2019introduire un peu plus de souplesse dans le fonctionnement de l\u2019administration. Cela concerne notamment la r\u00e9forme des services dits continus.<\/p>\n<p>Le Gouvernement constate avec regret l\u2019attitude r\u00e9solument n\u00e9gative de la seule CGSP, qui a visiblement d\u00e9cid\u00e9 d\u2019opter pour l\u2019immobilisme au d\u00e9triment de l\u2019ensemble des agents, dont ses propres affili\u00e9s.<br \/>\nD\u2019entr\u00e9e de jeu, il avait pourtant accept\u00e9 de r\u00e9pondre positivement aux syndicats sur leur demande de maintenir certaines promesses faites sous le Gouvernement pr\u00e9c\u00e9dent mais jamais ex\u00e9cut\u00e9es par le pr\u00e9c\u00e9dent Ministre de la Fonction publique.<br \/>\nLe Ministre-Pr\u00e9sident Willy BORSUS, ainsi que ses Vice-Pr\u00e9sidents Alda GREOLI et Pierre-Yves JEHOLET ont d\u00e9j\u00e0 rencontr\u00e9 \u00e0 quatre reprises les repr\u00e9sentants syndicaux dans ce cadre.<\/p>\n<p>Face au blocage incompr\u00e9hensible du syndicat socialiste qui n\u2019accepte aucun dialogue r\u00e9el, le Gouvernement prend acte de l\u2019impossibilit\u00e9 de conclure un accord global par le biais d\u2019une convention sectorielle. Cependant, le Gouvernement confirme sa volont\u00e9 de faire avancer diff\u00e9rents dossiers sur la table, pour le bien des travailleurs. Il a charg\u00e9 ce matin la Ministre Alda GREOLI de continuer \u00e0 travailler en ce sens.<\/p>\n<p>Le Gouvernement rappelle que, d\u00e8s sa constitution en \u00e9t\u00e9 2017, il avait insist\u00e9 sur sa volont\u00e9 de garantir la paix sociale en Wallonie et de respecter scrupuleusement les r\u00e8gles de la concertation sociale.<br \/>\nCeci n\u00e9cessite n\u00e9anmoins que chacun accepte de jouer le jeu sans arri\u00e8re-pens\u00e9es politiques, ce qui n\u2019est manifestement pas le cas de tous ses interlocuteurs syndicaux.<\/p>\n<p><em>Source : Cabinet de la Ministre wallonne de la Fonction publique, Alda Greoli<\/em><\/p>\n","protected":false},"excerpt":{"rendered":"<p>Le Gouvernement wallon a pris connaissance ce matin du rapport fait par la Ministre de la Fonction publique, Alda GREOLI, concernant les travaux entam\u00e9s depuis plus d\u2019un an avec les syndicats.\u00a0Sur la table se trouvent \u00e0 la fois les revendications [&hellip;]<\/p>\n","protected":false},"author":2,"featured_media":0,"comment_status":"closed","ping_status":"open","sticky":false,"template":"","format":"standard","meta":[],"categories":[65,10],"tags":[2394,1480,1067,687,267,955],"yoast_head":"<!-- This site is optimized with the Yoast SEO plugin v21.0 - https:\/\/yoast.com\/wordpress\/plugins\/seo\/ -->\n<title>Modernisation de la fonction publique wallonne: le Gouvernement regrette le refus de la CGSP de mener un dialogue constructif. - Peoplesphere<\/title>\n<meta name=\"robots\" content=\"index, follow, max-snippet:-1, max-image-preview:large, max-video-preview:-1\" \/>\n<link rel=\"canonical\" href=\"https:\/\/peoplesphere.be\/fr\/modernisation-de-fonction-publique-wallonne-gouvernement-regrette-refus-de-cgsp-de-mener-dialogue-constructif\/\" \/>\n<meta property=\"og:locale\" content=\"fr_FR\" \/>\n<meta property=\"og:type\" content=\"article\" \/>\n<meta property=\"og:title\" content=\"Modernisation de la fonction publique wallonne: le Gouvernement regrette le refus de la CGSP de mener un dialogue constructif. - Peoplesphere\" \/>\n<meta property=\"og:description\" content=\"Le Gouvernement wallon a pris connaissance ce matin du rapport fait par la Ministre de la Fonction publique, Alda GREOLI, concernant les travaux entam\u00e9s depuis plus d\u2019un an avec les syndicats.\u00a0Sur la table se trouvent \u00e0 la fois les revendications [&hellip;]\" \/>\n<meta property=\"og:url\" content=\"https:\/\/peoplesphere.be\/fr\/modernisation-de-fonction-publique-wallonne-gouvernement-regrette-refus-de-cgsp-de-mener-dialogue-constructif\/\" \/>\n<meta property=\"og:site_name\" content=\"Peoplesphere\" \/>\n<meta property=\"article:publisher\" content=\"https:\/\/www.facebook.com\/peoplesphere\" \/>\n<meta property=\"article:published_time\" content=\"2019-01-17T14:40:35+00:00\" \/>\n<meta property=\"og:image\" content=\"http:\/\/www.peoplesphere.be\/fr\/wp-content\/uploads\/2016\/07\/facebook-default-posting-1200x628px.jpg\" \/>\n<meta name=\"author\" content=\"Jean-Paul Erhard\" \/>\n<meta name=\"twitter:card\" content=\"summary_large_image\" \/>\n<meta name=\"twitter:creator\" content=\"@PeoplesphereMag\" \/>\n<meta name=\"twitter:site\" content=\"@PeoplesphereMag\" \/>\n<meta name=\"twitter:label1\" content=\"\u00c9crit par\" \/>\n\t<meta name=\"twitter:data1\" content=\"Jean-Paul Erhard\" \/>\n\t<meta name=\"twitter:label2\" content=\"Dur\u00e9e de lecture estim\u00e9e\" \/>\n\t<meta name=\"twitter:data2\" content=\"2 minutes\" \/>\n<script type=\"application\/ld+json\" class=\"yoast-schema-graph\">{\"@context\":\"https:\/\/schema.org\",\"@graph\":[{\"@type\":\"Article\",\"@id\":\"https:\/\/peoplesphere.be\/fr\/modernisation-de-fonction-publique-wallonne-gouvernement-regrette-refus-de-cgsp-de-mener-dialogue-constructif\/#article\",\"isPartOf\":{\"@id\":\"https:\/\/peoplesphere.be\/fr\/modernisation-de-fonction-publique-wallonne-gouvernement-regrette-refus-de-cgsp-de-mener-dialogue-constructif\/\"},\"author\":{\"name\":\"Jean-Paul Erhard\",\"@id\":\"https:\/\/peoplesphere.be\/fr\/#\/schema\/person\/7976225ff17988604334abb7b3536a7e\"},\"headline\":\"Modernisation de la fonction publique wallonne: le Gouvernement regrette le refus de la CGSP de mener un dialogue constructif.\",\"datePublished\":\"2019-01-17T14:40:35+00:00\",\"dateModified\":\"2019-01-17T14:40:35+00:00\",\"mainEntityOfPage\":{\"@id\":\"https:\/\/peoplesphere.be\/fr\/modernisation-de-fonction-publique-wallonne-gouvernement-regrette-refus-de-cgsp-de-mener-dialogue-constructif\/\"},\"wordCount\":462,\"publisher\":{\"@id\":\"https:\/\/peoplesphere.be\/fr\/#organization\"},\"keywords\":[\"Alda Greoli\",\"CGSP\",\"modernisation\",\"r\u00e9forme\",\"secteur public\",\"Willy Borsus\"],\"articleSection\":[\"Actualit\u00e9s\",\"Digital\"],\"inLanguage\":\"fr-FR\"},{\"@type\":\"WebPage\",\"@id\":\"https:\/\/peoplesphere.be\/fr\/modernisation-de-fonction-publique-wallonne-gouvernement-regrette-refus-de-cgsp-de-mener-dialogue-constructif\/\",\"url\":\"https:\/\/peoplesphere.be\/fr\/modernisation-de-fonction-publique-wallonne-gouvernement-regrette-refus-de-cgsp-de-mener-dialogue-constructif\/\",\"name\":\"Modernisation de la fonction publique wallonne: le Gouvernement regrette le refus de la CGSP de mener un dialogue constructif. - Peoplesphere\",\"isPartOf\":{\"@id\":\"https:\/\/peoplesphere.be\/fr\/#website\"},\"datePublished\":\"2019-01-17T14:40:35+00:00\",\"dateModified\":\"2019-01-17T14:40:35+00:00\",\"breadcrumb\":{\"@id\":\"https:\/\/peoplesphere.be\/fr\/modernisation-de-fonction-publique-wallonne-gouvernement-regrette-refus-de-cgsp-de-mener-dialogue-constructif\/#breadcrumb\"},\"inLanguage\":\"fr-FR\",\"potentialAction\":[{\"@type\":\"ReadAction\",\"target\":[\"https:\/\/peoplesphere.be\/fr\/modernisation-de-fonction-publique-wallonne-gouvernement-regrette-refus-de-cgsp-de-mener-dialogue-constructif\/\"]}]},{\"@type\":\"BreadcrumbList\",\"@id\":\"https:\/\/peoplesphere.be\/fr\/modernisation-de-fonction-publique-wallonne-gouvernement-regrette-refus-de-cgsp-de-mener-dialogue-constructif\/#breadcrumb\",\"itemListElement\":[{\"@type\":\"ListItem\",\"position\":1,\"name\":\"Accueil\",\"item\":\"https:\/\/peoplesphere.be\/fr\/\"},{\"@type\":\"ListItem\",\"position\":2,\"name\":\"Modernisation de la fonction publique wallonne: le Gouvernement regrette le refus de la CGSP de mener un dialogue constructif.\"}]},{\"@type\":\"WebSite\",\"@id\":\"https:\/\/peoplesphere.be\/fr\/#website\",\"url\":\"https:\/\/peoplesphere.be\/fr\/\",\"name\":\"Peoplesphere\",\"description\":\"The People Managers Magazine\",\"publisher\":{\"@id\":\"https:\/\/peoplesphere.be\/fr\/#organization\"},\"potentialAction\":[{\"@type\":\"SearchAction\",\"target\":{\"@type\":\"EntryPoint\",\"urlTemplate\":\"https:\/\/peoplesphere.be\/fr\/?s={search_term_string}\"},\"query-input\":\"required name=search_term_string\"}],\"inLanguage\":\"fr-FR\"},{\"@type\":\"Organization\",\"@id\":\"https:\/\/peoplesphere.be\/fr\/#organization\",\"name\":\"Peoplesphere Company srl\",\"url\":\"https:\/\/peoplesphere.be\/fr\/\",\"logo\":{\"@type\":\"ImageObject\",\"inLanguage\":\"fr-FR\",\"@id\":\"https:\/\/peoplesphere.be\/fr\/#\/schema\/logo\/image\/\",\"url\":\"https:\/\/peoplesphere.be\/fr\/wp-content\/uploads\/2023\/07\/peoplesphere-lgo-new-generik.jpg\",\"contentUrl\":\"https:\/\/peoplesphere.be\/fr\/wp-content\/uploads\/2023\/07\/peoplesphere-lgo-new-generik.jpg\",\"width\":1031,\"height\":1479,\"caption\":\"Peoplesphere Company srl\"},\"image\":{\"@id\":\"https:\/\/peoplesphere.be\/fr\/#\/schema\/logo\/image\/\"},\"sameAs\":[\"https:\/\/www.facebook.com\/peoplesphere\",\"https:\/\/twitter.com\/PeoplesphereMag\",\"https:\/\/www.linkedin.com\/company\/7587361?trk\",\"http:\/\/youtube.com\/peoplesphere\"]},{\"@type\":\"Person\",\"@id\":\"https:\/\/peoplesphere.be\/fr\/#\/schema\/person\/7976225ff17988604334abb7b3536a7e\",\"name\":\"Jean-Paul Erhard\",\"image\":{\"@type\":\"ImageObject\",\"inLanguage\":\"fr-FR\",\"@id\":\"https:\/\/peoplesphere.be\/fr\/#\/schema\/person\/image\/\",\"url\":\"https:\/\/secure.gravatar.com\/avatar\/f941e681460179738071629a51574930?s=96&d=mm&r=g\",\"contentUrl\":\"https:\/\/secure.gravatar.com\/avatar\/f941e681460179738071629a51574930?s=96&d=mm&r=g\",\"caption\":\"Jean-Paul Erhard\"},\"url\":\"https:\/\/peoplesphere.be\/fr\/author\/jpe\/\"}]}<\/script>\n<!-- \/ Yoast SEO plugin. -->","yoast_head_json":{"title":"Modernisation de la fonction publique wallonne: le Gouvernement regrette le refus de la CGSP de mener un dialogue constructif. - Peoplesphere","robots":{"index":"index","follow":"follow","max-snippet":"max-snippet:-1","max-image-preview":"max-image-preview:large","max-video-preview":"max-video-preview:-1"},"canonical":"https:\/\/peoplesphere.be\/fr\/modernisation-de-fonction-publique-wallonne-gouvernement-regrette-refus-de-cgsp-de-mener-dialogue-constructif\/","og_locale":"fr_FR","og_type":"article","og_title":"Modernisation de la fonction publique wallonne: le Gouvernement regrette le refus de la CGSP de mener un dialogue constructif. - Peoplesphere","og_description":"Le Gouvernement wallon a pris connaissance ce matin du rapport fait par la Ministre de la Fonction publique, Alda GREOLI, concernant les travaux entam\u00e9s depuis plus d\u2019un an avec les syndicats.\u00a0Sur la table se trouvent \u00e0 la fois les revendications [&hellip;]","og_url":"https:\/\/peoplesphere.be\/fr\/modernisation-de-fonction-publique-wallonne-gouvernement-regrette-refus-de-cgsp-de-mener-dialogue-constructif\/","og_site_name":"Peoplesphere","article_publisher":"https:\/\/www.facebook.com\/peoplesphere","article_published_time":"2019-01-17T14:40:35+00:00","og_image":[{"url":"http:\/\/www.peoplesphere.be\/fr\/wp-content\/uploads\/2016\/07\/facebook-default-posting-1200x628px.jpg"}],"author":"Jean-Paul Erhard","twitter_card":"summary_large_image","twitter_creator":"@PeoplesphereMag","twitter_site":"@PeoplesphereMag","twitter_misc":{"\u00c9crit par":"Jean-Paul Erhard","Dur\u00e9e de lecture estim\u00e9e":"2 minutes"},"schema":{"@context":"https:\/\/schema.org","@graph":[{"@type":"Article","@id":"https:\/\/peoplesphere.be\/fr\/modernisation-de-fonction-publique-wallonne-gouvernement-regrette-refus-de-cgsp-de-mener-dialogue-constructif\/#article","isPartOf":{"@id":"https:\/\/peoplesphere.be\/fr\/modernisation-de-fonction-publique-wallonne-gouvernement-regrette-refus-de-cgsp-de-mener-dialogue-constructif\/"},"author":{"name":"Jean-Paul Erhard","@id":"https:\/\/peoplesphere.be\/fr\/#\/schema\/person\/7976225ff17988604334abb7b3536a7e"},"headline":"Modernisation de la fonction publique wallonne: le Gouvernement regrette le refus de la CGSP de mener un dialogue constructif.","datePublished":"2019-01-17T14:40:35+00:00","dateModified":"2019-01-17T14:40:35+00:00","mainEntityOfPage":{"@id":"https:\/\/peoplesphere.be\/fr\/modernisation-de-fonction-publique-wallonne-gouvernement-regrette-refus-de-cgsp-de-mener-dialogue-constructif\/"},"wordCount":462,"publisher":{"@id":"https:\/\/peoplesphere.be\/fr\/#organization"},"keywords":["Alda Greoli","CGSP","modernisation","r\u00e9forme","secteur public","Willy Borsus"],"articleSection":["Actualit\u00e9s","Digital"],"inLanguage":"fr-FR"},{"@type":"WebPage","@id":"https:\/\/peoplesphere.be\/fr\/modernisation-de-fonction-publique-wallonne-gouvernement-regrette-refus-de-cgsp-de-mener-dialogue-constructif\/","url":"https:\/\/peoplesphere.be\/fr\/modernisation-de-fonction-publique-wallonne-gouvernement-regrette-refus-de-cgsp-de-mener-dialogue-constructif\/","name":"Modernisation de la fonction publique wallonne: le Gouvernement regrette le refus de la CGSP de mener un dialogue constructif. - Peoplesphere","isPartOf":{"@id":"https:\/\/peoplesphere.be\/fr\/#website"},"datePublished":"2019-01-17T14:40:35+00:00","dateModified":"2019-01-17T14:40:35+00:00","breadcrumb":{"@id":"https:\/\/peoplesphere.be\/fr\/modernisation-de-fonction-publique-wallonne-gouvernement-regrette-refus-de-cgsp-de-mener-dialogue-constructif\/#breadcrumb"},"inLanguage":"fr-FR","potentialAction":[{"@type":"ReadAction","target":["https:\/\/peoplesphere.be\/fr\/modernisation-de-fonction-publique-wallonne-gouvernement-regrette-refus-de-cgsp-de-mener-dialogue-constructif\/"]}]},{"@type":"BreadcrumbList","@id":"https:\/\/peoplesphere.be\/fr\/modernisation-de-fonction-publique-wallonne-gouvernement-regrette-refus-de-cgsp-de-mener-dialogue-constructif\/#breadcrumb","itemListElement":[{"@type":"ListItem","position":1,"name":"Accueil","item":"https:\/\/peoplesphere.be\/fr\/"},{"@type":"ListItem","position":2,"name":"Modernisation de la fonction publique wallonne: le Gouvernement regrette le refus de la CGSP de mener un dialogue constructif."}]},{"@type":"WebSite","@id":"https:\/\/peoplesphere.be\/fr\/#website","url":"https:\/\/peoplesphere.be\/fr\/","name":"Peoplesphere","description":"The People Managers Magazine","publisher":{"@id":"https:\/\/peoplesphere.be\/fr\/#organization"},"potentialAction":[{"@type":"SearchAction","target":{"@type":"EntryPoint","urlTemplate":"https:\/\/peoplesphere.be\/fr\/?s={search_term_string}"},"query-input":"required name=search_term_string"}],"inLanguage":"fr-FR"},{"@type":"Organization","@id":"https:\/\/peoplesphere.be\/fr\/#organization","name":"Peoplesphere Company srl","url":"https:\/\/peoplesphere.be\/fr\/","logo":{"@type":"ImageObject","inLanguage":"fr-FR","@id":"https:\/\/peoplesphere.be\/fr\/#\/schema\/logo\/image\/","url":"https:\/\/peoplesphere.be\/fr\/wp-content\/uploads\/2023\/07\/peoplesphere-lgo-new-generik.jpg","contentUrl":"https:\/\/peoplesphere.be\/fr\/wp-content\/uploads\/2023\/07\/peoplesphere-lgo-new-generik.jpg","width":1031,"height":1479,"caption":"Peoplesphere Company srl"},"image":{"@id":"https:\/\/peoplesphere.be\/fr\/#\/schema\/logo\/image\/"},"sameAs":["https:\/\/www.facebook.com\/peoplesphere","https:\/\/twitter.com\/PeoplesphereMag","https:\/\/www.linkedin.com\/company\/7587361?trk","http:\/\/youtube.com\/peoplesphere"]},{"@type":"Person","@id":"https:\/\/peoplesphere.be\/fr\/#\/schema\/person\/7976225ff17988604334abb7b3536a7e","name":"Jean-Paul Erhard","image":{"@type":"ImageObject","inLanguage":"fr-FR","@id":"https:\/\/peoplesphere.be\/fr\/#\/schema\/person\/image\/","url":"https:\/\/secure.gravatar.com\/avatar\/f941e681460179738071629a51574930?s=96&d=mm&r=g","contentUrl":"https:\/\/secure.gravatar.com\/avatar\/f941e681460179738071629a51574930?s=96&d=mm&r=g","caption":"Jean-Paul Erhard"},"url":"https:\/\/peoplesphere.be\/fr\/author\/jpe\/"}]}},"_links":{"self":[{"href":"https:\/\/peoplesphere.be\/fr\/wp-json\/wp\/v2\/posts\/7209"}],"collection":[{"href":"https:\/\/peoplesphere.be\/fr\/wp-json\/wp\/v2\/posts"}],"about":[{"href":"https:\/\/peoplesphere.be\/fr\/wp-json\/wp\/v2\/types\/post"}],"author":[{"embeddable":true,"href":"https:\/\/peoplesphere.be\/fr\/wp-json\/wp\/v2\/users\/2"}],"replies":[{"embeddable":true,"href":"https:\/\/peoplesphere.be\/fr\/wp-json\/wp\/v2\/comments?post=7209"}],"version-history":[{"count":1,"href":"https:\/\/peoplesphere.be\/fr\/wp-json\/wp\/v2\/posts\/7209\/revisions"}],"predecessor-version":[{"id":7210,"href":"https:\/\/peoplesphere.be\/fr\/wp-json\/wp\/v2\/posts\/7209\/revisions\/7210"}],"wp:attachment":[{"href":"https:\/\/peoplesphere.be\/fr\/wp-json\/wp\/v2\/media?parent=7209"}],"wp:term":[{"taxonomy":"category","embeddable":true,"href":"https:\/\/peoplesphere.be\/fr\/wp-json\/wp\/v2\/categories?post=7209"},{"taxonomy":"post_tag","embeddable":true,"href":"https:\/\/peoplesphere.be\/fr\/wp-json\/wp\/v2\/tags?post=7209"}],"curies":[{"name":"wp","href":"https:\/\/api.w.org\/{rel}","templated":true}]}}