









{"id":7219,"date":"2019-01-22T07:52:30","date_gmt":"2019-01-22T05:52:30","guid":{"rendered":"http:\/\/www.peoplesphere.be\/fr\/?p=7219"},"modified":"2019-01-22T07:52:30","modified_gmt":"2019-01-22T05:52:30","slug":"deux-tiers-femmes-atteintes-dun-cancer-sein-reprennent-travail-deux-ans","status":"publish","type":"post","link":"https:\/\/peoplesphere.be\/fr\/deux-tiers-femmes-atteintes-dun-cancer-sein-reprennent-travail-deux-ans\/","title":{"rendered":"Deux tiers des femmes atteintes d&rsquo;un cancer du sein reprennent le travail dans les deux ans."},"content":{"rendered":"<p>Pr\u00e8s de 70% des femmes retravaillent dans les deux ans apr\u00e8s un cancer du sein. Une \u00e9tude men\u00e9e par la Mutualit\u00e9 Chr\u00e9tienne\u00a0aupr\u00e8s de 7.600 femmes \u00e2g\u00e9es de 20 \u00e0 64 ans\u00a0qui ont re\u00e7u des indemnit\u00e9s d&rsquo;incapacit\u00e9 de la Mutualit\u00e9 chr\u00e9tienne (MC) indique que deux tiers (67%) d&rsquo;entre elles\u00a0ont repris totalement ou partiellement le travail dans les deux ans qui ont suivi le diagnostic de cancer.<!--more--><\/p>\n<p><em> \u00ab\u00a0En moyenne, l&rsquo;indemnisation tourne autour d&rsquo;un an. Pour 26% des femmes, l&rsquo;incapacit\u00e9 se prolonge au-del\u00e0 de deux ans. Le d\u00e9c\u00e8s survient malheureusement dans 2% des cas\u00a0\u00bb<\/em>, pr\u00e9cise la mutualit\u00e9. \u00a0Par ailleurs, pour pr\u00e8s d&rsquo;une femme sur quatre (24%), aucune indemnit\u00e9 n&rsquo;a \u00e9t\u00e9 vers\u00e9e dans les deux mois qui ont suivi la d\u00e9couverte du cancer.<\/p>\n<p><em>\u00ab\u00a0Sans doute les personnes concern\u00e9es ont-elles arr\u00eat\u00e9 de travailler \u00e0 un moment ou un autre et probablement pour de courtes p\u00e9riodes d&rsquo;incapacit\u00e9 successives. Mais en tout cas, pour les travailleuses salari\u00e9es, pas au-del\u00e0 de la p\u00e9riode de salaire garanti pay\u00e9 par l&#8217;employeur\u00a0\u00bb<\/em>, observe Jean Hermesse, secr\u00e9taire g\u00e9n\u00e9ral de la MC.<\/p>\n<p>La probabilit\u00e9 de reprendre le travail d\u00e9pend notamment du stade de la maladie, du traitement, de l&rsquo;\u00e2ge mais aussi du statut professionnel. Ainsi, la probabilit\u00e9 de retour au travail dans les deux ans est de 77% au stade I de la maladie, contre 27% au stade IV malgr\u00e9 l&rsquo;impact n\u00e9gatif de traitements comme la chimioth\u00e9rapie.<\/p>\n<p>Par ailleurs, les patientes les plus jeunes ont davantage de chance de retourner plus vite au boulot. Par contre, les retours pour les ouvri\u00e8res sont plus longs que pour les employ\u00e9es. <em>\u00ab\u00a0Le fait d&rsquo;avoir un boulot tr\u00e8s physique rend la reprise plus difficile. Et souvent avec peu de possibilit\u00e9s d&rsquo;adaptation<\/em>\u00ab\u00a0, avance encore Jean Hermesse.<\/p>\n<p>Quant aux ind\u00e9pendantes, elles ont une plus faible probabilit\u00e9 d&rsquo;entrer en incapacit\u00e9 que les salari\u00e9es, par peur de l&rsquo;impact de leur absence sur leur activit\u00e9 professionnelle notamment. Mais elles ont cependant tendance \u00e0 y rester plus longtemps quand elles y sont, entre autres parce que certaines ont entre-temps \u00e9t\u00e9 contraintes d&rsquo;arr\u00eater leur m\u00e9tier ou de revendre leur commerce. <em>\u00ab\u00a0De nombreuses modalit\u00e9s de reprise existent, allant du poste adapt\u00e9 \u00e0 une formation vers une autre profession en passant par une reprise partielle de l&rsquo;activit\u00e9 professionnelle&#8230;\u00a0\u00bb,<\/em> rappelle Jean Hermesse, pour qui le cas des malades atteints d&rsquo;un cancer constitue <em>\u00ab\u00a0la preuve qu&rsquo;une stigmatisation des travailleurs en incapacit\u00e9 de travail ne repose que sur des pr\u00e9jug\u00e9s et est inadmissible\u00a0\u00bb.<\/em><\/p>\n<p><strong><em>Source : Belga<\/em><\/strong><\/p>\n","protected":false},"excerpt":{"rendered":"<p>Pr\u00e8s de 70% des femmes retravaillent dans les deux ans apr\u00e8s un cancer du sein. Une \u00e9tude men\u00e9e par la Mutualit\u00e9 Chr\u00e9tienne\u00a0aupr\u00e8s de 7.600 femmes \u00e2g\u00e9es de 20 \u00e0 64 ans\u00a0qui ont re\u00e7u des indemnit\u00e9s d&rsquo;incapacit\u00e9 de la Mutualit\u00e9 chr\u00e9tienne [&hellip;]<\/p>\n","protected":false},"author":2,"featured_media":0,"comment_status":"closed","ping_status":"open","sticky":false,"template":"","format":"standard","meta":[],"categories":[65,10],"tags":[961,662,2132,17],"yoast_head":"<!-- This site is optimized with the Yoast SEO plugin v21.0 - https:\/\/yoast.com\/wordpress\/plugins\/seo\/ -->\n<title>Deux tiers des femmes atteintes d&#039;un cancer du sein reprennent le travail dans les deux ans. - Peoplesphere<\/title>\n<meta name=\"robots\" content=\"index, follow, max-snippet:-1, max-image-preview:large, max-video-preview:-1\" \/>\n<link rel=\"canonical\" href=\"https:\/\/peoplesphere.be\/fr\/deux-tiers-femmes-atteintes-dun-cancer-sein-reprennent-travail-deux-ans\/\" \/>\n<meta property=\"og:locale\" content=\"fr_FR\" \/>\n<meta property=\"og:type\" content=\"article\" \/>\n<meta property=\"og:title\" content=\"Deux tiers des femmes atteintes d&#039;un cancer du sein reprennent le travail dans les deux ans. - Peoplesphere\" \/>\n<meta property=\"og:description\" content=\"Pr\u00e8s de 70% des femmes retravaillent dans les deux ans apr\u00e8s un cancer du sein. Une \u00e9tude men\u00e9e par la Mutualit\u00e9 Chr\u00e9tienne\u00a0aupr\u00e8s de 7.600 femmes \u00e2g\u00e9es de 20 \u00e0 64 ans\u00a0qui ont re\u00e7u des indemnit\u00e9s d&rsquo;incapacit\u00e9 de la Mutualit\u00e9 chr\u00e9tienne [&hellip;]\" \/>\n<meta property=\"og:url\" content=\"https:\/\/peoplesphere.be\/fr\/deux-tiers-femmes-atteintes-dun-cancer-sein-reprennent-travail-deux-ans\/\" \/>\n<meta property=\"og:site_name\" content=\"Peoplesphere\" \/>\n<meta property=\"article:publisher\" content=\"https:\/\/www.facebook.com\/peoplesphere\" \/>\n<meta property=\"article:published_time\" content=\"2019-01-22T05:52:30+00:00\" \/>\n<meta property=\"og:image\" content=\"http:\/\/www.peoplesphere.be\/fr\/wp-content\/uploads\/2016\/07\/facebook-default-posting-1200x628px.jpg\" \/>\n<meta name=\"author\" content=\"Jean-Paul Erhard\" \/>\n<meta name=\"twitter:card\" content=\"summary_large_image\" \/>\n<meta name=\"twitter:creator\" content=\"@PeoplesphereMag\" \/>\n<meta name=\"twitter:site\" content=\"@PeoplesphereMag\" \/>\n<meta name=\"twitter:label1\" content=\"\u00c9crit par\" \/>\n\t<meta name=\"twitter:data1\" content=\"Jean-Paul Erhard\" \/>\n\t<meta name=\"twitter:label2\" content=\"Dur\u00e9e de lecture estim\u00e9e\" \/>\n\t<meta name=\"twitter:data2\" content=\"2 minutes\" \/>\n<script type=\"application\/ld+json\" class=\"yoast-schema-graph\">{\"@context\":\"https:\/\/schema.org\",\"@graph\":[{\"@type\":\"Article\",\"@id\":\"https:\/\/peoplesphere.be\/fr\/deux-tiers-femmes-atteintes-dun-cancer-sein-reprennent-travail-deux-ans\/#article\",\"isPartOf\":{\"@id\":\"https:\/\/peoplesphere.be\/fr\/deux-tiers-femmes-atteintes-dun-cancer-sein-reprennent-travail-deux-ans\/\"},\"author\":{\"name\":\"Jean-Paul Erhard\",\"@id\":\"https:\/\/peoplesphere.be\/fr\/#\/schema\/person\/7976225ff17988604334abb7b3536a7e\"},\"headline\":\"Deux tiers des femmes atteintes d&rsquo;un cancer du sein reprennent le travail dans les deux ans.\",\"datePublished\":\"2019-01-22T05:52:30+00:00\",\"dateModified\":\"2019-01-22T05:52:30+00:00\",\"mainEntityOfPage\":{\"@id\":\"https:\/\/peoplesphere.be\/fr\/deux-tiers-femmes-atteintes-dun-cancer-sein-reprennent-travail-deux-ans\/\"},\"wordCount\":439,\"publisher\":{\"@id\":\"https:\/\/peoplesphere.be\/fr\/#organization\"},\"keywords\":[\"cancer du sein\",\"incapacit\u00e9\",\"mutualit\u00e9 chr\u00e9tienne\",\"Sant\u00e9\"],\"articleSection\":[\"Actualit\u00e9s\",\"Digital\"],\"inLanguage\":\"fr-FR\"},{\"@type\":\"WebPage\",\"@id\":\"https:\/\/peoplesphere.be\/fr\/deux-tiers-femmes-atteintes-dun-cancer-sein-reprennent-travail-deux-ans\/\",\"url\":\"https:\/\/peoplesphere.be\/fr\/deux-tiers-femmes-atteintes-dun-cancer-sein-reprennent-travail-deux-ans\/\",\"name\":\"Deux tiers des femmes atteintes d'un cancer du sein reprennent le travail dans les deux ans. - Peoplesphere\",\"isPartOf\":{\"@id\":\"https:\/\/peoplesphere.be\/fr\/#website\"},\"datePublished\":\"2019-01-22T05:52:30+00:00\",\"dateModified\":\"2019-01-22T05:52:30+00:00\",\"breadcrumb\":{\"@id\":\"https:\/\/peoplesphere.be\/fr\/deux-tiers-femmes-atteintes-dun-cancer-sein-reprennent-travail-deux-ans\/#breadcrumb\"},\"inLanguage\":\"fr-FR\",\"potentialAction\":[{\"@type\":\"ReadAction\",\"target\":[\"https:\/\/peoplesphere.be\/fr\/deux-tiers-femmes-atteintes-dun-cancer-sein-reprennent-travail-deux-ans\/\"]}]},{\"@type\":\"BreadcrumbList\",\"@id\":\"https:\/\/peoplesphere.be\/fr\/deux-tiers-femmes-atteintes-dun-cancer-sein-reprennent-travail-deux-ans\/#breadcrumb\",\"itemListElement\":[{\"@type\":\"ListItem\",\"position\":1,\"name\":\"Accueil\",\"item\":\"https:\/\/peoplesphere.be\/fr\/\"},{\"@type\":\"ListItem\",\"position\":2,\"name\":\"Deux tiers des femmes atteintes d&rsquo;un cancer du sein reprennent le travail dans les deux ans.\"}]},{\"@type\":\"WebSite\",\"@id\":\"https:\/\/peoplesphere.be\/fr\/#website\",\"url\":\"https:\/\/peoplesphere.be\/fr\/\",\"name\":\"Peoplesphere\",\"description\":\"The People Managers Magazine\",\"publisher\":{\"@id\":\"https:\/\/peoplesphere.be\/fr\/#organization\"},\"potentialAction\":[{\"@type\":\"SearchAction\",\"target\":{\"@type\":\"EntryPoint\",\"urlTemplate\":\"https:\/\/peoplesphere.be\/fr\/?s={search_term_string}\"},\"query-input\":\"required name=search_term_string\"}],\"inLanguage\":\"fr-FR\"},{\"@type\":\"Organization\",\"@id\":\"https:\/\/peoplesphere.be\/fr\/#organization\",\"name\":\"Peoplesphere Company srl\",\"url\":\"https:\/\/peoplesphere.be\/fr\/\",\"logo\":{\"@type\":\"ImageObject\",\"inLanguage\":\"fr-FR\",\"@id\":\"https:\/\/peoplesphere.be\/fr\/#\/schema\/logo\/image\/\",\"url\":\"https:\/\/peoplesphere.be\/fr\/wp-content\/uploads\/2023\/07\/peoplesphere-lgo-new-generik.jpg\",\"contentUrl\":\"https:\/\/peoplesphere.be\/fr\/wp-content\/uploads\/2023\/07\/peoplesphere-lgo-new-generik.jpg\",\"width\":1031,\"height\":1479,\"caption\":\"Peoplesphere Company srl\"},\"image\":{\"@id\":\"https:\/\/peoplesphere.be\/fr\/#\/schema\/logo\/image\/\"},\"sameAs\":[\"https:\/\/www.facebook.com\/peoplesphere\",\"https:\/\/twitter.com\/PeoplesphereMag\",\"https:\/\/www.linkedin.com\/company\/7587361?trk\",\"http:\/\/youtube.com\/peoplesphere\"]},{\"@type\":\"Person\",\"@id\":\"https:\/\/peoplesphere.be\/fr\/#\/schema\/person\/7976225ff17988604334abb7b3536a7e\",\"name\":\"Jean-Paul Erhard\",\"image\":{\"@type\":\"ImageObject\",\"inLanguage\":\"fr-FR\",\"@id\":\"https:\/\/peoplesphere.be\/fr\/#\/schema\/person\/image\/\",\"url\":\"https:\/\/secure.gravatar.com\/avatar\/f941e681460179738071629a51574930?s=96&d=mm&r=g\",\"contentUrl\":\"https:\/\/secure.gravatar.com\/avatar\/f941e681460179738071629a51574930?s=96&d=mm&r=g\",\"caption\":\"Jean-Paul Erhard\"},\"url\":\"https:\/\/peoplesphere.be\/fr\/author\/jpe\/\"}]}<\/script>\n<!-- \/ Yoast SEO plugin. -->","yoast_head_json":{"title":"Deux tiers des femmes atteintes d'un cancer du sein reprennent le travail dans les deux ans. - Peoplesphere","robots":{"index":"index","follow":"follow","max-snippet":"max-snippet:-1","max-image-preview":"max-image-preview:large","max-video-preview":"max-video-preview:-1"},"canonical":"https:\/\/peoplesphere.be\/fr\/deux-tiers-femmes-atteintes-dun-cancer-sein-reprennent-travail-deux-ans\/","og_locale":"fr_FR","og_type":"article","og_title":"Deux tiers des femmes atteintes d'un cancer du sein reprennent le travail dans les deux ans. - Peoplesphere","og_description":"Pr\u00e8s de 70% des femmes retravaillent dans les deux ans apr\u00e8s un cancer du sein. Une \u00e9tude men\u00e9e par la Mutualit\u00e9 Chr\u00e9tienne\u00a0aupr\u00e8s de 7.600 femmes \u00e2g\u00e9es de 20 \u00e0 64 ans\u00a0qui ont re\u00e7u des indemnit\u00e9s d&rsquo;incapacit\u00e9 de la Mutualit\u00e9 chr\u00e9tienne [&hellip;]","og_url":"https:\/\/peoplesphere.be\/fr\/deux-tiers-femmes-atteintes-dun-cancer-sein-reprennent-travail-deux-ans\/","og_site_name":"Peoplesphere","article_publisher":"https:\/\/www.facebook.com\/peoplesphere","article_published_time":"2019-01-22T05:52:30+00:00","og_image":[{"url":"http:\/\/www.peoplesphere.be\/fr\/wp-content\/uploads\/2016\/07\/facebook-default-posting-1200x628px.jpg"}],"author":"Jean-Paul Erhard","twitter_card":"summary_large_image","twitter_creator":"@PeoplesphereMag","twitter_site":"@PeoplesphereMag","twitter_misc":{"\u00c9crit par":"Jean-Paul Erhard","Dur\u00e9e de lecture estim\u00e9e":"2 minutes"},"schema":{"@context":"https:\/\/schema.org","@graph":[{"@type":"Article","@id":"https:\/\/peoplesphere.be\/fr\/deux-tiers-femmes-atteintes-dun-cancer-sein-reprennent-travail-deux-ans\/#article","isPartOf":{"@id":"https:\/\/peoplesphere.be\/fr\/deux-tiers-femmes-atteintes-dun-cancer-sein-reprennent-travail-deux-ans\/"},"author":{"name":"Jean-Paul Erhard","@id":"https:\/\/peoplesphere.be\/fr\/#\/schema\/person\/7976225ff17988604334abb7b3536a7e"},"headline":"Deux tiers des femmes atteintes d&rsquo;un cancer du sein reprennent le travail dans les deux ans.","datePublished":"2019-01-22T05:52:30+00:00","dateModified":"2019-01-22T05:52:30+00:00","mainEntityOfPage":{"@id":"https:\/\/peoplesphere.be\/fr\/deux-tiers-femmes-atteintes-dun-cancer-sein-reprennent-travail-deux-ans\/"},"wordCount":439,"publisher":{"@id":"https:\/\/peoplesphere.be\/fr\/#organization"},"keywords":["cancer du sein","incapacit\u00e9","mutualit\u00e9 chr\u00e9tienne","Sant\u00e9"],"articleSection":["Actualit\u00e9s","Digital"],"inLanguage":"fr-FR"},{"@type":"WebPage","@id":"https:\/\/peoplesphere.be\/fr\/deux-tiers-femmes-atteintes-dun-cancer-sein-reprennent-travail-deux-ans\/","url":"https:\/\/peoplesphere.be\/fr\/deux-tiers-femmes-atteintes-dun-cancer-sein-reprennent-travail-deux-ans\/","name":"Deux tiers des femmes atteintes d'un cancer du sein reprennent le travail dans les deux ans. - Peoplesphere","isPartOf":{"@id":"https:\/\/peoplesphere.be\/fr\/#website"},"datePublished":"2019-01-22T05:52:30+00:00","dateModified":"2019-01-22T05:52:30+00:00","breadcrumb":{"@id":"https:\/\/peoplesphere.be\/fr\/deux-tiers-femmes-atteintes-dun-cancer-sein-reprennent-travail-deux-ans\/#breadcrumb"},"inLanguage":"fr-FR","potentialAction":[{"@type":"ReadAction","target":["https:\/\/peoplesphere.be\/fr\/deux-tiers-femmes-atteintes-dun-cancer-sein-reprennent-travail-deux-ans\/"]}]},{"@type":"BreadcrumbList","@id":"https:\/\/peoplesphere.be\/fr\/deux-tiers-femmes-atteintes-dun-cancer-sein-reprennent-travail-deux-ans\/#breadcrumb","itemListElement":[{"@type":"ListItem","position":1,"name":"Accueil","item":"https:\/\/peoplesphere.be\/fr\/"},{"@type":"ListItem","position":2,"name":"Deux tiers des femmes atteintes d&rsquo;un cancer du sein reprennent le travail dans les deux ans."}]},{"@type":"WebSite","@id":"https:\/\/peoplesphere.be\/fr\/#website","url":"https:\/\/peoplesphere.be\/fr\/","name":"Peoplesphere","description":"The People Managers Magazine","publisher":{"@id":"https:\/\/peoplesphere.be\/fr\/#organization"},"potentialAction":[{"@type":"SearchAction","target":{"@type":"EntryPoint","urlTemplate":"https:\/\/peoplesphere.be\/fr\/?s={search_term_string}"},"query-input":"required name=search_term_string"}],"inLanguage":"fr-FR"},{"@type":"Organization","@id":"https:\/\/peoplesphere.be\/fr\/#organization","name":"Peoplesphere Company srl","url":"https:\/\/peoplesphere.be\/fr\/","logo":{"@type":"ImageObject","inLanguage":"fr-FR","@id":"https:\/\/peoplesphere.be\/fr\/#\/schema\/logo\/image\/","url":"https:\/\/peoplesphere.be\/fr\/wp-content\/uploads\/2023\/07\/peoplesphere-lgo-new-generik.jpg","contentUrl":"https:\/\/peoplesphere.be\/fr\/wp-content\/uploads\/2023\/07\/peoplesphere-lgo-new-generik.jpg","width":1031,"height":1479,"caption":"Peoplesphere Company srl"},"image":{"@id":"https:\/\/peoplesphere.be\/fr\/#\/schema\/logo\/image\/"},"sameAs":["https:\/\/www.facebook.com\/peoplesphere","https:\/\/twitter.com\/PeoplesphereMag","https:\/\/www.linkedin.com\/company\/7587361?trk","http:\/\/youtube.com\/peoplesphere"]},{"@type":"Person","@id":"https:\/\/peoplesphere.be\/fr\/#\/schema\/person\/7976225ff17988604334abb7b3536a7e","name":"Jean-Paul Erhard","image":{"@type":"ImageObject","inLanguage":"fr-FR","@id":"https:\/\/peoplesphere.be\/fr\/#\/schema\/person\/image\/","url":"https:\/\/secure.gravatar.com\/avatar\/f941e681460179738071629a51574930?s=96&d=mm&r=g","contentUrl":"https:\/\/secure.gravatar.com\/avatar\/f941e681460179738071629a51574930?s=96&d=mm&r=g","caption":"Jean-Paul Erhard"},"url":"https:\/\/peoplesphere.be\/fr\/author\/jpe\/"}]}},"_links":{"self":[{"href":"https:\/\/peoplesphere.be\/fr\/wp-json\/wp\/v2\/posts\/7219"}],"collection":[{"href":"https:\/\/peoplesphere.be\/fr\/wp-json\/wp\/v2\/posts"}],"about":[{"href":"https:\/\/peoplesphere.be\/fr\/wp-json\/wp\/v2\/types\/post"}],"author":[{"embeddable":true,"href":"https:\/\/peoplesphere.be\/fr\/wp-json\/wp\/v2\/users\/2"}],"replies":[{"embeddable":true,"href":"https:\/\/peoplesphere.be\/fr\/wp-json\/wp\/v2\/comments?post=7219"}],"version-history":[{"count":1,"href":"https:\/\/peoplesphere.be\/fr\/wp-json\/wp\/v2\/posts\/7219\/revisions"}],"predecessor-version":[{"id":7220,"href":"https:\/\/peoplesphere.be\/fr\/wp-json\/wp\/v2\/posts\/7219\/revisions\/7220"}],"wp:attachment":[{"href":"https:\/\/peoplesphere.be\/fr\/wp-json\/wp\/v2\/media?parent=7219"}],"wp:term":[{"taxonomy":"category","embeddable":true,"href":"https:\/\/peoplesphere.be\/fr\/wp-json\/wp\/v2\/categories?post=7219"},{"taxonomy":"post_tag","embeddable":true,"href":"https:\/\/peoplesphere.be\/fr\/wp-json\/wp\/v2\/tags?post=7219"}],"curies":[{"name":"wp","href":"https:\/\/api.w.org\/{rel}","templated":true}]}}