









{"id":7265,"date":"2019-01-29T09:43:56","date_gmt":"2019-01-29T07:43:56","guid":{"rendered":"http:\/\/www.peoplesphere.be\/fr\/?p=7265"},"modified":"2019-01-29T09:43:56","modified_gmt":"2019-01-29T07:43:56","slug":"laugmentation-pensions-minimums-serait-discriminatoire-vis-a-vis-femmes-selon-fgtb","status":"publish","type":"post","link":"https:\/\/peoplesphere.be\/fr\/laugmentation-pensions-minimums-serait-discriminatoire-vis-a-vis-femmes-selon-fgtb\/","title":{"rendered":"L&rsquo;augmentation des pensions minimums serait discriminatoire vis-\u00e0-vis des femmes, selon la FGTB."},"content":{"rendered":"<p>La FGTB constate que si le gouvernement augmentera bien les pensions minimums au 1er mars, cette augmentation ne profitera en r\u00e9alit\u00e9 qu\u2019aux travailleurs qui comptabilisent 45 ans de carri\u00e8re. <em>\u00ab\u00a0Le gouvernement minoritaire et son ministre des Pensions persistent dans l\u2019erreur et ignore, une fois de plus, l\u2019avis n\u00e9gatif (r\u00e9p\u00e9t\u00e9) des interlocuteurs sociaux.\u00a0\u00bb<\/em><!--more--><\/p>\n<p>Le syndicat socialiste explique que l&rsquo;augmentation de la pension minimum pour les carri\u00e8res de 45 ans uniquement est discriminatoire vis-\u00e0-vis des femmes.<\/p>\n<p><em>\u00ab\u00a0Ces derni\u00e8res comptabilisent en effet une carri\u00e8re moyenne de 36,6 ans contre 42 ans pour les hommes. Ce sont donc une nouvelle fois les femmes qui sont priv\u00e9es de ce petit plus en termes de pension.\u00a0En raison de l\u2019\u00e9cart salarial f\/h (les femmes ont encore trop souvent les plus bas salaires) et parce qu\u2019elles travaillent davantage \u00e0 temps partiel que les hommes, elles retombent plus souvent sur la pension minimum. En n\u2019augmentant les minima pour les carri\u00e8res de 45 ans uniquement, 41% de l\u2019augmentation seulement profitera aux femmes.\u00a0\u00bb<\/em><\/p>\n<p>Le sentiment de m\u00e9pris \u00e9manant du gouvernement vis-\u00e0-vis des partenaires sociaux est de plus en plus pr\u00e9gnant. <em>\u00ab\u00a0Ignorer les avis unanimes des interlocuteurs sociaux est devenu une constante sous le gouvernement Michel. Plus particuli\u00e8rement encore en ce qui concerne cette mati\u00e8re et le ministre des Pensions comp\u00e9tent. Jamais auparavant, un gouvernement avait t\u00e9moign\u00e9 autant de d\u00e9dain pour la concertation sociale.\u00a0\u00bb<\/em><\/p>\n<p><strong><em>Risque d\u00e9mocratique ?<\/em><\/strong><\/p>\n<p><em>\u00ab\u00a0Outre ce manque de respect pour la concertation sociale, la population est \u00e9galement tromp\u00e9e. Les partis du gouvernement n\u2019ont de cesse de chanter les louanges du rel\u00e8vement de la pension minimum, n\u2019h\u00e9sitant d\u2019ailleurs pas \u00e0 avancer de gros montants. Mais ce qu\u2019ils se gardent bien de dire, c\u2019est que cette petite augmentation ne profitera qu\u2019aux travailleurs avec 45 ans de carri\u00e8re. Trompeur et f\u00e2cheux pour la d\u00e9mocratie donc\u2026\u00a0\u00bb<\/em><\/p>\n<p>Outre l\u2019augmentation <em>&lsquo;discriminatoire&rsquo;<\/em> des pensions minimums, la cotisation de solidarit\u00e9 est revue \u00e0 la baisse. Celle-ci avait \u00e9t\u00e9 introduite dans les ann\u00e9es 80 pour r\u00e9duire les in\u00e9galit\u00e9s entre les pensions les plus \u00e9lev\u00e9es et les plus basses. <em>\u00ab\u00a0Ind\u00e9pendamment du fait que ces in\u00e9galit\u00e9s sont toujours une r\u00e9alit\u00e9 aujourd\u2019hui, le gouvernement a d\u00e9cid\u00e9 de r\u00e9duire la cotisation de solidarit\u00e9. Une nouvelle fois en d\u00e9pit d\u2019un avis n\u00e9gatif unanime des interlocuteurs sociaux au Comit\u00e9 de Gestion du Service f\u00e9d\u00e9ral des Pension.\u00a0\u00bb<\/em><\/p>\n<p>La FGTB demande une politique coh\u00e9rente, non discriminatoire et respectueuse de la concertation sociale et des travailleurs. <em>\u00ab\u00a0Notre revendication d\u2019une pension minimum de 1.500 euros s\u2019impose plus que jamais.\u00a0\u00bb<\/em><\/p>\n","protected":false},"excerpt":{"rendered":"<p>La FGTB constate que si le gouvernement augmentera bien les pensions minimums au 1er mars, cette augmentation ne profitera en r\u00e9alit\u00e9 qu\u2019aux travailleurs qui comptabilisent 45 ans de carri\u00e8re. \u00ab\u00a0Le gouvernement minoritaire et son ministre des Pensions persistent dans l\u2019erreur [&hellip;]<\/p>\n","protected":false},"author":2,"featured_media":0,"comment_status":"closed","ping_status":"open","sticky":false,"template":"","format":"standard","meta":[],"categories":[65,10],"tags":[332,444,292,1186,548,110],"yoast_head":"<!-- This site is optimized with the Yoast SEO plugin v21.0 - https:\/\/yoast.com\/wordpress\/plugins\/seo\/ -->\n<title>L&#039;augmentation des pensions minimums serait discriminatoire vis-\u00e0-vis des femmes, selon la FGTB. - Peoplesphere<\/title>\n<meta name=\"robots\" content=\"index, follow, max-snippet:-1, max-image-preview:large, max-video-preview:-1\" \/>\n<link rel=\"canonical\" href=\"https:\/\/peoplesphere.be\/fr\/laugmentation-pensions-minimums-serait-discriminatoire-vis-a-vis-femmes-selon-fgtb\/\" \/>\n<meta property=\"og:locale\" content=\"fr_FR\" \/>\n<meta property=\"og:type\" content=\"article\" \/>\n<meta property=\"og:title\" content=\"L&#039;augmentation des pensions minimums serait discriminatoire vis-\u00e0-vis des femmes, selon la FGTB. - Peoplesphere\" \/>\n<meta property=\"og:description\" content=\"La FGTB constate que si le gouvernement augmentera bien les pensions minimums au 1er mars, cette augmentation ne profitera en r\u00e9alit\u00e9 qu\u2019aux travailleurs qui comptabilisent 45 ans de carri\u00e8re. \u00ab\u00a0Le gouvernement minoritaire et son ministre des Pensions persistent dans l\u2019erreur [&hellip;]\" \/>\n<meta property=\"og:url\" content=\"https:\/\/peoplesphere.be\/fr\/laugmentation-pensions-minimums-serait-discriminatoire-vis-a-vis-femmes-selon-fgtb\/\" \/>\n<meta property=\"og:site_name\" content=\"Peoplesphere\" \/>\n<meta property=\"article:publisher\" content=\"https:\/\/www.facebook.com\/peoplesphere\" \/>\n<meta property=\"article:published_time\" content=\"2019-01-29T07:43:56+00:00\" \/>\n<meta property=\"og:image\" content=\"http:\/\/www.peoplesphere.be\/fr\/wp-content\/uploads\/2016\/07\/facebook-default-posting-1200x628px.jpg\" \/>\n<meta name=\"author\" content=\"Jean-Paul Erhard\" \/>\n<meta name=\"twitter:card\" content=\"summary_large_image\" \/>\n<meta name=\"twitter:creator\" content=\"@PeoplesphereMag\" \/>\n<meta name=\"twitter:site\" content=\"@PeoplesphereMag\" \/>\n<meta name=\"twitter:label1\" content=\"\u00c9crit par\" \/>\n\t<meta name=\"twitter:data1\" content=\"Jean-Paul Erhard\" \/>\n\t<meta name=\"twitter:label2\" content=\"Dur\u00e9e de lecture estim\u00e9e\" \/>\n\t<meta name=\"twitter:data2\" content=\"2 minutes\" \/>\n<script type=\"application\/ld+json\" class=\"yoast-schema-graph\">{\"@context\":\"https:\/\/schema.org\",\"@graph\":[{\"@type\":\"Article\",\"@id\":\"https:\/\/peoplesphere.be\/fr\/laugmentation-pensions-minimums-serait-discriminatoire-vis-a-vis-femmes-selon-fgtb\/#article\",\"isPartOf\":{\"@id\":\"https:\/\/peoplesphere.be\/fr\/laugmentation-pensions-minimums-serait-discriminatoire-vis-a-vis-femmes-selon-fgtb\/\"},\"author\":{\"name\":\"Jean-Paul Erhard\",\"@id\":\"https:\/\/peoplesphere.be\/fr\/#\/schema\/person\/7976225ff17988604334abb7b3536a7e\"},\"headline\":\"L&rsquo;augmentation des pensions minimums serait discriminatoire vis-\u00e0-vis des femmes, selon la FGTB.\",\"datePublished\":\"2019-01-29T07:43:56+00:00\",\"dateModified\":\"2019-01-29T07:43:56+00:00\",\"mainEntityOfPage\":{\"@id\":\"https:\/\/peoplesphere.be\/fr\/laugmentation-pensions-minimums-serait-discriminatoire-vis-a-vis-femmes-selon-fgtb\/\"},\"wordCount\":463,\"publisher\":{\"@id\":\"https:\/\/peoplesphere.be\/fr\/#organization\"},\"keywords\":[\"concertation sociale\",\"discrimination\",\"\u00e9galit\u00e9 des genres\",\"FGTB\",\"r\u00e9forme des pensions\",\"syndicats\"],\"articleSection\":[\"Actualit\u00e9s\",\"Digital\"],\"inLanguage\":\"fr-FR\"},{\"@type\":\"WebPage\",\"@id\":\"https:\/\/peoplesphere.be\/fr\/laugmentation-pensions-minimums-serait-discriminatoire-vis-a-vis-femmes-selon-fgtb\/\",\"url\":\"https:\/\/peoplesphere.be\/fr\/laugmentation-pensions-minimums-serait-discriminatoire-vis-a-vis-femmes-selon-fgtb\/\",\"name\":\"L'augmentation des pensions minimums serait discriminatoire vis-\u00e0-vis des femmes, selon la FGTB. - Peoplesphere\",\"isPartOf\":{\"@id\":\"https:\/\/peoplesphere.be\/fr\/#website\"},\"datePublished\":\"2019-01-29T07:43:56+00:00\",\"dateModified\":\"2019-01-29T07:43:56+00:00\",\"breadcrumb\":{\"@id\":\"https:\/\/peoplesphere.be\/fr\/laugmentation-pensions-minimums-serait-discriminatoire-vis-a-vis-femmes-selon-fgtb\/#breadcrumb\"},\"inLanguage\":\"fr-FR\",\"potentialAction\":[{\"@type\":\"ReadAction\",\"target\":[\"https:\/\/peoplesphere.be\/fr\/laugmentation-pensions-minimums-serait-discriminatoire-vis-a-vis-femmes-selon-fgtb\/\"]}]},{\"@type\":\"BreadcrumbList\",\"@id\":\"https:\/\/peoplesphere.be\/fr\/laugmentation-pensions-minimums-serait-discriminatoire-vis-a-vis-femmes-selon-fgtb\/#breadcrumb\",\"itemListElement\":[{\"@type\":\"ListItem\",\"position\":1,\"name\":\"Accueil\",\"item\":\"https:\/\/peoplesphere.be\/fr\/\"},{\"@type\":\"ListItem\",\"position\":2,\"name\":\"L&rsquo;augmentation des pensions minimums serait discriminatoire vis-\u00e0-vis des femmes, selon la FGTB.\"}]},{\"@type\":\"WebSite\",\"@id\":\"https:\/\/peoplesphere.be\/fr\/#website\",\"url\":\"https:\/\/peoplesphere.be\/fr\/\",\"name\":\"Peoplesphere\",\"description\":\"The People Managers Magazine\",\"publisher\":{\"@id\":\"https:\/\/peoplesphere.be\/fr\/#organization\"},\"potentialAction\":[{\"@type\":\"SearchAction\",\"target\":{\"@type\":\"EntryPoint\",\"urlTemplate\":\"https:\/\/peoplesphere.be\/fr\/?s={search_term_string}\"},\"query-input\":\"required name=search_term_string\"}],\"inLanguage\":\"fr-FR\"},{\"@type\":\"Organization\",\"@id\":\"https:\/\/peoplesphere.be\/fr\/#organization\",\"name\":\"Peoplesphere Company srl\",\"url\":\"https:\/\/peoplesphere.be\/fr\/\",\"logo\":{\"@type\":\"ImageObject\",\"inLanguage\":\"fr-FR\",\"@id\":\"https:\/\/peoplesphere.be\/fr\/#\/schema\/logo\/image\/\",\"url\":\"https:\/\/peoplesphere.be\/fr\/wp-content\/uploads\/2023\/07\/peoplesphere-lgo-new-generik.jpg\",\"contentUrl\":\"https:\/\/peoplesphere.be\/fr\/wp-content\/uploads\/2023\/07\/peoplesphere-lgo-new-generik.jpg\",\"width\":1031,\"height\":1479,\"caption\":\"Peoplesphere Company srl\"},\"image\":{\"@id\":\"https:\/\/peoplesphere.be\/fr\/#\/schema\/logo\/image\/\"},\"sameAs\":[\"https:\/\/www.facebook.com\/peoplesphere\",\"https:\/\/twitter.com\/PeoplesphereMag\",\"https:\/\/www.linkedin.com\/company\/7587361?trk\",\"http:\/\/youtube.com\/peoplesphere\"]},{\"@type\":\"Person\",\"@id\":\"https:\/\/peoplesphere.be\/fr\/#\/schema\/person\/7976225ff17988604334abb7b3536a7e\",\"name\":\"Jean-Paul Erhard\",\"image\":{\"@type\":\"ImageObject\",\"inLanguage\":\"fr-FR\",\"@id\":\"https:\/\/peoplesphere.be\/fr\/#\/schema\/person\/image\/\",\"url\":\"https:\/\/secure.gravatar.com\/avatar\/f941e681460179738071629a51574930?s=96&d=mm&r=g\",\"contentUrl\":\"https:\/\/secure.gravatar.com\/avatar\/f941e681460179738071629a51574930?s=96&d=mm&r=g\",\"caption\":\"Jean-Paul Erhard\"},\"url\":\"https:\/\/peoplesphere.be\/fr\/author\/jpe\/\"}]}<\/script>\n<!-- \/ Yoast SEO plugin. -->","yoast_head_json":{"title":"L'augmentation des pensions minimums serait discriminatoire vis-\u00e0-vis des femmes, selon la FGTB. - Peoplesphere","robots":{"index":"index","follow":"follow","max-snippet":"max-snippet:-1","max-image-preview":"max-image-preview:large","max-video-preview":"max-video-preview:-1"},"canonical":"https:\/\/peoplesphere.be\/fr\/laugmentation-pensions-minimums-serait-discriminatoire-vis-a-vis-femmes-selon-fgtb\/","og_locale":"fr_FR","og_type":"article","og_title":"L'augmentation des pensions minimums serait discriminatoire vis-\u00e0-vis des femmes, selon la FGTB. - Peoplesphere","og_description":"La FGTB constate que si le gouvernement augmentera bien les pensions minimums au 1er mars, cette augmentation ne profitera en r\u00e9alit\u00e9 qu\u2019aux travailleurs qui comptabilisent 45 ans de carri\u00e8re. \u00ab\u00a0Le gouvernement minoritaire et son ministre des Pensions persistent dans l\u2019erreur [&hellip;]","og_url":"https:\/\/peoplesphere.be\/fr\/laugmentation-pensions-minimums-serait-discriminatoire-vis-a-vis-femmes-selon-fgtb\/","og_site_name":"Peoplesphere","article_publisher":"https:\/\/www.facebook.com\/peoplesphere","article_published_time":"2019-01-29T07:43:56+00:00","og_image":[{"url":"http:\/\/www.peoplesphere.be\/fr\/wp-content\/uploads\/2016\/07\/facebook-default-posting-1200x628px.jpg"}],"author":"Jean-Paul Erhard","twitter_card":"summary_large_image","twitter_creator":"@PeoplesphereMag","twitter_site":"@PeoplesphereMag","twitter_misc":{"\u00c9crit par":"Jean-Paul Erhard","Dur\u00e9e de lecture estim\u00e9e":"2 minutes"},"schema":{"@context":"https:\/\/schema.org","@graph":[{"@type":"Article","@id":"https:\/\/peoplesphere.be\/fr\/laugmentation-pensions-minimums-serait-discriminatoire-vis-a-vis-femmes-selon-fgtb\/#article","isPartOf":{"@id":"https:\/\/peoplesphere.be\/fr\/laugmentation-pensions-minimums-serait-discriminatoire-vis-a-vis-femmes-selon-fgtb\/"},"author":{"name":"Jean-Paul Erhard","@id":"https:\/\/peoplesphere.be\/fr\/#\/schema\/person\/7976225ff17988604334abb7b3536a7e"},"headline":"L&rsquo;augmentation des pensions minimums serait discriminatoire vis-\u00e0-vis des femmes, selon la FGTB.","datePublished":"2019-01-29T07:43:56+00:00","dateModified":"2019-01-29T07:43:56+00:00","mainEntityOfPage":{"@id":"https:\/\/peoplesphere.be\/fr\/laugmentation-pensions-minimums-serait-discriminatoire-vis-a-vis-femmes-selon-fgtb\/"},"wordCount":463,"publisher":{"@id":"https:\/\/peoplesphere.be\/fr\/#organization"},"keywords":["concertation sociale","discrimination","\u00e9galit\u00e9 des genres","FGTB","r\u00e9forme des pensions","syndicats"],"articleSection":["Actualit\u00e9s","Digital"],"inLanguage":"fr-FR"},{"@type":"WebPage","@id":"https:\/\/peoplesphere.be\/fr\/laugmentation-pensions-minimums-serait-discriminatoire-vis-a-vis-femmes-selon-fgtb\/","url":"https:\/\/peoplesphere.be\/fr\/laugmentation-pensions-minimums-serait-discriminatoire-vis-a-vis-femmes-selon-fgtb\/","name":"L'augmentation des pensions minimums serait discriminatoire vis-\u00e0-vis des femmes, selon la FGTB. - Peoplesphere","isPartOf":{"@id":"https:\/\/peoplesphere.be\/fr\/#website"},"datePublished":"2019-01-29T07:43:56+00:00","dateModified":"2019-01-29T07:43:56+00:00","breadcrumb":{"@id":"https:\/\/peoplesphere.be\/fr\/laugmentation-pensions-minimums-serait-discriminatoire-vis-a-vis-femmes-selon-fgtb\/#breadcrumb"},"inLanguage":"fr-FR","potentialAction":[{"@type":"ReadAction","target":["https:\/\/peoplesphere.be\/fr\/laugmentation-pensions-minimums-serait-discriminatoire-vis-a-vis-femmes-selon-fgtb\/"]}]},{"@type":"BreadcrumbList","@id":"https:\/\/peoplesphere.be\/fr\/laugmentation-pensions-minimums-serait-discriminatoire-vis-a-vis-femmes-selon-fgtb\/#breadcrumb","itemListElement":[{"@type":"ListItem","position":1,"name":"Accueil","item":"https:\/\/peoplesphere.be\/fr\/"},{"@type":"ListItem","position":2,"name":"L&rsquo;augmentation des pensions minimums serait discriminatoire vis-\u00e0-vis des femmes, selon la FGTB."}]},{"@type":"WebSite","@id":"https:\/\/peoplesphere.be\/fr\/#website","url":"https:\/\/peoplesphere.be\/fr\/","name":"Peoplesphere","description":"The People Managers Magazine","publisher":{"@id":"https:\/\/peoplesphere.be\/fr\/#organization"},"potentialAction":[{"@type":"SearchAction","target":{"@type":"EntryPoint","urlTemplate":"https:\/\/peoplesphere.be\/fr\/?s={search_term_string}"},"query-input":"required name=search_term_string"}],"inLanguage":"fr-FR"},{"@type":"Organization","@id":"https:\/\/peoplesphere.be\/fr\/#organization","name":"Peoplesphere Company srl","url":"https:\/\/peoplesphere.be\/fr\/","logo":{"@type":"ImageObject","inLanguage":"fr-FR","@id":"https:\/\/peoplesphere.be\/fr\/#\/schema\/logo\/image\/","url":"https:\/\/peoplesphere.be\/fr\/wp-content\/uploads\/2023\/07\/peoplesphere-lgo-new-generik.jpg","contentUrl":"https:\/\/peoplesphere.be\/fr\/wp-content\/uploads\/2023\/07\/peoplesphere-lgo-new-generik.jpg","width":1031,"height":1479,"caption":"Peoplesphere Company srl"},"image":{"@id":"https:\/\/peoplesphere.be\/fr\/#\/schema\/logo\/image\/"},"sameAs":["https:\/\/www.facebook.com\/peoplesphere","https:\/\/twitter.com\/PeoplesphereMag","https:\/\/www.linkedin.com\/company\/7587361?trk","http:\/\/youtube.com\/peoplesphere"]},{"@type":"Person","@id":"https:\/\/peoplesphere.be\/fr\/#\/schema\/person\/7976225ff17988604334abb7b3536a7e","name":"Jean-Paul Erhard","image":{"@type":"ImageObject","inLanguage":"fr-FR","@id":"https:\/\/peoplesphere.be\/fr\/#\/schema\/person\/image\/","url":"https:\/\/secure.gravatar.com\/avatar\/f941e681460179738071629a51574930?s=96&d=mm&r=g","contentUrl":"https:\/\/secure.gravatar.com\/avatar\/f941e681460179738071629a51574930?s=96&d=mm&r=g","caption":"Jean-Paul Erhard"},"url":"https:\/\/peoplesphere.be\/fr\/author\/jpe\/"}]}},"_links":{"self":[{"href":"https:\/\/peoplesphere.be\/fr\/wp-json\/wp\/v2\/posts\/7265"}],"collection":[{"href":"https:\/\/peoplesphere.be\/fr\/wp-json\/wp\/v2\/posts"}],"about":[{"href":"https:\/\/peoplesphere.be\/fr\/wp-json\/wp\/v2\/types\/post"}],"author":[{"embeddable":true,"href":"https:\/\/peoplesphere.be\/fr\/wp-json\/wp\/v2\/users\/2"}],"replies":[{"embeddable":true,"href":"https:\/\/peoplesphere.be\/fr\/wp-json\/wp\/v2\/comments?post=7265"}],"version-history":[{"count":1,"href":"https:\/\/peoplesphere.be\/fr\/wp-json\/wp\/v2\/posts\/7265\/revisions"}],"predecessor-version":[{"id":7266,"href":"https:\/\/peoplesphere.be\/fr\/wp-json\/wp\/v2\/posts\/7265\/revisions\/7266"}],"wp:attachment":[{"href":"https:\/\/peoplesphere.be\/fr\/wp-json\/wp\/v2\/media?parent=7265"}],"wp:term":[{"taxonomy":"category","embeddable":true,"href":"https:\/\/peoplesphere.be\/fr\/wp-json\/wp\/v2\/categories?post=7265"},{"taxonomy":"post_tag","embeddable":true,"href":"https:\/\/peoplesphere.be\/fr\/wp-json\/wp\/v2\/tags?post=7265"}],"curies":[{"name":"wp","href":"https:\/\/api.w.org\/{rel}","templated":true}]}}