









{"id":7292,"date":"2019-02-01T15:55:42","date_gmt":"2019-02-01T13:55:42","guid":{"rendered":"http:\/\/www.peoplesphere.be\/fr\/?p=7292"},"modified":"2019-02-01T15:55:42","modified_gmt":"2019-02-01T13:55:42","slug":"3eme-references-talent-acquisition-award-appel-aux-meilleurs-projets-menes-matiere-de-recrutement-demployer-branding","status":"publish","type":"post","link":"https:\/\/peoplesphere.be\/fr\/3eme-references-talent-acquisition-award-appel-aux-meilleurs-projets-menes-matiere-de-recrutement-demployer-branding\/","title":{"rendered":"3\u00e8me R\u00e9f\u00e9rences Talent Acquisition Award: appel aux meilleurs projets men\u00e9s en mati\u00e8re de recrutement et d&#8217;employer branding."},"content":{"rendered":"<p>Le \u00ab\u00a0R\u00e9f\u00e9rences Talent Acquisition Award\u00a0\u00bb sera d\u00e9cern\u00e9 pour la 3\u00e8me fois le 4 avril prochain \u00e0 l\u2019Autoworld \u00e0 Bruxelles \u00e0 l&rsquo;occasion du 30\u00e8me anniversaire de la HRM Night\u00a9! Les entreprises et les agences qui ont marqu\u00e9 de leur empreinte le secteur du recrutement et de l\u2019employer branding au cours de l\u2019ann\u00e9e \u00e9coul\u00e9e sont donc invit\u00e9es \u00e0 partager leurs r\u00e9alisations avec l\u2019ensemble de la communaut\u00e9 RH.<!--more--><\/p>\n<p>Plus que jamais, la HRM Night\u00a9 est LE rendez-vous incontournable des professionnels de la gestion des ressources humaines en Belgique. Aucun autre \u00e9v\u00e9nement ne conna\u00eet un tel succ\u00e8s depuis si longtemps.\u00a0Gr\u00e2ce \u00e0 ses partenaires, la HRM Night\u00a9 r\u00e9unit chaque ann\u00e9e tous les professionnels RH ainsi que les dirigeants sensibilis\u00e9s \u00e0 l&rsquo;importance du People Management pour la croissance de leurs organisations. Plus de 850 participants en 2018!<\/p>\n<p>Le \u00ab\u00a0R\u00e9f\u00e9rences Talent Acquisition Award\u00a0\u00bb sera donc d\u00e9cern\u00e9 pour la 3\u00e8me fois le 4 avril prochain \u00e0 l\u2019Autoworld \u00e0 Bruxelles. Il met \u00e0 l\u2019honneur les meilleurs projets de recrutement et de promotion de la marque employeur, d\u00e9ploy\u00e9s sur le march\u00e9 de l\u2019emploi au cours des douze derniers mois. Un jury s\u00e9lectionnera les dossiers, soumis au vote en ligne et au vote des participants \u00e0 la 30\u00e8me HRM Night qui d\u00e9signeront le vainqueur de l\u2019Award gr\u00e2ce \u00e0 leur vote \u2018live\u2019 pendant la soir\u00e9e.<\/p>\n<p>Les dossiers sont \u00e0 soumettre pour le 15\/02\/2019 (cfr pdf ci-joint).<br \/>\n<a href=\"https:\/\/references.lesoir.be\/article\/videos-des-nomines-au-references-talent-acquisition-award-2018\/\">Cliquez ici pour revoir les dossiers des nomin\u00e9s en 2018.<\/a><\/p>\n<p>Contact :\u00a0<a href=\"mailto:herve.lagache@references.be\">herve.lagache@references.be<\/a><\/p>\n","protected":false},"excerpt":{"rendered":"<p>Le \u00ab\u00a0R\u00e9f\u00e9rences Talent Acquisition Award\u00a0\u00bb sera d\u00e9cern\u00e9 pour la 3\u00e8me fois le 4 avril prochain \u00e0 l\u2019Autoworld \u00e0 Bruxelles \u00e0 l&rsquo;occasion du 30\u00e8me anniversaire de la HRM Night\u00a9! Les entreprises et les agences qui ont marqu\u00e9 de leur empreinte le [&hellip;]<\/p>\n","protected":false},"author":2,"featured_media":7293,"comment_status":"closed","ping_status":"open","sticky":false,"template":"","format":"standard","meta":[],"categories":[65,10],"tags":[459,683,72,1247],"yoast_head":"<!-- This site is optimized with the Yoast SEO plugin v21.0 - https:\/\/yoast.com\/wordpress\/plugins\/seo\/ -->\n<title>3\u00e8me R\u00e9f\u00e9rences Talent Acquisition Award: appel aux meilleurs projets men\u00e9s en mati\u00e8re de recrutement et d&#039;employer branding. - Peoplesphere<\/title>\n<meta name=\"robots\" content=\"index, follow, max-snippet:-1, max-image-preview:large, max-video-preview:-1\" \/>\n<link rel=\"canonical\" href=\"https:\/\/peoplesphere.be\/fr\/3eme-references-talent-acquisition-award-appel-aux-meilleurs-projets-menes-matiere-de-recrutement-demployer-branding\/\" \/>\n<meta property=\"og:locale\" content=\"fr_FR\" \/>\n<meta property=\"og:type\" content=\"article\" \/>\n<meta property=\"og:title\" content=\"3\u00e8me R\u00e9f\u00e9rences Talent Acquisition Award: appel aux meilleurs projets men\u00e9s en mati\u00e8re de recrutement et d&#039;employer branding. - Peoplesphere\" \/>\n<meta property=\"og:description\" content=\"Le \u00ab\u00a0R\u00e9f\u00e9rences Talent Acquisition Award\u00a0\u00bb sera d\u00e9cern\u00e9 pour la 3\u00e8me fois le 4 avril prochain \u00e0 l\u2019Autoworld \u00e0 Bruxelles \u00e0 l&rsquo;occasion du 30\u00e8me anniversaire de la HRM Night\u00a9! Les entreprises et les agences qui ont marqu\u00e9 de leur empreinte le [&hellip;]\" \/>\n<meta property=\"og:url\" content=\"https:\/\/peoplesphere.be\/fr\/3eme-references-talent-acquisition-award-appel-aux-meilleurs-projets-menes-matiere-de-recrutement-demployer-branding\/\" \/>\n<meta property=\"og:site_name\" content=\"Peoplesphere\" \/>\n<meta property=\"article:publisher\" content=\"https:\/\/www.facebook.com\/peoplesphere\" \/>\n<meta property=\"article:published_time\" content=\"2019-02-01T13:55:42+00:00\" \/>\n<meta property=\"og:image\" content=\"https:\/\/peoplesphere.be\/fr\/wp-content\/uploads\/2019\/02\/Capture-d\u2019\u00e9cran-2019-02-01-\u00e0-14.52.39.png\" \/>\n\t<meta property=\"og:image:width\" content=\"436\" \/>\n\t<meta property=\"og:image:height\" content=\"79\" \/>\n\t<meta property=\"og:image:type\" content=\"image\/png\" \/>\n<meta name=\"author\" content=\"Jean-Paul Erhard\" \/>\n<meta name=\"twitter:card\" content=\"summary_large_image\" \/>\n<meta name=\"twitter:creator\" content=\"@PeoplesphereMag\" \/>\n<meta name=\"twitter:site\" content=\"@PeoplesphereMag\" \/>\n<meta name=\"twitter:label1\" content=\"\u00c9crit par\" \/>\n\t<meta name=\"twitter:data1\" content=\"Jean-Paul Erhard\" \/>\n\t<meta name=\"twitter:label2\" content=\"Dur\u00e9e de lecture estim\u00e9e\" \/>\n\t<meta name=\"twitter:data2\" content=\"1 minute\" \/>\n<script type=\"application\/ld+json\" class=\"yoast-schema-graph\">{\"@context\":\"https:\/\/schema.org\",\"@graph\":[{\"@type\":\"Article\",\"@id\":\"https:\/\/peoplesphere.be\/fr\/3eme-references-talent-acquisition-award-appel-aux-meilleurs-projets-menes-matiere-de-recrutement-demployer-branding\/#article\",\"isPartOf\":{\"@id\":\"https:\/\/peoplesphere.be\/fr\/3eme-references-talent-acquisition-award-appel-aux-meilleurs-projets-menes-matiere-de-recrutement-demployer-branding\/\"},\"author\":{\"name\":\"Jean-Paul Erhard\",\"@id\":\"https:\/\/peoplesphere.be\/fr\/#\/schema\/person\/7976225ff17988604334abb7b3536a7e\"},\"headline\":\"3\u00e8me R\u00e9f\u00e9rences Talent Acquisition Award: appel aux meilleurs projets men\u00e9s en mati\u00e8re de recrutement et d&#8217;employer branding.\",\"datePublished\":\"2019-02-01T13:55:42+00:00\",\"dateModified\":\"2019-02-01T13:55:42+00:00\",\"mainEntityOfPage\":{\"@id\":\"https:\/\/peoplesphere.be\/fr\/3eme-references-talent-acquisition-award-appel-aux-meilleurs-projets-menes-matiere-de-recrutement-demployer-branding\/\"},\"wordCount\":275,\"publisher\":{\"@id\":\"https:\/\/peoplesphere.be\/fr\/#organization\"},\"keywords\":[\"employeur branding\",\"HRM Night\",\"recrutement\",\"R\u00e9f\u00e9rences Talent Acquisition Award\"],\"articleSection\":[\"Actualit\u00e9s\",\"Digital\"],\"inLanguage\":\"fr-FR\"},{\"@type\":\"WebPage\",\"@id\":\"https:\/\/peoplesphere.be\/fr\/3eme-references-talent-acquisition-award-appel-aux-meilleurs-projets-menes-matiere-de-recrutement-demployer-branding\/\",\"url\":\"https:\/\/peoplesphere.be\/fr\/3eme-references-talent-acquisition-award-appel-aux-meilleurs-projets-menes-matiere-de-recrutement-demployer-branding\/\",\"name\":\"3\u00e8me R\u00e9f\u00e9rences Talent Acquisition Award: appel aux meilleurs projets men\u00e9s en mati\u00e8re de recrutement et d'employer branding. - Peoplesphere\",\"isPartOf\":{\"@id\":\"https:\/\/peoplesphere.be\/fr\/#website\"},\"datePublished\":\"2019-02-01T13:55:42+00:00\",\"dateModified\":\"2019-02-01T13:55:42+00:00\",\"breadcrumb\":{\"@id\":\"https:\/\/peoplesphere.be\/fr\/3eme-references-talent-acquisition-award-appel-aux-meilleurs-projets-menes-matiere-de-recrutement-demployer-branding\/#breadcrumb\"},\"inLanguage\":\"fr-FR\",\"potentialAction\":[{\"@type\":\"ReadAction\",\"target\":[\"https:\/\/peoplesphere.be\/fr\/3eme-references-talent-acquisition-award-appel-aux-meilleurs-projets-menes-matiere-de-recrutement-demployer-branding\/\"]}]},{\"@type\":\"BreadcrumbList\",\"@id\":\"https:\/\/peoplesphere.be\/fr\/3eme-references-talent-acquisition-award-appel-aux-meilleurs-projets-menes-matiere-de-recrutement-demployer-branding\/#breadcrumb\",\"itemListElement\":[{\"@type\":\"ListItem\",\"position\":1,\"name\":\"Accueil\",\"item\":\"https:\/\/peoplesphere.be\/fr\/\"},{\"@type\":\"ListItem\",\"position\":2,\"name\":\"3\u00e8me R\u00e9f\u00e9rences Talent Acquisition Award: appel aux meilleurs projets men\u00e9s en mati\u00e8re de recrutement et d&#8217;employer branding.\"}]},{\"@type\":\"WebSite\",\"@id\":\"https:\/\/peoplesphere.be\/fr\/#website\",\"url\":\"https:\/\/peoplesphere.be\/fr\/\",\"name\":\"Peoplesphere\",\"description\":\"The People Managers Magazine\",\"publisher\":{\"@id\":\"https:\/\/peoplesphere.be\/fr\/#organization\"},\"potentialAction\":[{\"@type\":\"SearchAction\",\"target\":{\"@type\":\"EntryPoint\",\"urlTemplate\":\"https:\/\/peoplesphere.be\/fr\/?s={search_term_string}\"},\"query-input\":\"required name=search_term_string\"}],\"inLanguage\":\"fr-FR\"},{\"@type\":\"Organization\",\"@id\":\"https:\/\/peoplesphere.be\/fr\/#organization\",\"name\":\"Peoplesphere Company srl\",\"url\":\"https:\/\/peoplesphere.be\/fr\/\",\"logo\":{\"@type\":\"ImageObject\",\"inLanguage\":\"fr-FR\",\"@id\":\"https:\/\/peoplesphere.be\/fr\/#\/schema\/logo\/image\/\",\"url\":\"https:\/\/peoplesphere.be\/fr\/wp-content\/uploads\/2023\/07\/peoplesphere-lgo-new-generik.jpg\",\"contentUrl\":\"https:\/\/peoplesphere.be\/fr\/wp-content\/uploads\/2023\/07\/peoplesphere-lgo-new-generik.jpg\",\"width\":1031,\"height\":1479,\"caption\":\"Peoplesphere Company srl\"},\"image\":{\"@id\":\"https:\/\/peoplesphere.be\/fr\/#\/schema\/logo\/image\/\"},\"sameAs\":[\"https:\/\/www.facebook.com\/peoplesphere\",\"https:\/\/twitter.com\/PeoplesphereMag\",\"https:\/\/www.linkedin.com\/company\/7587361?trk\",\"http:\/\/youtube.com\/peoplesphere\"]},{\"@type\":\"Person\",\"@id\":\"https:\/\/peoplesphere.be\/fr\/#\/schema\/person\/7976225ff17988604334abb7b3536a7e\",\"name\":\"Jean-Paul Erhard\",\"image\":{\"@type\":\"ImageObject\",\"inLanguage\":\"fr-FR\",\"@id\":\"https:\/\/peoplesphere.be\/fr\/#\/schema\/person\/image\/\",\"url\":\"https:\/\/secure.gravatar.com\/avatar\/f941e681460179738071629a51574930?s=96&d=mm&r=g\",\"contentUrl\":\"https:\/\/secure.gravatar.com\/avatar\/f941e681460179738071629a51574930?s=96&d=mm&r=g\",\"caption\":\"Jean-Paul Erhard\"},\"url\":\"https:\/\/peoplesphere.be\/fr\/author\/jpe\/\"}]}<\/script>\n<!-- \/ Yoast SEO plugin. -->","yoast_head_json":{"title":"3\u00e8me R\u00e9f\u00e9rences Talent Acquisition Award: appel aux meilleurs projets men\u00e9s en mati\u00e8re de recrutement et d'employer branding. - Peoplesphere","robots":{"index":"index","follow":"follow","max-snippet":"max-snippet:-1","max-image-preview":"max-image-preview:large","max-video-preview":"max-video-preview:-1"},"canonical":"https:\/\/peoplesphere.be\/fr\/3eme-references-talent-acquisition-award-appel-aux-meilleurs-projets-menes-matiere-de-recrutement-demployer-branding\/","og_locale":"fr_FR","og_type":"article","og_title":"3\u00e8me R\u00e9f\u00e9rences Talent Acquisition Award: appel aux meilleurs projets men\u00e9s en mati\u00e8re de recrutement et d'employer branding. - Peoplesphere","og_description":"Le \u00ab\u00a0R\u00e9f\u00e9rences Talent Acquisition Award\u00a0\u00bb sera d\u00e9cern\u00e9 pour la 3\u00e8me fois le 4 avril prochain \u00e0 l\u2019Autoworld \u00e0 Bruxelles \u00e0 l&rsquo;occasion du 30\u00e8me anniversaire de la HRM Night\u00a9! Les entreprises et les agences qui ont marqu\u00e9 de leur empreinte le [&hellip;]","og_url":"https:\/\/peoplesphere.be\/fr\/3eme-references-talent-acquisition-award-appel-aux-meilleurs-projets-menes-matiere-de-recrutement-demployer-branding\/","og_site_name":"Peoplesphere","article_publisher":"https:\/\/www.facebook.com\/peoplesphere","article_published_time":"2019-02-01T13:55:42+00:00","og_image":[{"width":436,"height":79,"url":"https:\/\/peoplesphere.be\/fr\/wp-content\/uploads\/2019\/02\/Capture-d\u2019\u00e9cran-2019-02-01-\u00e0-14.52.39.png","type":"image\/png"}],"author":"Jean-Paul Erhard","twitter_card":"summary_large_image","twitter_creator":"@PeoplesphereMag","twitter_site":"@PeoplesphereMag","twitter_misc":{"\u00c9crit par":"Jean-Paul Erhard","Dur\u00e9e de lecture estim\u00e9e":"1 minute"},"schema":{"@context":"https:\/\/schema.org","@graph":[{"@type":"Article","@id":"https:\/\/peoplesphere.be\/fr\/3eme-references-talent-acquisition-award-appel-aux-meilleurs-projets-menes-matiere-de-recrutement-demployer-branding\/#article","isPartOf":{"@id":"https:\/\/peoplesphere.be\/fr\/3eme-references-talent-acquisition-award-appel-aux-meilleurs-projets-menes-matiere-de-recrutement-demployer-branding\/"},"author":{"name":"Jean-Paul Erhard","@id":"https:\/\/peoplesphere.be\/fr\/#\/schema\/person\/7976225ff17988604334abb7b3536a7e"},"headline":"3\u00e8me R\u00e9f\u00e9rences Talent Acquisition Award: appel aux meilleurs projets men\u00e9s en mati\u00e8re de recrutement et d&#8217;employer branding.","datePublished":"2019-02-01T13:55:42+00:00","dateModified":"2019-02-01T13:55:42+00:00","mainEntityOfPage":{"@id":"https:\/\/peoplesphere.be\/fr\/3eme-references-talent-acquisition-award-appel-aux-meilleurs-projets-menes-matiere-de-recrutement-demployer-branding\/"},"wordCount":275,"publisher":{"@id":"https:\/\/peoplesphere.be\/fr\/#organization"},"keywords":["employeur branding","HRM Night","recrutement","R\u00e9f\u00e9rences Talent Acquisition Award"],"articleSection":["Actualit\u00e9s","Digital"],"inLanguage":"fr-FR"},{"@type":"WebPage","@id":"https:\/\/peoplesphere.be\/fr\/3eme-references-talent-acquisition-award-appel-aux-meilleurs-projets-menes-matiere-de-recrutement-demployer-branding\/","url":"https:\/\/peoplesphere.be\/fr\/3eme-references-talent-acquisition-award-appel-aux-meilleurs-projets-menes-matiere-de-recrutement-demployer-branding\/","name":"3\u00e8me R\u00e9f\u00e9rences Talent Acquisition Award: appel aux meilleurs projets men\u00e9s en mati\u00e8re de recrutement et d'employer branding. - Peoplesphere","isPartOf":{"@id":"https:\/\/peoplesphere.be\/fr\/#website"},"datePublished":"2019-02-01T13:55:42+00:00","dateModified":"2019-02-01T13:55:42+00:00","breadcrumb":{"@id":"https:\/\/peoplesphere.be\/fr\/3eme-references-talent-acquisition-award-appel-aux-meilleurs-projets-menes-matiere-de-recrutement-demployer-branding\/#breadcrumb"},"inLanguage":"fr-FR","potentialAction":[{"@type":"ReadAction","target":["https:\/\/peoplesphere.be\/fr\/3eme-references-talent-acquisition-award-appel-aux-meilleurs-projets-menes-matiere-de-recrutement-demployer-branding\/"]}]},{"@type":"BreadcrumbList","@id":"https:\/\/peoplesphere.be\/fr\/3eme-references-talent-acquisition-award-appel-aux-meilleurs-projets-menes-matiere-de-recrutement-demployer-branding\/#breadcrumb","itemListElement":[{"@type":"ListItem","position":1,"name":"Accueil","item":"https:\/\/peoplesphere.be\/fr\/"},{"@type":"ListItem","position":2,"name":"3\u00e8me R\u00e9f\u00e9rences Talent Acquisition Award: appel aux meilleurs projets men\u00e9s en mati\u00e8re de recrutement et d&#8217;employer branding."}]},{"@type":"WebSite","@id":"https:\/\/peoplesphere.be\/fr\/#website","url":"https:\/\/peoplesphere.be\/fr\/","name":"Peoplesphere","description":"The People Managers Magazine","publisher":{"@id":"https:\/\/peoplesphere.be\/fr\/#organization"},"potentialAction":[{"@type":"SearchAction","target":{"@type":"EntryPoint","urlTemplate":"https:\/\/peoplesphere.be\/fr\/?s={search_term_string}"},"query-input":"required name=search_term_string"}],"inLanguage":"fr-FR"},{"@type":"Organization","@id":"https:\/\/peoplesphere.be\/fr\/#organization","name":"Peoplesphere Company srl","url":"https:\/\/peoplesphere.be\/fr\/","logo":{"@type":"ImageObject","inLanguage":"fr-FR","@id":"https:\/\/peoplesphere.be\/fr\/#\/schema\/logo\/image\/","url":"https:\/\/peoplesphere.be\/fr\/wp-content\/uploads\/2023\/07\/peoplesphere-lgo-new-generik.jpg","contentUrl":"https:\/\/peoplesphere.be\/fr\/wp-content\/uploads\/2023\/07\/peoplesphere-lgo-new-generik.jpg","width":1031,"height":1479,"caption":"Peoplesphere Company srl"},"image":{"@id":"https:\/\/peoplesphere.be\/fr\/#\/schema\/logo\/image\/"},"sameAs":["https:\/\/www.facebook.com\/peoplesphere","https:\/\/twitter.com\/PeoplesphereMag","https:\/\/www.linkedin.com\/company\/7587361?trk","http:\/\/youtube.com\/peoplesphere"]},{"@type":"Person","@id":"https:\/\/peoplesphere.be\/fr\/#\/schema\/person\/7976225ff17988604334abb7b3536a7e","name":"Jean-Paul Erhard","image":{"@type":"ImageObject","inLanguage":"fr-FR","@id":"https:\/\/peoplesphere.be\/fr\/#\/schema\/person\/image\/","url":"https:\/\/secure.gravatar.com\/avatar\/f941e681460179738071629a51574930?s=96&d=mm&r=g","contentUrl":"https:\/\/secure.gravatar.com\/avatar\/f941e681460179738071629a51574930?s=96&d=mm&r=g","caption":"Jean-Paul Erhard"},"url":"https:\/\/peoplesphere.be\/fr\/author\/jpe\/"}]}},"_links":{"self":[{"href":"https:\/\/peoplesphere.be\/fr\/wp-json\/wp\/v2\/posts\/7292"}],"collection":[{"href":"https:\/\/peoplesphere.be\/fr\/wp-json\/wp\/v2\/posts"}],"about":[{"href":"https:\/\/peoplesphere.be\/fr\/wp-json\/wp\/v2\/types\/post"}],"author":[{"embeddable":true,"href":"https:\/\/peoplesphere.be\/fr\/wp-json\/wp\/v2\/users\/2"}],"replies":[{"embeddable":true,"href":"https:\/\/peoplesphere.be\/fr\/wp-json\/wp\/v2\/comments?post=7292"}],"version-history":[{"count":1,"href":"https:\/\/peoplesphere.be\/fr\/wp-json\/wp\/v2\/posts\/7292\/revisions"}],"predecessor-version":[{"id":7294,"href":"https:\/\/peoplesphere.be\/fr\/wp-json\/wp\/v2\/posts\/7292\/revisions\/7294"}],"wp:featuredmedia":[{"embeddable":true,"href":"https:\/\/peoplesphere.be\/fr\/wp-json\/wp\/v2\/media\/7293"}],"wp:attachment":[{"href":"https:\/\/peoplesphere.be\/fr\/wp-json\/wp\/v2\/media?parent=7292"}],"wp:term":[{"taxonomy":"category","embeddable":true,"href":"https:\/\/peoplesphere.be\/fr\/wp-json\/wp\/v2\/categories?post=7292"},{"taxonomy":"post_tag","embeddable":true,"href":"https:\/\/peoplesphere.be\/fr\/wp-json\/wp\/v2\/tags?post=7292"}],"curies":[{"name":"wp","href":"https:\/\/api.w.org\/{rel}","templated":true}]}}