









{"id":7295,"date":"2019-02-04T13:15:42","date_gmt":"2019-02-04T11:15:42","guid":{"rendered":"http:\/\/www.peoplesphere.be\/fr\/?p=7295"},"modified":"2019-02-04T13:15:42","modified_gmt":"2019-02-04T11:15:42","slug":"chomage-jeunes-baisse-continue-a-bruxelles-y-reste-9-317-demandeurs-demploi-de-de-25-ans","status":"publish","type":"post","link":"https:\/\/peoplesphere.be\/fr\/chomage-jeunes-baisse-continue-a-bruxelles-y-reste-9-317-demandeurs-demploi-de-de-25-ans\/","title":{"rendered":"Le ch\u00f4mage des jeunes en baisse continue \u00e0 Bruxelles: il y reste 9.317 demandeurs d&#8217;emploi de moins de 25 ans."},"content":{"rendered":"<p>L\u2019ann\u00e9e 2019 commence avec une nouvelle baisse du ch\u00f4mage des jeunes en R\u00e9gion bruxelloise. Pour un mois de janvier, il faut remonter \u00e0 l\u2019ann\u00e9e 1990 pour trouver un nombre de jeunes chercheurs d\u2019emploi plus bas (9.150).\u00a0Le ch\u00f4mage des jeunes, en baisse continue depuis 68 mois, atteint un taux de 24,3%. Le nombre de jeunes chercheurs d\u2019emploi a baiss\u00e9 de 35,8% (-5.791) depuis 2014.<!--more--><\/p>\n<p>Bruxelles compte au total 89.960 chercheurs d\u2019emploi, soit un taux de ch\u00f4mage de 16%. Cette 51\u00e8me baisse successive du ch\u00f4mage correspond \u00e0 une diminution de 1.917 personnes par rapport \u00e0 l&rsquo;an dernier (-2,1%). En comparaison avec le mois de janvier 2014, le nombre de chercheurs d&#8217;emploi a diminu\u00e9 de 22.075 unit\u00e9s, soit une baisse de 19,7% en 5 ans.<\/p>\n<p><strong><em>\u00c9volution du taux de ch\u00f4mage<\/em><\/strong><\/p>\n<p>Fin janvier 2019, le taux de ch\u00f4mage en R\u00e9gion bruxelloise s\u2019\u00e9tablit \u00e0 16,0% (15,3% pour les hommes et 17,0% pour les femmes). En janvier 2018, le taux de ch\u00f4mage s\u2019\u00e9tablissait \u00e0 16,5%.<\/p>\n<p>Le taux de ch\u00f4mage est mesur\u00e9 sur la base de la population active la plus r\u00e9cente, calcul\u00e9e \u00e0 partir des donn\u00e9es de la Banque nationale et de l\u2019Enqu\u00eate sur les Forces de Travail du SPF \u00c9conomie. Le croisement de ces donn\u00e9es nous indique que la population active occup\u00e9e a, en R\u00e9gion bruxelloise, augment\u00e9 en 2017 de 2,0% par rapport \u00e0 l\u2019ann\u00e9e pr\u00e9c\u00e9dente (+1,3% pour l\u2019ensemble de la Belgique).<\/p>\n<p><em><strong>\u00c9volution du nombre de chercheurs d\u2019emploi<\/strong><\/em><\/p>\n<p>Fin janvier 2019, on d\u00e9nombre en R\u00e9gion de Bruxelles-Capitale 89.960 chercheurs d\u2019emploi inoccup\u00e9s (DEI), soit une diminution de 1.917 personnes par rapport \u00e0 l\u2019ann\u00e9e pr\u00e9c\u00e9dente (-2,1%).<br \/>\nOn compte au cours du mois de janvier 12.396 entr\u00e9es dans le ch\u00f4mage (10.166 r\u00e9inscriptions et 2.230 nouvelles inscriptions) contre 10.753 sorties, soit une augmentation sur une base mensuelle du nombre de DEI de 1.643 personnes (-1,9%).<\/p>\n<p>On d\u00e9nombre en R\u00e9gion bruxelloise 61.136 chercheurs d\u2019emploi demandeurs d\u2019allocations (DEDA), 4.930 jeunes en stage d\u2019insertion professionnelle et 23.894 autres chercheurs d\u2019emploi inscrits librement ou obligatoirement.<\/p>\n<p>On retrouve dans cette derni\u00e8re cat\u00e9gorie (\u00ab autres DEI \u00bb) des personnes qui n\u2019ont pas encore re\u00e7u d\u2019allocation de ch\u00f4mage (qui ont introduit une demande aupr\u00e8s de l\u2019Onem), des personnes ayant \u00e9t\u00e9 exclues des allocations de ch\u00f4mage et qui sont venues se r\u00e9inscrire aupr\u00e8s d\u2019Actiris, des personnes b\u00e9n\u00e9ficiant d\u2019un revenu d\u2019int\u00e9gration sociale ou encore des personnes qui n\u2019ont aucun revenu de remplacement. Il est \u00e0 noter qu\u2019une partie importante de ces CE d\u00e9pendent des CPAS ou n\u2019ont encore aucun revenu de remplacement.<\/p>\n<p>Actiris peut, \u00e0 partir de l\u2019exploitation d\u2019un flux d\u2019information provenant directement du SPP Int\u00e9gration sociale, identifier les CE ayant une ouverture de droit au revenu d\u2019int\u00e9gration sociale ou \u00e0 son \u00e9quivalent, actuellement ou dans un pass\u00e9 proche. Ainsi, parmi les 89.960 DEI inscrits en janvier 2019,\u00a012.607 CE sont usagers du CPAS (soit 14,0% du total des DEI). Ce pourcentage est plus \u00e9lev\u00e9 parmi les jeunes : sur les 9.317 jeunes DEI, 2.078 sont usagers du CPAS, soit 22,3%.<br \/>\nOn constate une diminution de -1,0% sur une base annuelle du nombre de chercheurs d\u2019emploi indemnis\u00e9s (DEDA). On constate aussi une diminution annuelle du nombre de jeunes en stage d\u2019insertion professionnelle (-283 unit\u00e9s, -5,4%). Quant aux autres chercheurs d\u2019emploi, leur nombre a diminu\u00e9 de 4,1% sur une base annuelle.<\/p>\n<p>On compte 9.317 chercheurs d\u2019emploi de moins de 25 ans. Sur une base mensuelle, on rel\u00e8ve une augmentation du nombre de jeunes chercheurs d\u2019emploi de 424 unit\u00e9s (+4,8%). Sur une base annuelle, on observe une diminution du ch\u00f4mage des jeunes (-483 DEI, soit -4,9%) par rapport au mois de janvier 2018. Le taux de ch\u00f4mage des jeunes est pass\u00e9 ainsi sur un an de 24,8% en janvier 2018 \u00e0 24,3% en janvier 2019, affichant donc une baisse de 0,45 point par rapport \u00e0 l\u2019ann\u00e9e pass\u00e9e.<\/p>\n<p><em><strong>\u00c9volution des offres d\u2019emploi<\/strong><\/em><\/p>\n<p>Au cours du mois de janvier 2019, Actiris a re\u00e7u un total de 25.447 offres d\u2019emploi. Il s\u2019agit du nombre global d\u2019offres d\u2019emploi re\u00e7ues comprenant, outre les offres re\u00e7ues directement par Actiris, les offres re\u00e7ues par l\u2019interm\u00e9diaire du Forem et du VDAB dans le cadre de la mobilit\u00e9 interr\u00e9gionale des chercheurs d\u2019emploi, mais \u00e9galement les offres re\u00e7ues par l\u2019interm\u00e9diaire de sites partenaires. Le nombre d\u2019offres concernant des postes de travail situ\u00e9s en R\u00e9gion bruxelloise s\u2019\u00e9l\u00e8ve \u00e0 8.824.<\/p>\n<p>Durant le mois de janvier 2019, Actiris a re\u00e7u directement 3.122 offres d\u2019emploi. Ceci correspond \u00e0 une stabilisation ou une diminution 3 unit\u00e9s par rapport aux offres d\u2019emploi re\u00e7ues l\u2019ann\u00e9e pr\u00e9c\u00e9dente au cours du m\u00eame mois. On comptabilise par ailleurs 1.825 offres d\u2019emploi satisfaites au cours de ce mois, ce qui correspond \u00e0 une diminution de 433 unit\u00e9s par rapport \u00e0 l\u2019ann\u00e9e pass\u00e9e. Enfin, en janvier 2019, Actiris a trait\u00e9 903 offres \u00ab Select Actiris \u00bb (c\u2019est-\u00e0-dire confi\u00e9es en pr\u00e9s\u00e9lection et pr\u00e9recrutement gratuits \u00e0 Actiris), ce qui correspond \u00e0 une diminution de 8,4% par rapport \u00e0 l\u2019ann\u00e9e pass\u00e9e.<\/p>\n<p><em>Source : Actiris<\/em><\/p>\n","protected":false},"excerpt":{"rendered":"<p>L\u2019ann\u00e9e 2019 commence avec une nouvelle baisse du ch\u00f4mage des jeunes en R\u00e9gion bruxelloise. Pour un mois de janvier, il faut remonter \u00e0 l\u2019ann\u00e9e 1990 pour trouver un nombre de jeunes chercheurs d\u2019emploi plus bas (9.150).\u00a0Le ch\u00f4mage des jeunes, en [&hellip;]<\/p>\n","protected":false},"author":2,"featured_media":0,"comment_status":"closed","ping_status":"open","sticky":false,"template":"","format":"standard","meta":[],"categories":[65,10],"tags":[226,653,1316,702,72,1210],"yoast_head":"<!-- This site is optimized with the Yoast SEO plugin v21.0 - https:\/\/yoast.com\/wordpress\/plugins\/seo\/ -->\n<title>Le ch\u00f4mage des jeunes en baisse continue \u00e0 Bruxelles: il y reste 9.317 demandeurs d&#039;emploi de moins de 25 ans. - Peoplesphere<\/title>\n<meta name=\"robots\" content=\"index, follow, max-snippet:-1, max-image-preview:large, max-video-preview:-1\" \/>\n<link rel=\"canonical\" href=\"https:\/\/peoplesphere.be\/fr\/chomage-jeunes-baisse-continue-a-bruxelles-y-reste-9-317-demandeurs-demploi-de-de-25-ans\/\" \/>\n<meta property=\"og:locale\" content=\"fr_FR\" \/>\n<meta property=\"og:type\" content=\"article\" \/>\n<meta property=\"og:title\" content=\"Le ch\u00f4mage des jeunes en baisse continue \u00e0 Bruxelles: il y reste 9.317 demandeurs d&#039;emploi de moins de 25 ans. - Peoplesphere\" \/>\n<meta property=\"og:description\" content=\"L\u2019ann\u00e9e 2019 commence avec une nouvelle baisse du ch\u00f4mage des jeunes en R\u00e9gion bruxelloise. Pour un mois de janvier, il faut remonter \u00e0 l\u2019ann\u00e9e 1990 pour trouver un nombre de jeunes chercheurs d\u2019emploi plus bas (9.150).\u00a0Le ch\u00f4mage des jeunes, en [&hellip;]\" \/>\n<meta property=\"og:url\" content=\"https:\/\/peoplesphere.be\/fr\/chomage-jeunes-baisse-continue-a-bruxelles-y-reste-9-317-demandeurs-demploi-de-de-25-ans\/\" \/>\n<meta property=\"og:site_name\" content=\"Peoplesphere\" \/>\n<meta property=\"article:publisher\" content=\"https:\/\/www.facebook.com\/peoplesphere\" \/>\n<meta property=\"article:published_time\" content=\"2019-02-04T11:15:42+00:00\" \/>\n<meta property=\"og:image\" content=\"http:\/\/www.peoplesphere.be\/fr\/wp-content\/uploads\/2016\/07\/facebook-default-posting-1200x628px.jpg\" \/>\n<meta name=\"author\" content=\"Jean-Paul Erhard\" \/>\n<meta name=\"twitter:card\" content=\"summary_large_image\" \/>\n<meta name=\"twitter:creator\" content=\"@PeoplesphereMag\" \/>\n<meta name=\"twitter:site\" content=\"@PeoplesphereMag\" \/>\n<meta name=\"twitter:label1\" content=\"\u00c9crit par\" \/>\n\t<meta name=\"twitter:data1\" content=\"Jean-Paul Erhard\" \/>\n\t<meta name=\"twitter:label2\" content=\"Dur\u00e9e de lecture estim\u00e9e\" \/>\n\t<meta name=\"twitter:data2\" content=\"4 minutes\" \/>\n<script type=\"application\/ld+json\" class=\"yoast-schema-graph\">{\"@context\":\"https:\/\/schema.org\",\"@graph\":[{\"@type\":\"Article\",\"@id\":\"https:\/\/peoplesphere.be\/fr\/chomage-jeunes-baisse-continue-a-bruxelles-y-reste-9-317-demandeurs-demploi-de-de-25-ans\/#article\",\"isPartOf\":{\"@id\":\"https:\/\/peoplesphere.be\/fr\/chomage-jeunes-baisse-continue-a-bruxelles-y-reste-9-317-demandeurs-demploi-de-de-25-ans\/\"},\"author\":{\"name\":\"Jean-Paul Erhard\",\"@id\":\"https:\/\/peoplesphere.be\/fr\/#\/schema\/person\/7976225ff17988604334abb7b3536a7e\"},\"headline\":\"Le ch\u00f4mage des jeunes en baisse continue \u00e0 Bruxelles: il y reste 9.317 demandeurs d&#8217;emploi de moins de 25 ans.\",\"datePublished\":\"2019-02-04T11:15:42+00:00\",\"dateModified\":\"2019-02-04T11:15:42+00:00\",\"mainEntityOfPage\":{\"@id\":\"https:\/\/peoplesphere.be\/fr\/chomage-jeunes-baisse-continue-a-bruxelles-y-reste-9-317-demandeurs-demploi-de-de-25-ans\/\"},\"wordCount\":866,\"publisher\":{\"@id\":\"https:\/\/peoplesphere.be\/fr\/#organization\"},\"keywords\":[\"actiris\",\"demandeurs d'emploi\",\"emploi des jeunes\",\"march\u00e9 de l'emploi\",\"recrutement\",\"r\u00e9gion bruxelles capitale\"],\"articleSection\":[\"Actualit\u00e9s\",\"Digital\"],\"inLanguage\":\"fr-FR\"},{\"@type\":\"WebPage\",\"@id\":\"https:\/\/peoplesphere.be\/fr\/chomage-jeunes-baisse-continue-a-bruxelles-y-reste-9-317-demandeurs-demploi-de-de-25-ans\/\",\"url\":\"https:\/\/peoplesphere.be\/fr\/chomage-jeunes-baisse-continue-a-bruxelles-y-reste-9-317-demandeurs-demploi-de-de-25-ans\/\",\"name\":\"Le ch\u00f4mage des jeunes en baisse continue \u00e0 Bruxelles: il y reste 9.317 demandeurs d'emploi de moins de 25 ans. - Peoplesphere\",\"isPartOf\":{\"@id\":\"https:\/\/peoplesphere.be\/fr\/#website\"},\"datePublished\":\"2019-02-04T11:15:42+00:00\",\"dateModified\":\"2019-02-04T11:15:42+00:00\",\"breadcrumb\":{\"@id\":\"https:\/\/peoplesphere.be\/fr\/chomage-jeunes-baisse-continue-a-bruxelles-y-reste-9-317-demandeurs-demploi-de-de-25-ans\/#breadcrumb\"},\"inLanguage\":\"fr-FR\",\"potentialAction\":[{\"@type\":\"ReadAction\",\"target\":[\"https:\/\/peoplesphere.be\/fr\/chomage-jeunes-baisse-continue-a-bruxelles-y-reste-9-317-demandeurs-demploi-de-de-25-ans\/\"]}]},{\"@type\":\"BreadcrumbList\",\"@id\":\"https:\/\/peoplesphere.be\/fr\/chomage-jeunes-baisse-continue-a-bruxelles-y-reste-9-317-demandeurs-demploi-de-de-25-ans\/#breadcrumb\",\"itemListElement\":[{\"@type\":\"ListItem\",\"position\":1,\"name\":\"Accueil\",\"item\":\"https:\/\/peoplesphere.be\/fr\/\"},{\"@type\":\"ListItem\",\"position\":2,\"name\":\"Le ch\u00f4mage des jeunes en baisse continue \u00e0 Bruxelles: il y reste 9.317 demandeurs d&#8217;emploi de moins de 25 ans.\"}]},{\"@type\":\"WebSite\",\"@id\":\"https:\/\/peoplesphere.be\/fr\/#website\",\"url\":\"https:\/\/peoplesphere.be\/fr\/\",\"name\":\"Peoplesphere\",\"description\":\"The People Managers Magazine\",\"publisher\":{\"@id\":\"https:\/\/peoplesphere.be\/fr\/#organization\"},\"potentialAction\":[{\"@type\":\"SearchAction\",\"target\":{\"@type\":\"EntryPoint\",\"urlTemplate\":\"https:\/\/peoplesphere.be\/fr\/?s={search_term_string}\"},\"query-input\":\"required name=search_term_string\"}],\"inLanguage\":\"fr-FR\"},{\"@type\":\"Organization\",\"@id\":\"https:\/\/peoplesphere.be\/fr\/#organization\",\"name\":\"Peoplesphere Company srl\",\"url\":\"https:\/\/peoplesphere.be\/fr\/\",\"logo\":{\"@type\":\"ImageObject\",\"inLanguage\":\"fr-FR\",\"@id\":\"https:\/\/peoplesphere.be\/fr\/#\/schema\/logo\/image\/\",\"url\":\"https:\/\/peoplesphere.be\/fr\/wp-content\/uploads\/2023\/07\/peoplesphere-lgo-new-generik.jpg\",\"contentUrl\":\"https:\/\/peoplesphere.be\/fr\/wp-content\/uploads\/2023\/07\/peoplesphere-lgo-new-generik.jpg\",\"width\":1031,\"height\":1479,\"caption\":\"Peoplesphere Company srl\"},\"image\":{\"@id\":\"https:\/\/peoplesphere.be\/fr\/#\/schema\/logo\/image\/\"},\"sameAs\":[\"https:\/\/www.facebook.com\/peoplesphere\",\"https:\/\/twitter.com\/PeoplesphereMag\",\"https:\/\/www.linkedin.com\/company\/7587361?trk\",\"http:\/\/youtube.com\/peoplesphere\"]},{\"@type\":\"Person\",\"@id\":\"https:\/\/peoplesphere.be\/fr\/#\/schema\/person\/7976225ff17988604334abb7b3536a7e\",\"name\":\"Jean-Paul Erhard\",\"image\":{\"@type\":\"ImageObject\",\"inLanguage\":\"fr-FR\",\"@id\":\"https:\/\/peoplesphere.be\/fr\/#\/schema\/person\/image\/\",\"url\":\"https:\/\/secure.gravatar.com\/avatar\/f941e681460179738071629a51574930?s=96&d=mm&r=g\",\"contentUrl\":\"https:\/\/secure.gravatar.com\/avatar\/f941e681460179738071629a51574930?s=96&d=mm&r=g\",\"caption\":\"Jean-Paul Erhard\"},\"url\":\"https:\/\/peoplesphere.be\/fr\/author\/jpe\/\"}]}<\/script>\n<!-- \/ Yoast SEO plugin. -->","yoast_head_json":{"title":"Le ch\u00f4mage des jeunes en baisse continue \u00e0 Bruxelles: il y reste 9.317 demandeurs d'emploi de moins de 25 ans. - Peoplesphere","robots":{"index":"index","follow":"follow","max-snippet":"max-snippet:-1","max-image-preview":"max-image-preview:large","max-video-preview":"max-video-preview:-1"},"canonical":"https:\/\/peoplesphere.be\/fr\/chomage-jeunes-baisse-continue-a-bruxelles-y-reste-9-317-demandeurs-demploi-de-de-25-ans\/","og_locale":"fr_FR","og_type":"article","og_title":"Le ch\u00f4mage des jeunes en baisse continue \u00e0 Bruxelles: il y reste 9.317 demandeurs d'emploi de moins de 25 ans. - Peoplesphere","og_description":"L\u2019ann\u00e9e 2019 commence avec une nouvelle baisse du ch\u00f4mage des jeunes en R\u00e9gion bruxelloise. Pour un mois de janvier, il faut remonter \u00e0 l\u2019ann\u00e9e 1990 pour trouver un nombre de jeunes chercheurs d\u2019emploi plus bas (9.150).\u00a0Le ch\u00f4mage des jeunes, en [&hellip;]","og_url":"https:\/\/peoplesphere.be\/fr\/chomage-jeunes-baisse-continue-a-bruxelles-y-reste-9-317-demandeurs-demploi-de-de-25-ans\/","og_site_name":"Peoplesphere","article_publisher":"https:\/\/www.facebook.com\/peoplesphere","article_published_time":"2019-02-04T11:15:42+00:00","og_image":[{"url":"http:\/\/www.peoplesphere.be\/fr\/wp-content\/uploads\/2016\/07\/facebook-default-posting-1200x628px.jpg"}],"author":"Jean-Paul Erhard","twitter_card":"summary_large_image","twitter_creator":"@PeoplesphereMag","twitter_site":"@PeoplesphereMag","twitter_misc":{"\u00c9crit par":"Jean-Paul Erhard","Dur\u00e9e de lecture estim\u00e9e":"4 minutes"},"schema":{"@context":"https:\/\/schema.org","@graph":[{"@type":"Article","@id":"https:\/\/peoplesphere.be\/fr\/chomage-jeunes-baisse-continue-a-bruxelles-y-reste-9-317-demandeurs-demploi-de-de-25-ans\/#article","isPartOf":{"@id":"https:\/\/peoplesphere.be\/fr\/chomage-jeunes-baisse-continue-a-bruxelles-y-reste-9-317-demandeurs-demploi-de-de-25-ans\/"},"author":{"name":"Jean-Paul Erhard","@id":"https:\/\/peoplesphere.be\/fr\/#\/schema\/person\/7976225ff17988604334abb7b3536a7e"},"headline":"Le ch\u00f4mage des jeunes en baisse continue \u00e0 Bruxelles: il y reste 9.317 demandeurs d&#8217;emploi de moins de 25 ans.","datePublished":"2019-02-04T11:15:42+00:00","dateModified":"2019-02-04T11:15:42+00:00","mainEntityOfPage":{"@id":"https:\/\/peoplesphere.be\/fr\/chomage-jeunes-baisse-continue-a-bruxelles-y-reste-9-317-demandeurs-demploi-de-de-25-ans\/"},"wordCount":866,"publisher":{"@id":"https:\/\/peoplesphere.be\/fr\/#organization"},"keywords":["actiris","demandeurs d'emploi","emploi des jeunes","march\u00e9 de l'emploi","recrutement","r\u00e9gion bruxelles capitale"],"articleSection":["Actualit\u00e9s","Digital"],"inLanguage":"fr-FR"},{"@type":"WebPage","@id":"https:\/\/peoplesphere.be\/fr\/chomage-jeunes-baisse-continue-a-bruxelles-y-reste-9-317-demandeurs-demploi-de-de-25-ans\/","url":"https:\/\/peoplesphere.be\/fr\/chomage-jeunes-baisse-continue-a-bruxelles-y-reste-9-317-demandeurs-demploi-de-de-25-ans\/","name":"Le ch\u00f4mage des jeunes en baisse continue \u00e0 Bruxelles: il y reste 9.317 demandeurs d'emploi de moins de 25 ans. - Peoplesphere","isPartOf":{"@id":"https:\/\/peoplesphere.be\/fr\/#website"},"datePublished":"2019-02-04T11:15:42+00:00","dateModified":"2019-02-04T11:15:42+00:00","breadcrumb":{"@id":"https:\/\/peoplesphere.be\/fr\/chomage-jeunes-baisse-continue-a-bruxelles-y-reste-9-317-demandeurs-demploi-de-de-25-ans\/#breadcrumb"},"inLanguage":"fr-FR","potentialAction":[{"@type":"ReadAction","target":["https:\/\/peoplesphere.be\/fr\/chomage-jeunes-baisse-continue-a-bruxelles-y-reste-9-317-demandeurs-demploi-de-de-25-ans\/"]}]},{"@type":"BreadcrumbList","@id":"https:\/\/peoplesphere.be\/fr\/chomage-jeunes-baisse-continue-a-bruxelles-y-reste-9-317-demandeurs-demploi-de-de-25-ans\/#breadcrumb","itemListElement":[{"@type":"ListItem","position":1,"name":"Accueil","item":"https:\/\/peoplesphere.be\/fr\/"},{"@type":"ListItem","position":2,"name":"Le ch\u00f4mage des jeunes en baisse continue \u00e0 Bruxelles: il y reste 9.317 demandeurs d&#8217;emploi de moins de 25 ans."}]},{"@type":"WebSite","@id":"https:\/\/peoplesphere.be\/fr\/#website","url":"https:\/\/peoplesphere.be\/fr\/","name":"Peoplesphere","description":"The People Managers Magazine","publisher":{"@id":"https:\/\/peoplesphere.be\/fr\/#organization"},"potentialAction":[{"@type":"SearchAction","target":{"@type":"EntryPoint","urlTemplate":"https:\/\/peoplesphere.be\/fr\/?s={search_term_string}"},"query-input":"required name=search_term_string"}],"inLanguage":"fr-FR"},{"@type":"Organization","@id":"https:\/\/peoplesphere.be\/fr\/#organization","name":"Peoplesphere Company srl","url":"https:\/\/peoplesphere.be\/fr\/","logo":{"@type":"ImageObject","inLanguage":"fr-FR","@id":"https:\/\/peoplesphere.be\/fr\/#\/schema\/logo\/image\/","url":"https:\/\/peoplesphere.be\/fr\/wp-content\/uploads\/2023\/07\/peoplesphere-lgo-new-generik.jpg","contentUrl":"https:\/\/peoplesphere.be\/fr\/wp-content\/uploads\/2023\/07\/peoplesphere-lgo-new-generik.jpg","width":1031,"height":1479,"caption":"Peoplesphere Company srl"},"image":{"@id":"https:\/\/peoplesphere.be\/fr\/#\/schema\/logo\/image\/"},"sameAs":["https:\/\/www.facebook.com\/peoplesphere","https:\/\/twitter.com\/PeoplesphereMag","https:\/\/www.linkedin.com\/company\/7587361?trk","http:\/\/youtube.com\/peoplesphere"]},{"@type":"Person","@id":"https:\/\/peoplesphere.be\/fr\/#\/schema\/person\/7976225ff17988604334abb7b3536a7e","name":"Jean-Paul Erhard","image":{"@type":"ImageObject","inLanguage":"fr-FR","@id":"https:\/\/peoplesphere.be\/fr\/#\/schema\/person\/image\/","url":"https:\/\/secure.gravatar.com\/avatar\/f941e681460179738071629a51574930?s=96&d=mm&r=g","contentUrl":"https:\/\/secure.gravatar.com\/avatar\/f941e681460179738071629a51574930?s=96&d=mm&r=g","caption":"Jean-Paul Erhard"},"url":"https:\/\/peoplesphere.be\/fr\/author\/jpe\/"}]}},"_links":{"self":[{"href":"https:\/\/peoplesphere.be\/fr\/wp-json\/wp\/v2\/posts\/7295"}],"collection":[{"href":"https:\/\/peoplesphere.be\/fr\/wp-json\/wp\/v2\/posts"}],"about":[{"href":"https:\/\/peoplesphere.be\/fr\/wp-json\/wp\/v2\/types\/post"}],"author":[{"embeddable":true,"href":"https:\/\/peoplesphere.be\/fr\/wp-json\/wp\/v2\/users\/2"}],"replies":[{"embeddable":true,"href":"https:\/\/peoplesphere.be\/fr\/wp-json\/wp\/v2\/comments?post=7295"}],"version-history":[{"count":1,"href":"https:\/\/peoplesphere.be\/fr\/wp-json\/wp\/v2\/posts\/7295\/revisions"}],"predecessor-version":[{"id":7296,"href":"https:\/\/peoplesphere.be\/fr\/wp-json\/wp\/v2\/posts\/7295\/revisions\/7296"}],"wp:attachment":[{"href":"https:\/\/peoplesphere.be\/fr\/wp-json\/wp\/v2\/media?parent=7295"}],"wp:term":[{"taxonomy":"category","embeddable":true,"href":"https:\/\/peoplesphere.be\/fr\/wp-json\/wp\/v2\/categories?post=7295"},{"taxonomy":"post_tag","embeddable":true,"href":"https:\/\/peoplesphere.be\/fr\/wp-json\/wp\/v2\/tags?post=7295"}],"curies":[{"name":"wp","href":"https:\/\/api.w.org\/{rel}","templated":true}]}}