









{"id":7303,"date":"2019-02-05T10:43:03","date_gmt":"2019-02-05T08:43:03","guid":{"rendered":"http:\/\/www.peoplesphere.be\/fr\/?p=7303"},"modified":"2019-02-05T10:43:03","modified_gmt":"2019-02-05T08:43:03","slug":"memorandum-patronal-less-is-more-publie-vue-prochaines-elections-veut-marche-travail-beaucoup-plus-flexible","status":"publish","type":"post","link":"https:\/\/peoplesphere.be\/fr\/memorandum-patronal-less-is-more-publie-vue-prochaines-elections-veut-marche-travail-beaucoup-plus-flexible\/","title":{"rendered":"Le m\u00e9morandum patronal &lsquo;Less Is More&rsquo; publi\u00e9 en vue des prochaines \u00e9lections veut un march\u00e9 du travail beaucoup plus flexible."},"content":{"rendered":"<p>L\u2019appel lanc\u00e9 par la FEB aux partis politiques dans la perspective des prochaines \u00e9lections est intitul\u00e9 &lsquo;Less Is More&rsquo;. Il a \u00e9t\u00e9 accueilli plut\u00f4t &lsquo;fra\u00eechement&rsquo; par les organisations syndicales qui parlent de pure provocation. De Quoi s&rsquo;agit-il Moins d\u2019emplois vacants par exemple. Moins de charges sur le travail, moins d\u2019embouteillages, moins d\u2019administration, moins de gr\u00e8ves, moins de d\u00e9penses publiques inutiles, moins de r\u00e8gles qui freinent l\u2019emploi et les investissements. Le credo patronal est simple: \u00ab\u00a0Nous pouvons r\u00e9aliser PLUS avec MOINS.\u00a0\u00bb<!--more--><\/p>\n<p>Au travers du concept #LessIsMore2019, la FEB a r\u00e9dig\u00e9 un m\u00e9morandum visant \u00e0 mieux pr\u00e9parer notre pays pour l&rsquo;avenir: <em>\u00ab\u00a0Apr\u00e8s les am\u00e9liorations apport\u00e9es ces cinq derni\u00e8res ann\u00e9es, entre autres via des r\u00e9ductions de charges salariales, des mesures en faveur de l\u2019emploi et des r\u00e9formes au niveau des pensions, nous souhaitons d\u00e9sormais approfondir des domaines essentiels pour les entreprises.\u00a0\u00bb<\/em><\/p>\n<p>Le m\u00e9morandum complet de la FEB est le r\u00e9sultat de neuf mois de pr\u00e9paration minutieuse et d&rsquo;\u00e9changes de vues intensifs avec nos quelque 50 f\u00e9d\u00e9rations sectorielles membres issues de secteurs tels que la technologie, la chimie, les banques et les assurances, la construction, l&rsquo;alimentation, le commerce, les transports, l&rsquo;\u00e9nergie, le textile, le bois, le verre, le papier, la mode, etc.<\/p>\n<p>Les membres repr\u00e9sentent au total 50.000 entreprises, 80% des exportations et 75% de l&#8217;emploi dans le secteur priv\u00e9. Le r\u00e9sultat se traduit par 12 TRAVAUX qui visent \u00e0\u00a0apporter une r\u00e9ponse aux 4 grands d\u00e9fis auxquels la Belgique est confront\u00e9e. Voici les\u00a0quelques propositions cl\u00e9s de la f\u00e9d\u00e9ration patronale relatives au march\u00e9 du travail.<\/p>\n<p><strong><em>Le march\u00e9 du travail du futur<\/em><\/strong><\/p>\n<p>Avec 149.000 postes vacants non pourvus et un taux d&#8217;emploi m\u00e9diocre de 70,1%, le march\u00e9 du travail belge a besoin d&rsquo;une nouvelle impulsion. Les inad\u00e9quations demeurent importantes et les probl\u00e8mes bien r\u00e9els. Moins de postes vacants non pourvus et d\u2019inactifs signifie un taux d\u2019emploi plus \u00e9lev\u00e9, davantage d\u2019opportunit\u00e9s de croissance pour les entreprises et une meilleure capacit\u00e9 de financement de notre s\u00e9curit\u00e9 sociale. La FEB entend proposer les mesures ci-dessous :<\/p>\n<p>&#8211; Des allocations de ch\u00f4mage limit\u00e9es dans le temps et associ\u00e9es \u00e0 une politique d\u2019activation r\u00e9gionale ambitieuse;<\/p>\n<p>&#8211; La suppression des freins \u00e0 l\u2019embauche, via le raccourcissement et la simplification des proc\u00e9dures d&rsquo;introduction en mati\u00e8re de temps de travail et d\u2019organisation du travail, en facilitant les mesures \u00e9vitant le blocage du processus de concertation et l&rsquo;opposition de vetos de la part des syndicats, gr\u00e2ce \u00e0 une r\u00e9forme des r\u00e9gimes fond\u00e9s sur l&rsquo;\u00e2ge et l&rsquo;anciennet\u00e9;<\/p>\n<p>&#8211; Des r\u00e8gles plus souples en mati\u00e8re de migration \u00e9conomique;<\/p>\n<p>&#8211; La poursuite de la valorisation des fili\u00e8res STEM, aupr\u00e8s des gar\u00e7ons et des filles;<\/p>\n<p>&#8211; Un renforcement de la connaissance active et passive de la deuxi\u00e8me langue nationale et une extension des possibilit\u00e9s de suivre des cours en anglais dans l\u2019enseignement (sup\u00e9rieur).<\/p>\n<p><strong><em>Et la comp\u00e9titivit\u00e9 ?<\/em><\/strong><\/p>\n<p><em>\u00ab\u00a0Gr\u00e2ce aux mesures adopt\u00e9es par le gouvernement f\u00e9d\u00e9ral d\u00e9missionnaire, le handicap salarial absolu de nos entreprises par rapport \u00e0 l&rsquo;Allemagne, \u00e0 la France et aux Pays-Bas est pass\u00e9 de pr\u00e8s de 17% en 2013 \u00e0 11% environ en 2018. N\u00e9anmoins, il reste encore du pain sur la planche. Le handicap r\u00e9siduel p\u00e8se sur notre potentiel d&rsquo;exportation et notre comp\u00e9titivit\u00e9 a besoin d&rsquo;un s\u00e9rieux coup de pouce. La FEB pr\u00e9conise donc une nouvelle baisse de notre handicap salarial absolu de 6 points de pour cent afin de passer de 11% aujourd&rsquo;hui \u00e0 5% d&rsquo;ici \u00e0 la fin de la prochaine l\u00e9gislature. Moins de charges sur le travail signifie en effet des entreprises plus comp\u00e9titives et une hausse de l\u2019emploi priv\u00e9.\u00a0\u00bb <\/em><\/p>\n<p>Les mesures sugg\u00e9r\u00e9es par la FEB devraient poursuivre l&rsquo;effort de rattrapage vis-\u00e0-vis des voisins:<\/p>\n<p>&#8211; Une r\u00e9duction de toutes les cotisations ONSS patronales, de 25% aujourd\u2019hui \u00e0 20% maximum;<\/p>\n<p>&#8211; Une r\u00e9duction de toutes les cotisations sp\u00e9ciales de s\u00e9curit\u00e9 sociale et cotisations de solidarit\u00e9 (p.ex. sur les primes b\u00e9n\u00e9ficiaires, les bonus collectifs&#8230;) \u00e0 un niveau maximal de 20%;<\/p>\n<p>&#8211; Une baisse progressive du taux nominal de l\u2019imp\u00f4t des soci\u00e9t\u00e9s de 25% en 2020 \u00e0 20% pour toutes les entreprises d&rsquo;ici \u00e0 2024;<\/p>\n<p>&#8211; Une diminution des charges administratives fiscales (compliance, reporting&#8230;) de 25% sur une p\u00e9riode de 3 ans, sur recommandation d&rsquo;une commission d&rsquo;experts qui aura finalis\u00e9 ses travaux au plus tard pour fin 2020;<\/p>\n<p>&#8211; Une r\u00e9forme ambitieuse de l\u2019imp\u00f4t des personnes physiques, rendant le travail plus r\u00e9mun\u00e9rateur que l&rsquo;inactivit\u00e9 et \u00e9vitant les pi\u00e8ges \u00e0 l\u2019emploi;<\/p>\n<p><strong><em>L&rsquo;axe fort de la mobilit\u00e9.<\/em><\/strong><\/p>\n<p>La FEB dresse un constat plut\u00f4t navrant : <em>\u00ab\u00a0Les chiffres sont d\u00e9sastreux. Les automobilistes belges perdent chaque ann\u00e9e 44 heures dans les embouteillages. L&rsquo;impact \u00e9conomique n\u00e9gatif se monte \u00e0 plus de 8 milliards EUR par an. Le co\u00fbt \u00e9conomique de 1 heure de file est estim\u00e9 \u00e0 78 EUR pour un camion et 10 EUR pour une voiture. Pour faire baisser ces chiffres, une vision interf\u00e9d\u00e9rale de mobilit\u00e9 s&rsquo;av\u00e8re indispensable. Moins d\u2019embouteillages signifie une activit\u00e9 \u00e9conomique accrue, une meilleure conciliation entre travail et vie priv\u00e9e et de meilleurs r\u00e9sultats sur le plan de l\u2019environnement et du d\u00e9veloppement durable.\u00a0\u00bb<\/em><\/p>\n<p>Un revirement est possible en Belgique si toutes les autorit\u00e9s s&rsquo;attellent aux priorit\u00e9s suivantes :<\/p>\n<p>&#8211; L&rsquo;introduction d&rsquo;une redevance kilom\u00e9trique variable selon l\u2019heure de la journ\u00e9e et le lieu, tout en \u00e9tant attentif \u00e0 ne pas augmenter la charge fiscale et administrative pesant sur les secteurs intensifs en transport, et donc bas\u00e9e sur l&rsquo;utilisation plut\u00f4t que sur la possession d&rsquo;un v\u00e9hicule. Cette mesure impliquerait la suppression de la taxe de mise en circulation et de la taxe de circulation;<\/p>\n<p>&#8211; La possibilit\u00e9 de livraisons silencieuses en soir\u00e9e ou de nuit dans et autour des villes;<\/p>\n<p>&#8211; La fusion de l\u2019Allocation mobilit\u00e9 et du Budget mobilit\u00e9 en un syst\u00e8me unique transparent;<\/p>\n<p>&#8211; Le d\u00e9ploiement d&rsquo;un programme d&rsquo;investissements ambitieux tel que propos\u00e9 dans le Pacte national pour les investissements, accordant une attention particuli\u00e8re aux liens manquants, aux voies navigables, au rail (RER), aux autoroutes cyclables et \u00e0 de grands parkings \u00e0 proximit\u00e9 des centres urbains. Et ce, en \u00e9troite collaboration avec le secteur priv\u00e9, via p.ex. des structures PPP;<\/p>\n<p>&#8211; La mise en place d\u2019un plan de mobilit\u00e9 \u2018num\u00e9rique\u2019 \u00e0 grande \u00e9chelle (gestion du trafic, v\u00e9hicules connect\u00e9s\u2026);<\/p>\n<p>&nbsp;<\/p>\n<p>Bernard Gilliot, pr\u00e9sident de la FEB conclut : &lsquo;<em>Les entrepreneurs sont confront\u00e9s \u00e0 des transformations profondes et rapides du contexte \u00e9conomique, social et soci\u00e9tal ainsi que de l\u2019environnement. Ce m\u00e9morandum entend amorcer une am\u00e9lioration des performances socio\u00e9conomiques de notre pays. La paralysie politique est donc inadmissible. Si les entreprises ne peuvent r\u00e9soudre tous les probl\u00e8mes, elles peuvent toutefois \u00eatre une partie de la solution dans leur r\u00f4le de partenaire constructif. Ce m\u00e9morandum y contribue.&rsquo;<\/em><\/p>\n<p><em>Source : FEB<\/em><\/p>\n","protected":false},"excerpt":{"rendered":"<p>L\u2019appel lanc\u00e9 par la FEB aux partis politiques dans la perspective des prochaines \u00e9lections est intitul\u00e9 &lsquo;Less Is More&rsquo;. Il a \u00e9t\u00e9 accueilli plut\u00f4t &lsquo;fra\u00eechement&rsquo; par les organisations syndicales qui parlent de pure provocation. De Quoi s&rsquo;agit-il Moins d\u2019emplois vacants [&hellip;]<\/p>\n","protected":false},"author":2,"featured_media":0,"comment_status":"closed","ping_status":"open","sticky":false,"template":"","format":"standard","meta":[],"categories":[65,10],"tags":[332,1381,1207,220,2418,702,136],"yoast_head":"<!-- This site is optimized with the Yoast SEO plugin v21.0 - https:\/\/yoast.com\/wordpress\/plugins\/seo\/ -->\n<title>Le m\u00e9morandum patronal &#039;Less Is More&#039; publi\u00e9 en vue des prochaines \u00e9lections veut un march\u00e9 du travail beaucoup plus flexible. - Peoplesphere<\/title>\n<meta name=\"robots\" content=\"index, follow, max-snippet:-1, max-image-preview:large, max-video-preview:-1\" \/>\n<link rel=\"canonical\" href=\"https:\/\/peoplesphere.be\/fr\/memorandum-patronal-less-is-more-publie-vue-prochaines-elections-veut-marche-travail-beaucoup-plus-flexible\/\" \/>\n<meta property=\"og:locale\" content=\"fr_FR\" \/>\n<meta property=\"og:type\" content=\"article\" \/>\n<meta property=\"og:title\" content=\"Le m\u00e9morandum patronal &#039;Less Is More&#039; publi\u00e9 en vue des prochaines \u00e9lections veut un march\u00e9 du travail beaucoup plus flexible. - Peoplesphere\" \/>\n<meta property=\"og:description\" content=\"L\u2019appel lanc\u00e9 par la FEB aux partis politiques dans la perspective des prochaines \u00e9lections est intitul\u00e9 &lsquo;Less Is More&rsquo;. Il a \u00e9t\u00e9 accueilli plut\u00f4t &lsquo;fra\u00eechement&rsquo; par les organisations syndicales qui parlent de pure provocation. De Quoi s&rsquo;agit-il Moins d\u2019emplois vacants [&hellip;]\" \/>\n<meta property=\"og:url\" content=\"https:\/\/peoplesphere.be\/fr\/memorandum-patronal-less-is-more-publie-vue-prochaines-elections-veut-marche-travail-beaucoup-plus-flexible\/\" \/>\n<meta property=\"og:site_name\" content=\"Peoplesphere\" \/>\n<meta property=\"article:publisher\" content=\"https:\/\/www.facebook.com\/peoplesphere\" \/>\n<meta property=\"article:published_time\" content=\"2019-02-05T08:43:03+00:00\" \/>\n<meta property=\"og:image\" content=\"http:\/\/www.peoplesphere.be\/fr\/wp-content\/uploads\/2016\/07\/facebook-default-posting-1200x628px.jpg\" \/>\n<meta name=\"author\" content=\"Jean-Paul Erhard\" \/>\n<meta name=\"twitter:card\" content=\"summary_large_image\" \/>\n<meta name=\"twitter:creator\" content=\"@PeoplesphereMag\" \/>\n<meta name=\"twitter:site\" content=\"@PeoplesphereMag\" \/>\n<meta name=\"twitter:label1\" content=\"\u00c9crit par\" \/>\n\t<meta name=\"twitter:data1\" content=\"Jean-Paul Erhard\" \/>\n\t<meta name=\"twitter:label2\" content=\"Dur\u00e9e de lecture estim\u00e9e\" \/>\n\t<meta name=\"twitter:data2\" content=\"6 minutes\" \/>\n<script type=\"application\/ld+json\" class=\"yoast-schema-graph\">{\"@context\":\"https:\/\/schema.org\",\"@graph\":[{\"@type\":\"Article\",\"@id\":\"https:\/\/peoplesphere.be\/fr\/memorandum-patronal-less-is-more-publie-vue-prochaines-elections-veut-marche-travail-beaucoup-plus-flexible\/#article\",\"isPartOf\":{\"@id\":\"https:\/\/peoplesphere.be\/fr\/memorandum-patronal-less-is-more-publie-vue-prochaines-elections-veut-marche-travail-beaucoup-plus-flexible\/\"},\"author\":{\"name\":\"Jean-Paul Erhard\",\"@id\":\"https:\/\/peoplesphere.be\/fr\/#\/schema\/person\/7976225ff17988604334abb7b3536a7e\"},\"headline\":\"Le m\u00e9morandum patronal &lsquo;Less Is More&rsquo; publi\u00e9 en vue des prochaines \u00e9lections veut un march\u00e9 du travail beaucoup plus flexible.\",\"datePublished\":\"2019-02-05T08:43:03+00:00\",\"dateModified\":\"2019-02-05T08:43:03+00:00\",\"mainEntityOfPage\":{\"@id\":\"https:\/\/peoplesphere.be\/fr\/memorandum-patronal-less-is-more-publie-vue-prochaines-elections-veut-marche-travail-beaucoup-plus-flexible\/\"},\"wordCount\":1197,\"publisher\":{\"@id\":\"https:\/\/peoplesphere.be\/fr\/#organization\"},\"keywords\":[\"concertation sociale\",\"co\u00fbt salarial\",\"FEB\",\"flexibilit\u00e9\",\"Less Is More\",\"march\u00e9 de l'emploi\",\"mobilit\u00e9\"],\"articleSection\":[\"Actualit\u00e9s\",\"Digital\"],\"inLanguage\":\"fr-FR\"},{\"@type\":\"WebPage\",\"@id\":\"https:\/\/peoplesphere.be\/fr\/memorandum-patronal-less-is-more-publie-vue-prochaines-elections-veut-marche-travail-beaucoup-plus-flexible\/\",\"url\":\"https:\/\/peoplesphere.be\/fr\/memorandum-patronal-less-is-more-publie-vue-prochaines-elections-veut-marche-travail-beaucoup-plus-flexible\/\",\"name\":\"Le m\u00e9morandum patronal 'Less Is More' publi\u00e9 en vue des prochaines \u00e9lections veut un march\u00e9 du travail beaucoup plus flexible. - Peoplesphere\",\"isPartOf\":{\"@id\":\"https:\/\/peoplesphere.be\/fr\/#website\"},\"datePublished\":\"2019-02-05T08:43:03+00:00\",\"dateModified\":\"2019-02-05T08:43:03+00:00\",\"breadcrumb\":{\"@id\":\"https:\/\/peoplesphere.be\/fr\/memorandum-patronal-less-is-more-publie-vue-prochaines-elections-veut-marche-travail-beaucoup-plus-flexible\/#breadcrumb\"},\"inLanguage\":\"fr-FR\",\"potentialAction\":[{\"@type\":\"ReadAction\",\"target\":[\"https:\/\/peoplesphere.be\/fr\/memorandum-patronal-less-is-more-publie-vue-prochaines-elections-veut-marche-travail-beaucoup-plus-flexible\/\"]}]},{\"@type\":\"BreadcrumbList\",\"@id\":\"https:\/\/peoplesphere.be\/fr\/memorandum-patronal-less-is-more-publie-vue-prochaines-elections-veut-marche-travail-beaucoup-plus-flexible\/#breadcrumb\",\"itemListElement\":[{\"@type\":\"ListItem\",\"position\":1,\"name\":\"Accueil\",\"item\":\"https:\/\/peoplesphere.be\/fr\/\"},{\"@type\":\"ListItem\",\"position\":2,\"name\":\"Le m\u00e9morandum patronal &lsquo;Less Is More&rsquo; publi\u00e9 en vue des prochaines \u00e9lections veut un march\u00e9 du travail beaucoup plus flexible.\"}]},{\"@type\":\"WebSite\",\"@id\":\"https:\/\/peoplesphere.be\/fr\/#website\",\"url\":\"https:\/\/peoplesphere.be\/fr\/\",\"name\":\"Peoplesphere\",\"description\":\"The People Managers Magazine\",\"publisher\":{\"@id\":\"https:\/\/peoplesphere.be\/fr\/#organization\"},\"potentialAction\":[{\"@type\":\"SearchAction\",\"target\":{\"@type\":\"EntryPoint\",\"urlTemplate\":\"https:\/\/peoplesphere.be\/fr\/?s={search_term_string}\"},\"query-input\":\"required name=search_term_string\"}],\"inLanguage\":\"fr-FR\"},{\"@type\":\"Organization\",\"@id\":\"https:\/\/peoplesphere.be\/fr\/#organization\",\"name\":\"Peoplesphere Company srl\",\"url\":\"https:\/\/peoplesphere.be\/fr\/\",\"logo\":{\"@type\":\"ImageObject\",\"inLanguage\":\"fr-FR\",\"@id\":\"https:\/\/peoplesphere.be\/fr\/#\/schema\/logo\/image\/\",\"url\":\"https:\/\/peoplesphere.be\/fr\/wp-content\/uploads\/2023\/07\/peoplesphere-lgo-new-generik.jpg\",\"contentUrl\":\"https:\/\/peoplesphere.be\/fr\/wp-content\/uploads\/2023\/07\/peoplesphere-lgo-new-generik.jpg\",\"width\":1031,\"height\":1479,\"caption\":\"Peoplesphere Company srl\"},\"image\":{\"@id\":\"https:\/\/peoplesphere.be\/fr\/#\/schema\/logo\/image\/\"},\"sameAs\":[\"https:\/\/www.facebook.com\/peoplesphere\",\"https:\/\/twitter.com\/PeoplesphereMag\",\"https:\/\/www.linkedin.com\/company\/7587361?trk\",\"http:\/\/youtube.com\/peoplesphere\"]},{\"@type\":\"Person\",\"@id\":\"https:\/\/peoplesphere.be\/fr\/#\/schema\/person\/7976225ff17988604334abb7b3536a7e\",\"name\":\"Jean-Paul Erhard\",\"image\":{\"@type\":\"ImageObject\",\"inLanguage\":\"fr-FR\",\"@id\":\"https:\/\/peoplesphere.be\/fr\/#\/schema\/person\/image\/\",\"url\":\"https:\/\/secure.gravatar.com\/avatar\/f941e681460179738071629a51574930?s=96&d=mm&r=g\",\"contentUrl\":\"https:\/\/secure.gravatar.com\/avatar\/f941e681460179738071629a51574930?s=96&d=mm&r=g\",\"caption\":\"Jean-Paul Erhard\"},\"url\":\"https:\/\/peoplesphere.be\/fr\/author\/jpe\/\"}]}<\/script>\n<!-- \/ Yoast SEO plugin. -->","yoast_head_json":{"title":"Le m\u00e9morandum patronal 'Less Is More' publi\u00e9 en vue des prochaines \u00e9lections veut un march\u00e9 du travail beaucoup plus flexible. - Peoplesphere","robots":{"index":"index","follow":"follow","max-snippet":"max-snippet:-1","max-image-preview":"max-image-preview:large","max-video-preview":"max-video-preview:-1"},"canonical":"https:\/\/peoplesphere.be\/fr\/memorandum-patronal-less-is-more-publie-vue-prochaines-elections-veut-marche-travail-beaucoup-plus-flexible\/","og_locale":"fr_FR","og_type":"article","og_title":"Le m\u00e9morandum patronal 'Less Is More' publi\u00e9 en vue des prochaines \u00e9lections veut un march\u00e9 du travail beaucoup plus flexible. - Peoplesphere","og_description":"L\u2019appel lanc\u00e9 par la FEB aux partis politiques dans la perspective des prochaines \u00e9lections est intitul\u00e9 &lsquo;Less Is More&rsquo;. Il a \u00e9t\u00e9 accueilli plut\u00f4t &lsquo;fra\u00eechement&rsquo; par les organisations syndicales qui parlent de pure provocation. De Quoi s&rsquo;agit-il Moins d\u2019emplois vacants [&hellip;]","og_url":"https:\/\/peoplesphere.be\/fr\/memorandum-patronal-less-is-more-publie-vue-prochaines-elections-veut-marche-travail-beaucoup-plus-flexible\/","og_site_name":"Peoplesphere","article_publisher":"https:\/\/www.facebook.com\/peoplesphere","article_published_time":"2019-02-05T08:43:03+00:00","og_image":[{"url":"http:\/\/www.peoplesphere.be\/fr\/wp-content\/uploads\/2016\/07\/facebook-default-posting-1200x628px.jpg"}],"author":"Jean-Paul Erhard","twitter_card":"summary_large_image","twitter_creator":"@PeoplesphereMag","twitter_site":"@PeoplesphereMag","twitter_misc":{"\u00c9crit par":"Jean-Paul Erhard","Dur\u00e9e de lecture estim\u00e9e":"6 minutes"},"schema":{"@context":"https:\/\/schema.org","@graph":[{"@type":"Article","@id":"https:\/\/peoplesphere.be\/fr\/memorandum-patronal-less-is-more-publie-vue-prochaines-elections-veut-marche-travail-beaucoup-plus-flexible\/#article","isPartOf":{"@id":"https:\/\/peoplesphere.be\/fr\/memorandum-patronal-less-is-more-publie-vue-prochaines-elections-veut-marche-travail-beaucoup-plus-flexible\/"},"author":{"name":"Jean-Paul Erhard","@id":"https:\/\/peoplesphere.be\/fr\/#\/schema\/person\/7976225ff17988604334abb7b3536a7e"},"headline":"Le m\u00e9morandum patronal &lsquo;Less Is More&rsquo; publi\u00e9 en vue des prochaines \u00e9lections veut un march\u00e9 du travail beaucoup plus flexible.","datePublished":"2019-02-05T08:43:03+00:00","dateModified":"2019-02-05T08:43:03+00:00","mainEntityOfPage":{"@id":"https:\/\/peoplesphere.be\/fr\/memorandum-patronal-less-is-more-publie-vue-prochaines-elections-veut-marche-travail-beaucoup-plus-flexible\/"},"wordCount":1197,"publisher":{"@id":"https:\/\/peoplesphere.be\/fr\/#organization"},"keywords":["concertation sociale","co\u00fbt salarial","FEB","flexibilit\u00e9","Less Is More","march\u00e9 de l'emploi","mobilit\u00e9"],"articleSection":["Actualit\u00e9s","Digital"],"inLanguage":"fr-FR"},{"@type":"WebPage","@id":"https:\/\/peoplesphere.be\/fr\/memorandum-patronal-less-is-more-publie-vue-prochaines-elections-veut-marche-travail-beaucoup-plus-flexible\/","url":"https:\/\/peoplesphere.be\/fr\/memorandum-patronal-less-is-more-publie-vue-prochaines-elections-veut-marche-travail-beaucoup-plus-flexible\/","name":"Le m\u00e9morandum patronal 'Less Is More' publi\u00e9 en vue des prochaines \u00e9lections veut un march\u00e9 du travail beaucoup plus flexible. - Peoplesphere","isPartOf":{"@id":"https:\/\/peoplesphere.be\/fr\/#website"},"datePublished":"2019-02-05T08:43:03+00:00","dateModified":"2019-02-05T08:43:03+00:00","breadcrumb":{"@id":"https:\/\/peoplesphere.be\/fr\/memorandum-patronal-less-is-more-publie-vue-prochaines-elections-veut-marche-travail-beaucoup-plus-flexible\/#breadcrumb"},"inLanguage":"fr-FR","potentialAction":[{"@type":"ReadAction","target":["https:\/\/peoplesphere.be\/fr\/memorandum-patronal-less-is-more-publie-vue-prochaines-elections-veut-marche-travail-beaucoup-plus-flexible\/"]}]},{"@type":"BreadcrumbList","@id":"https:\/\/peoplesphere.be\/fr\/memorandum-patronal-less-is-more-publie-vue-prochaines-elections-veut-marche-travail-beaucoup-plus-flexible\/#breadcrumb","itemListElement":[{"@type":"ListItem","position":1,"name":"Accueil","item":"https:\/\/peoplesphere.be\/fr\/"},{"@type":"ListItem","position":2,"name":"Le m\u00e9morandum patronal &lsquo;Less Is More&rsquo; publi\u00e9 en vue des prochaines \u00e9lections veut un march\u00e9 du travail beaucoup plus flexible."}]},{"@type":"WebSite","@id":"https:\/\/peoplesphere.be\/fr\/#website","url":"https:\/\/peoplesphere.be\/fr\/","name":"Peoplesphere","description":"The People Managers Magazine","publisher":{"@id":"https:\/\/peoplesphere.be\/fr\/#organization"},"potentialAction":[{"@type":"SearchAction","target":{"@type":"EntryPoint","urlTemplate":"https:\/\/peoplesphere.be\/fr\/?s={search_term_string}"},"query-input":"required name=search_term_string"}],"inLanguage":"fr-FR"},{"@type":"Organization","@id":"https:\/\/peoplesphere.be\/fr\/#organization","name":"Peoplesphere Company srl","url":"https:\/\/peoplesphere.be\/fr\/","logo":{"@type":"ImageObject","inLanguage":"fr-FR","@id":"https:\/\/peoplesphere.be\/fr\/#\/schema\/logo\/image\/","url":"https:\/\/peoplesphere.be\/fr\/wp-content\/uploads\/2023\/07\/peoplesphere-lgo-new-generik.jpg","contentUrl":"https:\/\/peoplesphere.be\/fr\/wp-content\/uploads\/2023\/07\/peoplesphere-lgo-new-generik.jpg","width":1031,"height":1479,"caption":"Peoplesphere Company srl"},"image":{"@id":"https:\/\/peoplesphere.be\/fr\/#\/schema\/logo\/image\/"},"sameAs":["https:\/\/www.facebook.com\/peoplesphere","https:\/\/twitter.com\/PeoplesphereMag","https:\/\/www.linkedin.com\/company\/7587361?trk","http:\/\/youtube.com\/peoplesphere"]},{"@type":"Person","@id":"https:\/\/peoplesphere.be\/fr\/#\/schema\/person\/7976225ff17988604334abb7b3536a7e","name":"Jean-Paul Erhard","image":{"@type":"ImageObject","inLanguage":"fr-FR","@id":"https:\/\/peoplesphere.be\/fr\/#\/schema\/person\/image\/","url":"https:\/\/secure.gravatar.com\/avatar\/f941e681460179738071629a51574930?s=96&d=mm&r=g","contentUrl":"https:\/\/secure.gravatar.com\/avatar\/f941e681460179738071629a51574930?s=96&d=mm&r=g","caption":"Jean-Paul Erhard"},"url":"https:\/\/peoplesphere.be\/fr\/author\/jpe\/"}]}},"_links":{"self":[{"href":"https:\/\/peoplesphere.be\/fr\/wp-json\/wp\/v2\/posts\/7303"}],"collection":[{"href":"https:\/\/peoplesphere.be\/fr\/wp-json\/wp\/v2\/posts"}],"about":[{"href":"https:\/\/peoplesphere.be\/fr\/wp-json\/wp\/v2\/types\/post"}],"author":[{"embeddable":true,"href":"https:\/\/peoplesphere.be\/fr\/wp-json\/wp\/v2\/users\/2"}],"replies":[{"embeddable":true,"href":"https:\/\/peoplesphere.be\/fr\/wp-json\/wp\/v2\/comments?post=7303"}],"version-history":[{"count":1,"href":"https:\/\/peoplesphere.be\/fr\/wp-json\/wp\/v2\/posts\/7303\/revisions"}],"predecessor-version":[{"id":7304,"href":"https:\/\/peoplesphere.be\/fr\/wp-json\/wp\/v2\/posts\/7303\/revisions\/7304"}],"wp:attachment":[{"href":"https:\/\/peoplesphere.be\/fr\/wp-json\/wp\/v2\/media?parent=7303"}],"wp:term":[{"taxonomy":"category","embeddable":true,"href":"https:\/\/peoplesphere.be\/fr\/wp-json\/wp\/v2\/categories?post=7303"},{"taxonomy":"post_tag","embeddable":true,"href":"https:\/\/peoplesphere.be\/fr\/wp-json\/wp\/v2\/tags?post=7303"}],"curies":[{"name":"wp","href":"https:\/\/api.w.org\/{rel}","templated":true}]}}